{"id":4719,"date":"2023-11-22T06:32:57","date_gmt":"2023-11-22T09:32:57","guid":{"rendered":"https:\/\/noticiasribeiraopreto.com.br\/index.php\/2023\/11\/22\/alemanha-oferece-intercambio-gratuito-para-brasileiros\/"},"modified":"2023-11-22T06:32:57","modified_gmt":"2023-11-22T09:32:57","slug":"alemanha-oferece-intercambio-gratuito-para-brasileiros","status":"publish","type":"post","link":"https:\/\/noticiasribeiraopreto.com.br\/index.php\/2023\/11\/22\/alemanha-oferece-intercambio-gratuito-para-brasileiros\/","title":{"rendered":"Alemanha oferece interc\u00e2mbio gratuito para brasileiros"},"content":{"rendered":"<div class='code-block code-block-1' style='margin: 8px 0 8px auto; text-align: right; display: block; clear: both;'>\n<p><a href=\"https:\/\/wa.link\/vpicfd\"><img data-recalc-dims=\"1\" class=\"wp-image-4922\" style=\"aspect-ratio: 2.0253164556962027; width: 561px; height: auto;\" src=\"https:\/\/i0.wp.com\/ismaelcolosi.com.br\/wp-content\/uploads\/2023\/11\/grupo-de-empregos-whatsapp-e-facebook-ismael-colosi-vagas.jpg?ssl=1\" alt=\"\" \/><\/a><\/p>\n<!-- \/wp:image -->\n<\/div>\n<p> <br \/>\n<\/p>\n<div>\n<p>Est\u00e3o abertas as inscri\u00e7\u00f5es para o Internationale Journalisten-Programme, o programa de interc\u00e2mbio profissional, permite a jornalistas da <a href=\"https:\/\/catracalivre.com.br\/educacao\/holanda-oferece-bolsas-de-graduacao-e-mestrado-a-brasileiros\/\">Am\u00e9rica Latina<\/a> atuarem em um ve\u00edculo de comunica\u00e7\u00e3o da Alemanha por dois meses com aux\u00edlio financeiro.<\/p>\n<p>A previs\u00e3o \u00e9 de que os profissionais trabalhem na reda\u00e7\u00e3o de um ve\u00edculo alem\u00e3o em Berlim entre maio e junho de 2024.<\/p>\n<div id=\"attachment_2297887\" class=\"wp-caption aligncenter\">\n<div class=\"d-flex justify-content-center\" data-attachment-id=\"2297887\">\n<div class=\"position-relative d-inline-block\"><img data-recalc-dims=\"1\" data-portal-copyright=\"franckreporter\/iStock\" decoding=\"async\" fetchpriority=\"high\" class=\"wp-image-2297887 size-large\" src=\"https:\/\/i0.wp.com\/catracalivre.com.br\/wp-content\/uploads\/2023\/09\/bolsas-de-estudo-alemanha-910x607.jpg?resize=910%2C607&#038;ssl=1\" alt=\"Alemanha oferece interc\u00e2mbio gratuito para brasileiros\" width=\"910\" height=\"607\" srcset=\"https:\/\/catracalivre.com.br\/wp-content\/uploads\/2023\/09\/bolsas-de-estudo-alemanha-910x607.jpg 910w, https:\/\/catracalivre.com.br\/wp-content\/uploads\/2023\/09\/bolsas-de-estudo-alemanha-450x300.jpg 450w, https:\/\/catracalivre.com.br\/wp-content\/uploads\/2023\/09\/bolsas-de-estudo-alemanha-768x513.jpg 768w\" sizes=\"(max-width: 910px) 100vw, 910px\"\/><\/p>\n<p>Cr\u00e9ditos: franckreporter\/iStock<\/p>\n<\/div>\n<\/div>\n<p><span class=\"post-imagem__legenda\">Alemanha oferece interc\u00e2mbio gratuito para brasileiros<\/span><\/p>\n<\/div>\n<p>O o objetivo central \u00e9 que os selecionados trabalhem como correspondentes da reda\u00e7\u00e3o de seu pa\u00eds de origem. Durante a estadia, os estagi\u00e1rios contar\u00e3o com a ajuda de uma m\u00eddia alem\u00e3 em Berlim para desenvolver o seu trabalho.<\/p>\n<p>Desta forma poder\u00e3o conhecer a realidade pol\u00edtica e econ\u00f3mica da Alemanha, al\u00e9m de conhecer a cultura e a mentalidade do seu povo.<\/p>\n<p>Fundado em 1997, o projeto visa estreitar as rela\u00e7\u00f5es entre Alemanha e Am\u00e9rica Latina tamb\u00e9m no campo das comunica\u00e7\u00f5es.<\/p>\n<h2>Quem pode participar do programa na Alemanha?<\/h2>\n<p>Os candidatos devem ter idade entre 25 e 38 anos e bons conhecimentos no idioma alem\u00e3o \u2013somente em casos excepcionais ser\u00e3o aceitos tamb\u00e9m flu\u00eancia em ingl\u00eas ou espanhol\u2013, terem v\u00ednculo empregat\u00edcio com um ve\u00edculo de comunica\u00e7\u00e3o brasileiro ou trabalharem na reda\u00e7\u00e3o de empresas p\u00fablicas de comunica\u00e7\u00e3o.<\/p>\n<p>Profissionais empregados em ag\u00eancias de Rela\u00e7\u00f5es P\u00fablicas ou no servi\u00e7o p\u00fablico n\u00e3o poder\u00e3o participar.<\/p>\n<p>As inscri\u00e7\u00f5es v\u00e3o at\u00e9 17 de dezembro de 2024. Mais informa\u00e7\u00f5es no link: <a href=\"http:\/\/www.ijp.org\/latino\" target=\"_blank\" rel=\"noopener\">www.ijp.org\/latino<\/a>.<\/p>\n<p>Os interessados dever\u00e3o enviar sua candidatura completa em um \u00fanico documento em PDF para o e-mail<a href=\"https:\/\/catracalivre.com.br\/educacao\/alemanha-oferece-intercambio-gratuito-para-brasileiros\/pr-100@saop.diplo.de\" target=\"_blank\" rel=\"noopener\"> pr-100@saop.diplo.de<\/a>. Os arquivos devem ter no m\u00e1ximo 5MB. N\u00e3o ser\u00e3o aceitas candidaturas em papel.<\/p>\n<\/div>\n<p><script>\n\t\t! function(f, b, e, v, n, t, s) {\n\t\t\tif (f.fbq) return;\n\t\t\tn = f.fbq = function() {\n\t\t\t\tn.callMethod ?\n\t\t\t\t\tn.callMethod.apply(n, arguments) : n.queue.push(arguments)\n\t\t\t};\n\t\t\tif (!f._fbq) f._fbq = n;\n\t\t\tn.push = n;\n\t\t\tn.loaded = !0;\n\t\t\tn.version = '2.0';\n\t\t\tn.queue = [];\n\t\t\tt = b.createElement(e);\n\t\t\tt.async = !0;\n\t\t\tt.src = v;\n\t\t\ts = b.getElementsByTagName(e)[0];\n\t\t\ts.parentNode.insertBefore(t, s)\n\t\t}(window, document, 'script',\n\t\t\t'https:\/\/connect.facebook.net\/en_US\/fbevents.js');\n\t\tfbq('init', '338315473262380');\n\t\tfbq('track', 'PageView');\n\t<\/script><br \/>\n<br \/><br \/>\n<br \/><a href=\"https:\/\/catracalivre.com.br\/educacao\/alemanha-oferece-intercambio-gratuito-para-brasileiros\/\">Source link <\/a><\/p>\n<!-- CONTENT END 1 -->\n","protected":false},"excerpt":{"rendered":"<p>Est\u00e3o abertas as inscri\u00e7\u00f5es para o Internationale Journalisten-Programme, o programa de interc\u00e2mbio profissional, permite a jornalistas da Am\u00e9rica Latina atuarem em um ve\u00edculo de comunica\u00e7\u00e3o&#8230;<\/p>\n","protected":false},"author":1,"featured_media":4720,"comment_status":"open","ping_status":"open","sticky":false,"template":"","format":"standard","meta":{"advanced_seo_description":"","jetpack_seo_html_title":"","jetpack_seo_noindex":false,"jetpack_post_was_ever_published":false,"_jetpack_newsletter_access":"","_jetpack_dont_email_post_to_subs":false,"_jetpack_newsletter_tier_id":0,"_jetpack_memberships_contains_paywalled_content":false,"_jetpack_memberships_contains_paid_content":false,"footnotes":"","jetpack_publicize_message":"","jetpack_publicize_feature_enabled":true,"jetpack_social_post_already_shared":true,"jetpack_social_options":{"image_generator_settings":{"template":"highway","default_image_id":0,"font":"","enabled":false},"version":2}},"categories":[19],"tags":[],"class_list":["post-4719","post","type-post","status-publish","format-standard","has-post-thumbnail","hentry","category-variedades"],"jetpack_publicize_connections":[],"jetpack_featured_media_url":"https:\/\/i0.wp.com\/noticiasribeiraopreto.com.br\/wp-content\/uploads\/2023\/11\/bolsas-de-estudo-alemanha.jpg?fit=1200%2C638&ssl=1","jetpack-related-posts":[{"id":11134,"url":"https:\/\/noticiasribeiraopreto.com.br\/index.php\/2023\/12\/05\/governo-de-sp-lanca-bolsas-para-intercambio-nos-eua\/","url_meta":{"origin":4719,"position":0},"title":"Governo de SP lan\u00e7a bolsas para interc\u00e2mbio nos EUA","author":"noticiasribeiraopreto.com.br","date":"5 de December de 2023","format":false,"excerpt":"O governo de S\u00e3o Paulo lan\u00e7ou programa para conceder mil bolsas de interc\u00e2mbio gratuitas para estudantes do ensino m\u00e9dio. S\u00e3o bolsas para col\u00e9gios em cinco pa\u00edses: Estados Unidos, Canad\u00e1, Nova Zel\u00e2ndia, Austr\u00e1lia e Inglaterra. A experi\u00eancia ter\u00e1 dura\u00e7\u00e3o de um semestre. Cr\u00e9ditos: Stadtratte\/iStockGoverno de SP lan\u00e7a programa de interc\u00e2mbio no\u2026","rel":"","context":"In &quot;Variedades&quot;","block_context":{"text":"Variedades","link":"https:\/\/noticiasribeiraopreto.com.br\/index.php\/category\/variedades\/"},"img":{"alt_text":"","src":"https:\/\/i0.wp.com\/noticiasribeiraopreto.com.br\/wp-content\/uploads\/2023\/12\/aprender-ingles.jpg?fit=1200%2C638&ssl=1&resize=350%2C200","width":350,"height":200,"srcset":"https:\/\/i0.wp.com\/noticiasribeiraopreto.com.br\/wp-content\/uploads\/2023\/12\/aprender-ingles.jpg?fit=1200%2C638&ssl=1&resize=350%2C200 1x, https:\/\/i0.wp.com\/noticiasribeiraopreto.com.br\/wp-content\/uploads\/2023\/12\/aprender-ingles.jpg?fit=1200%2C638&ssl=1&resize=525%2C300 1.5x, https:\/\/i0.wp.com\/noticiasribeiraopreto.com.br\/wp-content\/uploads\/2023\/12\/aprender-ingles.jpg?fit=1200%2C638&ssl=1&resize=700%2C400 2x, https:\/\/i0.wp.com\/noticiasribeiraopreto.com.br\/wp-content\/uploads\/2023\/12\/aprender-ingles.jpg?fit=1200%2C638&ssl=1&resize=1050%2C600 3x"},"classes":[]},{"id":65907,"url":"https:\/\/noticiasribeiraopreto.com.br\/index.php\/2025\/03\/25\/jornal-da-franca-negocios-a-vista-abicalcados-lanca-estudo-sobre-mercado-alemao-para-os-calcados\/","url_meta":{"origin":4719,"position":1},"title":"Jornal da Franca &#8211; Neg\u00f3cios \u00e0 vista: Abical\u00e7ados lan\u00e7a estudo sobre mercado alem\u00e3o para os cal\u00e7ados","author":"noticiasribeiraopreto.com.br","date":"25 de March de 2025","format":false,"excerpt":"Alemanha \u00e9 a maior economia da Europa e segundo mercado importador de cal\u00e7ados do mundo Principal economia da Europa, com um Produto Interno Bruto (PIB) de mais de US$ 4,4 trilh\u00f5es, a Alemanha foi alvo de um estudo de mercado para cal\u00e7adistas brasileiros. O Panorama do Cal\u00e7ado \u2013 Alemanha foi\u2026","rel":"","context":"In &quot;Not\u00edcias de Franca-SP&quot;","block_context":{"text":"Not\u00edcias de Franca-SP","link":"https:\/\/noticiasribeiraopreto.com.br\/index.php\/category\/noticias-de-ribeirao-preto-sp-e-regiao-ismael-colosi\/noticias-franca-sp\/"},"img":{"alt_text":"","src":"https:\/\/i0.wp.com\/noticiasribeiraopreto.com.br\/wp-content\/uploads\/2025\/03\/pLENARIO-16.jpg?fit=1200%2C815&ssl=1&resize=350%2C200","width":350,"height":200,"srcset":"https:\/\/i0.wp.com\/noticiasribeiraopreto.com.br\/wp-content\/uploads\/2025\/03\/pLENARIO-16.jpg?fit=1200%2C815&ssl=1&resize=350%2C200 1x, https:\/\/i0.wp.com\/noticiasribeiraopreto.com.br\/wp-content\/uploads\/2025\/03\/pLENARIO-16.jpg?fit=1200%2C815&ssl=1&resize=525%2C300 1.5x, https:\/\/i0.wp.com\/noticiasribeiraopreto.com.br\/wp-content\/uploads\/2025\/03\/pLENARIO-16.jpg?fit=1200%2C815&ssl=1&resize=700%2C400 2x, https:\/\/i0.wp.com\/noticiasribeiraopreto.com.br\/wp-content\/uploads\/2025\/03\/pLENARIO-16.jpg?fit=1200%2C815&ssl=1&resize=1050%2C600 3x"},"classes":[]},{"id":51510,"url":"https:\/\/noticiasribeiraopreto.com.br\/index.php\/2024\/05\/27\/migracao-de-enfermeiros-para-o-exterior-gera-atrito-entre-brasil-e-alemanha-entenda\/","url_meta":{"origin":4719,"position":2},"title":"Migra\u00e7\u00e3o de enfermeiros para o exterior gera atrito entre Brasil e Alemanha; entenda","author":"noticiasribeiraopreto.com.br","date":"27 de May de 2024","format":false,"excerpt":"Deutsche Wellei Deutsche Welle 27\/05\/2024 - 13:32 A visita do presidente Luiz In\u00e1cio Lula da Silva e uma comitiva de ministros a Berlim, em dezembro, teve elogios rec\u00edprocos e aprofundamento de parcerias, mas um tema provocou mal-estar entre os dois pa\u00edses: os esfor\u00e7os da Alemanha para atrair enfermeiros brasileiros.O pa\u00eds\u2026","rel":"","context":"In &quot;Empregos - Classificados&quot;","block_context":{"text":"Empregos - Classificados","link":"https:\/\/noticiasribeiraopreto.com.br\/index.php\/category\/empregos-classificados-vagas-trabalho\/"},"img":{"alt_text":"","src":"https:\/\/i0.wp.com\/noticiasribeiraopreto.com.br\/wp-content\/uploads\/2024\/05\/69143267_303.jpg?fit=700%2C394&ssl=1&resize=350%2C200","width":350,"height":200,"srcset":"https:\/\/i0.wp.com\/noticiasribeiraopreto.com.br\/wp-content\/uploads\/2024\/05\/69143267_303.jpg?fit=700%2C394&ssl=1&resize=350%2C200 1x, https:\/\/i0.wp.com\/noticiasribeiraopreto.com.br\/wp-content\/uploads\/2024\/05\/69143267_303.jpg?fit=700%2C394&ssl=1&resize=525%2C300 1.5x, https:\/\/i0.wp.com\/noticiasribeiraopreto.com.br\/wp-content\/uploads\/2024\/05\/69143267_303.jpg?fit=700%2C394&ssl=1&resize=700%2C400 2x"},"classes":[]},{"id":39702,"url":"https:\/\/noticiasribeiraopreto.com.br\/index.php\/2024\/02\/27\/alunos-da-regiao-de-ribeirao-preto-passam-por-seletiva-para-intercambio\/","url_meta":{"origin":4719,"position":3},"title":"Alunos da regi\u00e3o de Ribeir\u00e3o Preto passam por seletiva para interc\u00e2mbio","author":"noticiasribeiraopreto.com.br","date":"27 de February de 2024","format":false,"excerpt":"O programa \u201cProntos pro Mundo\u201d do Governo do Estado de S\u00e3o Paulo selecionou 1.497 alunos da regi\u00e3o de Ribeir\u00e3o Preto para participarem de aulas intensivas de ingl\u00eas como prepara\u00e7\u00e3o para disputarem uma vaga para fazer interc\u00e2mbio em 2025. Dos 72 mil estudantes selecionados em todo estado, apenas 1.000 ser\u00e3o beneficiados\u2026","rel":"","context":"In &quot;Not\u00edcias de Ribeir\u00e3o Preto-SP e Regi\u00e3o&quot;","block_context":{"text":"Not\u00edcias de Ribeir\u00e3o Preto-SP e Regi\u00e3o","link":"https:\/\/noticiasribeiraopreto.com.br\/index.php\/category\/noticias-de-ribeirao-preto-sp-e-regiao-ismael-colosi\/"},"img":{"alt_text":"","src":"https:\/\/i0.wp.com\/noticiasribeiraopreto.com.br\/wp-content\/uploads\/2024\/02\/Copia-de-Copia-de-TAMANHO-EXATO-PARA-FOTOS-NO-SISTEMA-NOVO-17-1.jpg?fit=1200%2C675&ssl=1&resize=350%2C200","width":350,"height":200,"srcset":"https:\/\/i0.wp.com\/noticiasribeiraopreto.com.br\/wp-content\/uploads\/2024\/02\/Copia-de-Copia-de-TAMANHO-EXATO-PARA-FOTOS-NO-SISTEMA-NOVO-17-1.jpg?fit=1200%2C675&ssl=1&resize=350%2C200 1x, https:\/\/i0.wp.com\/noticiasribeiraopreto.com.br\/wp-content\/uploads\/2024\/02\/Copia-de-Copia-de-TAMANHO-EXATO-PARA-FOTOS-NO-SISTEMA-NOVO-17-1.jpg?fit=1200%2C675&ssl=1&resize=525%2C300 1.5x, https:\/\/i0.wp.com\/noticiasribeiraopreto.com.br\/wp-content\/uploads\/2024\/02\/Copia-de-Copia-de-TAMANHO-EXATO-PARA-FOTOS-NO-SISTEMA-NOVO-17-1.jpg?fit=1200%2C675&ssl=1&resize=700%2C400 2x, https:\/\/i0.wp.com\/noticiasribeiraopreto.com.br\/wp-content\/uploads\/2024\/02\/Copia-de-Copia-de-TAMANHO-EXATO-PARA-FOTOS-NO-SISTEMA-NOVO-17-1.jpg?fit=1200%2C675&ssl=1&resize=1050%2C600 3x"},"classes":[]},{"id":62339,"url":"https:\/\/noticiasribeiraopreto.com.br\/index.php\/2025\/01\/10\/estudantes-de-ribeirao-e-regiao-participam-de-intercambio-gratuito-no-reino-unido\/","url_meta":{"origin":4719,"position":4},"title":"Estudantes de Ribeir\u00e3o e regi\u00e3o participam de interc\u00e2mbio gratuito no Reino Unido","author":"noticiasribeiraopreto.com.br","date":"10 de January de 2025","format":false,"excerpt":"Embarcaram para o Reino Unido nesta quinta-feira (9), os primeiros 38 estudantes, sendo seis da regi\u00e3o de Ribeir\u00e3o Preto e dois de Franca, que conquistaram a oportunidade de um interc\u00e2mbio gratuito promovido pelo Governo do Estado. No total, 23 alunos do ensino m\u00e9dio de escolas estaduais das regi\u00f5es de Ribeir\u00e3o\u2026","rel":"","context":"In &quot;Not\u00edcias de Ribeir\u00e3o Preto-SP e Regi\u00e3o&quot;","block_context":{"text":"Not\u00edcias de Ribeir\u00e3o Preto-SP e Regi\u00e3o","link":"https:\/\/noticiasribeiraopreto.com.br\/index.php\/category\/noticias-de-ribeirao-preto-sp-e-regiao-ismael-colosi\/"},"img":{"alt_text":"","src":"https:\/\/i0.wp.com\/noticiasribeiraopreto.com.br\/wp-content\/uploads\/2025\/01\/Copia-de-Copia-de-Copia-de-TAMANHO-EXATO-PARA-FOTOS-NO-SISTEMA-NOVO-2025-01-10T171001.292_2025-01-10_20-18-14_png_2025-01-10_20-18-14.webp.webp?fit=1200%2C675&ssl=1&resize=350%2C200","width":350,"height":200,"srcset":"https:\/\/i0.wp.com\/noticiasribeiraopreto.com.br\/wp-content\/uploads\/2025\/01\/Copia-de-Copia-de-Copia-de-TAMANHO-EXATO-PARA-FOTOS-NO-SISTEMA-NOVO-2025-01-10T171001.292_2025-01-10_20-18-14_png_2025-01-10_20-18-14.webp.webp?fit=1200%2C675&ssl=1&resize=350%2C200 1x, https:\/\/i0.wp.com\/noticiasribeiraopreto.com.br\/wp-content\/uploads\/2025\/01\/Copia-de-Copia-de-Copia-de-TAMANHO-EXATO-PARA-FOTOS-NO-SISTEMA-NOVO-2025-01-10T171001.292_2025-01-10_20-18-14_png_2025-01-10_20-18-14.webp.webp?fit=1200%2C675&ssl=1&resize=525%2C300 1.5x, https:\/\/i0.wp.com\/noticiasribeiraopreto.com.br\/wp-content\/uploads\/2025\/01\/Copia-de-Copia-de-Copia-de-TAMANHO-EXATO-PARA-FOTOS-NO-SISTEMA-NOVO-2025-01-10T171001.292_2025-01-10_20-18-14_png_2025-01-10_20-18-14.webp.webp?fit=1200%2C675&ssl=1&resize=700%2C400 2x, https:\/\/i0.wp.com\/noticiasribeiraopreto.com.br\/wp-content\/uploads\/2025\/01\/Copia-de-Copia-de-Copia-de-TAMANHO-EXATO-PARA-FOTOS-NO-SISTEMA-NOVO-2025-01-10T171001.292_2025-01-10_20-18-14_png_2025-01-10_20-18-14.webp.webp?fit=1200%2C675&ssl=1&resize=1050%2C600 3x"},"classes":[]},{"id":19249,"url":"https:\/\/noticiasribeiraopreto.com.br\/index.php\/2023\/12\/22\/vestas-conquista-grande-encomenda-de-turbinas-eolicas-na-alemanha-e-impulsiona-seus-negocios\/","url_meta":{"origin":4719,"position":5},"title":"Vestas conquista grande encomenda de turbinas e\u00f3licas na Alemanha e impulsiona seus neg\u00f3cios.","author":"noticiasribeiraopreto.com.br","date":"22 de December de 2023","format":false,"excerpt":"Pedido de turbinas e\u00f3licas na Alemanha impulsiona a Vestas \u2013 FOTO: \u00a92023 Re News.Biz A BayWa encomendou oito turbinas e\u00f3licas V162-5,6MW da Vestas para o projeto Dollenkamp em Brakel, Ren\u00e2nia do Norte-Vestf\u00e1lia, Alemanha. O contrato inclui fornecimento, entrega e comissionamento das turbinas, bem como um contrato de servi\u00e7o de 20\u2026","rel":"","context":"In &quot;Vagas de Emprego em Ribeir\u00e3o Preto-SP&quot;","block_context":{"text":"Vagas de Emprego em Ribeir\u00e3o Preto-SP","link":"https:\/\/noticiasribeiraopreto.com.br\/index.php\/category\/empregos-classificados-vagas-trabalho\/vagas-de-empregos-em-ribeirao-preto-regiao-brasil\/"},"img":{"alt_text":"","src":"https:\/\/i0.wp.com\/noticiasribeiraopreto.com.br\/wp-content\/uploads\/2023\/12\/vestas-conquista-grande-encomenda-de-turbinas-eolicas-na-alemanha-e-impulsiona-seus-negocios.jpg?fit=625%2C450&ssl=1&resize=350%2C200","width":350,"height":200,"srcset":"https:\/\/i0.wp.com\/noticiasribeiraopreto.com.br\/wp-content\/uploads\/2023\/12\/vestas-conquista-grande-encomenda-de-turbinas-eolicas-na-alemanha-e-impulsiona-seus-negocios.jpg?fit=625%2C450&ssl=1&resize=350%2C200 1x, https:\/\/i0.wp.com\/noticiasribeiraopreto.com.br\/wp-content\/uploads\/2023\/12\/vestas-conquista-grande-encomenda-de-turbinas-eolicas-na-alemanha-e-impulsiona-seus-negocios.jpg?fit=625%2C450&ssl=1&resize=525%2C300 1.5x"},"classes":[]}],"jetpack_sharing_enabled":true,"jetpack_shortlink":"https:\/\/wp.me\/peQAOb-1e7","_links":{"self":[{"href":"https:\/\/noticiasribeiraopreto.com.br\/index.php\/wp-json\/wp\/v2\/posts\/4719","targetHints":{"allow":["GET"]}}],"collection":[{"href":"https:\/\/noticiasribeiraopreto.com.br\/index.php\/wp-json\/wp\/v2\/posts"}],"about":[{"href":"https:\/\/noticiasribeiraopreto.com.br\/index.php\/wp-json\/wp\/v2\/types\/post"}],"author":[{"embeddable":true,"href":"https:\/\/noticiasribeiraopreto.com.br\/index.php\/wp-json\/wp\/v2\/users\/1"}],"replies":[{"embeddable":true,"href":"https:\/\/noticiasribeiraopreto.com.br\/index.php\/wp-json\/wp\/v2\/comments?post=4719"}],"version-history":[{"count":0,"href":"https:\/\/noticiasribeiraopreto.com.br\/index.php\/wp-json\/wp\/v2\/posts\/4719\/revisions"}],"wp:featuredmedia":[{"embeddable":true,"href":"https:\/\/noticiasribeiraopreto.com.br\/index.php\/wp-json\/wp\/v2\/media\/4720"}],"wp:attachment":[{"href":"https:\/\/noticiasribeiraopreto.com.br\/index.php\/wp-json\/wp\/v2\/media?parent=4719"}],"wp:term":[{"taxonomy":"category","embeddable":true,"href":"https:\/\/noticiasribeiraopreto.com.br\/index.php\/wp-json\/wp\/v2\/categories?post=4719"},{"taxonomy":"post_tag","embeddable":true,"href":"https:\/\/noticiasribeiraopreto.com.br\/index.php\/wp-json\/wp\/v2\/tags?post=4719"}],"curies":[{"name":"wp","href":"https:\/\/api.w.org\/{rel}","templated":true}]}}