{"id":47262,"date":"2024-04-25T04:28:37","date_gmt":"2024-04-25T07:28:37","guid":{"rendered":"https:\/\/noticiasribeiraopreto.com.br\/index.php\/2024\/04\/25\/ribeirao-rodeo-music-comeca-a-competicao-internacional-do-rodeio\/"},"modified":"2024-04-25T04:28:37","modified_gmt":"2024-04-25T07:28:37","slug":"ribeirao-rodeo-music-comeca-a-competicao-internacional-do-rodeio","status":"publish","type":"post","link":"https:\/\/noticiasribeiraopreto.com.br\/index.php\/2024\/04\/25\/ribeirao-rodeo-music-comeca-a-competicao-internacional-do-rodeio\/","title":{"rendered":"Ribeir\u00e3o Rodeo Music: Come\u00e7a a competi\u00e7\u00e3o internacional do rodeio"},"content":{"rendered":"<div class='code-block code-block-1' style='margin: 8px 0 8px auto; text-align: right; display: block; clear: both;'>\n<p><a href=\"https:\/\/wa.link\/vpicfd\"><img data-recalc-dims=\"1\" class=\"wp-image-4922\" style=\"aspect-ratio: 2.0253164556962027; width: 561px; height: auto;\" src=\"https:\/\/i0.wp.com\/ismaelcolosi.com.br\/wp-content\/uploads\/2023\/11\/grupo-de-empregos-whatsapp-e-facebook-ismael-colosi-vagas.jpg?ssl=1\" alt=\"\" \/><\/a><\/p>\n<!-- \/wp:image -->\n<\/div>\n<p> <br \/>\n<\/p>\n<div>\n<p>O rodeio deste ano ganha uma emo\u00e7\u00e3o diferente em <strong>Ribeir\u00e3o Preto<\/strong>. Pela primeira vez, as montarias em touros do <strong><a href=\"https:\/\/www.ribeiraorodeomusic.com.br\/\" target=\"_blank\" rel=\"noreferrer noopener nofollow\">Ribeir\u00e3o Rodeo Music <\/a><\/strong>ter\u00e3o a participa\u00e7\u00e3o de competidores estrangeiros.<\/p>\n<p>A disputa internacional come\u00e7a nos pr\u00f3ximos dias de festa, 26 e 27 de abril, e \u00e9 v\u00e1lida pela <strong>LNR (Liga Nacional de Rodeio).<\/strong> As competi\u00e7\u00f5es esportivas na arena do evento come\u00e7am \u00e0s 20h30.<\/p>\n<h4 class=\"wp-block-heading\"><strong>Disputa por times<\/strong><\/h4>\n<p>Para este ano, o<strong> Ribeir\u00e3o Rodeo Music<\/strong> manteve o formato de disputa por times nas montarias em touros. A novidade fica por conta da presen\u00e7a dos norte-americanos<strong> William Whight<\/strong>,<strong> Marco Ruarez<\/strong> e <strong>Jaxton Mortensen<\/strong> e do canadense <strong>Jett Lambert<\/strong>. Eles integram a equipe Mustangs.<\/p>\n<p><mark style=\"background-color:#fcb900\" class=\"has-inline-color has-black-color\">J\u00e1 os times Coyotes, Longhorn e B\u00fafalos ser\u00e3o formados apenas por atletas brasileiros.<\/mark><\/p>\n<p>\u201cTeremos 16 competidores nas montarias em touro, divididos em quatro times que somar\u00e3o pontos. A equipe que acumular mais pontos nos dois dias de provas \u00e9 a campe\u00e3\u201d, explica Marcos Abud, presidente da Liga Nacional de Rodeio.<\/p>\n<p>Ainda segundo ele, o primeiro colocado de cada equipe participar\u00e1 de uma disputa individual, no dia 27, que definir\u00e1 o campe\u00e3o da etapa <strong>RRM<\/strong>.<\/p>\n<p>\u201cEste competidor garante vaga na final da LNR, em Barretos, em agosto deste ano, e no<strong> The American<\/strong> em 2025, indo direto para as semifinais do rodeio norte-americano,<mark style=\"background-color:#fcb900\" class=\"has-inline-color has-black-color\"> ficando a apenas cinco montarias do pr\u00eamio de 1 milh\u00e3o de d\u00f3lares.\u201d<\/mark><\/p>\n<p>Abud diz que o The American \u00e9 um dos mais importantes e disputados rodeios do mundo.<\/p>\n<p>Al\u00e9m das montarias em touros, o <strong>Ribeir\u00e3o Rodeo Music <\/strong>conta com montarias de Cutiano (cavalo), e provas de Tr\u00eas Tambores. Por fim, no dia 30 de abril, ser\u00e1 a vez da disputa do Ranch Sorting.<\/p>\n<h4 class=\"wp-block-heading\"><strong>Mais shows<\/strong><\/h4>\n<p>O<strong> Ribeir\u00e3o Rodeo Music <\/strong>tamb\u00e9m segue com atra\u00e7\u00f5es art\u00edsticas. Na sexta-feira (26), os shows s\u00e3o de <strong>Z\u00e9 Neto &amp; Cristiano<\/strong>, <strong>C\u00e9sar Menotti &amp; Fabiano<\/strong>, <strong>Lauana Prado<\/strong>, e <strong>Locos DJs<\/strong>.<\/p>\n<p>No s\u00e1bado (27), tem <strong>Gusttavo Lima<\/strong>, <strong>Matheus &amp; Kauan<\/strong>, <strong>Pedro Sampaio <\/strong>e <strong>Fred e Fabr\u00edcio<\/strong>.<\/p>\n<p>Na ter\u00e7a-feira (30), v\u00e9spera de feriado, \u00e9 a vez de<strong> Jorge &amp; Mateus<\/strong>, <strong>Zez\u00e9 Di Camargo &amp; Luciano<\/strong>, <strong>Gustavo Mioto<\/strong> e<strong> \u00cdcaro &amp; Gilmar<\/strong>.<\/p>\n<p>Os ingressos podem ser adquiridos pelo site do evento www.ribeiraorodeomusic.com.br e, tamb\u00e9m, no ponto f\u00edsico <strong>Loja Oscar Cal\u00e7ados <\/strong>(Centro, Novo Shopping e Ribeir\u00e3oShopping).<\/p>\n<h4 class=\"wp-block-heading\"><strong>Servi\u00e7o<\/strong><\/h4>\n<p><strong>Ribeir\u00e3o Rodeo Music 2024<\/strong><\/p>\n<p>Pr\u00f3ximas datas: 26, 27 e 30 de abril<\/p>\n<p>Local: Parque Permanente de Exposi\u00e7\u00f5es de Ribeir\u00e3o Preto<\/p>\n<p>Venda de ingressos em pontos f\u00edsicos: Oscar Cal\u00e7ados (Centro, Ribeir\u00e3oShopping e Novo Shopping). Venda On-line: no <a href=\"https:\/\/www.ribeiraorodeomusic.com.br\/\" target=\"_blank\" rel=\"noreferrer noopener nofollow\">site do evento (clique aqui).<\/a><\/p>\n<p>SAIBA MAIS<br \/>Primeira noite de Ribeir\u00e3o Rodeo Music apresenta nova estrutura para o p\u00fablico\u00a0<\/p>\n<p>FIQUE ON<\/p>\n<p>Fique ligado em tudo que acontece em Ribeir\u00e3o Preto e regi\u00e3o. Siga os perfis do<strong> acidade on<\/strong> no<a href=\"https:\/\/www.instagram.com\/acidadeonribeirao\" target=\"_blank\" rel=\"noreferrer noopener nofollow\"> Instagram <\/a>e no <a href=\"https:\/\/www.facebook.com\/acidadeonribeirao\" target=\"_blank\" rel=\"noreferrer noopener nofollow\">Facebook<\/a>.<\/p>\n<p>Receba not\u00edcias do<strong> acidade on<\/strong> no WhatsApp. <a href=\"https:\/\/chat.whatsapp.com\/GFH9HUMUTHNFJdnyEd0xxq\" target=\"_blank\" rel=\"noreferrer noopener nofollow\">Para entrar no grupo, basta clicar aqui.<\/a><\/p>\n<p>Fa\u00e7a uma den\u00fancia ou sugira uma reportagem sobre Ribeir\u00e3o Preto e regi\u00e3o pelo WhatsApp: 16 99117 7802.<\/p>\n<p>VEJA TAMB\u00c9M<br \/>Qual \u00e9 o estado de sa\u00fade de Arlindo Cruz? Cantor \u00e9 hospitalizado novamente<\/p>\n<p><!-- AI CONTENT END 1 -->\n<\/div>\n<p><script async src=\"\/\/www.instagram.com\/embed.js\"><\/script><br \/>\n<br \/><br \/>\n<br \/><a href=\"https:\/\/www.acidadeon.com\/ribeiraopreto\/ribeirao-rodeo-music\/ribeirao-rodeo-music-comeca-a-competicao-internacional-do-rodeio\/\">Source link <\/a><\/p>\n<!-- CONTENT END 1 -->\n","protected":false},"excerpt":{"rendered":"<p>O rodeio deste ano ganha uma emo\u00e7\u00e3o diferente em Ribeir\u00e3o Preto. Pela primeira vez, as montarias em touros do Ribeir\u00e3o Rodeo Music ter\u00e3o a participa\u00e7\u00e3o&#8230;<\/p>\n","protected":false},"author":1,"featured_media":47263,"comment_status":"open","ping_status":"open","sticky":false,"template":"","format":"standard","meta":{"advanced_seo_description":"","jetpack_seo_html_title":"","jetpack_seo_noindex":false,"jetpack_post_was_ever_published":false,"_jetpack_newsletter_access":"","_jetpack_dont_email_post_to_subs":false,"_jetpack_newsletter_tier_id":0,"_jetpack_memberships_contains_paywalled_content":false,"_jetpack_memberships_contains_paid_content":false,"footnotes":"","jetpack_publicize_message":"","jetpack_publicize_feature_enabled":true,"jetpack_social_post_already_shared":true,"jetpack_social_options":{"image_generator_settings":{"template":"highway","default_image_id":0,"font":"","enabled":false},"version":2}},"categories":[11],"tags":[],"class_list":["post-47262","post","type-post","status-publish","format-standard","has-post-thumbnail","hentry","category-noticias-de-ribeirao-preto-sp-e-regiao-ismael-colosi"],"jetpack_publicize_connections":[],"jetpack_featured_media_url":"https:\/\/i0.wp.com\/noticiasribeiraopreto.com.br\/wp-content\/uploads\/2024\/04\/AnyConv.com__montaria.webp.webp?fit=1199%2C860&ssl=1","jetpack-related-posts":[{"id":67701,"url":"https:\/\/noticiasribeiraopreto.com.br\/index.php\/2025\/04\/17\/ribeirao-rodeo-music-reunira-mais-de-300-competidores-em-quatro-modalidades-esportivas\/","url_meta":{"origin":47262,"position":0},"title":"Ribeir\u00e3o Rodeo Music reunir\u00e1 mais de 300 competidores em quatro modalidades esportivas","author":"noticiasribeiraopreto.com.br","date":"17 de April de 2025","format":false,"excerpt":"A 19\u00aa edi\u00e7\u00e3o do Ribeir\u00e3o Rodeo Music promete levar uma disputa acirrada e muita emo\u00e7\u00e3o para dentro da arena do Parque Permanente de Exposi\u00e7\u00f5es de Ribeir\u00e3o Preto. A programa\u00e7\u00e3o esportiva do evento reunir\u00e1 mais de 300 competidores e uma premia\u00e7\u00e3o total de aproximadamente R$ 150 mil. Est\u00e3o confirmadas as montarias\u2026","rel":"","context":"In &quot;Not\u00edcias de Ribeir\u00e3o Preto-SP e Regi\u00e3o&quot;","block_context":{"text":"Not\u00edcias de Ribeir\u00e3o Preto-SP e Regi\u00e3o","link":"https:\/\/noticiasribeiraopreto.com.br\/index.php\/category\/noticias-de-ribeirao-preto-sp-e-regiao-ismael-colosi\/"},"img":{"alt_text":"","src":"https:\/\/i0.wp.com\/noticiasribeiraopreto.com.br\/wp-content\/uploads\/2025\/04\/ribeirao-rodeo-music-2_2025-04-17_14-13-57.webp.webp?fit=1200%2C800&ssl=1&resize=350%2C200","width":350,"height":200,"srcset":"https:\/\/i0.wp.com\/noticiasribeiraopreto.com.br\/wp-content\/uploads\/2025\/04\/ribeirao-rodeo-music-2_2025-04-17_14-13-57.webp.webp?fit=1200%2C800&ssl=1&resize=350%2C200 1x, https:\/\/i0.wp.com\/noticiasribeiraopreto.com.br\/wp-content\/uploads\/2025\/04\/ribeirao-rodeo-music-2_2025-04-17_14-13-57.webp.webp?fit=1200%2C800&ssl=1&resize=525%2C300 1.5x, https:\/\/i0.wp.com\/noticiasribeiraopreto.com.br\/wp-content\/uploads\/2025\/04\/ribeirao-rodeo-music-2_2025-04-17_14-13-57.webp.webp?fit=1200%2C800&ssl=1&resize=700%2C400 2x, https:\/\/i0.wp.com\/noticiasribeiraopreto.com.br\/wp-content\/uploads\/2025\/04\/ribeirao-rodeo-music-2_2025-04-17_14-13-57.webp.webp?fit=1200%2C800&ssl=1&resize=1050%2C600 3x"},"classes":[]},{"id":68173,"url":"https:\/\/noticiasribeiraopreto.com.br\/index.php\/2025\/04\/23\/rrm-tera-mais-de-300-competidores\/","url_meta":{"origin":47262,"position":1},"title":"RRM ter\u00e1 mais de 300 competidores \u00a0","author":"noticiasribeiraopreto.com.br","date":"23 de April de 2025","format":false,"excerpt":"A 19\u00aa edi\u00e7\u00e3o do Ribeir\u00e3o Rodeo Music promete levar uma disputa acirrada e muita emo\u00e7\u00e3o para dentro da arena do Parque Permanente de Exposi\u00e7\u00f5es de Ribeir\u00e3o Preto. A programa\u00e7\u00e3o esportiva do evento reunir\u00e1 mais de 300 competidores e uma premia\u00e7\u00e3o total de aproximadamente R$ 150 mil. Est\u00e3o confirmadas as montarias\u2026","rel":"","context":"In &quot;Not\u00edcias de Ribeir\u00e3o Preto-SP e Regi\u00e3o&quot;","block_context":{"text":"Not\u00edcias de Ribeir\u00e3o Preto-SP e Regi\u00e3o","link":"https:\/\/noticiasribeiraopreto.com.br\/index.php\/category\/noticias-de-ribeirao-preto-sp-e-regiao-ismael-colosi\/"},"img":{"alt_text":"","src":"https:\/\/i0.wp.com\/noticiasribeiraopreto.com.br\/wp-content\/uploads\/2025\/04\/RodeioRP-Divulgacao-scaled.jpg?fit=1200%2C800&ssl=1&resize=350%2C200","width":350,"height":200,"srcset":"https:\/\/i0.wp.com\/noticiasribeiraopreto.com.br\/wp-content\/uploads\/2025\/04\/RodeioRP-Divulgacao-scaled.jpg?fit=1200%2C800&ssl=1&resize=350%2C200 1x, https:\/\/i0.wp.com\/noticiasribeiraopreto.com.br\/wp-content\/uploads\/2025\/04\/RodeioRP-Divulgacao-scaled.jpg?fit=1200%2C800&ssl=1&resize=525%2C300 1.5x, https:\/\/i0.wp.com\/noticiasribeiraopreto.com.br\/wp-content\/uploads\/2025\/04\/RodeioRP-Divulgacao-scaled.jpg?fit=1200%2C800&ssl=1&resize=700%2C400 2x, https:\/\/i0.wp.com\/noticiasribeiraopreto.com.br\/wp-content\/uploads\/2025\/04\/RodeioRP-Divulgacao-scaled.jpg?fit=1200%2C800&ssl=1&resize=1050%2C600 3x"},"classes":[]},{"id":47801,"url":"https:\/\/noticiasribeiraopreto.com.br\/index.php\/2024\/04\/28\/atleta-de-viradouro-e-o-campeao-do-rodeio-de-ribeirao-e-garante-vaga-em-campeonato-nos-eua\/","url_meta":{"origin":47262,"position":2},"title":"Atleta de Viradouro \u00e9 o campe\u00e3o do rodeio de Ribeir\u00e3o e garante vaga em campeonato nos EUA","author":"noticiasribeiraopreto.com.br","date":"28 de April de 2024","format":false,"excerpt":"O competidor Everton Natan da Silva, de Viradouro-SP, \u00e9 o campe\u00e3o da disputa individual da montaria em touros do Ribeir\u00e3o Rodeo Music 2024. Ele montou no touro Trem Noturno e faz parte da equipe Longhorn. Somando as disputas dos dois dias provas, encerradas nesse s\u00e1bado, 27, ele chegou a 162\u2026","rel":"","context":"In &quot;Not\u00edcias de Ribeir\u00e3o Preto-SP e Regi\u00e3o&quot;","block_context":{"text":"Not\u00edcias de Ribeir\u00e3o Preto-SP e Regi\u00e3o","link":"https:\/\/noticiasribeiraopreto.com.br\/index.php\/category\/noticias-de-ribeirao-preto-sp-e-regiao-ismael-colosi\/"},"img":{"alt_text":"","src":"https:\/\/i0.wp.com\/noticiasribeiraopreto.com.br\/wp-content\/uploads\/2024\/04\/Copia-de-Copia-de-TAMANHO-EXATO-PARA-FOTOS-NO-SISTEMA-NOVO-17_2024-04-28_21-27-13_png.webp.webp?fit=1200%2C675&ssl=1&resize=350%2C200","width":350,"height":200,"srcset":"https:\/\/i0.wp.com\/noticiasribeiraopreto.com.br\/wp-content\/uploads\/2024\/04\/Copia-de-Copia-de-TAMANHO-EXATO-PARA-FOTOS-NO-SISTEMA-NOVO-17_2024-04-28_21-27-13_png.webp.webp?fit=1200%2C675&ssl=1&resize=350%2C200 1x, https:\/\/i0.wp.com\/noticiasribeiraopreto.com.br\/wp-content\/uploads\/2024\/04\/Copia-de-Copia-de-TAMANHO-EXATO-PARA-FOTOS-NO-SISTEMA-NOVO-17_2024-04-28_21-27-13_png.webp.webp?fit=1200%2C675&ssl=1&resize=525%2C300 1.5x, https:\/\/i0.wp.com\/noticiasribeiraopreto.com.br\/wp-content\/uploads\/2024\/04\/Copia-de-Copia-de-TAMANHO-EXATO-PARA-FOTOS-NO-SISTEMA-NOVO-17_2024-04-28_21-27-13_png.webp.webp?fit=1200%2C675&ssl=1&resize=700%2C400 2x, https:\/\/i0.wp.com\/noticiasribeiraopreto.com.br\/wp-content\/uploads\/2024\/04\/Copia-de-Copia-de-TAMANHO-EXATO-PARA-FOTOS-NO-SISTEMA-NOVO-17_2024-04-28_21-27-13_png.webp.webp?fit=1200%2C675&ssl=1&resize=1050%2C600 3x"},"classes":[]},{"id":45964,"url":"https:\/\/noticiasribeiraopreto.com.br\/index.php\/2024\/04\/08\/ribeirao-rodeo-music-confirma-competidores-dos-eua-e-do-canada-nas-montarias-em-touros\/","url_meta":{"origin":47262,"position":3},"title":"Ribeir\u00e3o Rodeo Music confirma competidores dos EUA e do Canad\u00e1 nas montarias em touros","author":"noticiasribeiraopreto.com.br","date":"8 de April de 2024","format":false,"excerpt":"Ribeir\u00e3o Rodeo Music confirma competidores dos EUA e do Canad\u00e1 nas montarias em tourosPrograma\u00e7\u00e3o esportiva do RRM ainda ter\u00e1 Cutiano, Team Penning, Tr\u00eas Tambores e Ranch Sorting As montarias em touros do Ribeir\u00e3o Rodeo Music 2024 ter\u00e3o pela primeira vez a participa\u00e7\u00e3o de competidores internacionais, vindos dos Estados Unidos e\u2026","rel":"","context":"In &quot;Not\u00edcias de Ribeir\u00e3o Preto-SP e Regi\u00e3o&quot;","block_context":{"text":"Not\u00edcias de Ribeir\u00e3o Preto-SP e Regi\u00e3o","link":"https:\/\/noticiasribeiraopreto.com.br\/index.php\/category\/noticias-de-ribeirao-preto-sp-e-regiao-ismael-colosi\/"},"img":{"alt_text":"","src":"https:\/\/i0.wp.com\/noticiasribeiraopreto.com.br\/wp-content\/uploads\/2024\/04\/ab928249bdc24a09dce94f3f7873238b.jpeg?fit=1200%2C800&ssl=1&resize=350%2C200","width":350,"height":200,"srcset":"https:\/\/i0.wp.com\/noticiasribeiraopreto.com.br\/wp-content\/uploads\/2024\/04\/ab928249bdc24a09dce94f3f7873238b.jpeg?fit=1200%2C800&ssl=1&resize=350%2C200 1x, https:\/\/i0.wp.com\/noticiasribeiraopreto.com.br\/wp-content\/uploads\/2024\/04\/ab928249bdc24a09dce94f3f7873238b.jpeg?fit=1200%2C800&ssl=1&resize=525%2C300 1.5x, https:\/\/i0.wp.com\/noticiasribeiraopreto.com.br\/wp-content\/uploads\/2024\/04\/ab928249bdc24a09dce94f3f7873238b.jpeg?fit=1200%2C800&ssl=1&resize=700%2C400 2x, https:\/\/i0.wp.com\/noticiasribeiraopreto.com.br\/wp-content\/uploads\/2024\/04\/ab928249bdc24a09dce94f3f7873238b.jpeg?fit=1200%2C800&ssl=1&resize=1050%2C600 3x"},"classes":[]},{"id":47525,"url":"https:\/\/noticiasribeiraopreto.com.br\/index.php\/2024\/04\/26\/veja-os-momentos-mais-marcantes-da-historia-do-ribeirao-rodeo-music\/","url_meta":{"origin":47262,"position":4},"title":"Veja os momentos mais marcantes da hist\u00f3ria do Ribeir\u00e3o Rodeo Music","author":"noticiasribeiraopreto.com.br","date":"26 de April de 2024","format":false,"excerpt":"O Ribeir\u00e3o Rodeo Music, um dos maiores festivais do circuito sertanejo nacional, volta com tudo nessa sexta-feira (26) com os as competi\u00e7\u00f5es de montaria e os shows de C\u00e9sar Menotti & Fabiano, Z\u00e9 Neto & Cristiano, Lauana Prado e Locos Djs. Comemorando 19 anos de hist\u00f3ria em 2024, o evento\u2026","rel":"","context":"In &quot;Not\u00edcias de Ribeir\u00e3o Preto-SP e Regi\u00e3o&quot;","block_context":{"text":"Not\u00edcias de Ribeir\u00e3o Preto-SP e Regi\u00e3o","link":"https:\/\/noticiasribeiraopreto.com.br\/index.php\/category\/noticias-de-ribeirao-preto-sp-e-regiao-ismael-colosi\/"},"img":{"alt_text":"","src":"https:\/\/i0.wp.com\/noticiasribeiraopreto.com.br\/wp-content\/uploads\/2024\/04\/AnyConv.com__rodeo-de-ribeirao.webp.webp?fit=1200%2C800&ssl=1&resize=350%2C200","width":350,"height":200,"srcset":"https:\/\/i0.wp.com\/noticiasribeiraopreto.com.br\/wp-content\/uploads\/2024\/04\/AnyConv.com__rodeo-de-ribeirao.webp.webp?fit=1200%2C800&ssl=1&resize=350%2C200 1x, https:\/\/i0.wp.com\/noticiasribeiraopreto.com.br\/wp-content\/uploads\/2024\/04\/AnyConv.com__rodeo-de-ribeirao.webp.webp?fit=1200%2C800&ssl=1&resize=525%2C300 1.5x, https:\/\/i0.wp.com\/noticiasribeiraopreto.com.br\/wp-content\/uploads\/2024\/04\/AnyConv.com__rodeo-de-ribeirao.webp.webp?fit=1200%2C800&ssl=1&resize=700%2C400 2x, https:\/\/i0.wp.com\/noticiasribeiraopreto.com.br\/wp-content\/uploads\/2024\/04\/AnyConv.com__rodeo-de-ribeirao.webp.webp?fit=1200%2C800&ssl=1&resize=1050%2C600 3x"},"classes":[]},{"id":46216,"url":"https:\/\/noticiasribeiraopreto.com.br\/index.php\/2024\/04\/10\/pela-primeira-vez-ribeirao-rodeo-music-tera-competidores-estrangeiros-nas-montarias\/","url_meta":{"origin":47262,"position":5},"title":"Pela primeira vez, Ribeir\u00e3o Rodeo Music ter\u00e1 competidores estrangeiros nas montarias","author":"noticiasribeiraopreto.com.br","date":"10 de April de 2024","format":false,"excerpt":"Pela primeira vez, as montarias em touros do Ribeir\u00e3o Rodeo Music (RRM) 2024 ter\u00e3o a participa\u00e7\u00e3o de competidores internacionais. Com representantes dos Estados Unidos e Canad\u00e1, a competitividade entre os atletas ser\u00e1 elevada a outro patamar, com um show na arena de montarias. O festival sertanejo acontece nos dias 20,\u2026","rel":"","context":"In &quot;Not\u00edcias de Ribeir\u00e3o Preto-SP e Regi\u00e3o&quot;","block_context":{"text":"Not\u00edcias de Ribeir\u00e3o Preto-SP e Regi\u00e3o","link":"https:\/\/noticiasribeiraopreto.com.br\/index.php\/category\/noticias-de-ribeirao-preto-sp-e-regiao-ismael-colosi\/"},"img":{"alt_text":"","src":"https:\/\/i0.wp.com\/noticiasribeiraopreto.com.br\/wp-content\/uploads\/2024\/04\/Montaria-em-touros-do-RRM.jpg?fit=1200%2C800&ssl=1&resize=350%2C200","width":350,"height":200,"srcset":"https:\/\/i0.wp.com\/noticiasribeiraopreto.com.br\/wp-content\/uploads\/2024\/04\/Montaria-em-touros-do-RRM.jpg?fit=1200%2C800&ssl=1&resize=350%2C200 1x, https:\/\/i0.wp.com\/noticiasribeiraopreto.com.br\/wp-content\/uploads\/2024\/04\/Montaria-em-touros-do-RRM.jpg?fit=1200%2C800&ssl=1&resize=525%2C300 1.5x, https:\/\/i0.wp.com\/noticiasribeiraopreto.com.br\/wp-content\/uploads\/2024\/04\/Montaria-em-touros-do-RRM.jpg?fit=1200%2C800&ssl=1&resize=700%2C400 2x, https:\/\/i0.wp.com\/noticiasribeiraopreto.com.br\/wp-content\/uploads\/2024\/04\/Montaria-em-touros-do-RRM.jpg?fit=1200%2C800&ssl=1&resize=1050%2C600 3x"},"classes":[]}],"jetpack_sharing_enabled":true,"jetpack_shortlink":"https:\/\/wp.me\/peQAOb-cii","_links":{"self":[{"href":"https:\/\/noticiasribeiraopreto.com.br\/index.php\/wp-json\/wp\/v2\/posts\/47262","targetHints":{"allow":["GET"]}}],"collection":[{"href":"https:\/\/noticiasribeiraopreto.com.br\/index.php\/wp-json\/wp\/v2\/posts"}],"about":[{"href":"https:\/\/noticiasribeiraopreto.com.br\/index.php\/wp-json\/wp\/v2\/types\/post"}],"author":[{"embeddable":true,"href":"https:\/\/noticiasribeiraopreto.com.br\/index.php\/wp-json\/wp\/v2\/users\/1"}],"replies":[{"embeddable":true,"href":"https:\/\/noticiasribeiraopreto.com.br\/index.php\/wp-json\/wp\/v2\/comments?post=47262"}],"version-history":[{"count":0,"href":"https:\/\/noticiasribeiraopreto.com.br\/index.php\/wp-json\/wp\/v2\/posts\/47262\/revisions"}],"wp:featuredmedia":[{"embeddable":true,"href":"https:\/\/noticiasribeiraopreto.com.br\/index.php\/wp-json\/wp\/v2\/media\/47263"}],"wp:attachment":[{"href":"https:\/\/noticiasribeiraopreto.com.br\/index.php\/wp-json\/wp\/v2\/media?parent=47262"}],"wp:term":[{"taxonomy":"category","embeddable":true,"href":"https:\/\/noticiasribeiraopreto.com.br\/index.php\/wp-json\/wp\/v2\/categories?post=47262"},{"taxonomy":"post_tag","embeddable":true,"href":"https:\/\/noticiasribeiraopreto.com.br\/index.php\/wp-json\/wp\/v2\/tags?post=47262"}],"curies":[{"name":"wp","href":"https:\/\/api.w.org\/{rel}","templated":true}]}}