{"id":47264,"date":"2024-04-25T04:29:47","date_gmt":"2024-04-25T07:29:47","guid":{"rendered":"https:\/\/noticiasribeiraopreto.com.br\/index.php\/2024\/04\/25\/vivo-abre-500-vagas-para-estagio-sendo-50-delas-para-negros-veja-como-se-inscrever\/"},"modified":"2024-04-25T04:29:47","modified_gmt":"2024-04-25T07:29:47","slug":"vivo-abre-500-vagas-para-estagio-sendo-50-delas-para-negros-veja-como-se-inscrever","status":"publish","type":"post","link":"https:\/\/noticiasribeiraopreto.com.br\/index.php\/2024\/04\/25\/vivo-abre-500-vagas-para-estagio-sendo-50-delas-para-negros-veja-como-se-inscrever\/","title":{"rendered":"Vivo abre 500 vagas para est\u00e1gio, sendo 50% delas para negros; veja como se inscrever"},"content":{"rendered":"<div class='code-block code-block-1' style='margin: 8px 0 8px auto; text-align: right; display: block; clear: both;'>\n<p><a href=\"https:\/\/wa.link\/vpicfd\"><img data-recalc-dims=\"1\" class=\"wp-image-4922\" style=\"aspect-ratio: 2.0253164556962027; width: 561px; height: auto;\" src=\"https:\/\/i0.wp.com\/ismaelcolosi.com.br\/wp-content\/uploads\/2023\/11\/grupo-de-empregos-whatsapp-e-facebook-ismael-colosi-vagas.jpg?ssl=1\" alt=\"\" \/><\/a><\/p>\n<!-- \/wp:image -->\n<\/div>\n<p> <br \/>\n<\/p>\n<div id=\"\">\n<div class=\"content-infos\">\n<div class=\"texts\">\n<p class=\"author tooltip-comp\"> Da reda\u00e7\u00e3o<span class=\"icon-i\">i<\/span><span class=\"tooltiptext\"> <span class=\"author\"><span>Da reda\u00e7\u00e3o<\/span> <\/span><span class=\"desc\"\/> <\/span><\/p>\n<p>22\/04\/2024 &#8211; 14:36<\/p>\n<\/div>\n<div id=\"share-modal\" class=\"share-modal\"> <button class=\"box-close btn-share\"> <img decoding=\"async\" src=\"https:\/\/istoedinheiro.com.br\/wp-content\/themes\/dinheiro-wp-theme\/assets\/img\/svg\/closeIcon.svg?x46096\" alt=\"Close icon\" class=\"close-btn lazy\"\/> <\/button><\/div>\n<\/p><\/div>\n<p><span style=\"font-weight: 400\">A Vivo lan\u00e7ou o seu programa de est\u00e1gio com cerca de 500 vagas. As oportunidades s\u00e3o para 15 cidades do pa\u00eds:\u00a0 S\u00e3o Paulo (SP), Bras\u00edlia (DF), Belo Horizonte (BH), Curitiba (PR), Fortaleza (CE), Porto Alegre (RS), Recife (PE), Rio de Janeiro (RJ), Salvador (BA), Bel\u00e9m (PA), S\u00e3o Jos\u00e9 dos Campos (SP), Vit\u00f3ria (ES), Ribeir\u00e3o Preto (SP), Campinas (SP), Bauru (SP). A companhia anunciou que 50% das oportunidades ser\u00e3o dedicadas exclusivamente para talentos negros.\u00a0<\/span><\/p>\n<p><span style=\"font-weight: 400\">O processo seletivo ser\u00e1 online e n\u00e3o h\u00e1 restri\u00e7\u00e3o de curso ou universidade. Os interessados precisam ser universit\u00e1rios, com forma\u00e7\u00e3o entre julho de 2025 e julho de 2027. Para tecn\u00f3logos, \u00e9 necess\u00e1rio estar cursando a partir do 2\u00ba semestre.<\/span><\/p>\n<p>+Como funciona o trabalho h\u00edbrido no Nubank com uma semana presencial por trimestre<\/p>\n<p><span style=\"font-weight: 400\">\u201cNosso programa de est\u00e1gio tem o compromisso de proporcionar experi\u00eancias de aprendizado que desenvolvam compet\u00eancias t\u00e9cnicas e comportamentais, preparando novos talentos para seus pr\u00f3ximos passos de carreira\u201d, destaca Niva Ribeiro, VP de Pessoas da Vivo.<\/span><\/p>\n<p><span style=\"font-weight: 400\">A bolsa aux\u00edlio n\u00e3o foi informada e os selecionados contar\u00e3o com o programa de benef\u00edcios flex\u00edveis da companhia, que possui uma vantagens adapt\u00e1veis \u00e0s necessidades de cada estagi\u00e1rio, como vale refei\u00e7\u00e3o e transporte; plano de sa\u00fade e odontol\u00f3gico, seguro de vida e benef\u00edcio academia. Al\u00e9m disso, a empresa oferece programa de idiomas; day off de anivers\u00e1rio; smartphone com plano de voz e dados ilimitados e a possibilidade de trabalhar remotamente tr\u00eas vezes por semana.<\/span><\/p>\n<p><span style=\"font-weight: 400\">O Programa de Est\u00e1gio Vivo 2024 tem dura\u00e7\u00e3o de 12 a 24 meses, a depender do ano de forma\u00e7\u00e3o do estudante, e os selecionados ser\u00e3o admitidos em agosto de 2024. As inscri\u00e7\u00f5es v\u00e3o at\u00e9 o dia 19 de maio de 2024 e os interessados devem <a href=\"https:\/\/99jobs.com\/vivo\/jobs\/367664?preview=true\" target=\"_blank\" rel=\"noopener\">acessar o link.<\/a><\/span><\/p>\n<div id=\"share-modal\" class=\"share-modal\"> <button class=\"box-close btn-share\"> <img decoding=\"async\" src=\"https:\/\/istoedinheiro.com.br\/wp-content\/themes\/dinheiro-wp-theme\/assets\/img\/svg\/closeIcon.svg?x46096\" alt=\"Close icon\" class=\"close-btn lazy\"\/> <\/button><\/div>\n<\/p><\/div>\n<p><script>!function(f,b,e,v,n,t,s){if(f.fbq)return;n=f.fbq=function(){n.callMethod?n.callMethod.apply(n,arguments):n.queue.push(arguments)};if(!f._fbq)f._fbq=n;n.push=n;n.loaded=!0;n.version='2.0';n.queue=[];t=b.createElement(e);t.async=!0;t.src=v;s=b.getElementsByTagName(e)[0];s.parentNode.insertBefore(t,s)}(window,document,'script','<\/script><br \/>\n<br \/><br \/>\n<br \/><a href=\"https:\/\/istoedinheiro.com.br\/vivo-abre-500-vagas-para-estagio-sendo-50-delas-para-negros-veja-como-se-inscrever\/\">Source link <\/a><\/p>\n<!-- CONTENT END 1 -->\n","protected":false},"excerpt":{"rendered":"<p>Da reda\u00e7\u00e3oi Da reda\u00e7\u00e3o 22\/04\/2024 &#8211; 14:36 A Vivo lan\u00e7ou o seu programa de est\u00e1gio com cerca de 500 vagas. As oportunidades s\u00e3o para 15&#8230;<\/p>\n","protected":false},"author":1,"featured_media":47265,"comment_status":"open","ping_status":"open","sticky":false,"template":"","format":"standard","meta":{"advanced_seo_description":"","jetpack_seo_html_title":"","jetpack_seo_noindex":false,"jetpack_post_was_ever_published":false,"_jetpack_newsletter_access":"","_jetpack_dont_email_post_to_subs":false,"_jetpack_newsletter_tier_id":0,"_jetpack_memberships_contains_paywalled_content":false,"_jetpack_memberships_contains_paid_content":false,"footnotes":"","jetpack_publicize_message":"","jetpack_publicize_feature_enabled":true,"jetpack_social_post_already_shared":true,"jetpack_social_options":{"image_generator_settings":{"template":"highway","default_image_id":0,"font":"","enabled":false},"version":2}},"categories":[3598],"tags":[],"class_list":["post-47264","post","type-post","status-publish","format-standard","has-post-thumbnail","hentry","category-empregos-classificados-vagas-trabalho"],"jetpack_publicize_connections":[],"jetpack_featured_media_url":"https:\/\/i0.wp.com\/noticiasribeiraopreto.com.br\/wp-content\/uploads\/2024\/04\/estagiovivo.jpg?fit=900%2C600&ssl=1","jetpack-related-posts":[{"id":47238,"url":"https:\/\/noticiasribeiraopreto.com.br\/index.php\/2024\/04\/25\/raizen-tem-mais-de-400-vagas-para-programa-de-estagio-e-aprendiz-em-16-estados\/","url_meta":{"origin":47264,"position":0},"title":"Ra\u00edzen tem mais de 400 vagas para programa de est\u00e1gio e aprendiz em 16 estados","author":"noticiasribeiraopreto.com.br","date":"25 de April de 2024","format":false,"excerpt":"Da reda\u00e7\u00e3oi Da reda\u00e7\u00e3o 23\/04\/2024 - 15:47 A Ra\u00edzen est\u00e1 com inscri\u00e7\u00f5es abertas para o segundo ciclo do seu Programa de Talentos 2024. Os interessados podem se candidatar at\u00e9 o dia 9 de maio por meio do site de Carreiras da empresa. As oportunidades s\u00e3o para 16 estados.S\u00e3o 240 vagas\u2026","rel":"","context":"In &quot;Empregos - Classificados&quot;","block_context":{"text":"Empregos - Classificados","link":"https:\/\/noticiasribeiraopreto.com.br\/index.php\/category\/empregos-classificados-vagas-trabalho\/"},"img":{"alt_text":"","src":"https:\/\/i0.wp.com\/noticiasribeiraopreto.com.br\/wp-content\/uploads\/2024\/04\/raizenestagio.jpg?fit=900%2C600&ssl=1&resize=350%2C200","width":350,"height":200,"srcset":"https:\/\/i0.wp.com\/noticiasribeiraopreto.com.br\/wp-content\/uploads\/2024\/04\/raizenestagio.jpg?fit=900%2C600&ssl=1&resize=350%2C200 1x, https:\/\/i0.wp.com\/noticiasribeiraopreto.com.br\/wp-content\/uploads\/2024\/04\/raizenestagio.jpg?fit=900%2C600&ssl=1&resize=525%2C300 1.5x, https:\/\/i0.wp.com\/noticiasribeiraopreto.com.br\/wp-content\/uploads\/2024\/04\/raizenestagio.jpg?fit=900%2C600&ssl=1&resize=700%2C400 2x"},"classes":[]},{"id":15235,"url":"https:\/\/noticiasribeiraopreto.com.br\/index.php\/2023\/12\/13\/inscricoes-para-o-processo-seletivo-arteris-vao-ate-a-proxima-segunda-18\/","url_meta":{"origin":47264,"position":1},"title":"Inscri\u00e7\u00f5es para o processo seletivo Arteris v\u00e3o at\u00e9 a pr\u00f3xima segunda (18)","author":"noticiasribeiraopreto.com.br","date":"13 de December de 2023","format":false,"excerpt":"A Arteris est\u00e1 aceitando inscri\u00e7\u00f5es para o seu mais recente processo seletivo at\u00e9 a pr\u00f3xima segunda-feira, dia 18 de dezembro. S\u00e3o oferecidas 11 vagas exclusivas para candidatos negros interessados em integrar a equipe respons\u00e1vel pela infraestrutura rodovi\u00e1ria. As oportunidades est\u00e3o distribu\u00eddas nos estados de S\u00e3o Paulo, Minas Gerais, Paran\u00e1 e\u2026","rel":"","context":"In &quot;Vagas de Emprego em Ribeir\u00e3o Preto-SP&quot;","block_context":{"text":"Vagas de Emprego em Ribeir\u00e3o Preto-SP","link":"https:\/\/noticiasribeiraopreto.com.br\/index.php\/category\/empregos-classificados-vagas-trabalho\/vagas-de-empregos-em-ribeirao-preto-regiao-brasil\/"},"img":{"alt_text":"Adicionar no Google Agenda","src":"https:\/\/i0.wp.com\/jcconcursos.com.br\/static\/img\/google_calendar_v2.jpg?resize=350%2C200&ssl=1","width":350,"height":200},"classes":[]},{"id":18313,"url":"https:\/\/noticiasribeiraopreto.com.br\/index.php\/2023\/12\/20\/mondelez-honda-minerva-foods-e-outras-empresas-oferecem-mais-de-6-mil-vagas-de-emprego-2\/","url_meta":{"origin":47264,"position":2},"title":"Mondelez, Honda, Minerva Foods e outras empresas oferecem mais de 6 mil vagas de emprego","author":"noticiasribeiraopreto.com.br","date":"20 de December de 2023","format":false,"excerpt":"Na \u00faltima ter\u00e7a-feira (19), diversas empresas renomadas divulgaram a abertura de processos seletivos, com vagas em todo o Brasil. O JC Concursos fez um compilado das principais sele\u00e7\u00f5es publicadas, com destaque para Mondelez, PPG, Honda, Akad Seguros, Minerva Foods, Portal de Empregos e Youse.\u00a0 Confira as oportunidades abaixo e n\u00e3o\u2026","rel":"","context":"In &quot;Vagas de Emprego em Ribeir\u00e3o Preto-SP&quot;","block_context":{"text":"Vagas de Emprego em Ribeir\u00e3o Preto-SP","link":"https:\/\/noticiasribeiraopreto.com.br\/index.php\/category\/empregos-classificados-vagas-trabalho\/vagas-de-empregos-em-ribeirao-preto-regiao-brasil\/"},"img":{"alt_text":"","src":"https:\/\/i0.wp.com\/noticiasribeiraopreto.com.br\/wp-content\/uploads\/2023\/12\/movile_vagas_de_emprego_divulgacao.jpg?fit=1200%2C675&ssl=1&resize=350%2C200","width":350,"height":200,"srcset":"https:\/\/i0.wp.com\/noticiasribeiraopreto.com.br\/wp-content\/uploads\/2023\/12\/movile_vagas_de_emprego_divulgacao.jpg?fit=1200%2C675&ssl=1&resize=350%2C200 1x, https:\/\/i0.wp.com\/noticiasribeiraopreto.com.br\/wp-content\/uploads\/2023\/12\/movile_vagas_de_emprego_divulgacao.jpg?fit=1200%2C675&ssl=1&resize=525%2C300 1.5x, https:\/\/i0.wp.com\/noticiasribeiraopreto.com.br\/wp-content\/uploads\/2023\/12\/movile_vagas_de_emprego_divulgacao.jpg?fit=1200%2C675&ssl=1&resize=700%2C400 2x, https:\/\/i0.wp.com\/noticiasribeiraopreto.com.br\/wp-content\/uploads\/2023\/12\/movile_vagas_de_emprego_divulgacao.jpg?fit=1200%2C675&ssl=1&resize=1050%2C600 3x"},"classes":[]},{"id":54064,"url":"https:\/\/noticiasribeiraopreto.com.br\/index.php\/2024\/06\/27\/ultimos-dias-para-inscricoes-de-estagio-no-tre-sp-com-vagas-no-interior-de-sao-paulo\/","url_meta":{"origin":47264,"position":3},"title":"\u00daltimos dias para inscri\u00e7\u00f5es de est\u00e1gio no TRE-SP com vagas no interior de S\u00e3o Paulo","author":"noticiasribeiraopreto.com.br","date":"27 de June de 2024","format":false,"excerpt":"As inscri\u00e7\u00f5es para o processo seletivo de est\u00e1gio no TRE-SP (Tribunal Regional Eleitoral de S\u00e3o Paulo), com 124 vagas no interior de S\u00e3o Paulo, terminam no pr\u00f3ximo domingo (30). Entre as oportunidades, para estudantes de n\u00edvel m\u00e9dio, h\u00e1 vagas para 24 cidades da regi\u00e3o de Ribeir\u00e3o Preto (veja abaixo). Os\u2026","rel":"","context":"In &quot;Not\u00edcias de Ribeir\u00e3o Preto-SP e Regi\u00e3o&quot;","block_context":{"text":"Not\u00edcias de Ribeir\u00e3o Preto-SP e Regi\u00e3o","link":"https:\/\/noticiasribeiraopreto.com.br\/index.php\/category\/noticias-de-ribeirao-preto-sp-e-regiao-ismael-colosi\/"},"img":{"alt_text":"","src":"https:\/\/i0.wp.com\/noticiasribeiraopreto.com.br\/wp-content\/uploads\/2024\/06\/Copia-de-Copia-de-TAMANHO-EXATO-PARA-FOTOS-NO-SISTEMA-NOVO-22_2024-06-27_20-47-10_jpg_2024-06-27_20-47-10.webp.webp?fit=1200%2C675&ssl=1&resize=350%2C200","width":350,"height":200,"srcset":"https:\/\/i0.wp.com\/noticiasribeiraopreto.com.br\/wp-content\/uploads\/2024\/06\/Copia-de-Copia-de-TAMANHO-EXATO-PARA-FOTOS-NO-SISTEMA-NOVO-22_2024-06-27_20-47-10_jpg_2024-06-27_20-47-10.webp.webp?fit=1200%2C675&ssl=1&resize=350%2C200 1x, https:\/\/i0.wp.com\/noticiasribeiraopreto.com.br\/wp-content\/uploads\/2024\/06\/Copia-de-Copia-de-TAMANHO-EXATO-PARA-FOTOS-NO-SISTEMA-NOVO-22_2024-06-27_20-47-10_jpg_2024-06-27_20-47-10.webp.webp?fit=1200%2C675&ssl=1&resize=525%2C300 1.5x, https:\/\/i0.wp.com\/noticiasribeiraopreto.com.br\/wp-content\/uploads\/2024\/06\/Copia-de-Copia-de-TAMANHO-EXATO-PARA-FOTOS-NO-SISTEMA-NOVO-22_2024-06-27_20-47-10_jpg_2024-06-27_20-47-10.webp.webp?fit=1200%2C675&ssl=1&resize=700%2C400 2x, https:\/\/i0.wp.com\/noticiasribeiraopreto.com.br\/wp-content\/uploads\/2024\/06\/Copia-de-Copia-de-TAMANHO-EXATO-PARA-FOTOS-NO-SISTEMA-NOVO-22_2024-06-27_20-47-10_jpg_2024-06-27_20-47-10.webp.webp?fit=1200%2C675&ssl=1&resize=1050%2C600 3x"},"classes":[]},{"id":58680,"url":"https:\/\/noticiasribeiraopreto.com.br\/index.php\/2024\/10\/03\/ribeirao-preto-recebe-maratona-com-oportunidades-de-estagio-veja-como-participar\/","url_meta":{"origin":47264,"position":4},"title":"Ribeir\u00e3o Preto recebe maratona com oportunidades de est\u00e1gio; Veja como participar","author":"noticiasribeiraopreto.com.br","date":"3 de October de 2024","format":false,"excerpt":"Ribeir\u00e3o Preto recebe entre os dias 8 e 9 de outubro a primeira Maratona de Vagas do CIEE (Centro de Integra\u00e7\u00e3o Empresa-Escola) com oportunidades de est\u00e1gio. O evento gratuito acontecer\u00e1 simultaneamente em 51 escrit\u00f3rios regionais do CIEE no interior de S\u00e3o Paulo, oferecendo 3,7 mil oportunidades de est\u00e1gio e aprendizagem,\u2026","rel":"","context":"In &quot;Not\u00edcias de Ribeir\u00e3o Preto-SP e Regi\u00e3o&quot;","block_context":{"text":"Not\u00edcias de Ribeir\u00e3o Preto-SP e Regi\u00e3o","link":"https:\/\/noticiasribeiraopreto.com.br\/index.php\/category\/noticias-de-ribeirao-preto-sp-e-regiao-ismael-colosi\/"},"img":{"alt_text":"","src":"https:\/\/i0.wp.com\/noticiasribeiraopreto.com.br\/wp-content\/uploads\/2024\/09\/Copia-de-Copia-de-TAMANHO-EXATO-PARA-FOTOS-NO-SISTEMA-NOVO-16_2024-07-23_19-27-06_jpg_2024-07-23_19-27-07.webp.webp?fit=1200%2C675&ssl=1&resize=350%2C200","width":350,"height":200,"srcset":"https:\/\/i0.wp.com\/noticiasribeiraopreto.com.br\/wp-content\/uploads\/2024\/09\/Copia-de-Copia-de-TAMANHO-EXATO-PARA-FOTOS-NO-SISTEMA-NOVO-16_2024-07-23_19-27-06_jpg_2024-07-23_19-27-07.webp.webp?fit=1200%2C675&ssl=1&resize=350%2C200 1x, https:\/\/i0.wp.com\/noticiasribeiraopreto.com.br\/wp-content\/uploads\/2024\/09\/Copia-de-Copia-de-TAMANHO-EXATO-PARA-FOTOS-NO-SISTEMA-NOVO-16_2024-07-23_19-27-06_jpg_2024-07-23_19-27-07.webp.webp?fit=1200%2C675&ssl=1&resize=525%2C300 1.5x, https:\/\/i0.wp.com\/noticiasribeiraopreto.com.br\/wp-content\/uploads\/2024\/09\/Copia-de-Copia-de-TAMANHO-EXATO-PARA-FOTOS-NO-SISTEMA-NOVO-16_2024-07-23_19-27-06_jpg_2024-07-23_19-27-07.webp.webp?fit=1200%2C675&ssl=1&resize=700%2C400 2x, https:\/\/i0.wp.com\/noticiasribeiraopreto.com.br\/wp-content\/uploads\/2024\/09\/Copia-de-Copia-de-TAMANHO-EXATO-PARA-FOTOS-NO-SISTEMA-NOVO-16_2024-07-23_19-27-06_jpg_2024-07-23_19-27-07.webp.webp?fit=1200%2C675&ssl=1&resize=1050%2C600 3x"},"classes":[]},{"id":53631,"url":"https:\/\/noticiasribeiraopreto.com.br\/index.php\/2024\/06\/21\/tre-sp-esta-com-inscricoes-abertas-para-processo-seletivo-de-estagio-no-interior-de-sp\/","url_meta":{"origin":47264,"position":5},"title":"TRE-SP est\u00e1 com inscri\u00e7\u00f5es abertas para processo seletivo de est\u00e1gio no interior de SP","author":"noticiasribeiraopreto.com.br","date":"21 de June de 2024","format":false,"excerpt":"O TRE-SP (Tribunal Reginal Eleitoral do Estado de S\u00e3o Paulo) est\u00e1 com inscri\u00e7\u00f5es abertas para um processo seletivo de est\u00e1gio com 124 vagas no interior de S\u00e3o Paulo. Entre as oportunidades, h\u00e1 vagas para 24 cidades da regi\u00e3o de Ribeir\u00e3o Preto (veja abaixo). Os interessados podem se inscrever at\u00e9 o\u2026","rel":"","context":"In &quot;Not\u00edcias de Ribeir\u00e3o Preto-SP e Regi\u00e3o&quot;","block_context":{"text":"Not\u00edcias de Ribeir\u00e3o Preto-SP e Regi\u00e3o","link":"https:\/\/noticiasribeiraopreto.com.br\/index.php\/category\/noticias-de-ribeirao-preto-sp-e-regiao-ismael-colosi\/"},"img":{"alt_text":"","src":"https:\/\/i0.wp.com\/noticiasribeiraopreto.com.br\/wp-content\/uploads\/2024\/06\/Copia-de-Copia-de-TAMANHO-EXATO-PARA-FOTOS-NO-SISTEMA-NOVO-9_2024-06-21_22-00-11_jpg_2024-06-21_22-00-11.webp.webp?fit=1200%2C675&ssl=1&resize=350%2C200","width":350,"height":200,"srcset":"https:\/\/i0.wp.com\/noticiasribeiraopreto.com.br\/wp-content\/uploads\/2024\/06\/Copia-de-Copia-de-TAMANHO-EXATO-PARA-FOTOS-NO-SISTEMA-NOVO-9_2024-06-21_22-00-11_jpg_2024-06-21_22-00-11.webp.webp?fit=1200%2C675&ssl=1&resize=350%2C200 1x, https:\/\/i0.wp.com\/noticiasribeiraopreto.com.br\/wp-content\/uploads\/2024\/06\/Copia-de-Copia-de-TAMANHO-EXATO-PARA-FOTOS-NO-SISTEMA-NOVO-9_2024-06-21_22-00-11_jpg_2024-06-21_22-00-11.webp.webp?fit=1200%2C675&ssl=1&resize=525%2C300 1.5x, https:\/\/i0.wp.com\/noticiasribeiraopreto.com.br\/wp-content\/uploads\/2024\/06\/Copia-de-Copia-de-TAMANHO-EXATO-PARA-FOTOS-NO-SISTEMA-NOVO-9_2024-06-21_22-00-11_jpg_2024-06-21_22-00-11.webp.webp?fit=1200%2C675&ssl=1&resize=700%2C400 2x, https:\/\/i0.wp.com\/noticiasribeiraopreto.com.br\/wp-content\/uploads\/2024\/06\/Copia-de-Copia-de-TAMANHO-EXATO-PARA-FOTOS-NO-SISTEMA-NOVO-9_2024-06-21_22-00-11_jpg_2024-06-21_22-00-11.webp.webp?fit=1200%2C675&ssl=1&resize=1050%2C600 3x"},"classes":[]}],"jetpack_sharing_enabled":true,"jetpack_shortlink":"https:\/\/wp.me\/peQAOb-cik","_links":{"self":[{"href":"https:\/\/noticiasribeiraopreto.com.br\/index.php\/wp-json\/wp\/v2\/posts\/47264","targetHints":{"allow":["GET"]}}],"collection":[{"href":"https:\/\/noticiasribeiraopreto.com.br\/index.php\/wp-json\/wp\/v2\/posts"}],"about":[{"href":"https:\/\/noticiasribeiraopreto.com.br\/index.php\/wp-json\/wp\/v2\/types\/post"}],"author":[{"embeddable":true,"href":"https:\/\/noticiasribeiraopreto.com.br\/index.php\/wp-json\/wp\/v2\/users\/1"}],"replies":[{"embeddable":true,"href":"https:\/\/noticiasribeiraopreto.com.br\/index.php\/wp-json\/wp\/v2\/comments?post=47264"}],"version-history":[{"count":0,"href":"https:\/\/noticiasribeiraopreto.com.br\/index.php\/wp-json\/wp\/v2\/posts\/47264\/revisions"}],"wp:featuredmedia":[{"embeddable":true,"href":"https:\/\/noticiasribeiraopreto.com.br\/index.php\/wp-json\/wp\/v2\/media\/47265"}],"wp:attachment":[{"href":"https:\/\/noticiasribeiraopreto.com.br\/index.php\/wp-json\/wp\/v2\/media?parent=47264"}],"wp:term":[{"taxonomy":"category","embeddable":true,"href":"https:\/\/noticiasribeiraopreto.com.br\/index.php\/wp-json\/wp\/v2\/categories?post=47264"},{"taxonomy":"post_tag","embeddable":true,"href":"https:\/\/noticiasribeiraopreto.com.br\/index.php\/wp-json\/wp\/v2\/tags?post=47264"}],"curies":[{"name":"wp","href":"https:\/\/api.w.org\/{rel}","templated":true}]}}