{"id":47274,"date":"2024-04-25T04:41:10","date_gmt":"2024-04-25T07:41:10","guid":{"rendered":"https:\/\/noticiasribeiraopreto.com.br\/index.php\/2024\/04\/25\/governo-de-sp-se-compromete-com-stf-a-usar-cameras-nas-operacoes-policiais-no-estado\/"},"modified":"2024-04-25T04:41:10","modified_gmt":"2024-04-25T07:41:10","slug":"governo-de-sp-se-compromete-com-stf-a-usar-cameras-nas-operacoes-policiais-no-estado","status":"publish","type":"post","link":"https:\/\/noticiasribeiraopreto.com.br\/index.php\/2024\/04\/25\/governo-de-sp-se-compromete-com-stf-a-usar-cameras-nas-operacoes-policiais-no-estado\/","title":{"rendered":"Governo de SP se compromete com STF a usar c\u00e2meras nas opera\u00e7\u00f5es policiais no Estado"},"content":{"rendered":"<div class='code-block code-block-1' style='margin: 8px 0 8px auto; text-align: right; display: block; clear: both;'>\n<p><a href=\"https:\/\/wa.link\/vpicfd\"><img data-recalc-dims=\"1\" class=\"wp-image-4922\" style=\"aspect-ratio: 2.0253164556962027; width: 561px; height: auto;\" src=\"https:\/\/i0.wp.com\/ismaelcolosi.com.br\/wp-content\/uploads\/2023\/11\/grupo-de-empregos-whatsapp-e-facebook-ismael-colosi-vagas.jpg?ssl=1\" alt=\"\" \/><\/a><\/p>\n<!-- \/wp:image -->\n<\/div>\n<p> <br \/>\n<\/p>\n<div>\n<p>O <strong>governo de S\u00e3o Paulo<\/strong> se comprometeu com o <strong>Supremo Tribunal Federal (STF)<\/strong> a utilizar <strong>c\u00e2meras corporais <\/strong>em opera\u00e7\u00f5es policiais no estado e apresentou cronograma que estabelece a implementa\u00e7\u00e3o do sistema at\u00e9 setembro de 2024. <mark style=\"background-color:#fcb900\" class=\"has-inline-color\"><strong>O estado prev\u00ea novas licita\u00e7\u00f5es, uma delas para a aquisi\u00e7\u00e3o de mais de tr\u00eas mil equipamentos.<\/strong><\/mark><\/p>\n<p>O compromisso foi assumido com o presidente do <strong>Supremo Tribunal Federal (STF)<\/strong>, ministro <strong>Lu\u00eds Roberto Barroso<\/strong>, no \u00e2mbito de a\u00e7\u00e3o apresentada pela <strong>Defensoria P\u00fablica de S\u00e3o Paulo<\/strong>.<\/p>\n<p>Em 2023, o <strong>Tribunal de Justi\u00e7a de S\u00e3o Paulo (TJSP)<\/strong> havia <strong>rejeitado <\/strong>o pedido da Defensoria sobre a utiliza\u00e7\u00e3o dos equipamentos por policiais, j\u00e1 que o custo aos cofres estaduais seria de <strong>R$ 330 milh\u00f5es a R$ 1 bilh\u00e3o ao ano<\/strong>, interferindo diretamente no or\u00e7amento e nas pol\u00edticas p\u00fablicas de seguran\u00e7a. <strong>A Defensoria recorreu ao Supremo.<\/strong><\/p>\n<p>Tamb\u00e9m por quest\u00f5es or\u00e7ament\u00e1rias, <strong>Barroso negou ordenar <\/strong>a <strong>instala\u00e7\u00e3o de imediato<\/strong> dos equipamentos, mas ressaltou a necessidade de sua implementa\u00e7\u00e3o. Ap\u00f3s essa decis\u00e3o, a Defensoria apresentou pedido de reconsidera\u00e7\u00e3o ao ministro, alegando aumento da letalidade nas opera\u00e7\u00f5es policiais em <strong>S\u00e3o Paulo<\/strong>.<\/p>\n<h4 class=\"wp-block-heading\"><strong>Cronograma de instala\u00e7\u00e3o<\/strong><\/h4>\n<p>Em nota, o <strong>STF <\/strong>divulgou que \u201co ministro solicitou informa\u00e7\u00f5es ao governo estadual, que enviou um cronograma de instala\u00e7\u00e3o, com publica\u00e7\u00e3o do edital de compra em maio. Por isso, Barroso voltou a negar o pedido, em raz\u00e3o do compromisso assumido, mas ressaltou que o N\u00facleo de Processos Estruturais e Complexos do Tribunal far\u00e1 acompanhamento do cronograma\u201d.<\/p>\n<p>Segundo o ministro, <strong>os equipamentos beneficiam a popula\u00e7\u00e3o, a corpora\u00e7\u00e3o policial e o pr\u00f3prio Poder Judici\u00e1rio.<\/strong><\/p>\n<figure class=\"wp-block-pullquote\">\n<blockquote>\n<p>O uso das c\u00e2meras corporais \u00e9 uma medida relevante para a consecu\u00e7\u00e3o da pol\u00edtica p\u00fablica de seguran\u00e7a. Os equipamentos protegem tanto cidad\u00e3os quanto os pr\u00f3prios policiais, j\u00e1 que co\u00edbem abusos nas opera\u00e7\u00f5es, protegem policiais de acusa\u00e7\u00f5es infundadas e incentivam a ado\u00e7\u00e3o de comportamentos mais adequados por ambas as partes. Al\u00e9m disso, a medida amplia a transpar\u00eancia, a legitimidade e a responsabilidade (<em>accountability<\/em>) da atua\u00e7\u00e3o policial e serve como importante meio de prova em processos judiciais<\/p>\n<p><cite>escreveu o ministro em sua decis\u00e3o<\/cite><\/p><\/blockquote>\n<\/figure>\n<h4 class=\"wp-block-heading\"><strong>Amplia\u00e7\u00e3o<\/strong><\/h4>\n<p>Barroso levou em considera\u00e7\u00e3o <strong>manifesta\u00e7\u00e3o do estado de S\u00e3o Paulo<\/strong> apontando que a utiliza\u00e7\u00e3o de c\u00e2meras operacionais port\u00e1teis (COPs) vem sendo implementada de forma gradual e cont\u00ednua, e que a utiliza\u00e7\u00e3o de c\u00e2meras ser\u00e1 ampliada e aprimorada.<\/p>\n<p>\u201cA PGE\/SP [Procuradoria-Geral do Estado de S\u00e3o Paulo] informou \u00e0 Corte que o Governo de S\u00e3o Paulo mant\u00e9m atualmente 10.125 c\u00e2meras corporais em opera\u00e7\u00e3o em 267 dos 510 batalh\u00f5es da Pol\u00edcia Militar. Por quest\u00f5es or\u00e7ament\u00e1rias e de log\u00edstica, a compra de equipamentos \u00e9 gradual \u2013 a Secretaria da Seguran\u00e7a P\u00fablica prev\u00ea novas licita\u00e7\u00f5es, uma delas para a aquisi\u00e7\u00e3o de mais de tr\u00eas mil equipamentos\u201d, informou, em nota, o governo paulista.<\/p>\n<p>Ainda segundo o governo, o monitoramento ter\u00e1 avan\u00e7o tecnol\u00f3gico e mais funcionalidades, entre elas a leitura de placas para identifica\u00e7\u00e3o de ve\u00edculos roubados ou furtados e novos recursos de \u00e1udio para que as equipes policiais possam solicitar apoio durante opera\u00e7\u00f5es.<\/p>\n<hr class=\"wp-block-separator has-alpha-channel-opacity\"\/>\n<p>SAIBA MAIS<\/p>\n<p>Lula vem \u00e0 Agrishow? Veja quem vai representar o Governo Federal<\/p>\n<h4 class=\"wp-block-heading\"><strong><mark style=\"background-color:#fcb900\" class=\"has-inline-color\">FIQUE ON<\/mark><\/strong><\/h4>\n<p>Fique ligado em tudo que acontece em Ribeir\u00e3o Preto e regi\u00e3o. Siga os perfis do\u00a0<strong>acidade on<\/strong>\u00a0no<a href=\"https:\/\/www.instagram.com\/acidadeonribeirao\" target=\"_blank\" rel=\"noreferrer noopener\">\u00a0Instagram\u00a0<\/a>e no\u00a0<a href=\"https:\/\/www.facebook.com\/acidadeonribeirao\" target=\"_blank\" rel=\"noreferrer noopener\">Facebook.<\/a><\/p>\n<p>Receba not\u00edcias do\u00a0<strong>acidade on\u00a0<\/strong>no WhatsApp.\u00a0<a href=\"https:\/\/chat.whatsapp.com\/GFH9HUMUTHNFJdnyEd0xxq\" target=\"_blank\" rel=\"noreferrer noopener\">Para entrar no grupo, basta clicar aqui.<\/a><\/p>\n<p>Fa\u00e7a uma den\u00fancia ou sugira uma reportagem sobre Ribeir\u00e3o Preto e regi\u00e3o pelo WhatsApp: 16 99117 7802.<\/p>\n<p>VEJA TAMB\u00c9M<\/p>\n<p>Cleber Machado comete gafe ao vivo no SBT<\/p>\n<p><!-- AI CONTENT END 1 -->\n<\/div>\n<p><script async src=\"\/\/www.instagram.com\/embed.js\"><\/script><br \/>\n<br \/><br \/>\n<br \/><a href=\"https:\/\/www.acidadeon.com\/ribeiraopreto\/politica\/governo-de-sp-se-compromete-com-stf-a-usar-cameras-nas-operacoes-policiais-no-estado\/\">Source link <\/a><\/p>\n<!-- CONTENT END 1 -->\n","protected":false},"excerpt":{"rendered":"<p>O governo de S\u00e3o Paulo se comprometeu com o Supremo Tribunal Federal (STF) a utilizar c\u00e2meras corporais em opera\u00e7\u00f5es policiais no estado e apresentou cronograma&#8230;<\/p>\n","protected":false},"author":1,"featured_media":47275,"comment_status":"open","ping_status":"open","sticky":false,"template":"","format":"standard","meta":{"advanced_seo_description":"","jetpack_seo_html_title":"","jetpack_seo_noindex":false,"jetpack_post_was_ever_published":false,"_jetpack_newsletter_access":"","_jetpack_dont_email_post_to_subs":false,"_jetpack_newsletter_tier_id":0,"_jetpack_memberships_contains_paywalled_content":false,"_jetpack_memberships_contains_paid_content":false,"footnotes":"","jetpack_publicize_message":"","jetpack_publicize_feature_enabled":true,"jetpack_social_post_already_shared":true,"jetpack_social_options":{"image_generator_settings":{"template":"highway","default_image_id":0,"font":"","enabled":false},"version":2}},"categories":[11],"tags":[],"class_list":["post-47274","post","type-post","status-publish","format-standard","has-post-thumbnail","hentry","category-noticias-de-ribeirao-preto-sp-e-regiao-ismael-colosi"],"jetpack_publicize_connections":[],"jetpack_featured_media_url":"https:\/\/i0.wp.com\/noticiasribeiraopreto.com.br\/wp-content\/uploads\/2024\/04\/cameras_uniformes_de_policiais_militares_sao_paulo_rvrsa_abr_2804223636_0.webp.webp?fit=1170%2C700&ssl=1","jetpack-related-posts":[{"id":61313,"url":"https:\/\/noticiasribeiraopreto.com.br\/index.php\/2024\/12\/09\/stf-determina-que-pms-deverao-usar-cameras-em-operacoes-no-estado-de-sp\/","url_meta":{"origin":47274,"position":0},"title":"STF determina que PMs dever\u00e3o usar c\u00e2meras em opera\u00e7\u00f5es no estado de SP","author":"noticiasribeiraopreto.com.br","date":"9 de December de 2024","format":false,"excerpt":"O presidente do STF (Supremo Tribunal Federal), ministro Lu\u00eds Roberto Barroso, determinou, nesta segunda-feira (9), o uso obrigat\u00f3rio de c\u00e2meras por policiais militares em opera\u00e7\u00f5es no Estado de S\u00e3o Paulo. A provid\u00eancia foi adotada no \u00e2mbito da Suspens\u00e3o de Liminar (SL) 1696, em que o governo paulista firmou compromisso com\u2026","rel":"","context":"In &quot;Not\u00edcias de Ribeir\u00e3o Preto-SP e Regi\u00e3o&quot;","block_context":{"text":"Not\u00edcias de Ribeir\u00e3o Preto-SP e Regi\u00e3o","link":"https:\/\/noticiasribeiraopreto.com.br\/index.php\/category\/noticias-de-ribeirao-preto-sp-e-regiao-ismael-colosi\/"},"img":{"alt_text":"","src":"https:\/\/i0.wp.com\/noticiasribeiraopreto.com.br\/wp-content\/uploads\/2024\/12\/CAMERA-PM_2024-12-09_16-26-55_jpg_2024-12-09_16-26-55.webp.webp?fit=1170%2C700&ssl=1&resize=350%2C200","width":350,"height":200,"srcset":"https:\/\/i0.wp.com\/noticiasribeiraopreto.com.br\/wp-content\/uploads\/2024\/12\/CAMERA-PM_2024-12-09_16-26-55_jpg_2024-12-09_16-26-55.webp.webp?fit=1170%2C700&ssl=1&resize=350%2C200 1x, https:\/\/i0.wp.com\/noticiasribeiraopreto.com.br\/wp-content\/uploads\/2024\/12\/CAMERA-PM_2024-12-09_16-26-55_jpg_2024-12-09_16-26-55.webp.webp?fit=1170%2C700&ssl=1&resize=525%2C300 1.5x, https:\/\/i0.wp.com\/noticiasribeiraopreto.com.br\/wp-content\/uploads\/2024\/12\/CAMERA-PM_2024-12-09_16-26-55_jpg_2024-12-09_16-26-55.webp.webp?fit=1170%2C700&ssl=1&resize=700%2C400 2x, https:\/\/i0.wp.com\/noticiasribeiraopreto.com.br\/wp-content\/uploads\/2024\/12\/CAMERA-PM_2024-12-09_16-26-55_jpg_2024-12-09_16-26-55.webp.webp?fit=1170%2C700&ssl=1&resize=1050%2C600 3x"},"classes":[]},{"id":51622,"url":"https:\/\/noticiasribeiraopreto.com.br\/index.php\/2024\/05\/28\/defensoria-pede-ao-stf-mudancas-no-edital-de-cameras-para-policia-militar-de-sp-entenda\/","url_meta":{"origin":47274,"position":1},"title":"Defensoria pede ao STF mudan\u00e7as no edital de c\u00e2meras para Pol\u00edcia Militar de SP; Entenda","author":"noticiasribeiraopreto.com.br","date":"28 de May de 2024","format":false,"excerpt":"Com informa\u00e7\u00f5es da Ag\u00eancia Brasil A Defensoria P\u00fablica de S\u00e3o Paulo pediu ao Supremo Tribunal Federal (STF), nesta segunda-feira (27), mudan\u00e7as no edital lan\u00e7ado pelo governo estadual para compra de c\u00e2meras corporais para a Pol\u00edcia Militar (PM). De acordo com as regras do edital, lan\u00e7ado no dia 22 de maio,\u2026","rel":"","context":"In &quot;Not\u00edcias de Ribeir\u00e3o Preto-SP e Regi\u00e3o&quot;","block_context":{"text":"Not\u00edcias de Ribeir\u00e3o Preto-SP e Regi\u00e3o","link":"https:\/\/noticiasribeiraopreto.com.br\/index.php\/category\/noticias-de-ribeirao-preto-sp-e-regiao-ismael-colosi\/"},"img":{"alt_text":"","src":"https:\/\/i0.wp.com\/noticiasribeiraopreto.com.br\/wp-content\/uploads\/2024\/05\/cameras_uniformes_de_policiais_militares_sao_paulo_rvrsa_abr_2804223635_0_2024-05-28_18-08-14.webp.webp?fit=1170%2C700&ssl=1&resize=350%2C200","width":350,"height":200,"srcset":"https:\/\/i0.wp.com\/noticiasribeiraopreto.com.br\/wp-content\/uploads\/2024\/05\/cameras_uniformes_de_policiais_militares_sao_paulo_rvrsa_abr_2804223635_0_2024-05-28_18-08-14.webp.webp?fit=1170%2C700&ssl=1&resize=350%2C200 1x, https:\/\/i0.wp.com\/noticiasribeiraopreto.com.br\/wp-content\/uploads\/2024\/05\/cameras_uniformes_de_policiais_militares_sao_paulo_rvrsa_abr_2804223635_0_2024-05-28_18-08-14.webp.webp?fit=1170%2C700&ssl=1&resize=525%2C300 1.5x, https:\/\/i0.wp.com\/noticiasribeiraopreto.com.br\/wp-content\/uploads\/2024\/05\/cameras_uniformes_de_policiais_militares_sao_paulo_rvrsa_abr_2804223635_0_2024-05-28_18-08-14.webp.webp?fit=1170%2C700&ssl=1&resize=700%2C400 2x, https:\/\/i0.wp.com\/noticiasribeiraopreto.com.br\/wp-content\/uploads\/2024\/05\/cameras_uniformes_de_policiais_militares_sao_paulo_rvrsa_abr_2804223635_0_2024-05-28_18-08-14.webp.webp?fit=1170%2C700&ssl=1&resize=1050%2C600 3x"},"classes":[]},{"id":61681,"url":"https:\/\/noticiasribeiraopreto.com.br\/index.php\/2024\/12\/18\/governo-de-sp-pede-suspensao-de-liminar-que-obriga-uso-de-cameras-corporais-na-pm\/","url_meta":{"origin":47274,"position":2},"title":"Governo de SP\u00a0pede suspens\u00e3o de liminar que obriga uso de c\u00e2meras corporais na PM","author":"noticiasribeiraopreto.com.br","date":"18 de December de 2024","format":false,"excerpt":"A Procuradoria-Geral do Estado de S\u00e3o Paulo solicitou, nesta quarta-feira (18), ao Supremo Tribunal Federal (STF) a limita\u00e7\u00e3o do uso de c\u00e2meras corporais por policiais militares a \u201copera\u00e7\u00f5es de grande envergadura\u201d. O pedido foi encaminhado ao presidente da Corte, ministro Lu\u00eds Roberto Barroso, com a alega\u00e7\u00e3o de que o Estado\u2026","rel":"","context":"In &quot;Not\u00edcias de Ribeir\u00e3o Preto-SP e Regi\u00e3o&quot;","block_context":{"text":"Not\u00edcias de Ribeir\u00e3o Preto-SP e Regi\u00e3o","link":"https:\/\/noticiasribeiraopreto.com.br\/index.php\/category\/noticias-de-ribeirao-preto-sp-e-regiao-ismael-colosi\/"},"img":{"alt_text":"","src":"https:\/\/i0.wp.com\/noticiasribeiraopreto.com.br\/wp-content\/uploads\/2024\/12\/Copia-de-Copia-de-Copia-de-TAMANHO-EXATO-PARA-FOTOS-NO-SISTEMA-NOVO-2024-12-18T213110.823_2024-12-19_00-31-15_png_2024-12-19_00-31-15.webp.webp?fit=1200%2C675&ssl=1&resize=350%2C200","width":350,"height":200,"srcset":"https:\/\/i0.wp.com\/noticiasribeiraopreto.com.br\/wp-content\/uploads\/2024\/12\/Copia-de-Copia-de-Copia-de-TAMANHO-EXATO-PARA-FOTOS-NO-SISTEMA-NOVO-2024-12-18T213110.823_2024-12-19_00-31-15_png_2024-12-19_00-31-15.webp.webp?fit=1200%2C675&ssl=1&resize=350%2C200 1x, https:\/\/i0.wp.com\/noticiasribeiraopreto.com.br\/wp-content\/uploads\/2024\/12\/Copia-de-Copia-de-Copia-de-TAMANHO-EXATO-PARA-FOTOS-NO-SISTEMA-NOVO-2024-12-18T213110.823_2024-12-19_00-31-15_png_2024-12-19_00-31-15.webp.webp?fit=1200%2C675&ssl=1&resize=525%2C300 1.5x, https:\/\/i0.wp.com\/noticiasribeiraopreto.com.br\/wp-content\/uploads\/2024\/12\/Copia-de-Copia-de-Copia-de-TAMANHO-EXATO-PARA-FOTOS-NO-SISTEMA-NOVO-2024-12-18T213110.823_2024-12-19_00-31-15_png_2024-12-19_00-31-15.webp.webp?fit=1200%2C675&ssl=1&resize=700%2C400 2x, https:\/\/i0.wp.com\/noticiasribeiraopreto.com.br\/wp-content\/uploads\/2024\/12\/Copia-de-Copia-de-Copia-de-TAMANHO-EXATO-PARA-FOTOS-NO-SISTEMA-NOVO-2024-12-18T213110.823_2024-12-19_00-31-15_png_2024-12-19_00-31-15.webp.webp?fit=1200%2C675&ssl=1&resize=1050%2C600 3x"},"classes":[]},{"id":69795,"url":"https:\/\/noticiasribeiraopreto.com.br\/index.php\/2025\/05\/09\/pm-vai-ampliar-em-25-o-numero-de-cameras\/","url_meta":{"origin":47274,"position":3},"title":"PM vai ampliar em 25% o n\u00famero de c\u00e2meras \u00a0","author":"noticiasribeiraopreto.com.br","date":"9 de May de 2025","format":false,"excerpt":"A Pol\u00edcia Militar de S\u00e3o Paulo vai aumentar em 25% o n\u00famero de c\u00e2meras operacionais port\u00e1teis (COPs), de doze ml para 15 mil dispositivos. A decis\u00e3o foi acordada entre a Procuradoria Geral do Estado (PGE), a Defensoria P\u00fablica e o Minist\u00e9rio P\u00fablico (MPSP), com a participa\u00e7\u00e3o da PM. Al\u00e9m disso,\u2026","rel":"","context":"In &quot;Not\u00edcias de Ribeir\u00e3o Preto-SP e Regi\u00e3o&quot;","block_context":{"text":"Not\u00edcias de Ribeir\u00e3o Preto-SP e Regi\u00e3o","link":"https:\/\/noticiasribeiraopreto.com.br\/index.php\/category\/noticias-de-ribeirao-preto-sp-e-regiao-ismael-colosi\/"},"img":{"alt_text":"","src":"https:\/\/i0.wp.com\/noticiasribeiraopreto.com.br\/wp-content\/uploads\/2025\/05\/CamerasSP-Governo-de-Sao-Paulo.jpg?fit=1200%2C800&ssl=1&resize=350%2C200","width":350,"height":200,"srcset":"https:\/\/i0.wp.com\/noticiasribeiraopreto.com.br\/wp-content\/uploads\/2025\/05\/CamerasSP-Governo-de-Sao-Paulo.jpg?fit=1200%2C800&ssl=1&resize=350%2C200 1x, https:\/\/i0.wp.com\/noticiasribeiraopreto.com.br\/wp-content\/uploads\/2025\/05\/CamerasSP-Governo-de-Sao-Paulo.jpg?fit=1200%2C800&ssl=1&resize=525%2C300 1.5x, https:\/\/i0.wp.com\/noticiasribeiraopreto.com.br\/wp-content\/uploads\/2025\/05\/CamerasSP-Governo-de-Sao-Paulo.jpg?fit=1200%2C800&ssl=1&resize=700%2C400 2x, https:\/\/i0.wp.com\/noticiasribeiraopreto.com.br\/wp-content\/uploads\/2025\/05\/CamerasSP-Governo-de-Sao-Paulo.jpg?fit=1200%2C800&ssl=1&resize=1050%2C600 3x"},"classes":[]},{"id":81932,"url":"https:\/\/noticiasribeiraopreto.com.br\/index.php\/2026\/01\/30\/escola-civico-militar-de-tarcisio-recebe-aval-antes-de-julgamento-no-stf\/","url_meta":{"origin":47274,"position":4},"title":"Escola c\u00edvico-militar de Tarc\u00edsio recebe aval antes de julgamento no STF","author":"noticiasribeiraopreto.com.br","date":"30 de January de 2026","format":false,"excerpt":"O procurador-geral da Rep\u00fablica, Paulo Gonet, enviou parecer ao STF (Supremo Tribunal Federal) favor\u00e1vel ao programa de escolas c\u00edvico-militares do estado de S\u00e3o Paulo, proposto pelo governador Tarc\u00edsio de Freitas (REP). No parecer, Gonet afirma ser irregular somente o pagamento de extra previsto aos policiais militares que atuem nas institui\u00e7\u00f5es\u2026","rel":"","context":"In &quot;Not\u00edcias de Ribeir\u00e3o Preto-SP e Regi\u00e3o&quot;","block_context":{"text":"Not\u00edcias de Ribeir\u00e3o Preto-SP e Regi\u00e3o","link":"https:\/\/noticiasribeiraopreto.com.br\/index.php\/category\/noticias-de-ribeirao-preto-sp-e-regiao-ismael-colosi\/"},"img":{"alt_text":"","src":"https:\/\/i0.wp.com\/noticiasribeiraopreto.com.br\/wp-content\/uploads\/2026\/01\/escola-civico-militar_2024-07-18_12-55-44_jpg_2024-07-18_12-55-45.webp.webp?fit=1170%2C700&ssl=1&resize=350%2C200","width":350,"height":200,"srcset":"https:\/\/i0.wp.com\/noticiasribeiraopreto.com.br\/wp-content\/uploads\/2026\/01\/escola-civico-militar_2024-07-18_12-55-44_jpg_2024-07-18_12-55-45.webp.webp?fit=1170%2C700&ssl=1&resize=350%2C200 1x, https:\/\/i0.wp.com\/noticiasribeiraopreto.com.br\/wp-content\/uploads\/2026\/01\/escola-civico-militar_2024-07-18_12-55-44_jpg_2024-07-18_12-55-45.webp.webp?fit=1170%2C700&ssl=1&resize=525%2C300 1.5x, https:\/\/i0.wp.com\/noticiasribeiraopreto.com.br\/wp-content\/uploads\/2026\/01\/escola-civico-militar_2024-07-18_12-55-44_jpg_2024-07-18_12-55-45.webp.webp?fit=1170%2C700&ssl=1&resize=700%2C400 2x, https:\/\/i0.wp.com\/noticiasribeiraopreto.com.br\/wp-content\/uploads\/2026\/01\/escola-civico-militar_2024-07-18_12-55-44_jpg_2024-07-18_12-55-45.webp.webp?fit=1170%2C700&ssl=1&resize=1050%2C600 3x"},"classes":[]},{"id":65296,"url":"https:\/\/noticiasribeiraopreto.com.br\/index.php\/2025\/03\/18\/mp-quer-barrar-lei-que-renomeia-gcm-para-policia-metropolitana-de-ribeirao-preto\/","url_meta":{"origin":47274,"position":5},"title":"MP quer barrar lei que renomeia GCM para Pol\u00edcia Metropolitana de Ribeir\u00e3o Preto","author":"noticiasribeiraopreto.com.br","date":"18 de March de 2025","format":false,"excerpt":"A Procuradoria-Geral de Justi\u00e7a de S\u00e3o Paulo, \u00f3rg\u00e3o m\u00e1ximo do MP-SP (Minist\u00e9rio P\u00fablico de S\u00e3o Paulo), entrou com uma Adin (A\u00e7\u00e3o Direta de Inconstitucionalidade) contra a lei que muda o nome da GCM (Guarda Civil Metropolitana) para Pol\u00edcia Metropolitana de Ribeir\u00e3o Preto. De acordo com a a\u00e7\u00e3o, que deu entrada\u2026","rel":"","context":"In &quot;Not\u00edcias de Ribeir\u00e3o Preto-SP e Regi\u00e3o&quot;","block_context":{"text":"Not\u00edcias de Ribeir\u00e3o Preto-SP e Regi\u00e3o","link":"https:\/\/noticiasribeiraopreto.com.br\/index.php\/category\/noticias-de-ribeirao-preto-sp-e-regiao-ismael-colosi\/"},"img":{"alt_text":"","src":"https:\/\/i0.wp.com\/noticiasribeiraopreto.com.br\/wp-content\/uploads\/2025\/02\/AnyConv.com__guarda-civil-metropolitana_2024-07-03_19-49-25.webp.webp?fit=1200%2C800&ssl=1&resize=350%2C200","width":350,"height":200,"srcset":"https:\/\/i0.wp.com\/noticiasribeiraopreto.com.br\/wp-content\/uploads\/2025\/02\/AnyConv.com__guarda-civil-metropolitana_2024-07-03_19-49-25.webp.webp?fit=1200%2C800&ssl=1&resize=350%2C200 1x, https:\/\/i0.wp.com\/noticiasribeiraopreto.com.br\/wp-content\/uploads\/2025\/02\/AnyConv.com__guarda-civil-metropolitana_2024-07-03_19-49-25.webp.webp?fit=1200%2C800&ssl=1&resize=525%2C300 1.5x, https:\/\/i0.wp.com\/noticiasribeiraopreto.com.br\/wp-content\/uploads\/2025\/02\/AnyConv.com__guarda-civil-metropolitana_2024-07-03_19-49-25.webp.webp?fit=1200%2C800&ssl=1&resize=700%2C400 2x, https:\/\/i0.wp.com\/noticiasribeiraopreto.com.br\/wp-content\/uploads\/2025\/02\/AnyConv.com__guarda-civil-metropolitana_2024-07-03_19-49-25.webp.webp?fit=1200%2C800&ssl=1&resize=1050%2C600 3x"},"classes":[]}],"jetpack_sharing_enabled":true,"jetpack_shortlink":"https:\/\/wp.me\/peQAOb-ciu","_links":{"self":[{"href":"https:\/\/noticiasribeiraopreto.com.br\/index.php\/wp-json\/wp\/v2\/posts\/47274","targetHints":{"allow":["GET"]}}],"collection":[{"href":"https:\/\/noticiasribeiraopreto.com.br\/index.php\/wp-json\/wp\/v2\/posts"}],"about":[{"href":"https:\/\/noticiasribeiraopreto.com.br\/index.php\/wp-json\/wp\/v2\/types\/post"}],"author":[{"embeddable":true,"href":"https:\/\/noticiasribeiraopreto.com.br\/index.php\/wp-json\/wp\/v2\/users\/1"}],"replies":[{"embeddable":true,"href":"https:\/\/noticiasribeiraopreto.com.br\/index.php\/wp-json\/wp\/v2\/comments?post=47274"}],"version-history":[{"count":0,"href":"https:\/\/noticiasribeiraopreto.com.br\/index.php\/wp-json\/wp\/v2\/posts\/47274\/revisions"}],"wp:featuredmedia":[{"embeddable":true,"href":"https:\/\/noticiasribeiraopreto.com.br\/index.php\/wp-json\/wp\/v2\/media\/47275"}],"wp:attachment":[{"href":"https:\/\/noticiasribeiraopreto.com.br\/index.php\/wp-json\/wp\/v2\/media?parent=47274"}],"wp:term":[{"taxonomy":"category","embeddable":true,"href":"https:\/\/noticiasribeiraopreto.com.br\/index.php\/wp-json\/wp\/v2\/categories?post=47274"},{"taxonomy":"post_tag","embeddable":true,"href":"https:\/\/noticiasribeiraopreto.com.br\/index.php\/wp-json\/wp\/v2\/tags?post=47274"}],"curies":[{"name":"wp","href":"https:\/\/api.w.org\/{rel}","templated":true}]}}