{"id":47278,"date":"2024-04-25T04:43:27","date_gmt":"2024-04-25T07:43:27","guid":{"rendered":"https:\/\/noticiasribeiraopreto.com.br\/index.php\/2024\/04\/25\/executivos-da-samsung-vao-trabalhar-6-dias-na-semana\/"},"modified":"2024-04-25T04:43:27","modified_gmt":"2024-04-25T07:43:27","slug":"executivos-da-samsung-vao-trabalhar-6-dias-na-semana","status":"publish","type":"post","link":"https:\/\/noticiasribeiraopreto.com.br\/index.php\/2024\/04\/25\/executivos-da-samsung-vao-trabalhar-6-dias-na-semana\/","title":{"rendered":"Executivos da Samsung v\u00e3o trabalhar 6 dias na semana"},"content":{"rendered":"<div class='code-block code-block-1' style='margin: 8px 0 8px auto; text-align: right; display: block; clear: both;'>\n<p><a href=\"https:\/\/wa.link\/vpicfd\"><img data-recalc-dims=\"1\" class=\"wp-image-4922\" style=\"aspect-ratio: 2.0253164556962027; width: 561px; height: auto;\" src=\"https:\/\/i0.wp.com\/ismaelcolosi.com.br\/wp-content\/uploads\/2023\/11\/grupo-de-empregos-whatsapp-e-facebook-ismael-colosi-vagas.jpg?ssl=1\" alt=\"\" \/><\/a><\/p>\n<!-- \/wp:image -->\n<\/div>\n<p> <br \/>\n<\/p>\n<div>\n<div id=\"attachment_498673\" class=\"wp-caption alignnone style=\" max-width:=\"\"><img data-recalc-dims=\"1\" fetchpriority=\"high\" decoding=\"async\" class=\"alignnone wp-image-498673 size-full\" src=\"https:\/\/i0.wp.com\/forbes.com.br\/wp-content\/uploads\/2022\/10\/tech-samsung-chips-04out22-AndrewKelly-768x512.jpg?resize=678%2C452&#038;ssl=1\" http:=\"\" alt=\"logo samsung\" width=\"678\" height=\"452\" data-lazy-src=\"https:\/\/forbes.com.br\/wp-content\/uploads\/2022\/10\/tech-samsung-chips-04out22-AndrewKelly-768x512.jpg\"\/><img data-recalc-dims=\"1\" fetchpriority=\"high\" decoding=\"async\" class=\"alignnone wp-image-498673 size-full\" src=\"https:\/\/i0.wp.com\/forbes.com.br\/wp-content\/uploads\/2022\/10\/tech-samsung-chips-04out22-AndrewKelly-768x512.jpg?resize=678%2C452&#038;ssl=1\" alt=\"logo samsung\" width=\"678\" height=\"452\"\/><\/p>\n<p>Andrew Kelly\/Reuters<\/p>\n<p class=\"wp-caption-text\">Nova diretriz surge em um momento dif\u00edcil para a Samsung e j\u00e1 foi implementada nas divis\u00f5es de tecnologia<\/p>\n<\/div>\n<p>Na contram\u00e3o da tend\u00eancia adotada por empresas e pa\u00edses ao redor do mundo de reduzir a semana de trabalho, a <strong>Samsung vai ampliar a carga hor\u00e1ria dos seus executivos<\/strong>. L\u00edderes de todas as unidades da empresa v\u00e3o trabalhar seis dias por semana, podendo escolher entre s\u00e1bado ou domingo. Funcion\u00e1rios abaixo do n\u00edvel executivo continuar\u00e3o trabalhando cinco dias por semana.<\/p>\n<p>De acordo com uma reportagem do jornal sul-coreano The Korea Economic Daily, a nova diretriz surge em um momento dif\u00edcil para a companhia, que registrou lucro anual abaixo das expectativas, e enfrenta o aumento do pre\u00e7o do petr\u00f3leo e altos custos de empr\u00e9stimos.<\/p>\n<ul>\n<li>\n<h4>Siga o canal da <a href=\"https:\/\/whatsapp.com\/channel\/0029Va9gQKwBFLgM96cJnu0u\" target=\"_blank\" rel=\"noopener\">Forbes<\/a> e de <a href=\"https:\/\/whatsapp.com\/channel\/0029VaAZk57JuyA9F4UwQc2I\" target=\"_blank\" rel=\"noopener\">Forbes Money<\/a> no WhatsApp e receba as principais not\u00edcias sobre neg\u00f3cios, carreira, tecnologia e estilo de vida<\/h4>\n<\/li>\n<\/ul>\n<p>O novo cronograma j\u00e1 entrou em vigor na maioria das divis\u00f5es de tecnologia da Samsung, e as \u00e1reas financeiras devem seguir esse caminho. Segundo a publica\u00e7\u00e3o, alguns executivos j\u00e1 vinham trabalhando seis dias por semana de forma volunt\u00e1ria desde o in\u00edcio deste ano.<\/p>\n<p data-sourcepos=\"1:1-1:431\">A Coreia do Sul, e os pa\u00edses asi\u00e1ticos de modo geral, s\u00e3o conhecidos pela cultura de trabalho intensa. Ainda n\u00e3o se sabe como a decis\u00e3o vai impactar os executivos da Samsung ao redor do mundo.<\/p>\n<\/div>\n<p><script type=\"rocketlazyloadscript\">\n\t\t\t\t(function(d, s, id){\n\t\t\t\t\tvar js, fjs = d.getElementsByTagName(s)[0];\n\t\t\t\t\tif (d.getElementById(id)) return;\n\t\t\t\t\tjs = d.createElement(s); js.id = id;\n\t\t\t\t\tjs.src = \"\/\/connect.facebook.net\/pt_BR\/sdk.js#xfbml=1&version=v2.9\";\n\t\t\t\t\tfjs.parentNode.insertBefore(js, fjs);\n\t\t\t\t}(document, 'script', 'facebook-jssdk'));\n\t\t\t<\/script><br \/>\n<br \/><br \/>\n<br \/><a href=\"https:\/\/forbes.com.br\/carreira\/2024\/04\/executivos-da-samsung-terao-semana-de-trabalho-de-6-dias\/\">Source link <\/a><\/p>\n<!-- CONTENT END 1 -->\n","protected":false},"excerpt":{"rendered":"<p>Andrew Kelly\/Reuters Nova diretriz surge em um momento dif\u00edcil para a Samsung e j\u00e1 foi implementada nas divis\u00f5es de tecnologia Na contram\u00e3o da tend\u00eancia adotada&#8230;<\/p>\n","protected":false},"author":1,"featured_media":47279,"comment_status":"open","ping_status":"open","sticky":false,"template":"","format":"standard","meta":{"advanced_seo_description":"","jetpack_seo_html_title":"","jetpack_seo_noindex":false,"jetpack_post_was_ever_published":false,"_jetpack_newsletter_access":"","_jetpack_dont_email_post_to_subs":false,"_jetpack_newsletter_tier_id":0,"_jetpack_memberships_contains_paywalled_content":false,"_jetpack_memberships_contains_paid_content":false,"footnotes":"","jetpack_publicize_message":"","jetpack_publicize_feature_enabled":true,"jetpack_social_post_already_shared":true,"jetpack_social_options":{"image_generator_settings":{"template":"highway","default_image_id":0,"font":"","enabled":false},"version":2}},"categories":[1],"tags":[],"class_list":["post-47278","post","type-post","status-publish","format-standard","has-post-thumbnail","hentry","category-blog"],"jetpack_publicize_connections":[],"jetpack_featured_media_url":"https:\/\/i0.wp.com\/noticiasribeiraopreto.com.br\/wp-content\/uploads\/2024\/04\/tech-samsung-chips-04out22-AndrewKelly-1024x683.jpg?fit=1024%2C683&ssl=1","jetpack-related-posts":[{"id":44299,"url":"https:\/\/noticiasribeiraopreto.com.br\/index.php\/2024\/03\/27\/vp-da-samsung-destaca-habilidade-de-priorizacao\/","url_meta":{"origin":47278,"position":0},"title":"VP da Samsung destaca habilidade de prioriza\u00e7\u00e3o","author":"noticiasribeiraopreto.com.br","date":"27 de March de 2024","format":false,"excerpt":"Em 15 anos de Samsung, Gustavo Assun\u00e7\u00e3o passou por todos os neg\u00f3cios da empresa, em diferentes fun\u00e7\u00f5es H\u00e1 15 anos na Samsung, Gustavo Assun\u00e7\u00e3o acaba de ser promovido a vice-presidente s\u00eanior da empresa. O executivo, que j\u00e1 liderava todo o neg\u00f3cio de dispositivos m\u00f3veis da Samsung no Brasil, passa a\u2026","rel":"","context":"In &quot;Blog&quot;","block_context":{"text":"Blog","link":"https:\/\/noticiasribeiraopreto.com.br\/index.php\/category\/blog\/"},"img":{"alt_text":"","src":"https:\/\/i0.wp.com\/noticiasribeiraopreto.com.br\/wp-content\/uploads\/2024\/03\/carreira-gustavo-assuncao-vp-samsung-1024x683.jpg?fit=1024%2C683&ssl=1&resize=350%2C200","width":350,"height":200,"srcset":"https:\/\/i0.wp.com\/noticiasribeiraopreto.com.br\/wp-content\/uploads\/2024\/03\/carreira-gustavo-assuncao-vp-samsung-1024x683.jpg?fit=1024%2C683&ssl=1&resize=350%2C200 1x, https:\/\/i0.wp.com\/noticiasribeiraopreto.com.br\/wp-content\/uploads\/2024\/03\/carreira-gustavo-assuncao-vp-samsung-1024x683.jpg?fit=1024%2C683&ssl=1&resize=525%2C300 1.5x, https:\/\/i0.wp.com\/noticiasribeiraopreto.com.br\/wp-content\/uploads\/2024\/03\/carreira-gustavo-assuncao-vp-samsung-1024x683.jpg?fit=1024%2C683&ssl=1&resize=700%2C400 2x"},"classes":[]},{"id":14648,"url":"https:\/\/noticiasribeiraopreto.com.br\/index.php\/2023\/12\/12\/semana-de-4-dias-de-trabalho-saiba-como-funciona\/","url_meta":{"origin":47278,"position":1},"title":"Semana de 4 dias de trabalho: saiba como funciona","author":"noticiasribeiraopreto.com.br","date":"12 de December de 2023","format":false,"excerpt":"Pode at\u00e9 parecer novidade, mas algumas empresas nacionais j\u00e1 est\u00e3o testando e at\u00e9 mesmo aderindo \u00e0 semana de 4 dias de trabalho.\u00a0 Conhecido internacionalmente como \u201cfour-day workweek\u201d (semana de trabalho de quatro dias), esse tema est\u00e1 em alta e desperta a aten\u00e7\u00e3o dos trabalhadores. Quer saber mais sobre o assunto?\u2026","rel":"","context":"In &quot;Blog&quot;","block_context":{"text":"Blog","link":"https:\/\/noticiasribeiraopreto.com.br\/index.php\/category\/blog\/"},"img":{"alt_text":"","src":"https:\/\/i0.wp.com\/noticiasribeiraopreto.com.br\/wp-content\/uploads\/2023\/12\/semana-de-4-dias.jpg?fit=1200%2C675&ssl=1&resize=350%2C200","width":350,"height":200,"srcset":"https:\/\/i0.wp.com\/noticiasribeiraopreto.com.br\/wp-content\/uploads\/2023\/12\/semana-de-4-dias.jpg?fit=1200%2C675&ssl=1&resize=350%2C200 1x, https:\/\/i0.wp.com\/noticiasribeiraopreto.com.br\/wp-content\/uploads\/2023\/12\/semana-de-4-dias.jpg?fit=1200%2C675&ssl=1&resize=525%2C300 1.5x, https:\/\/i0.wp.com\/noticiasribeiraopreto.com.br\/wp-content\/uploads\/2023\/12\/semana-de-4-dias.jpg?fit=1200%2C675&ssl=1&resize=700%2C400 2x, https:\/\/i0.wp.com\/noticiasribeiraopreto.com.br\/wp-content\/uploads\/2023\/12\/semana-de-4-dias.jpg?fit=1200%2C675&ssl=1&resize=1050%2C600 3x"},"classes":[]},{"id":48219,"url":"https:\/\/noticiasribeiraopreto.com.br\/index.php\/2024\/05\/01\/quase-30-de-quem-tem-semana-de-trabalho-de-4-dias-nao-troca-a-escala-por-salario-maior\/","url_meta":{"origin":47278,"position":2},"title":"Quase 30% de quem tem semana de trabalho de 4 dias n\u00e3o troca a escala por sal\u00e1rio maior","author":"noticiasribeiraopreto.com.br","date":"1 de May de 2024","format":false,"excerpt":"Bruno Pavani Bruno Pavan 01\/05\/2024 - 15:00 Ap\u00f3s tr\u00eas meses de testes, a \u201c4 Day Week Brazil\u201d (semana de trabalho de 4 dias no Brasil), promovida numa parceria com a FGV e o Boston College, uma pesquisa apontou que quase 30% dos trabalhadores que atuam nesse tipo de escala n\u00e3o\u2026","rel":"","context":"In &quot;Empregos - Classificados&quot;","block_context":{"text":"Empregos - Classificados","link":"https:\/\/noticiasribeiraopreto.com.br\/index.php\/category\/empregos-classificados-vagas-trabalho\/"},"img":{"alt_text":"","src":"https:\/\/i0.wp.com\/noticiasribeiraopreto.com.br\/wp-content\/uploads\/2024\/05\/pexels-olly-3791116-scaled.jpg?fit=1200%2C794&ssl=1&resize=350%2C200","width":350,"height":200,"srcset":"https:\/\/i0.wp.com\/noticiasribeiraopreto.com.br\/wp-content\/uploads\/2024\/05\/pexels-olly-3791116-scaled.jpg?fit=1200%2C794&ssl=1&resize=350%2C200 1x, https:\/\/i0.wp.com\/noticiasribeiraopreto.com.br\/wp-content\/uploads\/2024\/05\/pexels-olly-3791116-scaled.jpg?fit=1200%2C794&ssl=1&resize=525%2C300 1.5x, https:\/\/i0.wp.com\/noticiasribeiraopreto.com.br\/wp-content\/uploads\/2024\/05\/pexels-olly-3791116-scaled.jpg?fit=1200%2C794&ssl=1&resize=700%2C400 2x, https:\/\/i0.wp.com\/noticiasribeiraopreto.com.br\/wp-content\/uploads\/2024\/05\/pexels-olly-3791116-scaled.jpg?fit=1200%2C794&ssl=1&resize=1050%2C600 3x"},"classes":[]},{"id":14280,"url":"https:\/\/noticiasribeiraopreto.com.br\/index.php\/2023\/12\/11\/bill-gates-tem-razao-como-seria-semana-de-4-dias\/","url_meta":{"origin":47278,"position":3},"title":"Bill Gates tem raz\u00e3o? Como seria semana de 4 dias","author":"noticiasribeiraopreto.com.br","date":"11 de December de 2023","format":false,"excerpt":"Elaine Thompson\/Associated PressBill Gates opinou sobre possibilidade de semana de trabalho mais curta em entrevista ao podcast What Now Em janeiro de 2024, mais de 20 empresas brasileiras v\u00e3o come\u00e7ar a testar a semana de trabalho de quatro dias, mudan\u00e7a que j\u00e1 trouxe resultados positivos para a produtividade e o\u2026","rel":"","context":"In &quot;Blog&quot;","block_context":{"text":"Blog","link":"https:\/\/noticiasribeiraopreto.com.br\/index.php\/category\/blog\/"},"img":{"alt_text":"","src":"https:\/\/i0.wp.com\/noticiasribeiraopreto.com.br\/wp-content\/uploads\/2023\/12\/carreira-bill-gates-1024x683.jpg?fit=1024%2C683&ssl=1&resize=350%2C200","width":350,"height":200,"srcset":"https:\/\/i0.wp.com\/noticiasribeiraopreto.com.br\/wp-content\/uploads\/2023\/12\/carreira-bill-gates-1024x683.jpg?fit=1024%2C683&ssl=1&resize=350%2C200 1x, https:\/\/i0.wp.com\/noticiasribeiraopreto.com.br\/wp-content\/uploads\/2023\/12\/carreira-bill-gates-1024x683.jpg?fit=1024%2C683&ssl=1&resize=525%2C300 1.5x, https:\/\/i0.wp.com\/noticiasribeiraopreto.com.br\/wp-content\/uploads\/2023\/12\/carreira-bill-gates-1024x683.jpg?fit=1024%2C683&ssl=1&resize=700%2C400 2x"},"classes":[]},{"id":44773,"url":"https:\/\/noticiasribeiraopreto.com.br\/index.php\/2024\/03\/30\/como-e-o-trabalho-na-produtora-que-adotou-semana-de-quatro-dias-com-folga-nas-quartas\/","url_meta":{"origin":47278,"position":4},"title":"Como \u00e9 o trabalho na produtora que adotou semana de quatro dias com folga\u00a0nas\u00a0quartas","author":"noticiasribeiraopreto.com.br","date":"30 de March de 2024","format":false,"excerpt":"Bruno Pavani Bruno Pavan 30\/03\/2024 - 15:00 O projeto global 4 day week chegou ao Brasil em setembro de 2023 e visa ampliar o debate da semana mais curta de trabalho, de quatro dias \u00fateis. Foram 22 empresas que aceitaram participar do projeto em 5 estados brasileiros.\u00a0Uma delas foi a\u2026","rel":"","context":"In &quot;Empregos - Classificados&quot;","block_context":{"text":"Empregos - Classificados","link":"https:\/\/noticiasribeiraopreto.com.br\/index.php\/category\/empregos-classificados-vagas-trabalho\/"},"img":{"alt_text":"","src":"https:\/\/i0.wp.com\/noticiasribeiraopreto.com.br\/wp-content\/uploads\/2024\/03\/simonethanks.jpg?fit=900%2C600&ssl=1&resize=350%2C200","width":350,"height":200,"srcset":"https:\/\/i0.wp.com\/noticiasribeiraopreto.com.br\/wp-content\/uploads\/2024\/03\/simonethanks.jpg?fit=900%2C600&ssl=1&resize=350%2C200 1x, https:\/\/i0.wp.com\/noticiasribeiraopreto.com.br\/wp-content\/uploads\/2024\/03\/simonethanks.jpg?fit=900%2C600&ssl=1&resize=525%2C300 1.5x, https:\/\/i0.wp.com\/noticiasribeiraopreto.com.br\/wp-content\/uploads\/2024\/03\/simonethanks.jpg?fit=900%2C600&ssl=1&resize=700%2C400 2x"},"classes":[]},{"id":48158,"url":"https:\/\/noticiasribeiraopreto.com.br\/index.php\/2024\/05\/01\/semana-de-4-dias-e-testada-no-brasil-veja-resultados\/","url_meta":{"origin":47278,"position":5},"title":"Semana de 4 dias \u00e9 testada no Brasil; veja resultados","author":"noticiasribeiraopreto.com.br","date":"1 de May de 2024","format":false,"excerpt":"Piloto da semana de 4 dias no Brasil vai at\u00e9 junho, mas j\u00e1 demonstra benef\u00edcios em rela\u00e7\u00e3o \u00e0s entregas das empresas e \u00e0 sa\u00fade e bem-estar dos profissionais Trabalhar quatro dias na semana, mas ser pago como se tivesse trabalhado cinco? Pode parecer bom demais para ser verdade, mas j\u00e1\u2026","rel":"","context":"In &quot;Blog&quot;","block_context":{"text":"Blog","link":"https:\/\/noticiasribeiraopreto.com.br\/index.php\/category\/blog\/"},"img":{"alt_text":"","src":"https:\/\/i0.wp.com\/noticiasribeiraopreto.com.br\/wp-content\/uploads\/2024\/05\/carreira-semana-4-dias-trabalho-1024x683.jpg?fit=1024%2C683&ssl=1&resize=350%2C200","width":350,"height":200,"srcset":"https:\/\/i0.wp.com\/noticiasribeiraopreto.com.br\/wp-content\/uploads\/2024\/05\/carreira-semana-4-dias-trabalho-1024x683.jpg?fit=1024%2C683&ssl=1&resize=350%2C200 1x, https:\/\/i0.wp.com\/noticiasribeiraopreto.com.br\/wp-content\/uploads\/2024\/05\/carreira-semana-4-dias-trabalho-1024x683.jpg?fit=1024%2C683&ssl=1&resize=525%2C300 1.5x, https:\/\/i0.wp.com\/noticiasribeiraopreto.com.br\/wp-content\/uploads\/2024\/05\/carreira-semana-4-dias-trabalho-1024x683.jpg?fit=1024%2C683&ssl=1&resize=700%2C400 2x"},"classes":[]}],"jetpack_sharing_enabled":true,"jetpack_shortlink":"https:\/\/wp.me\/peQAOb-ciy","_links":{"self":[{"href":"https:\/\/noticiasribeiraopreto.com.br\/index.php\/wp-json\/wp\/v2\/posts\/47278","targetHints":{"allow":["GET"]}}],"collection":[{"href":"https:\/\/noticiasribeiraopreto.com.br\/index.php\/wp-json\/wp\/v2\/posts"}],"about":[{"href":"https:\/\/noticiasribeiraopreto.com.br\/index.php\/wp-json\/wp\/v2\/types\/post"}],"author":[{"embeddable":true,"href":"https:\/\/noticiasribeiraopreto.com.br\/index.php\/wp-json\/wp\/v2\/users\/1"}],"replies":[{"embeddable":true,"href":"https:\/\/noticiasribeiraopreto.com.br\/index.php\/wp-json\/wp\/v2\/comments?post=47278"}],"version-history":[{"count":0,"href":"https:\/\/noticiasribeiraopreto.com.br\/index.php\/wp-json\/wp\/v2\/posts\/47278\/revisions"}],"wp:featuredmedia":[{"embeddable":true,"href":"https:\/\/noticiasribeiraopreto.com.br\/index.php\/wp-json\/wp\/v2\/media\/47279"}],"wp:attachment":[{"href":"https:\/\/noticiasribeiraopreto.com.br\/index.php\/wp-json\/wp\/v2\/media?parent=47278"}],"wp:term":[{"taxonomy":"category","embeddable":true,"href":"https:\/\/noticiasribeiraopreto.com.br\/index.php\/wp-json\/wp\/v2\/categories?post=47278"},{"taxonomy":"post_tag","embeddable":true,"href":"https:\/\/noticiasribeiraopreto.com.br\/index.php\/wp-json\/wp\/v2\/tags?post=47278"}],"curies":[{"name":"wp","href":"https:\/\/api.w.org\/{rel}","templated":true}]}}