{"id":47280,"date":"2024-04-25T04:44:38","date_gmt":"2024-04-25T07:44:38","guid":{"rendered":"https:\/\/noticiasribeiraopreto.com.br\/index.php\/2024\/04\/25\/brasileiros-desempregados-tem-direito-de-receber-mais-de-r-10-mil-disponiveis-em-beneficios-veja-como-solicitar\/"},"modified":"2024-04-25T04:44:38","modified_gmt":"2024-04-25T07:44:38","slug":"brasileiros-desempregados-tem-direito-de-receber-mais-de-r-10-mil-disponiveis-em-beneficios-veja-como-solicitar","status":"publish","type":"post","link":"https:\/\/noticiasribeiraopreto.com.br\/index.php\/2024\/04\/25\/brasileiros-desempregados-tem-direito-de-receber-mais-de-r-10-mil-disponiveis-em-beneficios-veja-como-solicitar\/","title":{"rendered":"Brasileiros desempregados tem direito de receber mais de R$ 10 Mil Dispon\u00edveis em benef\u00edcios; Veja como solicitar"},"content":{"rendered":"<div class='code-block code-block-1' style='margin: 8px 0 8px auto; text-align: right; display: block; clear: both;'>\n<p><a href=\"https:\/\/wa.link\/vpicfd\"><img data-recalc-dims=\"1\" class=\"wp-image-4922\" style=\"aspect-ratio: 2.0253164556962027; width: 561px; height: auto;\" src=\"https:\/\/i0.wp.com\/ismaelcolosi.com.br\/wp-content\/uploads\/2023\/11\/grupo-de-empregos-whatsapp-e-facebook-ismael-colosi-vagas.jpg?ssl=1\" alt=\"\" \/><\/a><\/p>\n<!-- \/wp:image -->\n<\/div>\n<p> <br \/>\n<\/p>\n<div data-td-block-uid=\"tdi_88\">\n<div class=\"tdb-block-inner td-fix-index\">\n<p style=\"text-align: justify;\"><span style=\"font-family: arial, helvetica, sans-serif; font-size: 14pt;\">Os trabalhadores podem ser desencorajados quando recebem a informa\u00e7\u00e3o de que foram demitidos de seus empregos. No entanto, uma pessoa que trabalhava com carteira assinada, mas foi demitida sem justa causa, tem direitos garantidos por lei. Entre elas, a libera\u00e7\u00e3o de at\u00e9 5 parcelas de at\u00e9 R$ 2,3 mil cada.<\/span><\/p>\n<p style=\"text-align: justify;\"><span style=\"font-family: arial, helvetica, sans-serif; font-size: 14pt;\">Os pagamentos do seguro-desemprego s\u00e3o liberados para todos os trabalhadores que t\u00eam carteira assinada, mas h\u00e1 algumas ressalvas. Por exemplo, ao solicitar um seguro pela primeira vez, voc\u00ea precisa trabalhar para a mesma empresa por pelo menos 12 meses consecutivos (1 ano).<\/span><\/p>\n<h2><strong><span style=\"font-family: arial, helvetica, sans-serif;\">Quanto paga o seguro para os desempregados?<\/span><\/strong><\/h2>\n<p style=\"text-align: justify;\"><span style=\"font-family: arial, helvetica, sans-serif; font-size: 14pt;\">Os desempregados podem receber mais de 10 mil reais em cinco parcelas do seguro-desemprego. Isso porque cada um deles paga pelo menos R$ 1.412, mas pode chegar a R$ 2.313,74.<\/span><\/p>\n<p style=\"text-align: justify;\"><span style=\"font-family: arial, helvetica, sans-serif; font-size: 14pt;\">O sistema do Minist\u00e9rio do Trabalho considera a m\u00e9dia salarial dos trabalhadores dos \u00faltimos tr\u00eas meses antes da demiss\u00e3o, levando em conta tudo o que recebeu, incluindo gratifica\u00e7\u00f5es e b\u00f4nus. A m\u00e9dia \u00e9 ent\u00e3o aplicada \u00e0 tabela a seguir para determinar o valor do seguro.<\/span><\/p>\n<h2><strong><span style=\"font-family: arial, helvetica, sans-serif;\">N\u00famero de parcelas do seguro-desemprego<\/span><\/strong><\/h2>\n<p style=\"text-align: justify;\"><span style=\"font-family: arial, helvetica, sans-serif; font-size: 14pt;\">O n\u00famero de parcelas do seguro-desemprego determina o valor final que o cidad\u00e3o receber\u00e1. O valor ser\u00e1 depositado na conta informada pelo trabalhador no momento da solicita\u00e7\u00e3o ou na poupan\u00e7a da pessoa que n\u00e3o informar os dados banc\u00e1rios.<\/span><\/p>\n<p style=\"text-align: justify;\"><span style=\"font-family: arial, helvetica, sans-serif; font-size: 14pt;\">As solicita\u00e7\u00f5es podem ser feitas no aplicativo Carteira de Trabalho Digital, mas vamos explicar melhor como funciona nesse quesito.<\/span><\/p>\n<p style=\"text-align: justify;\"><span style=\"font-family: arial, helvetica, sans-serif; font-size: 14pt;\">3 parcelas se voc\u00ea trabalhou por pelo menos 6 meses.<\/span><br \/><span style=\"font-family: arial, helvetica, sans-serif; font-size: 14pt;\">Se a crian\u00e7a tiver 12 meses ou mais, 4 parcelas. E<\/span><br \/><span style=\"font-family: arial, helvetica, sans-serif; font-size: 14pt;\">Se voc\u00ea trabalha h\u00e1 mais de 24 meses, ser\u00e1 pago em 5 parcelas.<\/span><\/p>\n<\/div>\n<\/div>\n<p><br \/>\n<br \/><a href=\"https:\/\/www.financasbrasil.org\/2024\/04\/brasileiros-desempregados-tem-d.html\">Source link <\/a><\/p>\n<!-- CONTENT END 1 -->\n","protected":false},"excerpt":{"rendered":"<p>Os trabalhadores podem ser desencorajados quando recebem a informa\u00e7\u00e3o de que foram demitidos de seus empregos. No entanto, uma pessoa que trabalhava com carteira assinada,&#8230;<\/p>\n","protected":false},"author":1,"featured_media":47281,"comment_status":"open","ping_status":"open","sticky":false,"template":"","format":"standard","meta":{"advanced_seo_description":"","jetpack_seo_html_title":"","jetpack_seo_noindex":false,"jetpack_post_was_ever_published":false,"_jetpack_newsletter_access":"","_jetpack_dont_email_post_to_subs":false,"_jetpack_newsletter_tier_id":0,"_jetpack_memberships_contains_paywalled_content":false,"_jetpack_memberships_contains_paid_content":false,"footnotes":"","jetpack_publicize_message":"","jetpack_publicize_feature_enabled":true,"jetpack_social_post_already_shared":true,"jetpack_social_options":{"image_generator_settings":{"template":"highway","default_image_id":0,"font":"","enabled":false},"version":2}},"categories":[1235],"tags":[],"class_list":["post-47280","post","type-post","status-publish","format-standard","has-post-thumbnail","hentry","category-dinheiro-e-investimento-como-fazer-como-ganhar"],"jetpack_publicize_connections":[],"jetpack_featured_media_url":"https:\/\/i0.wp.com\/noticiasribeiraopreto.com.br\/wp-content\/uploads\/2024\/04\/Cabecalho-1.webp.webp?fit=1200%2C630&ssl=1","jetpack-related-posts":[{"id":44140,"url":"https:\/\/noticiasribeiraopreto.com.br\/index.php\/2024\/03\/26\/otima-noticia-trabalhadores-de-carteira-assinada-tem-direito-a-saques-imediatos-de-r-235-e-r-1-059-veja-como\/","url_meta":{"origin":47280,"position":0},"title":"\u00d3tima not\u00edcia! Trabalhadores de carteira assinada t\u00eam direito a saques imediatos de R$ 235 e R$ 1.059; Veja como","author":"noticiasribeiraopreto.com.br","date":"26 de March de 2024","format":false,"excerpt":"Boas not\u00edcias para os trabalhadores regulares! A Caixa Econ\u00f4mica Federal divulgou a lista de benefici\u00e1rios que podem sacar no PIS\/Pasep. Por isso, muitos trabalhadores esperam valores que variam de R$ 235 a R$ 1.295. Esse abono salarial \u00e9 apenas para trabalhadores que mantenham v\u00ednculo empregat\u00edcio formal at\u00e9 2024 e tenham\u2026","rel":"","context":"In &quot;Dinheiro e Investimento&quot;","block_context":{"text":"Dinheiro e Investimento","link":"https:\/\/noticiasribeiraopreto.com.br\/index.php\/category\/dinheiro-e-investimento-como-fazer-como-ganhar\/"},"img":{"alt_text":"","src":"https:\/\/i0.wp.com\/noticiasribeiraopreto.com.br\/wp-content\/uploads\/2024\/03\/Design-sem-nome-1-2.webp.webp?fit=1200%2C630&ssl=1&resize=350%2C200","width":350,"height":200,"srcset":"https:\/\/i0.wp.com\/noticiasribeiraopreto.com.br\/wp-content\/uploads\/2024\/03\/Design-sem-nome-1-2.webp.webp?fit=1200%2C630&ssl=1&resize=350%2C200 1x, https:\/\/i0.wp.com\/noticiasribeiraopreto.com.br\/wp-content\/uploads\/2024\/03\/Design-sem-nome-1-2.webp.webp?fit=1200%2C630&ssl=1&resize=525%2C300 1.5x, https:\/\/i0.wp.com\/noticiasribeiraopreto.com.br\/wp-content\/uploads\/2024\/03\/Design-sem-nome-1-2.webp.webp?fit=1200%2C630&ssl=1&resize=700%2C400 2x, https:\/\/i0.wp.com\/noticiasribeiraopreto.com.br\/wp-content\/uploads\/2024\/03\/Design-sem-nome-1-2.webp.webp?fit=1200%2C630&ssl=1&resize=1050%2C600 3x"},"classes":[]},{"id":70434,"url":"https:\/\/noticiasribeiraopreto.com.br\/index.php\/2025\/05\/26\/jornal-da-franca-trabalhador-pode-ter-2-empregos-de-carteira-assinada-veja-o-que-diz-a-legislacao\/","url_meta":{"origin":47280,"position":1},"title":"Jornal da Franca &#8211; Trabalhador pode ter 2 empregos de carteira assinada? Veja o que diz a legisla\u00e7\u00e3o","author":"noticiasribeiraopreto.com.br","date":"26 de May de 2025","format":false,"excerpt":"compartilhar no whatsapp compartilhar no telegram compartilhar no facebook compartilhar no linkedin A Consolida\u00e7\u00e3o das Leis do Trabalho (CLT) n\u00e3o pro\u00edbe que o empregado tenha mais de um v\u00ednculo na carteira, por\u00e9m \u00e9 necess\u00e1rio respeitar os limites de jornada de trabalho O trabalhador pode ter dois empregos com carteira assinada,\u2026","rel":"","context":"In &quot;Not\u00edcias de Franca-SP&quot;","block_context":{"text":"Not\u00edcias de Franca-SP","link":"https:\/\/noticiasribeiraopreto.com.br\/index.php\/category\/noticias-de-ribeirao-preto-sp-e-regiao-ismael-colosi\/noticias-franca-sp\/"},"img":{"alt_text":"","src":"https:\/\/i0.wp.com\/noticiasribeiraopreto.com.br\/wp-content\/uploads\/2025\/05\/carteira_de_trabalho_07122000711.jpg?fit=1170%2C700&ssl=1&resize=350%2C200","width":350,"height":200,"srcset":"https:\/\/i0.wp.com\/noticiasribeiraopreto.com.br\/wp-content\/uploads\/2025\/05\/carteira_de_trabalho_07122000711.jpg?fit=1170%2C700&ssl=1&resize=350%2C200 1x, https:\/\/i0.wp.com\/noticiasribeiraopreto.com.br\/wp-content\/uploads\/2025\/05\/carteira_de_trabalho_07122000711.jpg?fit=1170%2C700&ssl=1&resize=525%2C300 1.5x, https:\/\/i0.wp.com\/noticiasribeiraopreto.com.br\/wp-content\/uploads\/2025\/05\/carteira_de_trabalho_07122000711.jpg?fit=1170%2C700&ssl=1&resize=700%2C400 2x, https:\/\/i0.wp.com\/noticiasribeiraopreto.com.br\/wp-content\/uploads\/2025\/05\/carteira_de_trabalho_07122000711.jpg?fit=1170%2C700&ssl=1&resize=1050%2C600 3x"},"classes":[]},{"id":53169,"url":"https:\/\/noticiasribeiraopreto.com.br\/index.php\/2024\/06\/17\/trabalho-sem-carteira-assinada-conheca-os-direitos\/","url_meta":{"origin":47280,"position":2},"title":"Trabalho sem carteira assinada: conhe\u00e7a os direitos","author":"noticiasribeiraopreto.com.br","date":"17 de June de 2024","format":false,"excerpt":"O mercado de trabalho possibilita diversas modalidades de atua\u00e7\u00e3o, desde a contrata\u00e7\u00e3o CLT a presta\u00e7\u00e3o de servi\u00e7os ou, at\u00e9 mesmo, trabalho informal.\u00a0Cada tipo de contrato deve seguir normas determinadas para garantir os direitos, deveres e benef\u00edcios de todos os envolvidos. O trabalho sem\u00a0carteira assinada\u00a0n\u00e3o \u00e9 uma pr\u00e1tica ilegal, mas deve\u2026","rel":"","context":"In &quot;Blog&quot;","block_context":{"text":"Blog","link":"https:\/\/noticiasribeiraopreto.com.br\/index.php\/category\/blog\/"},"img":{"alt_text":"","src":"https:\/\/i0.wp.com\/noticiasribeiraopreto.com.br\/wp-content\/uploads\/2024\/06\/Trabalho-sem-carteira-assinada.png?fit=1200%2C627&ssl=1&resize=350%2C200","width":350,"height":200,"srcset":"https:\/\/i0.wp.com\/noticiasribeiraopreto.com.br\/wp-content\/uploads\/2024\/06\/Trabalho-sem-carteira-assinada.png?fit=1200%2C627&ssl=1&resize=350%2C200 1x, https:\/\/i0.wp.com\/noticiasribeiraopreto.com.br\/wp-content\/uploads\/2024\/06\/Trabalho-sem-carteira-assinada.png?fit=1200%2C627&ssl=1&resize=525%2C300 1.5x, https:\/\/i0.wp.com\/noticiasribeiraopreto.com.br\/wp-content\/uploads\/2024\/06\/Trabalho-sem-carteira-assinada.png?fit=1200%2C627&ssl=1&resize=700%2C400 2x, https:\/\/i0.wp.com\/noticiasribeiraopreto.com.br\/wp-content\/uploads\/2024\/06\/Trabalho-sem-carteira-assinada.png?fit=1200%2C627&ssl=1&resize=1050%2C600 3x"},"classes":[]},{"id":23332,"url":"https:\/\/noticiasribeiraopreto.com.br\/index.php\/2024\/01\/02\/demissao-sem-justa-causa-7-direitos-que-todo-trabalhador-tem\/","url_meta":{"origin":47280,"position":3},"title":"Demiss\u00e3o sem justa causa: 7 direitos que todo trabalhador tem","author":"noticiasribeiraopreto.com.br","date":"2 de January de 2024","format":false,"excerpt":"A demiss\u00e3o sem justa causa \u00e9 aquela em que o empregador decide encerrar o contrato de trabalho sem que o empregado tenha cometido uma falta grave. Nesse caso, a empresa n\u00e3o precisa apresentar um motivo para a dispensa, mas deve cumprir com as obriga\u00e7\u00f5es trabalhistas previstas na lei. Mas voc\u00ea\u2026","rel":"","context":"In &quot;Vagas de Emprego em Ribeir\u00e3o Preto-SP&quot;","block_context":{"text":"Vagas de Emprego em Ribeir\u00e3o Preto-SP","link":"https:\/\/noticiasribeiraopreto.com.br\/index.php\/category\/empregos-classificados-vagas-trabalho\/vagas-de-empregos-em-ribeirao-preto-regiao-brasil\/"},"img":{"alt_text":"","src":"https:\/\/i0.wp.com\/noticiasribeiraopreto.com.br\/wp-content\/uploads\/2024\/01\/noticiasconcursos.com_.br-demissao-sem-justa-causa-7-direitos-que-todo-trabalhador-tem-reproducao-canva-16.jpg?fit=1200%2C800&ssl=1&resize=350%2C200","width":350,"height":200,"srcset":"https:\/\/i0.wp.com\/noticiasribeiraopreto.com.br\/wp-content\/uploads\/2024\/01\/noticiasconcursos.com_.br-demissao-sem-justa-causa-7-direitos-que-todo-trabalhador-tem-reproducao-canva-16.jpg?fit=1200%2C800&ssl=1&resize=350%2C200 1x, https:\/\/i0.wp.com\/noticiasribeiraopreto.com.br\/wp-content\/uploads\/2024\/01\/noticiasconcursos.com_.br-demissao-sem-justa-causa-7-direitos-que-todo-trabalhador-tem-reproducao-canva-16.jpg?fit=1200%2C800&ssl=1&resize=525%2C300 1.5x, https:\/\/i0.wp.com\/noticiasribeiraopreto.com.br\/wp-content\/uploads\/2024\/01\/noticiasconcursos.com_.br-demissao-sem-justa-causa-7-direitos-que-todo-trabalhador-tem-reproducao-canva-16.jpg?fit=1200%2C800&ssl=1&resize=700%2C400 2x, https:\/\/i0.wp.com\/noticiasribeiraopreto.com.br\/wp-content\/uploads\/2024\/01\/noticiasconcursos.com_.br-demissao-sem-justa-causa-7-direitos-que-todo-trabalhador-tem-reproducao-canva-16.jpg?fit=1200%2C800&ssl=1&resize=1050%2C600 3x"},"classes":[]},{"id":21796,"url":"https:\/\/noticiasribeiraopreto.com.br\/index.php\/2023\/12\/28\/ultimo-dia-para-trabalhador-com-carteira-assinada-sacar-bonus-de-ate-r-1-320\/","url_meta":{"origin":47280,"position":4},"title":"\u00daLTIMO DIA para trabalhador com carteira assinada sacar b\u00f4nus de at\u00e9 R$ 1.320","author":"noticiasribeiraopreto.com.br","date":"28 de December de 2023","format":false,"excerpt":"Nesta quinta-feira (28) \u00e9 o \u00faltimo dia para o trabalhador com carteira assinada realizar o saque do b\u00f4nus de at\u00e9 R$ 1.320. O Pis 2023 \u00e9 pago aos profissionais que receberam, em m\u00e9dia, at\u00e9 dois sal\u00e1rios m\u00ednimos mensais e cumpriram os requisitos estabelecidos na lei. Al\u00e9m deste grupo, os herdeiros\u2026","rel":"","context":"In &quot;Vagas de Emprego em Ribeir\u00e3o Preto-SP&quot;","block_context":{"text":"Vagas de Emprego em Ribeir\u00e3o Preto-SP","link":"https:\/\/noticiasribeiraopreto.com.br\/index.php\/category\/empregos-classificados-vagas-trabalho\/vagas-de-empregos-em-ribeirao-preto-regiao-brasil\/"},"img":{"alt_text":"","src":"https:\/\/i0.wp.com\/noticiasribeiraopreto.com.br\/wp-content\/uploads\/2023\/12\/1703784535_dinheiro-novo-agencia-brasil-1.jpg?fit=1200%2C675&ssl=1&resize=350%2C200","width":350,"height":200,"srcset":"https:\/\/i0.wp.com\/noticiasribeiraopreto.com.br\/wp-content\/uploads\/2023\/12\/1703784535_dinheiro-novo-agencia-brasil-1.jpg?fit=1200%2C675&ssl=1&resize=350%2C200 1x, https:\/\/i0.wp.com\/noticiasribeiraopreto.com.br\/wp-content\/uploads\/2023\/12\/1703784535_dinheiro-novo-agencia-brasil-1.jpg?fit=1200%2C675&ssl=1&resize=525%2C300 1.5x, https:\/\/i0.wp.com\/noticiasribeiraopreto.com.br\/wp-content\/uploads\/2023\/12\/1703784535_dinheiro-novo-agencia-brasil-1.jpg?fit=1200%2C675&ssl=1&resize=700%2C400 2x, https:\/\/i0.wp.com\/noticiasribeiraopreto.com.br\/wp-content\/uploads\/2023\/12\/1703784535_dinheiro-novo-agencia-brasil-1.jpg?fit=1200%2C675&ssl=1&resize=1050%2C600 3x"},"classes":[]},{"id":20806,"url":"https:\/\/noticiasribeiraopreto.com.br\/index.php\/2023\/12\/26\/atencao-prazo-para-86-mil-brasileiros-sacarem-o-pis-2023-termina-nesta-quinta-feira-28-2\/","url_meta":{"origin":47280,"position":5},"title":"ATEN\u00c7\u00c3O! Prazo para 86 mil brasileiros sacarem o Pis 2023 termina nesta quinta-feira (28)","author":"noticiasribeiraopreto.com.br","date":"26 de December de 2023","format":false,"excerpt":"O prazo para sacar o abono salarial PIS 2023 termina em 28 de dezembro, nesta quinta-feira, para 86 mil brasileiros. O benef\u00edcio \u00e9 pago aos trabalhadores que receberam, em m\u00e9dia, at\u00e9 dois sal\u00e1rios m\u00ednimos mensais com carteira assinada e cumpriram os requisitos estabelecidos na lei. Com isso, os herdeiros podem\u2026","rel":"","context":"In &quot;Vagas de Emprego em Ribeir\u00e3o Preto-SP&quot;","block_context":{"text":"Vagas de Emprego em Ribeir\u00e3o Preto-SP","link":"https:\/\/noticiasribeiraopreto.com.br\/index.php\/category\/empregos-classificados-vagas-trabalho\/vagas-de-empregos-em-ribeirao-preto-regiao-brasil\/"},"img":{"alt_text":"","src":"https:\/\/i0.wp.com\/noticiasribeiraopreto.com.br\/wp-content\/uploads\/2023\/12\/1703613678_real-notas-de-dinheiro-60.jpg?fit=1200%2C675&ssl=1&resize=350%2C200","width":350,"height":200,"srcset":"https:\/\/i0.wp.com\/noticiasribeiraopreto.com.br\/wp-content\/uploads\/2023\/12\/1703613678_real-notas-de-dinheiro-60.jpg?fit=1200%2C675&ssl=1&resize=350%2C200 1x, https:\/\/i0.wp.com\/noticiasribeiraopreto.com.br\/wp-content\/uploads\/2023\/12\/1703613678_real-notas-de-dinheiro-60.jpg?fit=1200%2C675&ssl=1&resize=525%2C300 1.5x, https:\/\/i0.wp.com\/noticiasribeiraopreto.com.br\/wp-content\/uploads\/2023\/12\/1703613678_real-notas-de-dinheiro-60.jpg?fit=1200%2C675&ssl=1&resize=700%2C400 2x, https:\/\/i0.wp.com\/noticiasribeiraopreto.com.br\/wp-content\/uploads\/2023\/12\/1703613678_real-notas-de-dinheiro-60.jpg?fit=1200%2C675&ssl=1&resize=1050%2C600 3x"},"classes":[]}],"jetpack_sharing_enabled":true,"jetpack_shortlink":"https:\/\/wp.me\/peQAOb-ciA","_links":{"self":[{"href":"https:\/\/noticiasribeiraopreto.com.br\/index.php\/wp-json\/wp\/v2\/posts\/47280","targetHints":{"allow":["GET"]}}],"collection":[{"href":"https:\/\/noticiasribeiraopreto.com.br\/index.php\/wp-json\/wp\/v2\/posts"}],"about":[{"href":"https:\/\/noticiasribeiraopreto.com.br\/index.php\/wp-json\/wp\/v2\/types\/post"}],"author":[{"embeddable":true,"href":"https:\/\/noticiasribeiraopreto.com.br\/index.php\/wp-json\/wp\/v2\/users\/1"}],"replies":[{"embeddable":true,"href":"https:\/\/noticiasribeiraopreto.com.br\/index.php\/wp-json\/wp\/v2\/comments?post=47280"}],"version-history":[{"count":0,"href":"https:\/\/noticiasribeiraopreto.com.br\/index.php\/wp-json\/wp\/v2\/posts\/47280\/revisions"}],"wp:featuredmedia":[{"embeddable":true,"href":"https:\/\/noticiasribeiraopreto.com.br\/index.php\/wp-json\/wp\/v2\/media\/47281"}],"wp:attachment":[{"href":"https:\/\/noticiasribeiraopreto.com.br\/index.php\/wp-json\/wp\/v2\/media?parent=47280"}],"wp:term":[{"taxonomy":"category","embeddable":true,"href":"https:\/\/noticiasribeiraopreto.com.br\/index.php\/wp-json\/wp\/v2\/categories?post=47280"},{"taxonomy":"post_tag","embeddable":true,"href":"https:\/\/noticiasribeiraopreto.com.br\/index.php\/wp-json\/wp\/v2\/tags?post=47280"}],"curies":[{"name":"wp","href":"https:\/\/api.w.org\/{rel}","templated":true}]}}