{"id":47284,"date":"2024-04-25T04:55:20","date_gmt":"2024-04-25T07:55:20","guid":{"rendered":"https:\/\/noticiasribeiraopreto.com.br\/index.php\/2024\/04\/25\/veja-como-garantir-seu-ingresso-para-o-show-da-elba-ramalho-em-ribeirao-preto\/"},"modified":"2024-04-25T04:55:20","modified_gmt":"2024-04-25T07:55:20","slug":"veja-como-garantir-seu-ingresso-para-o-show-da-elba-ramalho-em-ribeirao-preto","status":"publish","type":"post","link":"https:\/\/noticiasribeiraopreto.com.br\/index.php\/2024\/04\/25\/veja-como-garantir-seu-ingresso-para-o-show-da-elba-ramalho-em-ribeirao-preto\/","title":{"rendered":"Veja como garantir seu ingresso para o show da Elba Ramalho em Ribeir\u00e3o Preto"},"content":{"rendered":"<div class='code-block code-block-1' style='margin: 8px 0 8px auto; text-align: right; display: block; clear: both;'>\n<p><a href=\"https:\/\/wa.link\/vpicfd\"><img data-recalc-dims=\"1\" class=\"wp-image-4922\" style=\"aspect-ratio: 2.0253164556962027; width: 561px; height: auto;\" src=\"https:\/\/i0.wp.com\/ismaelcolosi.com.br\/wp-content\/uploads\/2023\/11\/grupo-de-empregos-whatsapp-e-facebook-ismael-colosi-vagas.jpg?ssl=1\" alt=\"\" \/><\/a><\/p>\n<!-- \/wp:image -->\n<\/div>\n<p> <br \/>\n<\/p>\n<div data-td-block-uid=\"tdi_101\">\n<div class=\"tdb-block-inner td-fix-index\">\n<p>As <strong>reservas<\/strong> para os <strong>ingressos do show da cantora e compositora Elba Ramalho<\/strong> come\u00e7am <strong>\u00e0s 8h <\/strong>da pr\u00f3xima <strong>segunda-feira <\/strong>(29). Para garantir a entrada, os f\u00e3s devem acessar o <strong><a href=\"https:\/\/www.sesisp.org.br\/evento\/fedf92fd-e57c-4e40-b02d-7ae0ef50bca6\/elba-ramalho\" target=\"_blank\" rel=\"noreferrer noopener nofollow\">site do Sesi\/Meu Sesi<\/a><\/strong>.<\/p>\n<p>A <strong>apresenta\u00e7\u00e3o musical<\/strong>, que faz parte do <strong>Sesi M\u00fasica \u2013 S\u00e9rie Popular<\/strong>, acontece no dia<strong> 5 de maio<\/strong>, das 18h \u00e0s 20h, com <strong>entrada de gra\u00e7a<\/strong>.\u00a0<\/p>\n<h4 class=\"wp-block-heading\"><strong>Sobre Elba Ramalho<\/strong><\/h4>\n<p><strong>Elba Maria Nunes Ramalho<\/strong>, al\u00e9m de cantora e compositora, \u00e9 multi-instrumentista e atriz. Vencedora de dois pr\u00eamios\u00a0<strong>\u201cGrammy Latino\u201d\u00a0<\/strong>e do<strong>\u00a0\u201cPr\u00eamio de M\u00fasica Brasileira\u201d<\/strong>\u00a0por 16 vezes.<\/p>\n<p>Representante dos\u00a0<strong>ritmos nordestinos<\/strong>, Elba se tornou cantora por interm\u00e9dio de\u00a0<strong>Chico Buarque<\/strong>\u00a0e conviveu com grandes nomes da m\u00fasica popular como\u00a0<strong>Luiz Gonzaga<\/strong>,\u00a0<strong>Jackson do Pandeiro<\/strong>\u00a0e\u00a0<strong>Dominguinhos<\/strong>.<\/p>\n<h4 class=\"wp-block-heading\"><strong>Servi\u00e7o:<\/strong><\/h4>\n<p><strong>Elba Ramalho<\/strong><br \/>Dia: 5 de maio<br \/>Hor\u00e1rio: das 18h \u00e0s 20h<br \/>Local: Sesi Ribeir\u00e3o Preto (entrada shows) \u2013 rua: Niter\u00f3i s\/n\u00ba<br \/>Ingressos: Reservas liberadas a partir das 8h no dia 29\/04 no site do Sesi \/ Meu Sesi<\/p>\n<p>SAIBA MAIS <\/p>\n<p>Ribeir\u00e3o Preto tem show de viola caipira gratuito; Confira a programa\u00e7\u00e3o do Sesi<\/p>\n<h4 class=\"wp-block-heading\"><strong>FIQUE ON<\/strong><\/h4>\n<p>Fique ligado em tudo que acontece em Ribeir\u00e3o Preto e regi\u00e3o. Siga os perfis do\u00a0<strong>acidade on\u00a0<\/strong>no\u00a0<a href=\"https:\/\/www.instagram.com\/acidadeonribeirao\" target=\"_blank\" rel=\"noreferrer noopener\">Instagram<\/a>\u00a0e no\u00a0<a href=\"https:\/\/www.facebook.com\/acidadeonribeirao\" target=\"_blank\" rel=\"noreferrer noopener\">Facebook<\/a>.<\/p>\n<p>Receba not\u00edcias do acidade on no WhatsApp. Para entrar no grupo, basta\u00a0<a href=\"https:\/\/chat.whatsapp.com\/GFH9HUMUTHNFJdnyEd0xxq\" target=\"_blank\" rel=\"noreferrer noopener\">clicar aqui<\/a>.<\/p>\n<p>Fa\u00e7a uma den\u00fancia ou sugira uma reportagem sobre Ribeir\u00e3o Preto e regi\u00e3o pelo WhatsApp: 16 99117 7802.<\/p>\n<p>VEJA TAMB\u00c9M<br \/>Davi confirma t\u00e9rmino com Mani durante o Altas Horas<\/p>\n<p><!-- AI CONTENT END 1 -->\n<\/div>\n<\/div>\n<p><script async src=\"\/\/www.instagram.com\/embed.js\"><\/script><br \/>\n<br \/><br \/>\n<br \/><a href=\"https:\/\/www.acidadeon.com\/ribeiraopreto\/lazer-e-cultura\/veja-como-garantir-seu-ingresso-para-o-show-da-elba-ramalho-em-ribeirao-preto\/\">Source link <\/a><\/p>\n<!-- CONTENT END 1 -->\n","protected":false},"excerpt":{"rendered":"<p>As reservas para os ingressos do show da cantora e compositora Elba Ramalho come\u00e7am \u00e0s 8h da pr\u00f3xima segunda-feira (29). Para garantir a entrada, os&#8230;<\/p>\n","protected":false},"author":1,"featured_media":47285,"comment_status":"open","ping_status":"open","sticky":false,"template":"","format":"standard","meta":{"advanced_seo_description":"","jetpack_seo_html_title":"","jetpack_seo_noindex":false,"jetpack_post_was_ever_published":false,"_jetpack_newsletter_access":"","_jetpack_dont_email_post_to_subs":false,"_jetpack_newsletter_tier_id":0,"_jetpack_memberships_contains_paywalled_content":false,"_jetpack_memberships_contains_paid_content":false,"footnotes":"","jetpack_publicize_message":"","jetpack_publicize_feature_enabled":true,"jetpack_social_post_already_shared":true,"jetpack_social_options":{"image_generator_settings":{"template":"highway","default_image_id":0,"font":"","enabled":false},"version":2}},"categories":[11],"tags":[],"class_list":["post-47284","post","type-post","status-publish","format-standard","has-post-thumbnail","hentry","category-noticias-de-ribeirao-preto-sp-e-regiao-ismael-colosi"],"jetpack_publicize_connections":[],"jetpack_featured_media_url":"https:\/\/i0.wp.com\/noticiasribeiraopreto.com.br\/wp-content\/uploads\/2024\/04\/elba-ramalho.webp.webp?fit=1066%2C600&ssl=1","jetpack-related-posts":[{"id":59840,"url":"https:\/\/noticiasribeiraopreto.com.br\/index.php\/2024\/10\/30\/ze-ramalho-se-apresenta-em-ribeirao-preto-veja-quando\/","url_meta":{"origin":47284,"position":0},"title":"Z\u00e9 Ramalho se apresenta em Ribeir\u00e3o Preto; Veja quando","author":"noticiasribeiraopreto.com.br","date":"30 de October de 2024","format":false,"excerpt":"O cantor e compositor Z\u00e9 Ramalho se apresenta em Ribeir\u00e3o Preto, no dia 6 de dezembro, \u00e0s 21h, no centro de eventos Multiplan Hall, na zona Sul do munic\u00edpio. Os ingressos para apresenta\u00e7\u00e3o est\u00e3o dispon\u00edveis e podem ser adquiridos de forma on-line. Os valores variam entre R$ 155 (meia-entrada) e\u2026","rel":"","context":"In &quot;Not\u00edcias de Ribeir\u00e3o Preto-SP e Regi\u00e3o&quot;","block_context":{"text":"Not\u00edcias de Ribeir\u00e3o Preto-SP e Regi\u00e3o","link":"https:\/\/noticiasribeiraopreto.com.br\/index.php\/category\/noticias-de-ribeirao-preto-sp-e-regiao-ismael-colosi\/"},"img":{"alt_text":"","src":"https:\/\/i0.wp.com\/noticiasribeiraopreto.com.br\/wp-content\/uploads\/2024\/05\/Copia-de-Copia-de-TAMANHO-EXATO-PARA-FOTOS-NO-SISTEMA-NOVO-1_2024-05-31_20-32-02_jpg_2024-05-31_20-32-02.webp.webp?fit=1200%2C675&ssl=1&resize=350%2C200","width":350,"height":200,"srcset":"https:\/\/i0.wp.com\/noticiasribeiraopreto.com.br\/wp-content\/uploads\/2024\/05\/Copia-de-Copia-de-TAMANHO-EXATO-PARA-FOTOS-NO-SISTEMA-NOVO-1_2024-05-31_20-32-02_jpg_2024-05-31_20-32-02.webp.webp?fit=1200%2C675&ssl=1&resize=350%2C200 1x, https:\/\/i0.wp.com\/noticiasribeiraopreto.com.br\/wp-content\/uploads\/2024\/05\/Copia-de-Copia-de-TAMANHO-EXATO-PARA-FOTOS-NO-SISTEMA-NOVO-1_2024-05-31_20-32-02_jpg_2024-05-31_20-32-02.webp.webp?fit=1200%2C675&ssl=1&resize=525%2C300 1.5x, https:\/\/i0.wp.com\/noticiasribeiraopreto.com.br\/wp-content\/uploads\/2024\/05\/Copia-de-Copia-de-TAMANHO-EXATO-PARA-FOTOS-NO-SISTEMA-NOVO-1_2024-05-31_20-32-02_jpg_2024-05-31_20-32-02.webp.webp?fit=1200%2C675&ssl=1&resize=700%2C400 2x, https:\/\/i0.wp.com\/noticiasribeiraopreto.com.br\/wp-content\/uploads\/2024\/05\/Copia-de-Copia-de-TAMANHO-EXATO-PARA-FOTOS-NO-SISTEMA-NOVO-1_2024-05-31_20-32-02_jpg_2024-05-31_20-32-02.webp.webp?fit=1200%2C675&ssl=1&resize=1050%2C600 3x"},"classes":[]},{"id":51895,"url":"https:\/\/noticiasribeiraopreto.com.br\/index.php\/2024\/05\/31\/ze-ramalho-e-vanessa-da-mata-fazem-shows-em-tradicional-festival-na-regiao-de-ribeirao-preto\/","url_meta":{"origin":47284,"position":1},"title":"Z\u00e9 Ramalho e Vanessa da Mata fazem shows em tradicional festival na regi\u00e3o de Ribeir\u00e3o Preto","author":"noticiasribeiraopreto.com.br","date":"31 de May de 2024","format":false,"excerpt":"O cantor Z\u00e9 Ramalho e a cantora Vanessa da Mata fazem shows neste s\u00e1bado (1), no \u201cFestival da Lua Cheia\u201d, que acontece em Altin\u00f3polis, na regi\u00e3o de Ribeir\u00e3o Preto. As apresenta\u00e7\u00f5es musicais de grandes nomes da m\u00fasica brasileira seguem at\u00e9 domingo (2), durante a 32\u00aa edi\u00e7\u00e3o do festival (veja abaixo).\u2026","rel":"","context":"In &quot;Not\u00edcias de Ribeir\u00e3o Preto-SP e Regi\u00e3o&quot;","block_context":{"text":"Not\u00edcias de Ribeir\u00e3o Preto-SP e Regi\u00e3o","link":"https:\/\/noticiasribeiraopreto.com.br\/index.php\/category\/noticias-de-ribeirao-preto-sp-e-regiao-ismael-colosi\/"},"img":{"alt_text":"","src":"https:\/\/i0.wp.com\/noticiasribeiraopreto.com.br\/wp-content\/uploads\/2024\/05\/Copia-de-Copia-de-TAMANHO-EXATO-PARA-FOTOS-NO-SISTEMA-NOVO-1_2024-05-31_20-32-02_jpg_2024-05-31_20-32-02.webp.webp?fit=1200%2C675&ssl=1&resize=350%2C200","width":350,"height":200,"srcset":"https:\/\/i0.wp.com\/noticiasribeiraopreto.com.br\/wp-content\/uploads\/2024\/05\/Copia-de-Copia-de-TAMANHO-EXATO-PARA-FOTOS-NO-SISTEMA-NOVO-1_2024-05-31_20-32-02_jpg_2024-05-31_20-32-02.webp.webp?fit=1200%2C675&ssl=1&resize=350%2C200 1x, https:\/\/i0.wp.com\/noticiasribeiraopreto.com.br\/wp-content\/uploads\/2024\/05\/Copia-de-Copia-de-TAMANHO-EXATO-PARA-FOTOS-NO-SISTEMA-NOVO-1_2024-05-31_20-32-02_jpg_2024-05-31_20-32-02.webp.webp?fit=1200%2C675&ssl=1&resize=525%2C300 1.5x, https:\/\/i0.wp.com\/noticiasribeiraopreto.com.br\/wp-content\/uploads\/2024\/05\/Copia-de-Copia-de-TAMANHO-EXATO-PARA-FOTOS-NO-SISTEMA-NOVO-1_2024-05-31_20-32-02_jpg_2024-05-31_20-32-02.webp.webp?fit=1200%2C675&ssl=1&resize=700%2C400 2x, https:\/\/i0.wp.com\/noticiasribeiraopreto.com.br\/wp-content\/uploads\/2024\/05\/Copia-de-Copia-de-TAMANHO-EXATO-PARA-FOTOS-NO-SISTEMA-NOVO-1_2024-05-31_20-32-02_jpg_2024-05-31_20-32-02.webp.webp?fit=1200%2C675&ssl=1&resize=1050%2C600 3x"},"classes":[]},{"id":61217,"url":"https:\/\/noticiasribeiraopreto.com.br\/index.php\/2024\/12\/06\/vintage-culture-ze-ramalho-e-roberta-sa-confira-o-que-fazer-no-fim-de-semana-em-ribeirao\/","url_meta":{"origin":47284,"position":2},"title":"Vintage Culture, Z\u00e9 Ramalho e Roberta S\u00e1: Confira o que fazer no fim de semana em Ribeir\u00e3o","author":"noticiasribeiraopreto.com.br","date":"6 de December de 2024","format":false,"excerpt":"O primeiro fim de semana do m\u00eas de dezembro chegou! Ribeir\u00e3o Preto conta com diversas atividades para quem quer curtir o fim de semana. Os destaques da programa\u00e7\u00e3o s\u00e3o os shows de Vintage Culture, Z\u00e9 Ramalho e Roberta S\u00e1. Vintage Culture O\u00a0\u00a0DJ Vintage Culture se apresenta na Arena Nicnet\/est\u00e1dio Santa\u2026","rel":"","context":"In &quot;Not\u00edcias de Ribeir\u00e3o Preto-SP e Regi\u00e3o&quot;","block_context":{"text":"Not\u00edcias de Ribeir\u00e3o Preto-SP e Regi\u00e3o","link":"https:\/\/noticiasribeiraopreto.com.br\/index.php\/category\/noticias-de-ribeirao-preto-sp-e-regiao-ismael-colosi\/"},"img":{"alt_text":"","src":"https:\/\/i0.wp.com\/noticiasribeiraopreto.com.br\/wp-content\/uploads\/2024\/12\/vintage-culture_2024-12-06_14-08-55_jpeg_2024-12-06_14-08-55.webp.webp?fit=1200%2C675&ssl=1&resize=350%2C200","width":350,"height":200,"srcset":"https:\/\/i0.wp.com\/noticiasribeiraopreto.com.br\/wp-content\/uploads\/2024\/12\/vintage-culture_2024-12-06_14-08-55_jpeg_2024-12-06_14-08-55.webp.webp?fit=1200%2C675&ssl=1&resize=350%2C200 1x, https:\/\/i0.wp.com\/noticiasribeiraopreto.com.br\/wp-content\/uploads\/2024\/12\/vintage-culture_2024-12-06_14-08-55_jpeg_2024-12-06_14-08-55.webp.webp?fit=1200%2C675&ssl=1&resize=525%2C300 1.5x, https:\/\/i0.wp.com\/noticiasribeiraopreto.com.br\/wp-content\/uploads\/2024\/12\/vintage-culture_2024-12-06_14-08-55_jpeg_2024-12-06_14-08-55.webp.webp?fit=1200%2C675&ssl=1&resize=700%2C400 2x, https:\/\/i0.wp.com\/noticiasribeiraopreto.com.br\/wp-content\/uploads\/2024\/12\/vintage-culture_2024-12-06_14-08-55_jpeg_2024-12-06_14-08-55.webp.webp?fit=1200%2C675&ssl=1&resize=1050%2C600 3x"},"classes":[]},{"id":60130,"url":"https:\/\/noticiasribeiraopreto.com.br\/index.php\/2024\/11\/06\/rael-realiza-show-com-entrada-gratuita-em-ribeirao-preto\/","url_meta":{"origin":47284,"position":3},"title":"Rael realiza show com entrada gratuita em Ribeir\u00e3o Preto","author":"noticiasribeiraopreto.com.br","date":"6 de November de 2024","format":false,"excerpt":"O rapper Rael vai se apresentar no Sesi Ribeir\u00e3o Preto no pr\u00f3ximo dia 24 de novembro, a partir das 18h, com entrada gratuita. O artista vem de uma performance elogiada no Lollapalooza 2024. O cantor e compositor paulistano foi reconhecido como \u201cMelhor Cantor de Pop \/ Rock \/ Reggae \/\u2026","rel":"","context":"In &quot;Not\u00edcias de Ribeir\u00e3o Preto-SP e Regi\u00e3o&quot;","block_context":{"text":"Not\u00edcias de Ribeir\u00e3o Preto-SP e Regi\u00e3o","link":"https:\/\/noticiasribeiraopreto.com.br\/index.php\/category\/noticias-de-ribeirao-preto-sp-e-regiao-ismael-colosi\/"},"img":{"alt_text":"","src":"https:\/\/i0.wp.com\/noticiasribeiraopreto.com.br\/wp-content\/uploads\/2024\/11\/rael_2024-11-06_19-40-34_jpg_2024-11-06_19-40-34.webp.webp?fit=970%2C612&ssl=1&resize=350%2C200","width":350,"height":200,"srcset":"https:\/\/i0.wp.com\/noticiasribeiraopreto.com.br\/wp-content\/uploads\/2024\/11\/rael_2024-11-06_19-40-34_jpg_2024-11-06_19-40-34.webp.webp?fit=970%2C612&ssl=1&resize=350%2C200 1x, https:\/\/i0.wp.com\/noticiasribeiraopreto.com.br\/wp-content\/uploads\/2024\/11\/rael_2024-11-06_19-40-34_jpg_2024-11-06_19-40-34.webp.webp?fit=970%2C612&ssl=1&resize=525%2C300 1.5x, https:\/\/i0.wp.com\/noticiasribeiraopreto.com.br\/wp-content\/uploads\/2024\/11\/rael_2024-11-06_19-40-34_jpg_2024-11-06_19-40-34.webp.webp?fit=970%2C612&ssl=1&resize=700%2C400 2x"},"classes":[]},{"id":61036,"url":"https:\/\/noticiasribeiraopreto.com.br\/index.php\/2024\/12\/02\/ze-ramalho-se-apresenta-em-ribeirao-preto-nesta-semana-ainda-ha-ingressos\/","url_meta":{"origin":47284,"position":4},"title":"Z\u00e9 Ramalho se apresenta em Ribeir\u00e3o Preto nesta semana; Ainda h\u00e1 ingressos","author":"noticiasribeiraopreto.com.br","date":"2 de December de 2024","format":false,"excerpt":"A apresenta\u00e7\u00e3o do cantor e compositor Z\u00e9 Ramalho em Ribeir\u00e3o Preto acontece nesta sexta-feira (6), \u00e0s 21h, no Multiplan Hall, zona Sul do munic\u00edpio. Ainda h\u00e1 ingressos dispon\u00edveis (veja como comprar abaixo). O artista \u00e9 conhecido pelo seu estilo musical que re\u00fane cultura nordestina, rock e da Jovem Guarda. Z\u00e9\u2026","rel":"","context":"In &quot;Not\u00edcias de Ribeir\u00e3o Preto-SP e Regi\u00e3o&quot;","block_context":{"text":"Not\u00edcias de Ribeir\u00e3o Preto-SP e Regi\u00e3o","link":"https:\/\/noticiasribeiraopreto.com.br\/index.php\/category\/noticias-de-ribeirao-preto-sp-e-regiao-ismael-colosi\/"},"img":{"alt_text":"","src":"https:\/\/i0.wp.com\/noticiasribeiraopreto.com.br\/wp-content\/uploads\/2024\/05\/Copia-de-Copia-de-TAMANHO-EXATO-PARA-FOTOS-NO-SISTEMA-NOVO-1_2024-05-31_20-32-02_jpg_2024-05-31_20-32-02.webp.webp?fit=1200%2C675&ssl=1&resize=350%2C200","width":350,"height":200,"srcset":"https:\/\/i0.wp.com\/noticiasribeiraopreto.com.br\/wp-content\/uploads\/2024\/05\/Copia-de-Copia-de-TAMANHO-EXATO-PARA-FOTOS-NO-SISTEMA-NOVO-1_2024-05-31_20-32-02_jpg_2024-05-31_20-32-02.webp.webp?fit=1200%2C675&ssl=1&resize=350%2C200 1x, https:\/\/i0.wp.com\/noticiasribeiraopreto.com.br\/wp-content\/uploads\/2024\/05\/Copia-de-Copia-de-TAMANHO-EXATO-PARA-FOTOS-NO-SISTEMA-NOVO-1_2024-05-31_20-32-02_jpg_2024-05-31_20-32-02.webp.webp?fit=1200%2C675&ssl=1&resize=525%2C300 1.5x, https:\/\/i0.wp.com\/noticiasribeiraopreto.com.br\/wp-content\/uploads\/2024\/05\/Copia-de-Copia-de-TAMANHO-EXATO-PARA-FOTOS-NO-SISTEMA-NOVO-1_2024-05-31_20-32-02_jpg_2024-05-31_20-32-02.webp.webp?fit=1200%2C675&ssl=1&resize=700%2C400 2x, https:\/\/i0.wp.com\/noticiasribeiraopreto.com.br\/wp-content\/uploads\/2024\/05\/Copia-de-Copia-de-TAMANHO-EXATO-PARA-FOTOS-NO-SISTEMA-NOVO-1_2024-05-31_20-32-02_jpg_2024-05-31_20-32-02.webp.webp?fit=1200%2C675&ssl=1&resize=1050%2C600 3x"},"classes":[]},{"id":77444,"url":"https:\/\/noticiasribeiraopreto.com.br\/index.php\/2025\/09\/18\/fernanda-marx-apresenta-refazendo-gonzaguinha-no-sesi-ribeirao-preto\/","url_meta":{"origin":47284,"position":5},"title":"Fernanda Marx apresenta &#8216;Refazendo Gonzaguinha&#8217; no Sesi Ribeir\u00e3o Preto","author":"noticiasribeiraopreto.com.br","date":"18 de September de 2025","format":false,"excerpt":"Em homenagem aos 80 anos de nascimento de Gonzaguinha, a cantora e compositora Fernanda Marx leva o espet\u00e1culo \u201cRefazendo Gonzaguinha\u201d para o Teatro do Sesi Ribeir\u00e3o Preto na sexta-feira (19), \u00e0s 20h. A entrada \u00e9 gratuita, com reserva de ingressos pelo site do Sesi (clique aqui). Estreado em 2014, o\u2026","rel":"","context":"In &quot;Not\u00edcias de Ribeir\u00e3o Preto-SP e Regi\u00e3o&quot;","block_context":{"text":"Not\u00edcias de Ribeir\u00e3o Preto-SP e Regi\u00e3o","link":"https:\/\/noticiasribeiraopreto.com.br\/index.php\/category\/noticias-de-ribeirao-preto-sp-e-regiao-ismael-colosi\/"},"img":{"alt_text":"","src":"https:\/\/i0.wp.com\/noticiasribeiraopreto.com.br\/wp-content\/uploads\/2025\/09\/Design-sem-nome-4-1_2025-09-18_14-52-51.webp.webp?fit=1200%2C1200&ssl=1&resize=350%2C200","width":350,"height":200,"srcset":"https:\/\/i0.wp.com\/noticiasribeiraopreto.com.br\/wp-content\/uploads\/2025\/09\/Design-sem-nome-4-1_2025-09-18_14-52-51.webp.webp?fit=1200%2C1200&ssl=1&resize=350%2C200 1x, https:\/\/i0.wp.com\/noticiasribeiraopreto.com.br\/wp-content\/uploads\/2025\/09\/Design-sem-nome-4-1_2025-09-18_14-52-51.webp.webp?fit=1200%2C1200&ssl=1&resize=525%2C300 1.5x, https:\/\/i0.wp.com\/noticiasribeiraopreto.com.br\/wp-content\/uploads\/2025\/09\/Design-sem-nome-4-1_2025-09-18_14-52-51.webp.webp?fit=1200%2C1200&ssl=1&resize=700%2C400 2x, https:\/\/i0.wp.com\/noticiasribeiraopreto.com.br\/wp-content\/uploads\/2025\/09\/Design-sem-nome-4-1_2025-09-18_14-52-51.webp.webp?fit=1200%2C1200&ssl=1&resize=1050%2C600 3x"},"classes":[]}],"jetpack_sharing_enabled":true,"jetpack_shortlink":"https:\/\/wp.me\/peQAOb-ciE","_links":{"self":[{"href":"https:\/\/noticiasribeiraopreto.com.br\/index.php\/wp-json\/wp\/v2\/posts\/47284","targetHints":{"allow":["GET"]}}],"collection":[{"href":"https:\/\/noticiasribeiraopreto.com.br\/index.php\/wp-json\/wp\/v2\/posts"}],"about":[{"href":"https:\/\/noticiasribeiraopreto.com.br\/index.php\/wp-json\/wp\/v2\/types\/post"}],"author":[{"embeddable":true,"href":"https:\/\/noticiasribeiraopreto.com.br\/index.php\/wp-json\/wp\/v2\/users\/1"}],"replies":[{"embeddable":true,"href":"https:\/\/noticiasribeiraopreto.com.br\/index.php\/wp-json\/wp\/v2\/comments?post=47284"}],"version-history":[{"count":0,"href":"https:\/\/noticiasribeiraopreto.com.br\/index.php\/wp-json\/wp\/v2\/posts\/47284\/revisions"}],"wp:featuredmedia":[{"embeddable":true,"href":"https:\/\/noticiasribeiraopreto.com.br\/index.php\/wp-json\/wp\/v2\/media\/47285"}],"wp:attachment":[{"href":"https:\/\/noticiasribeiraopreto.com.br\/index.php\/wp-json\/wp\/v2\/media?parent=47284"}],"wp:term":[{"taxonomy":"category","embeddable":true,"href":"https:\/\/noticiasribeiraopreto.com.br\/index.php\/wp-json\/wp\/v2\/categories?post=47284"},{"taxonomy":"post_tag","embeddable":true,"href":"https:\/\/noticiasribeiraopreto.com.br\/index.php\/wp-json\/wp\/v2\/tags?post=47284"}],"curies":[{"name":"wp","href":"https:\/\/api.w.org\/{rel}","templated":true}]}}