{"id":47327,"date":"2024-04-25T06:43:29","date_gmt":"2024-04-25T09:43:29","guid":{"rendered":"https:\/\/noticiasribeiraopreto.com.br\/index.php\/2024\/04\/25\/linkedin-as-25-top-empresas-para-crescer-na-carreira\/"},"modified":"2024-04-25T06:43:29","modified_gmt":"2024-04-25T09:43:29","slug":"linkedin-as-25-top-empresas-para-crescer-na-carreira","status":"publish","type":"post","link":"https:\/\/noticiasribeiraopreto.com.br\/index.php\/2024\/04\/25\/linkedin-as-25-top-empresas-para-crescer-na-carreira\/","title":{"rendered":"LinkedIn: as 25 top empresas para crescer na carreira"},"content":{"rendered":"<div class='code-block code-block-1' style='margin: 8px 0 8px auto; text-align: right; display: block; clear: both;'>\n<p><a href=\"https:\/\/wa.link\/vpicfd\"><img data-recalc-dims=\"1\" class=\"wp-image-4922\" style=\"aspect-ratio: 2.0253164556962027; width: 561px; height: auto;\" src=\"https:\/\/i0.wp.com\/ismaelcolosi.com.br\/wp-content\/uploads\/2023\/11\/grupo-de-empregos-whatsapp-e-facebook-ismael-colosi-vagas.jpg?ssl=1\" alt=\"\" \/><\/a><\/p>\n<!-- \/wp:image -->\n<\/div>\n<p> <br \/>\n<\/p>\n<div>\n<div id=\"attachment_606145\" class=\"wp-caption alignnone style=\" max-width:=\"\"><img data-recalc-dims=\"1\" fetchpriority=\"high\" decoding=\"async\" class=\"alignnone wp-image-606145 size-full\" src=\"https:\/\/i0.wp.com\/forbes.com.br\/wp-content\/uploads\/2024\/04\/carreira-trabalho-crescimento-768x512.jpg?resize=678%2C452&#038;ssl=1\" http:=\"\" alt=\"Getty Images\" width=\"678\" height=\"452\" data-lazy-src=\"https:\/\/forbes.com.br\/wp-content\/uploads\/2024\/04\/carreira-trabalho-crescimento-768x512.jpg\"\/><img data-recalc-dims=\"1\" fetchpriority=\"high\" decoding=\"async\" class=\"alignnone wp-image-606145 size-full\" src=\"https:\/\/i0.wp.com\/forbes.com.br\/wp-content\/uploads\/2024\/04\/carreira-trabalho-crescimento-768x512.jpg?resize=678%2C452&#038;ssl=1\" alt=\"Getty Images\" width=\"678\" height=\"452\"\/><\/p>\n<p>Getty Images<\/p>\n<p class=\"wp-caption-text\">Lista do LinkedIn das melhores empresas para crescer profissionalmente \u00e9 liderada pelo Ita\u00fa Unibanco desde 2018<\/p>\n<\/div>\n<p><span style=\"font-weight: 400;\">O<strong> LinkedIn<\/strong> acaba de publicar sua <strong><a href=\"https:\/\/www.linkedin.com\/pulse\/top-companies-2024-25-melhores-empresas-com-mais-de-lpagc\/?trackingId=y7KWDoEQQ8qI7w7BTRizPA%3D%3D\" target=\"_blank\" rel=\"noopener\">lista anual<\/a> das 25 melhores companhias para quem quer se desenvolver profissionalmente no Brasil.<\/strong><\/span><\/p>\n<p><span style=\"font-weight: 400;\">A metodologia do levantamento levou em considera\u00e7\u00e3o o crescimento profissional dos funcion\u00e1rios quando estavam na empresa ou quando sa\u00edram dela, al\u00e9m das habilidades adquiridas durante a contrata\u00e7\u00e3o. \u201c\u00c9 um \u00f3timo recurso para quem est\u00e1 come\u00e7ando na carreira, buscando novas oportunidades ou pensando em mudar de \u00e1rea\u201d, diz Guilherme Odri, editor-chefe do LinkedIn Not\u00edcias Brasil.\u00a0<\/span><\/p>\n<ul>\n<li>\n<h4>Siga o canal da <a href=\"https:\/\/whatsapp.com\/channel\/0029Va9gQKwBFLgM96cJnu0u\" target=\"_blank\" rel=\"noopener\">Forbes<\/a> e de <a href=\"https:\/\/whatsapp.com\/channel\/0029VaAZk57JuyA9F4UwQc2I\" target=\"_blank\" rel=\"noopener\">Forbes Money<\/a> no WhatsApp e receba as principais not\u00edcias sobre neg\u00f3cios, carreira, tecnologia e estilo de vida<\/h4>\n<\/li>\n<\/ul>\n<p><span style=\"font-weight: 400;\">Bancos, empresas de TI e de petr\u00f3leo e g\u00e1s se destacam na lista deste ano, liderada pelo Ita\u00fa Unibanco desde 2018. Na sequ\u00eancia, aparecem Bain &amp; Company, Banco Bradesco e Banco do Brasil. \u201cGlobalmente, a ind\u00fastria financeira segue bastante forte. As empresas do setor representam 25% dos rankings globais, enquanto no ano passado a porcentagem foi de 13%\u201d, avalia Odri.\u00a0\u00a0\u00a0\u00a0<\/span><\/p>\n<p><span style=\"font-weight: 400;\">Foram analisados oito pilares: capacidade de avan\u00e7o profissional, desenvolvimento de compet\u00eancias, estabilidade, oportunidades externas,\u00a0 afinidade com a empresa, diversidade de g\u00eanero, forma\u00e7\u00e3o acad\u00eamica e a presen\u00e7a de funcion\u00e1rios no pa\u00eds.<\/span><\/p>\n<p><strong>Leia tamb\u00e9m:<\/strong><\/p>\n<p><span style=\"font-weight: 400;\">Al\u00e9m disso, empresas com rotatividade superior a 10% (com base nos dados do LinkedIn) e com taxas de demiss\u00f5es acima de 10% durante o per\u00edodo analisado n\u00e3o foram consideradas. A pesquisa foi realizada entre 1\u00ba de janeiro de 2023 e 31 de dezembro de 2023. Os dados foram compilados a partir de informa\u00e7\u00f5es agregadas e anonimizadas de perfis de usu\u00e1rios na plataforma.<\/span><\/p>\n<h3>Veja quais s\u00e3o as melhores empresas para crescer profissionalmente no Brasil, segundo o LinkedIn:<\/h3>\n<ol>\n<li style=\"font-weight: 400;\" aria-level=\"1\"><span style=\"font-weight: 400;\">Ita\u00fa Unibanco<\/span><\/li>\n<li style=\"font-weight: 400;\" aria-level=\"1\"><span style=\"font-weight: 400;\">Bain &amp; Company<\/span><\/li>\n<li style=\"font-weight: 400;\" aria-level=\"1\"><span style=\"font-weight: 400;\">Banco Bradesco<\/span><\/li>\n<li style=\"font-weight: 400;\" aria-level=\"1\"><span style=\"font-weight: 400;\">Banco do Brasil<\/span><\/li>\n<li style=\"font-weight: 400;\" aria-level=\"1\"><span style=\"font-weight: 400;\">ExxonMobil<\/span><\/li>\n<li style=\"font-weight: 400;\" aria-level=\"1\"><span style=\"font-weight: 400;\">Santander<\/span><\/li>\n<li style=\"font-weight: 400;\" aria-level=\"1\"><span style=\"font-weight: 400;\">Novo Nordisk<\/span><\/li>\n<li style=\"font-weight: 400;\" aria-level=\"1\"><span style=\"font-weight: 400;\">Sicredi<\/span><\/li>\n<li style=\"font-weight: 400;\" aria-level=\"1\"><span style=\"font-weight: 400;\">Kyndryl<\/span><\/li>\n<li style=\"font-weight: 400;\" aria-level=\"1\"><span style=\"font-weight: 400;\">Mastercard<\/span><\/li>\n<li style=\"font-weight: 400;\" aria-level=\"1\"><span style=\"font-weight: 400;\">Vale<\/span><\/li>\n<li style=\"font-weight: 400;\" aria-level=\"1\"><span style=\"font-weight: 400;\">IBM<\/span><\/li>\n<li style=\"font-weight: 400;\" aria-level=\"1\"><span style=\"font-weight: 400;\">Ambev (AB InBev)<\/span><\/li>\n<li style=\"font-weight: 400;\" aria-level=\"1\"><span style=\"font-weight: 400;\">Petrobras<\/span><\/li>\n<li style=\"font-weight: 400;\" aria-level=\"1\"><span style=\"font-weight: 400;\">Google (Alphabet)<\/span><\/li>\n<li style=\"font-weight: 400;\" aria-level=\"1\"><span style=\"font-weight: 400;\">Amazon<\/span><\/li>\n<li style=\"font-weight: 400;\" aria-level=\"1\"><span style=\"font-weight: 400;\">Thales<\/span><\/li>\n<li style=\"font-weight: 400;\" aria-level=\"1\"><span style=\"font-weight: 400;\">Procter &amp; Gamble<\/span><\/li>\n<li style=\"font-weight: 400;\" aria-level=\"1\"><span style=\"font-weight: 400;\">Mercedes-Benz<\/span><\/li>\n<li style=\"font-weight: 400;\" aria-level=\"1\"><span style=\"font-weight: 400;\">Vivo (Telef\u00f4nica Brasil)<\/span><\/li>\n<li style=\"font-weight: 400;\" aria-level=\"1\"><span style=\"font-weight: 400;\">EY<\/span><\/li>\n<li style=\"font-weight: 400;\" aria-level=\"1\"><span style=\"font-weight: 400;\">Nubank<\/span><\/li>\n<li style=\"font-weight: 400;\" aria-level=\"1\"><span style=\"font-weight: 400;\">Kenvue<\/span><\/li>\n<li style=\"font-weight: 400;\" aria-level=\"1\"><span style=\"font-weight: 400;\">GE<\/span><\/li>\n<li style=\"font-weight: 400;\" aria-level=\"1\"><span style=\"font-weight: 400;\">Henkel<\/span><\/li>\n<\/ol>\n<p><span style=\"font-weight: 400;\">A edi\u00e7\u00e3o deste ano tamb\u00e9m conta com um novo ranking de 15 empresas com menos de 5.000 funcion\u00e1rios. Veja <\/span><a href=\"https:\/\/www.linkedin.com\/pulse\/top-companies-2024-15-melhores-empresas-com-menos-de-aw6se\/?trackingId=NIRO%2FGDATIyKAi9X0mpBJw%3D%3D\"><span style=\"font-weight: 400;\">aqui<\/span><\/a><span style=\"font-weight: 400;\">.<\/span><\/p>\n<\/div>\n<p><script type=\"rocketlazyloadscript\">\n\t\t\t\t(function(d, s, id){\n\t\t\t\t\tvar js, fjs = d.getElementsByTagName(s)[0];\n\t\t\t\t\tif (d.getElementById(id)) return;\n\t\t\t\t\tjs = d.createElement(s); js.id = id;\n\t\t\t\t\tjs.src = \"\/\/connect.facebook.net\/pt_BR\/sdk.js#xfbml=1&version=v2.9\";\n\t\t\t\t\tfjs.parentNode.insertBefore(js, fjs);\n\t\t\t\t}(document, 'script', 'facebook-jssdk'));\n\t\t\t<\/script><br \/>\n<br \/><br \/>\n<br \/><a href=\"https:\/\/forbes.com.br\/carreira\/2024\/04\/as-25-top-empresas-para-crescer-na-carreira-segundo-o-linkedin\/\">Source link <\/a><\/p>\n<!-- CONTENT END 1 -->\n","protected":false},"excerpt":{"rendered":"<p>Getty Images Lista do LinkedIn das melhores empresas para crescer profissionalmente \u00e9 liderada pelo Ita\u00fa Unibanco desde 2018 O LinkedIn acaba de publicar sua lista&#8230;<\/p>\n","protected":false},"author":1,"featured_media":47328,"comment_status":"open","ping_status":"open","sticky":false,"template":"","format":"standard","meta":{"advanced_seo_description":"","jetpack_seo_html_title":"","jetpack_seo_noindex":false,"jetpack_seo_schema_type":"","_jetpack_newsletter_access":"","_jetpack_dont_email_post_to_subs":false,"_jetpack_newsletter_tier_id":0,"_jetpack_memberships_contains_paywalled_content":false,"_jetpack_feature_clip_id":0,"_jetpack_memberships_contains_paid_content":false,"footnotes":"","jetpack_publicize_message":"","jetpack_publicize_feature_enabled":true,"jetpack_social_post_already_shared":true,"jetpack_social_options":{"image_generator_settings":{"template":"highway","default_image_id":0,"font":"","enabled":false},"version":2},"jetpack_post_was_ever_published":false},"categories":[1],"tags":[],"class_list":["post-47327","post","type-post","status-publish","format-standard","has-post-thumbnail","hentry","category-blog"],"jetpack_publicize_connections":[],"jetpack-related-posts":[{"id":47276,"url":"https:\/\/noticiasribeiraopreto.com.br\/index.php\/2024\/04\/25\/as-25-melhores-empresas-para-crescer-na-carreira-segundo-o-linkedin\/","url_meta":{"origin":47327,"position":0},"title":"As 25 melhores empresas para crescer na carreira, segundo o LinkedIn","author":"noticiasribeiraopreto.com.br","date":"25 de April de 2024","format":false,"excerpt":"Da reda\u00e7\u00e3oi Da reda\u00e7\u00e3o 17\/04\/2024 - 9:28 O LinkedIn publicou a sua lista anual das 25 melhores empresas para crescer na carreira, a Top Companies. Ela leva em conta companhias que t\u00eam pelo menos 500 funcion\u00e1rios no Brasil e 5.000 ou mais empregados globalmente.De acordo com a plataforma, o ranking\u2026","rel":"","context":"In &quot;Empregos - Classificados&quot;","block_context":{"text":"Empregos - Classificados","link":"https:\/\/noticiasribeiraopreto.com.br\/index.php\/category\/empregos-classificados-vagas-trabalho\/"},"img":{"alt_text":"","src":"https:\/\/i0.wp.com\/noticiasribeiraopreto.com.br\/wp-content\/uploads\/2024\/04\/empresa.jpg?fit=1200%2C745&ssl=1&resize=350%2C200","width":350,"height":200,"srcset":"https:\/\/i0.wp.com\/noticiasribeiraopreto.com.br\/wp-content\/uploads\/2024\/04\/empresa.jpg?fit=1200%2C745&ssl=1&resize=350%2C200 1x, https:\/\/i0.wp.com\/noticiasribeiraopreto.com.br\/wp-content\/uploads\/2024\/04\/empresa.jpg?fit=1200%2C745&ssl=1&resize=525%2C300 1.5x, https:\/\/i0.wp.com\/noticiasribeiraopreto.com.br\/wp-content\/uploads\/2024\/04\/empresa.jpg?fit=1200%2C745&ssl=1&resize=700%2C400 2x, https:\/\/i0.wp.com\/noticiasribeiraopreto.com.br\/wp-content\/uploads\/2024\/04\/empresa.jpg?fit=1200%2C745&ssl=1&resize=1050%2C600 3x"},"classes":[]},{"id":18591,"url":"https:\/\/noticiasribeiraopreto.com.br\/index.php\/2023\/12\/20\/5-atualizacoes-para-fazer-no-seu-perfil-do-linkedin\/","url_meta":{"origin":47327,"position":1},"title":"5 atualiza\u00e7\u00f5es para fazer no seu perfil do LinkedIn","author":"noticiasribeiraopreto.com.br","date":"20 de December de 2023","format":false,"excerpt":"Getty ImagesPerfis do LinkedIn que atualizam suas habilidades t\u00eam 31 vezes mais chances de serem selecionados por recrutadores Com uma base de mais de um bilh\u00e3o de usu\u00e1rios, recrutadores e empresas, o LinkedIn \u00e9 uma poderosa rede profissional. \u00c9 visto como um \u201ccurr\u00edculo virtual\u201d e um ambiente onde podemos nos\u2026","rel":"","context":"In &quot;Blog&quot;","block_context":{"text":"Blog","link":"https:\/\/noticiasribeiraopreto.com.br\/index.php\/category\/blog\/"},"img":{"alt_text":"","src":"https:\/\/i0.wp.com\/noticiasribeiraopreto.com.br\/wp-content\/uploads\/2023\/12\/carreira-linkedin-atualizacao-1024x683.jpg?fit=1024%2C683&ssl=1&resize=350%2C200","width":350,"height":200,"srcset":"https:\/\/i0.wp.com\/noticiasribeiraopreto.com.br\/wp-content\/uploads\/2023\/12\/carreira-linkedin-atualizacao-1024x683.jpg?fit=1024%2C683&ssl=1&resize=350%2C200 1x, https:\/\/i0.wp.com\/noticiasribeiraopreto.com.br\/wp-content\/uploads\/2023\/12\/carreira-linkedin-atualizacao-1024x683.jpg?fit=1024%2C683&ssl=1&resize=525%2C300 1.5x, https:\/\/i0.wp.com\/noticiasribeiraopreto.com.br\/wp-content\/uploads\/2023\/12\/carreira-linkedin-atualizacao-1024x683.jpg?fit=1024%2C683&ssl=1&resize=700%2C400 2x"},"classes":[]},{"id":67067,"url":"https:\/\/noticiasribeiraopreto.com.br\/index.php\/2025\/04\/09\/jornal-da-franca-franca-sedia-jornada-de-credito-no-dia-29-para-alavancar-pequenos-negocios\/","url_meta":{"origin":47327,"position":2},"title":"Jornal da Franca &#8211; Franca sedia Jornada de Cr\u00e9dito no dia 29 para alavancar pequenos neg\u00f3cios","author":"noticiasribeiraopreto.com.br","date":"9 de April de 2025","format":false,"excerpt":"compartilhar no whatsapp compartilhar no telegram compartilhar no facebook compartilhar no linkedin Evento gratuito oferece orienta\u00e7\u00f5es e cr\u00e9dito para empreendedores de Franca \u00a0 Se voc\u00ea \u00e9 empreendedor ou empreendedora \u2014 formal ou informal \u2014 e est\u00e1 em busca de cr\u00e9dito, orienta\u00e7\u00e3o e oportunidades para crescer, anote na agenda: no pr\u00f3ximo\u2026","rel":"","context":"In &quot;Not\u00edcias de Franca-SP&quot;","block_context":{"text":"Not\u00edcias de Franca-SP","link":"https:\/\/noticiasribeiraopreto.com.br\/index.php\/category\/noticias-de-ribeirao-preto-sp-e-regiao-ismael-colosi\/noticias-franca-sp\/"},"img":{"alt_text":"","src":"https:\/\/i0.wp.com\/noticiasribeiraopreto.com.br\/wp-content\/uploads\/2025\/04\/Banco-do-Povo.jpeg?fit=1200%2C794&ssl=1&resize=350%2C200","width":350,"height":200,"srcset":"https:\/\/i0.wp.com\/noticiasribeiraopreto.com.br\/wp-content\/uploads\/2025\/04\/Banco-do-Povo.jpeg?fit=1200%2C794&ssl=1&resize=350%2C200 1x, https:\/\/i0.wp.com\/noticiasribeiraopreto.com.br\/wp-content\/uploads\/2025\/04\/Banco-do-Povo.jpeg?fit=1200%2C794&ssl=1&resize=525%2C300 1.5x, https:\/\/i0.wp.com\/noticiasribeiraopreto.com.br\/wp-content\/uploads\/2025\/04\/Banco-do-Povo.jpeg?fit=1200%2C794&ssl=1&resize=700%2C400 2x, https:\/\/i0.wp.com\/noticiasribeiraopreto.com.br\/wp-content\/uploads\/2025\/04\/Banco-do-Povo.jpeg?fit=1200%2C794&ssl=1&resize=1050%2C600 3x"},"classes":[]},{"id":47682,"url":"https:\/\/noticiasribeiraopreto.com.br\/index.php\/2024\/04\/27\/pare-de-reclamar-e-veja-como-se-destacar-no-linkedin\/","url_meta":{"origin":47327,"position":3},"title":"Pare de reclamar e veja como se destacar no LinkedIn","author":"noticiasribeiraopreto.com.br","date":"27 de April de 2024","format":false,"excerpt":"Getty ImagesSua p\u00e1gina no LinkedIn \u00e9 um cart\u00e3o de visita que oferece as primeiras impress\u00f5es sobre voc\u00ea e seu trabalho Encontrar um novo emprego \u00e9, sem d\u00favida, uma experi\u00eancia frustrante. No entanto, o LinkedIn n\u00e3o \u00e9 o melhor lugar para desabafar e fazer reclama\u00e7\u00f5es sobre esse momento ou como as\u2026","rel":"","context":"In &quot;Blog&quot;","block_context":{"text":"Blog","link":"https:\/\/noticiasribeiraopreto.com.br\/index.php\/category\/blog\/"},"img":{"alt_text":"","src":"https:\/\/i0.wp.com\/noticiasribeiraopreto.com.br\/wp-content\/uploads\/2024\/04\/carreira-linkedin-trabalho-1024x683.jpg?fit=1024%2C683&ssl=1&resize=350%2C200","width":350,"height":200,"srcset":"https:\/\/i0.wp.com\/noticiasribeiraopreto.com.br\/wp-content\/uploads\/2024\/04\/carreira-linkedin-trabalho-1024x683.jpg?fit=1024%2C683&ssl=1&resize=350%2C200 1x, https:\/\/i0.wp.com\/noticiasribeiraopreto.com.br\/wp-content\/uploads\/2024\/04\/carreira-linkedin-trabalho-1024x683.jpg?fit=1024%2C683&ssl=1&resize=525%2C300 1.5x, https:\/\/i0.wp.com\/noticiasribeiraopreto.com.br\/wp-content\/uploads\/2024\/04\/carreira-linkedin-trabalho-1024x683.jpg?fit=1024%2C683&ssl=1&resize=700%2C400 2x"},"classes":[]},{"id":42376,"url":"https:\/\/noticiasribeiraopreto.com.br\/index.php\/2024\/03\/14\/o-que-colocar-no-titulo-do-linkedin-confira-dicas-e-exemplos\/","url_meta":{"origin":47327,"position":4},"title":"O que colocar no t\u00edtulo do Linkedin? Confira dicas e exemplos","author":"noticiasribeiraopreto.com.br","date":"14 de March de 2024","format":false,"excerpt":"As redes sociais hoje s\u00e3o um importante local para quem deseja se manter atualizado profissionalmente ou at\u00e9 mesmo conseguir um novo emprego \u2013 e, neste cen\u00e1rio, o Linkedin \u00e9 um dos principais canais para voc\u00ea utilizar.\u00a0 Mas em meio a tantos profissionais, como se destacar? Saber o que colocar no\u2026","rel":"","context":"In &quot;Blog&quot;","block_context":{"text":"Blog","link":"https:\/\/noticiasribeiraopreto.com.br\/index.php\/category\/blog\/"},"img":{"alt_text":"","src":"https:\/\/i0.wp.com\/noticiasribeiraopreto.com.br\/wp-content\/uploads\/2024\/03\/o-que-colocar-no-titulo-do-linkedin.jpg?fit=1200%2C675&ssl=1&resize=350%2C200","width":350,"height":200,"srcset":"https:\/\/i0.wp.com\/noticiasribeiraopreto.com.br\/wp-content\/uploads\/2024\/03\/o-que-colocar-no-titulo-do-linkedin.jpg?fit=1200%2C675&ssl=1&resize=350%2C200 1x, https:\/\/i0.wp.com\/noticiasribeiraopreto.com.br\/wp-content\/uploads\/2024\/03\/o-que-colocar-no-titulo-do-linkedin.jpg?fit=1200%2C675&ssl=1&resize=525%2C300 1.5x, https:\/\/i0.wp.com\/noticiasribeiraopreto.com.br\/wp-content\/uploads\/2024\/03\/o-que-colocar-no-titulo-do-linkedin.jpg?fit=1200%2C675&ssl=1&resize=700%2C400 2x, https:\/\/i0.wp.com\/noticiasribeiraopreto.com.br\/wp-content\/uploads\/2024\/03\/o-que-colocar-no-titulo-do-linkedin.jpg?fit=1200%2C675&ssl=1&resize=1050%2C600 3x"},"classes":[]},{"id":42426,"url":"https:\/\/noticiasribeiraopreto.com.br\/index.php\/2024\/03\/14\/o-que-colocar-no-titulo-do-linkedin-confira-dicas-e-exemplos-2\/","url_meta":{"origin":47327,"position":5},"title":"O que colocar no t\u00edtulo do Linkedin? Confira dicas e exemplos","author":"noticiasribeiraopreto.com.br","date":"14 de March de 2024","format":false,"excerpt":"As redes sociais hoje s\u00e3o um importante local para quem deseja se manter atualizado profissionalmente ou at\u00e9 mesmo conseguir um novo emprego \u2013 e, neste cen\u00e1rio, o Linkedin \u00e9 um dos principais canais para voc\u00ea utilizar.\u00a0 Mas em meio a tantos profissionais, como se destacar? Saber o que colocar no\u2026","rel":"","context":"In &quot;Blog&quot;","block_context":{"text":"Blog","link":"https:\/\/noticiasribeiraopreto.com.br\/index.php\/category\/blog\/"},"img":{"alt_text":"","src":"https:\/\/i0.wp.com\/noticiasribeiraopreto.com.br\/wp-content\/uploads\/2024\/03\/1710437603_o-que-colocar-no-titulo-do-linkedin.jpg?fit=1200%2C675&ssl=1&resize=350%2C200","width":350,"height":200,"srcset":"https:\/\/i0.wp.com\/noticiasribeiraopreto.com.br\/wp-content\/uploads\/2024\/03\/1710437603_o-que-colocar-no-titulo-do-linkedin.jpg?fit=1200%2C675&ssl=1&resize=350%2C200 1x, https:\/\/i0.wp.com\/noticiasribeiraopreto.com.br\/wp-content\/uploads\/2024\/03\/1710437603_o-que-colocar-no-titulo-do-linkedin.jpg?fit=1200%2C675&ssl=1&resize=525%2C300 1.5x, https:\/\/i0.wp.com\/noticiasribeiraopreto.com.br\/wp-content\/uploads\/2024\/03\/1710437603_o-que-colocar-no-titulo-do-linkedin.jpg?fit=1200%2C675&ssl=1&resize=700%2C400 2x, https:\/\/i0.wp.com\/noticiasribeiraopreto.com.br\/wp-content\/uploads\/2024\/03\/1710437603_o-que-colocar-no-titulo-do-linkedin.jpg?fit=1200%2C675&ssl=1&resize=1050%2C600 3x"},"classes":[]}],"jetpack_sharing_enabled":true,"jetpack_shortlink":"https:\/\/wp.me\/peQAOb-cjl","jetpack_featured_media_url":"https:\/\/i0.wp.com\/noticiasribeiraopreto.com.br\/wp-content\/uploads\/2024\/04\/carreira-trabalho-crescimento-1024x683.jpg?fit=1024%2C683&ssl=1","_links":{"self":[{"href":"https:\/\/noticiasribeiraopreto.com.br\/index.php\/wp-json\/wp\/v2\/posts\/47327","targetHints":{"allow":["GET"]}}],"collection":[{"href":"https:\/\/noticiasribeiraopreto.com.br\/index.php\/wp-json\/wp\/v2\/posts"}],"about":[{"href":"https:\/\/noticiasribeiraopreto.com.br\/index.php\/wp-json\/wp\/v2\/types\/post"}],"author":[{"embeddable":true,"href":"https:\/\/noticiasribeiraopreto.com.br\/index.php\/wp-json\/wp\/v2\/users\/1"}],"replies":[{"embeddable":true,"href":"https:\/\/noticiasribeiraopreto.com.br\/index.php\/wp-json\/wp\/v2\/comments?post=47327"}],"version-history":[{"count":0,"href":"https:\/\/noticiasribeiraopreto.com.br\/index.php\/wp-json\/wp\/v2\/posts\/47327\/revisions"}],"wp:featuredmedia":[{"embeddable":true,"href":"https:\/\/noticiasribeiraopreto.com.br\/index.php\/wp-json\/wp\/v2\/media\/47328"}],"wp:attachment":[{"href":"https:\/\/noticiasribeiraopreto.com.br\/index.php\/wp-json\/wp\/v2\/media?parent=47327"}],"wp:term":[{"taxonomy":"category","embeddable":true,"href":"https:\/\/noticiasribeiraopreto.com.br\/index.php\/wp-json\/wp\/v2\/categories?post=47327"},{"taxonomy":"post_tag","embeddable":true,"href":"https:\/\/noticiasribeiraopreto.com.br\/index.php\/wp-json\/wp\/v2\/tags?post=47327"}],"curies":[{"name":"wp","href":"https:\/\/api.w.org\/{rel}","templated":true}]}}