{"id":4745,"date":"2023-11-22T07:55:42","date_gmt":"2023-11-22T10:55:42","guid":{"rendered":"https:\/\/noticiasribeiraopreto.com.br\/index.php\/2023\/11\/22\/concurso-publico-da-prefeitura-de-campanha-mg-oferece-300-vagas\/"},"modified":"2023-11-22T07:55:42","modified_gmt":"2023-11-22T10:55:42","slug":"concurso-publico-da-prefeitura-de-campanha-mg-oferece-300-vagas","status":"publish","type":"post","link":"https:\/\/noticiasribeiraopreto.com.br\/index.php\/2023\/11\/22\/concurso-publico-da-prefeitura-de-campanha-mg-oferece-300-vagas\/","title":{"rendered":"Concurso p\u00fablico da Prefeitura de Campanha (MG) oferece 300 vagas"},"content":{"rendered":"<div class='code-block code-block-1' style='margin: 8px 0 8px auto; text-align: right; display: block; clear: both;'>\n<p><a href=\"https:\/\/wa.link\/vpicfd\"><img data-recalc-dims=\"1\" class=\"wp-image-4922\" style=\"aspect-ratio: 2.0253164556962027; width: 561px; height: auto;\" src=\"https:\/\/i0.wp.com\/ismaelcolosi.com.br\/wp-content\/uploads\/2023\/11\/grupo-de-empregos-whatsapp-e-facebook-ismael-colosi-vagas.jpg?ssl=1\" alt=\"\" \/><\/a><\/p>\n<!-- \/wp:image -->\n<\/div>\n<p> <br \/>\n<\/p>\n<div>\n<div id=\"attachment_2311883\" class=\"wp-caption alignnone\">\n<div class=\"d-flex justify-content-center\" data-attachment-id=\"2311883\">\n<div class=\"position-relative d-inline-block\"><img data-recalc-dims=\"1\" data-portal-copyright=\"IStock\" decoding=\"async\" fetchpriority=\"high\" class=\"size-medium wp-image-2311883\" src=\"https:\/\/i0.wp.com\/catracalivre.com.br\/wp-content\/uploads\/2023\/11\/istock-494713362-450x300.jpg?resize=450%2C300&#038;ssl=1\" alt=\"Concurso P\u00fablico da Prefeitura de Campanha\" width=\"450\" height=\"300\" srcset=\"https:\/\/catracalivre.com.br\/wp-content\/uploads\/2023\/11\/istock-494713362-450x300.jpg 450w, https:\/\/catracalivre.com.br\/wp-content\/uploads\/2023\/11\/istock-494713362-910x607.jpg 910w, https:\/\/catracalivre.com.br\/wp-content\/uploads\/2023\/11\/istock-494713362-768x512.jpg 768w, https:\/\/catracalivre.com.br\/wp-content\/uploads\/2023\/11\/istock-494713362.jpg 1254w\" sizes=\"(max-width: 450px) 100vw, 450px\"\/><\/p>\n<p>Cr\u00e9ditos: IStock<\/p>\n<\/div>\n<\/div>\n<p><span class=\"post-imagem__legenda\">Concurso P\u00fablico da Prefeitura de Campanha<\/span><\/p>\n<\/div>\n<p>A Prefeitura de Campanha, no estado de\u00a0Minas Gerais, anuncia edital de n\u00ba 01\/2023 para <a href=\"https:\/\/catracalivre.com.br\/carreira\/abertos-7-concursos-publicos-com-salarios-ate-r-8-mil\/\">concurso<\/a> p\u00fablico, que visa o preenchimento de\u00a0300 vagas\u00a0imediatas, com reserva para pessoas portadoras de defici\u00eancia. As oportunidades est\u00e3o distribu\u00eddas entre profissionais com grau de escolaridade t\u00e9cnico, fundamental, superior e m\u00e9dio.<\/p>\n<p>As contrata\u00e7\u00f5es previstas em <a href=\"https:\/\/catracalivre.com.br\/carreira\/31-oportunidades-de-concursos-publicos-nas-regioes-sul-e-sudeste\/\">concurso<\/a> p\u00fablico ser\u00e3o realizadas sob o regime jur\u00eddico estatut\u00e1rio, com direito a remunera\u00e7\u00f5es mensais que variam de\u00a0R$ 1.320,00 a R$ 3.687,11. A jornadas de 20, 24, 30 ou 40 horas semanais<\/p>\n<h2>Confira a seguir as vagas distribu\u00eddas conforme o grau de escolaridade:<\/h2>\n<p>N\u00edvel fundamental<br \/>Auxiliar de Servi\u00e7os Gerais;<\/p>\n<p>Auxiliar de Servi\u00e7os P\u00fablicos;<\/p>\n<p>Auxiliar de Servi\u00e7o Educacional;<\/p>\n<p>Cozinheira Escolar;<\/p>\n<p>Monitor do Transporte Escolar.<\/p>\n<p>N\u00edvel m\u00e9dio<br \/>Agente de Receitas;<\/p>\n<p>Agente Operacional SMAS;<\/p>\n<p>Auxiliar de Sa\u00fade Bucal;<\/p>\n<p>Auxiliar de Secretaria;<\/p>\n<p>Auxiliar Operacional;<\/p>\n<p>Fiscal Sanit\u00e1rio;<\/p>\n<p>Monitor de Educa\u00e7\u00e3o Infantil;<\/p>\n<p>Monitor de Ensino Fundamental;<\/p>\n<p>Monitor de Inform\u00e1tica;<\/p>\n<p>Motorista;<\/p>\n<p>Operador de M\u00e1quina;<\/p>\n<p>Orientador Social;<\/p>\n<p>T\u00e9cnico Administrativo.<\/p>\n<p>N\u00edvel m\u00e9dio\/t\u00e9cnico<br \/>Fiscal de Obras e Postura;<\/p>\n<p>Fiscal de Tributa\u00e7\u00e3o;<\/p>\n<p>T\u00e9cnico em Enfermagem;<\/p>\n<p>T\u00e9cnico em Farm\u00e1cia;<\/p>\n<p>T\u00e9cnico em Inform\u00e1tica;<\/p>\n<p>T\u00e9cnico em Raio-x.<\/p>\n<p>N\u00edvel superior<br \/>Assistente Social;<\/p>\n<p>Bibliotec\u00e1rio;<\/p>\n<p>Dentista;<\/p>\n<p>Educador F\u00edsico;<\/p>\n<p>Enfermeiro;<\/p>\n<p>Engenheiro Agr\u00f4nomo;<\/p>\n<p>Engenheiro Civil;<\/p>\n<p>Supervisor Escolar;<\/p>\n<p>Farmac\u00eautico;<\/p>\n<p>Fisioterapeuta;<\/p>\n<p>Fonoaudi\u00f3logo;<\/p>\n<p>Nutricionista;<\/p>\n<p>Professor de Creche;<\/p>\n<p>Professor PEB II;<\/p>\n<p>Professor PEB III \u2013 Educa\u00e7\u00e3o F\u00edsica;<\/p>\n<p>Psic\u00f3logo;<\/p>\n<p>Terapeuta Ocupacional;<\/p>\n<p>Veterin\u00e1rio.<\/p>\n<p>As inscri\u00e7\u00f5es devem ser realizadas atrav\u00e9s do <a href=\"https:\/\/www.gestaodeconcursos.com.br\/site\/site\/DetalheConcurso.aspx?CodigoConcurso=1546\">site<\/a> oficial at\u00e9 as 17h de 7 de dezembro de 2023. O valor da taxa de inscri\u00e7\u00e3o varia entre\u00a0R$ 50,00 e R$ 100,00.<\/p>\n<div class=\"partner d-flex rounded shadow-sm p-2 mb-3 align-items-center\" id=\"partner\" data-print=\"ignore\">\n<div class=\"image mr-2\">\n<img data-recalc-dims=\"1\" src=\"https:\/\/i0.wp.com\/robohash.org\/b730afd4cf5c5d237c7f93163ed023b6.png?resize=110%2C110&#038;ssl=1\" width=\"110\" height=\"110\" title=\"Thatyana Costa\" loading=\"lazy\" decoding=\"async\" class=\"rounded-circle\"\/>\n<\/div>\n<\/div>\n<\/div>\n<p><script>\n\t\t! function(f, b, e, v, n, t, s) {\n\t\t\tif (f.fbq) return;\n\t\t\tn = f.fbq = function() {\n\t\t\t\tn.callMethod ?\n\t\t\t\t\tn.callMethod.apply(n, arguments) : n.queue.push(arguments)\n\t\t\t};\n\t\t\tif (!f._fbq) f._fbq = n;\n\t\t\tn.push = n;\n\t\t\tn.loaded = !0;\n\t\t\tn.version = '2.0';\n\t\t\tn.queue = [];\n\t\t\tt = b.createElement(e);\n\t\t\tt.async = !0;\n\t\t\tt.src = v;\n\t\t\ts = b.getElementsByTagName(e)[0];\n\t\t\ts.parentNode.insertBefore(t, s)\n\t\t}(window, document, 'script',\n\t\t\t'https:\/\/connect.facebook.net\/en_US\/fbevents.js');\n\t\tfbq('init', '338315473262380');\n\t\tfbq('track', 'PageView');\n\t<\/script><br \/>\n<br \/><br \/>\n<br \/><a href=\"https:\/\/catracalivre.com.br\/educacao\/concurso-publico-da-prefeitura-de-campanha-mg-oferece-300-vagas\/\">Source link <\/a><\/p>\n<!-- CONTENT END 1 -->\n","protected":false},"excerpt":{"rendered":"<p>Cr\u00e9ditos: IStock Concurso P\u00fablico da Prefeitura de Campanha A Prefeitura de Campanha, no estado de\u00a0Minas Gerais, anuncia edital de n\u00ba 01\/2023 para concurso p\u00fablico, que&#8230;<\/p>\n","protected":false},"author":1,"featured_media":4746,"comment_status":"open","ping_status":"open","sticky":false,"template":"","format":"standard","meta":{"advanced_seo_description":"","jetpack_seo_html_title":"","jetpack_seo_noindex":false,"jetpack_post_was_ever_published":false,"_jetpack_newsletter_access":"","_jetpack_dont_email_post_to_subs":false,"_jetpack_newsletter_tier_id":0,"_jetpack_memberships_contains_paywalled_content":false,"_jetpack_memberships_contains_paid_content":false,"footnotes":"","jetpack_publicize_message":"","jetpack_publicize_feature_enabled":true,"jetpack_social_post_already_shared":true,"jetpack_social_options":{"image_generator_settings":{"template":"highway","default_image_id":0,"font":"","enabled":false},"version":2}},"categories":[19],"tags":[],"class_list":["post-4745","post","type-post","status-publish","format-standard","has-post-thumbnail","hentry","category-variedades"],"jetpack_publicize_connections":[],"jetpack_featured_media_url":"https:\/\/i0.wp.com\/noticiasribeiraopreto.com.br\/wp-content\/uploads\/2023\/11\/istock-494713362.jpg?fit=1200%2C638&ssl=1","jetpack-related-posts":[{"id":63647,"url":"https:\/\/noticiasribeiraopreto.com.br\/index.php\/2025\/02\/18\/combate-a-dengue-eptv-lanca-campanha-com-a-participacao-de-prefeituras-da-regiao\/","url_meta":{"origin":4745,"position":0},"title":"Combate \u00e0 dengue: EPTV lan\u00e7a campanha com a participa\u00e7\u00e3o de prefeituras da regi\u00e3o","author":"noticiasribeiraopreto.com.br","date":"18 de February de 2025","format":false,"excerpt":"A EPTV, afiliada da Globo no interior de S\u00e3o Paulo e sul de Minas Gerais, promove o \u201cDia D \u2013 Mutir\u00e3o de Combate ao Aedes\u201d, da 8\u00aa edi\u00e7\u00e3o da Campanha Regional de Combate ao Aedes Aegypti, que acontece no dia 22 de fevereiro. A iniciativa incentiva os 319 munic\u00edpios da\u2026","rel":"","context":"In &quot;Not\u00edcias de Ribeir\u00e3o Preto-SP e Regi\u00e3o&quot;","block_context":{"text":"Not\u00edcias de Ribeir\u00e3o Preto-SP e Regi\u00e3o","link":"https:\/\/noticiasribeiraopreto.com.br\/index.php\/category\/noticias-de-ribeirao-preto-sp-e-regiao-ismael-colosi\/"},"img":{"alt_text":"","src":"https:\/\/i0.wp.com\/noticiasribeiraopreto.com.br\/wp-content\/uploads\/2025\/02\/dia-d-dengue_2025-02-18_18-16-34_jpg_2025-02-18_18-16-34.webp.webp?fit=1200%2C675&ssl=1&resize=350%2C200","width":350,"height":200,"srcset":"https:\/\/i0.wp.com\/noticiasribeiraopreto.com.br\/wp-content\/uploads\/2025\/02\/dia-d-dengue_2025-02-18_18-16-34_jpg_2025-02-18_18-16-34.webp.webp?fit=1200%2C675&ssl=1&resize=350%2C200 1x, https:\/\/i0.wp.com\/noticiasribeiraopreto.com.br\/wp-content\/uploads\/2025\/02\/dia-d-dengue_2025-02-18_18-16-34_jpg_2025-02-18_18-16-34.webp.webp?fit=1200%2C675&ssl=1&resize=525%2C300 1.5x, https:\/\/i0.wp.com\/noticiasribeiraopreto.com.br\/wp-content\/uploads\/2025\/02\/dia-d-dengue_2025-02-18_18-16-34_jpg_2025-02-18_18-16-34.webp.webp?fit=1200%2C675&ssl=1&resize=700%2C400 2x, https:\/\/i0.wp.com\/noticiasribeiraopreto.com.br\/wp-content\/uploads\/2025\/02\/dia-d-dengue_2025-02-18_18-16-34_jpg_2025-02-18_18-16-34.webp.webp?fit=1200%2C675&ssl=1&resize=1050%2C600 3x"},"classes":[]},{"id":58562,"url":"https:\/\/noticiasribeiraopreto.com.br\/index.php\/2024\/09\/30\/confira-a-agenda-dos-candidatos-a-prefeitura-de-ribeirao-preto-nesta-terca-feira-1o\/","url_meta":{"origin":4745,"position":1},"title":"Confira a agenda dos candidatos \u00e0 Prefeitura de Ribeir\u00e3o Preto nesta ter\u00e7a-feira (1\u00ba)","author":"noticiasribeiraopreto.com.br","date":"30 de September de 2024","format":false,"excerpt":"Os candidatos \u00e0\u00a0Prefeitura de Ribeir\u00e3o Preto\u00a0divulgaram suas agendas de campanha para esta ter\u00e7a-feira (1\u00ba). O per\u00edodo de propaganda eleitoral come\u00e7ou no dia 16 de agosto, portanto, candidatos podem apresentar \u00e0s eleitoras e aos eleitores suas ideias e propostas. A publicidade das candidaturas pode ser feita na internet, na rua, na\u2026","rel":"","context":"In &quot;Not\u00edcias de Ribeir\u00e3o Preto-SP e Regi\u00e3o&quot;","block_context":{"text":"Not\u00edcias de Ribeir\u00e3o Preto-SP e Regi\u00e3o","link":"https:\/\/noticiasribeiraopreto.com.br\/index.php\/category\/noticias-de-ribeirao-preto-sp-e-regiao-ismael-colosi\/"},"img":{"alt_text":"","src":"https:\/\/i0.wp.com\/noticiasribeiraopreto.com.br\/wp-content\/uploads\/2024\/08\/marp_2024-08-10_21-10-15_png_2024-08-10_21-10-15.webp.webp?fit=1092%2C733&ssl=1&resize=350%2C200","width":350,"height":200,"srcset":"https:\/\/i0.wp.com\/noticiasribeiraopreto.com.br\/wp-content\/uploads\/2024\/08\/marp_2024-08-10_21-10-15_png_2024-08-10_21-10-15.webp.webp?fit=1092%2C733&ssl=1&resize=350%2C200 1x, https:\/\/i0.wp.com\/noticiasribeiraopreto.com.br\/wp-content\/uploads\/2024\/08\/marp_2024-08-10_21-10-15_png_2024-08-10_21-10-15.webp.webp?fit=1092%2C733&ssl=1&resize=525%2C300 1.5x, https:\/\/i0.wp.com\/noticiasribeiraopreto.com.br\/wp-content\/uploads\/2024\/08\/marp_2024-08-10_21-10-15_png_2024-08-10_21-10-15.webp.webp?fit=1092%2C733&ssl=1&resize=700%2C400 2x, https:\/\/i0.wp.com\/noticiasribeiraopreto.com.br\/wp-content\/uploads\/2024\/08\/marp_2024-08-10_21-10-15_png_2024-08-10_21-10-15.webp.webp?fit=1092%2C733&ssl=1&resize=1050%2C600 3x"},"classes":[]},{"id":58249,"url":"https:\/\/noticiasribeiraopreto.com.br\/index.php\/2024\/09\/22\/confira-a-agenda-dos-candidatos-a-prefeitura-de-ribeirao-preto-nesta-segunda-feira-23\/","url_meta":{"origin":4745,"position":2},"title":"Confira a agenda dos candidatos \u00e0 Prefeitura de Ribeir\u00e3o Preto nesta segunda-feira (23)","author":"noticiasribeiraopreto.com.br","date":"22 de September de 2024","format":false,"excerpt":"Os candidatos \u00e0 Prefeitura de Ribeir\u00e3o Preto divulgaram suas agendas de campanha para esta segunda-feira (23). O per\u00edodo de propaganda eleitoral come\u00e7ou no dia 16 de agosto, portanto, candidatos podem apresentar \u00e0s eleitoras e aos eleitores suas ideias e propostas. A publicidade das candidaturas pode ser feita na internet, na\u2026","rel":"","context":"In &quot;Not\u00edcias de Ribeir\u00e3o Preto-SP e Regi\u00e3o&quot;","block_context":{"text":"Not\u00edcias de Ribeir\u00e3o Preto-SP e Regi\u00e3o","link":"https:\/\/noticiasribeiraopreto.com.br\/index.php\/category\/noticias-de-ribeirao-preto-sp-e-regiao-ismael-colosi\/"},"img":{"alt_text":"","src":"https:\/\/i0.wp.com\/noticiasribeiraopreto.com.br\/wp-content\/uploads\/2024\/09\/trevao-ribeirao-preto_2024-09-12_17-08-13_jpeg_2024-09-12_17-08-13.webp.webp?fit=1200%2C652&ssl=1&resize=350%2C200","width":350,"height":200,"srcset":"https:\/\/i0.wp.com\/noticiasribeiraopreto.com.br\/wp-content\/uploads\/2024\/09\/trevao-ribeirao-preto_2024-09-12_17-08-13_jpeg_2024-09-12_17-08-13.webp.webp?fit=1200%2C652&ssl=1&resize=350%2C200 1x, https:\/\/i0.wp.com\/noticiasribeiraopreto.com.br\/wp-content\/uploads\/2024\/09\/trevao-ribeirao-preto_2024-09-12_17-08-13_jpeg_2024-09-12_17-08-13.webp.webp?fit=1200%2C652&ssl=1&resize=525%2C300 1.5x, https:\/\/i0.wp.com\/noticiasribeiraopreto.com.br\/wp-content\/uploads\/2024\/09\/trevao-ribeirao-preto_2024-09-12_17-08-13_jpeg_2024-09-12_17-08-13.webp.webp?fit=1200%2C652&ssl=1&resize=700%2C400 2x, https:\/\/i0.wp.com\/noticiasribeiraopreto.com.br\/wp-content\/uploads\/2024\/09\/trevao-ribeirao-preto_2024-09-12_17-08-13_jpeg_2024-09-12_17-08-13.webp.webp?fit=1200%2C652&ssl=1&resize=1050%2C600 3x"},"classes":[]},{"id":58233,"url":"https:\/\/noticiasribeiraopreto.com.br\/index.php\/2024\/09\/21\/confira-a-agenda-dos-candidatos-a-prefeitura-de-ribeirao-preto-neste-domingo-22\/","url_meta":{"origin":4745,"position":3},"title":"Confira a agenda dos candidatos \u00e0 Prefeitura de Ribeir\u00e3o Preto neste domingo (22)","author":"noticiasribeiraopreto.com.br","date":"21 de September de 2024","format":false,"excerpt":"Os candidatos \u00e0\u00a0Prefeitura de Ribeir\u00e3o Preto\u00a0divulgaram suas agendas de campanha para este domingo (22). O per\u00edodo de propaganda eleitoral come\u00e7ou no dia 16 de agosto, portanto, candidatos podem apresentar \u00e0s eleitoras e aos eleitores suas ideias e propostas. A publicidade das candidaturas pode ser feita na internet, na rua, na\u2026","rel":"","context":"In &quot;Not\u00edcias de Ribeir\u00e3o Preto-SP e Regi\u00e3o&quot;","block_context":{"text":"Not\u00edcias de Ribeir\u00e3o Preto-SP e Regi\u00e3o","link":"https:\/\/noticiasribeiraopreto.com.br\/index.php\/category\/noticias-de-ribeirao-preto-sp-e-regiao-ismael-colosi\/"},"img":{"alt_text":"","src":"https:\/\/i0.wp.com\/noticiasribeiraopreto.com.br\/wp-content\/uploads\/2024\/08\/PORTICO-FERNANDO-GONZAGA_2024-07-05_14-45-59_jpeg_2024-07-05_14-45-59.webp.webp?fit=1200%2C800&ssl=1&resize=350%2C200","width":350,"height":200,"srcset":"https:\/\/i0.wp.com\/noticiasribeiraopreto.com.br\/wp-content\/uploads\/2024\/08\/PORTICO-FERNANDO-GONZAGA_2024-07-05_14-45-59_jpeg_2024-07-05_14-45-59.webp.webp?fit=1200%2C800&ssl=1&resize=350%2C200 1x, https:\/\/i0.wp.com\/noticiasribeiraopreto.com.br\/wp-content\/uploads\/2024\/08\/PORTICO-FERNANDO-GONZAGA_2024-07-05_14-45-59_jpeg_2024-07-05_14-45-59.webp.webp?fit=1200%2C800&ssl=1&resize=525%2C300 1.5x, https:\/\/i0.wp.com\/noticiasribeiraopreto.com.br\/wp-content\/uploads\/2024\/08\/PORTICO-FERNANDO-GONZAGA_2024-07-05_14-45-59_jpeg_2024-07-05_14-45-59.webp.webp?fit=1200%2C800&ssl=1&resize=700%2C400 2x, https:\/\/i0.wp.com\/noticiasribeiraopreto.com.br\/wp-content\/uploads\/2024\/08\/PORTICO-FERNANDO-GONZAGA_2024-07-05_14-45-59_jpeg_2024-07-05_14-45-59.webp.webp?fit=1200%2C800&ssl=1&resize=1050%2C600 3x"},"classes":[]},{"id":68626,"url":"https:\/\/noticiasribeiraopreto.com.br\/index.php\/2025\/04\/27\/jornal-da-franca-franca-prepara-campanha-do-agasalho-2025-que-tera-tres-meses-e-60-postos-de-coleta\/","url_meta":{"origin":4745,"position":4},"title":"Jornal da Franca &#8211; Franca prepara Campanha do Agasalho 2025, que ter\u00e1 tr\u00eas meses e 60 postos de coleta","author":"noticiasribeiraopreto.com.br","date":"27 de April de 2025","format":false,"excerpt":"compartilhar no whatsapp compartilhar no telegram compartilhar no facebook compartilhar no linkedin Iniciativa do Fundo de Solidariedade de Franca come\u00e7a dia 28 de abril e mobiliza mais de 60 pontos de coleta na cidade Campanha do Agasalho de Franca ser\u00e1 lan\u00e7ada oficialmente no dia 28 de abril Com a chegada\u2026","rel":"","context":"In &quot;Not\u00edcias de Franca-SP&quot;","block_context":{"text":"Not\u00edcias de Franca-SP","link":"https:\/\/noticiasribeiraopreto.com.br\/index.php\/category\/noticias-de-ribeirao-preto-sp-e-regiao-ismael-colosi\/noticias-franca-sp\/"},"img":{"alt_text":"","src":"https:\/\/i0.wp.com\/noticiasribeiraopreto.com.br\/wp-content\/uploads\/2025\/04\/preparativos-Campanha-do-Agasalho.jpeg?fit=1200%2C800&ssl=1&resize=350%2C200","width":350,"height":200,"srcset":"https:\/\/i0.wp.com\/noticiasribeiraopreto.com.br\/wp-content\/uploads\/2025\/04\/preparativos-Campanha-do-Agasalho.jpeg?fit=1200%2C800&ssl=1&resize=350%2C200 1x, https:\/\/i0.wp.com\/noticiasribeiraopreto.com.br\/wp-content\/uploads\/2025\/04\/preparativos-Campanha-do-Agasalho.jpeg?fit=1200%2C800&ssl=1&resize=525%2C300 1.5x, https:\/\/i0.wp.com\/noticiasribeiraopreto.com.br\/wp-content\/uploads\/2025\/04\/preparativos-Campanha-do-Agasalho.jpeg?fit=1200%2C800&ssl=1&resize=700%2C400 2x, https:\/\/i0.wp.com\/noticiasribeiraopreto.com.br\/wp-content\/uploads\/2025\/04\/preparativos-Campanha-do-Agasalho.jpeg?fit=1200%2C800&ssl=1&resize=1050%2C600 3x"},"classes":[]},{"id":39950,"url":"https:\/\/noticiasribeiraopreto.com.br\/index.php\/2024\/02\/29\/abree-e-prefeitura-rp-realizam-campanha-de-arrecadacao-de-eletroeletronicos\/","url_meta":{"origin":4745,"position":5},"title":"ABREE e Prefeitura RP realizam campanha de arrecada\u00e7\u00e3o de eletroeletr\u00f4nicos","author":"noticiasribeiraopreto.com.br","date":"29 de February de 2024","format":false,"excerpt":"29 de fevereiro de 2024 | 9:3929 de fevereiro de 2024 | 9:41 0No dia 2 de mar\u00e7o, a ABREE \u2013 Associa\u00e7\u00e3o Brasileira de Reciclagem de Eletroeletr\u00f4nicos e Eletrodom\u00e9sticos, em parceria com a Prefeitura de Ribeir\u00e3o Preto, por meio da Secret\u00e1ria da Infraestrutura, promover\u00e1 a segunda edi\u00e7\u00e3o da campanha de\u2026","rel":"","context":"In &quot;Not\u00edcias de Ribeir\u00e3o Preto-SP e Regi\u00e3o&quot;","block_context":{"text":"Not\u00edcias de Ribeir\u00e3o Preto-SP e Regi\u00e3o","link":"https:\/\/noticiasribeiraopreto.com.br\/index.php\/category\/noticias-de-ribeirao-preto-sp-e-regiao-ismael-colosi\/"},"img":{"alt_text":"","src":"https:\/\/i0.wp.com\/noticiasribeiraopreto.com.br\/wp-content\/uploads\/2024\/02\/seminario-internacional-dos-residuos-557x557_557x557-1.jpg?fit=557%2C557&ssl=1&resize=350%2C200","width":350,"height":200,"srcset":"https:\/\/i0.wp.com\/noticiasribeiraopreto.com.br\/wp-content\/uploads\/2024\/02\/seminario-internacional-dos-residuos-557x557_557x557-1.jpg?fit=557%2C557&ssl=1&resize=350%2C200 1x, https:\/\/i0.wp.com\/noticiasribeiraopreto.com.br\/wp-content\/uploads\/2024\/02\/seminario-internacional-dos-residuos-557x557_557x557-1.jpg?fit=557%2C557&ssl=1&resize=525%2C300 1.5x"},"classes":[]}],"jetpack_sharing_enabled":true,"jetpack_shortlink":"https:\/\/wp.me\/peQAOb-1ex","_links":{"self":[{"href":"https:\/\/noticiasribeiraopreto.com.br\/index.php\/wp-json\/wp\/v2\/posts\/4745","targetHints":{"allow":["GET"]}}],"collection":[{"href":"https:\/\/noticiasribeiraopreto.com.br\/index.php\/wp-json\/wp\/v2\/posts"}],"about":[{"href":"https:\/\/noticiasribeiraopreto.com.br\/index.php\/wp-json\/wp\/v2\/types\/post"}],"author":[{"embeddable":true,"href":"https:\/\/noticiasribeiraopreto.com.br\/index.php\/wp-json\/wp\/v2\/users\/1"}],"replies":[{"embeddable":true,"href":"https:\/\/noticiasribeiraopreto.com.br\/index.php\/wp-json\/wp\/v2\/comments?post=4745"}],"version-history":[{"count":0,"href":"https:\/\/noticiasribeiraopreto.com.br\/index.php\/wp-json\/wp\/v2\/posts\/4745\/revisions"}],"wp:featuredmedia":[{"embeddable":true,"href":"https:\/\/noticiasribeiraopreto.com.br\/index.php\/wp-json\/wp\/v2\/media\/4746"}],"wp:attachment":[{"href":"https:\/\/noticiasribeiraopreto.com.br\/index.php\/wp-json\/wp\/v2\/media?parent=4745"}],"wp:term":[{"taxonomy":"category","embeddable":true,"href":"https:\/\/noticiasribeiraopreto.com.br\/index.php\/wp-json\/wp\/v2\/categories?post=4745"},{"taxonomy":"post_tag","embeddable":true,"href":"https:\/\/noticiasribeiraopreto.com.br\/index.php\/wp-json\/wp\/v2\/tags?post=4745"}],"curies":[{"name":"wp","href":"https:\/\/api.w.org\/{rel}","templated":true}]}}