{"id":47506,"date":"2024-04-25T23:08:49","date_gmt":"2024-04-26T02:08:49","guid":{"rendered":"https:\/\/noticiasribeiraopreto.com.br\/index.php\/2024\/04\/25\/thiago-freitas-assina-com-a-warner-music-brasil\/"},"modified":"2024-04-25T23:08:49","modified_gmt":"2024-04-26T02:08:49","slug":"thiago-freitas-assina-com-a-warner-music-brasil","status":"publish","type":"post","link":"https:\/\/noticiasribeiraopreto.com.br\/index.php\/2024\/04\/25\/thiago-freitas-assina-com-a-warner-music-brasil\/","title":{"rendered":"Thiago Freitas assina com a Warner Music Brasil"},"content":{"rendered":"<div class='code-block code-block-1' style='margin: 8px 0 8px auto; text-align: right; display: block; clear: both;'>\n<p><a href=\"https:\/\/wa.link\/vpicfd\"><img data-recalc-dims=\"1\" class=\"wp-image-4922\" style=\"aspect-ratio: 2.0253164556962027; width: 561px; height: auto;\" src=\"https:\/\/i0.wp.com\/ismaelcolosi.com.br\/wp-content\/uploads\/2023\/11\/grupo-de-empregos-whatsapp-e-facebook-ismael-colosi-vagas.jpg?ssl=1\" alt=\"\" \/><\/a><\/p>\n<!-- \/wp:image -->\n<\/div>\n<p> <br \/>\n<\/p>\n<div>\n<h3 class=\"fn__maintitle\"><span>Thiago Freitas assina com a Warner Music Brasil<\/span><\/h3>\n<\/div>\n<div>\n<p>Considerado uma das promessas musicais da atualidade, no meio do forr\u00f3 e do piseiro, o\u00a0cantor e compositor,\u00a0<strong>Thiago Freitas,\u00a0<\/strong>acaba de assinar contrato com a\u00a0<strong>Warner Music Brasil,<\/strong>\u00a0passando<strong>\u00a0<\/strong>a fazer parte do cast oficial da gravadora. O jovem artista de 21 anos, natural de Tangar\u00e1, no Rio Grande do Norte, j\u00e1 \u00e9 refer\u00eancia musical no nordeste, fato que lhe rendeu, inclusive, convite para se apresentar este ano\u00a0no maior S\u00e3o Jo\u00e3o do pa\u00eds, em Campina Grande \u2013 Para\u00edba.<\/p>\n<p><\/p>\n<p>Com sete anos de carreira, a nova aposta da gravadora Warner come\u00e7ou a cantar profissionalmente aos 14. Contudo, seu talento e carisma n\u00e3o demoraram a ganhar a simpatia do povo. Hoje, Thiago n\u00e3o s\u00f3 possui uma agenda lotada de shows pelo nordeste, como tamb\u00e9m tem alcan\u00e7ado n\u00fameros expressivos nas plataformas digitais. J\u00e1 s\u00e3o mais de 36 milh\u00f5es de visualiza\u00e7\u00f5es no Youtube, 950 mil ouvintes mensais no Spotify e 680 mil seguidores no Instagram. Sua m\u00fasica mais estourada, a regrava\u00e7\u00e3o da can\u00e7\u00e3o da Ivete Sangalo, \u201cQuando a chuva passar\u201d, atingiu mais de 25 milh\u00f5es de plays, nas plataformas digitais; e sua faixa autoral, \u201cOutra Dose\u201d, mais de 22 milh\u00f5es.<\/p>\n<p>Sobre este novo momento de sua carreira, Thiago comenta: \u201c<i>De cora\u00e7\u00e3o, tudo isso \u00e9 a realiza\u00e7\u00e3o de um sonho. Acredito que a gente vai colher muitos frutos, porque vamos unir for\u00e7as, vamos trabalhar, e vamos conseguir. Quando voc\u00ea v\u00ea um jovem de 21 anos de idade, que veio do Nordeste, representando o Rio Grande do Norte, assinar com uma das maiores gravadoras do mundo, isso diz muito sobre os planos de Deus\u201d<\/i>.<\/p>\n<p><img data-recalc-dims=\"1\" loading=\"lazy\" decoding=\"async\" class=\"aligncenter wp-image-2418 size-full\" src=\"https:\/\/i0.wp.com\/popito.com.br\/wp-content\/uploads\/2024\/04\/handler-3-3.jpeg?resize=800%2C1201&#038;ssl=1\" alt=\"\" width=\"800\" height=\"1201\" srcset=\"https:\/\/popito.com.br\/wp-content\/uploads\/2024\/04\/handler-3-3.jpeg 800w, https:\/\/popito.com.br\/wp-content\/uploads\/2024\/04\/handler-3-3-200x300.jpeg 200w, https:\/\/popito.com.br\/wp-content\/uploads\/2024\/04\/handler-3-3-682x1024.jpeg 682w, https:\/\/popito.com.br\/wp-content\/uploads\/2024\/04\/handler-3-3-768x1153.jpeg 768w, https:\/\/popito.com.br\/wp-content\/uploads\/2024\/04\/handler-3-3-600x901.jpeg 600w\" sizes=\"auto, (max-width: 800px) 100vw, 800px\"\/><\/p>\n<p>De acordo com Tony Vieira, Gerente A&amp;R da Warner Music Brasil, \u201c<i>A personalidade art\u00edstica do Thiago, e seu timbre peculiar, chamaram muito nossa aten\u00e7\u00e3o. Sua contrata\u00e7\u00e3o foi estrat\u00e9gica para nossa entrada nos g\u00eaneros populares. Ele \u00e9 um jovem artista do Forr\u00f3 da nova gera\u00e7\u00e3o, que tem feito em torno de 30 shows por m\u00eas, com grande relev\u00e2ncia na regi\u00e3o nordeste, e com muito potencial de crescimento\u201d,\u00a0<\/i>concluiu.<\/p>\n<div class=\"popito_fn_votewrap\">\n<h3 class=\"vote_title\">Como voc\u00ea vota? <\/h3>\n<div class=\"popito_fn_votes \" data-id=\"2415\">\n<p>0 People voted this article. 0 Upvotes &#8211; 0 Downvotes.<\/p>\n<\/div>\n<\/div>\n<\/div>\n<p><br \/>\n<br \/><a href=\"https:\/\/popito.com.br\/thiago-freitas-assina-com-a-warner-music-brasil\/\">Source link <\/a><\/p>\n<!-- CONTENT END 1 -->\n","protected":false},"excerpt":{"rendered":"<p>Thiago Freitas assina com a Warner Music Brasil Considerado uma das promessas musicais da atualidade, no meio do forr\u00f3 e do piseiro, o\u00a0cantor e compositor,\u00a0Thiago&#8230;<\/p>\n","protected":false},"author":1,"featured_media":47507,"comment_status":"open","ping_status":"open","sticky":false,"template":"","format":"standard","meta":{"advanced_seo_description":"","jetpack_seo_html_title":"","jetpack_seo_noindex":false,"jetpack_post_was_ever_published":false,"_jetpack_newsletter_access":"","_jetpack_dont_email_post_to_subs":false,"_jetpack_newsletter_tier_id":0,"_jetpack_memberships_contains_paywalled_content":false,"_jetpack_memberships_contains_paid_content":false,"footnotes":"","jetpack_publicize_message":"","jetpack_publicize_feature_enabled":true,"jetpack_social_post_already_shared":true,"jetpack_social_options":{"image_generator_settings":{"template":"highway","default_image_id":0,"font":"","enabled":false},"version":2}},"categories":[11],"tags":[2738,137,5685,1958,5629,5358],"class_list":["post-47506","post","type-post","status-publish","format-standard","has-post-thumbnail","hentry","category-noticias-de-ribeirao-preto-sp-e-regiao-ismael-colosi","tag-assina","tag-brasil","tag-freitas","tag-music","tag-thiago","tag-warner"],"jetpack_publicize_connections":[],"jetpack_featured_media_url":"https:\/\/i0.wp.com\/noticiasribeiraopreto.com.br\/wp-content\/uploads\/2024\/04\/1714097330_retina-logo.png?fit=145%2C50&ssl=1","jetpack-related-posts":[{"id":15707,"url":"https:\/\/noticiasribeiraopreto.com.br\/index.php\/2023\/12\/14\/inpe-elege-a-praia-mais-perfeita-do-brasil-veja-onde-ela-fica\/","url_meta":{"origin":47506,"position":0},"title":"INPE elege a praia &#8216;mais perfeita&#8217; do Brasil; veja onde ela fica","author":"noticiasribeiraopreto.com.br","date":"14 de December de 2023","format":false,"excerpt":"Qual a praia mais bonita do Brasil? Responder a esta pergunta \u00e9 tarefa quase imposs\u00edvel. Afinal, o pa\u00eds possui um litoral com 7.367 km, banhado pelo oceano Atl\u00e2ntico. Op\u00e7\u00f5es \u00e9 o que n\u00e3o faltam. H\u00e1 praias de areias brancas e cristalinas, com piscinas naturais, muvucadas e at\u00e9 quase desertas. Cr\u00e9ditos:\u2026","rel":"","context":"In &quot;Variedades&quot;","block_context":{"text":"Variedades","link":"https:\/\/noticiasribeiraopreto.com.br\/index.php\/category\/variedades\/"},"img":{"alt_text":"","src":"https:\/\/i0.wp.com\/noticiasribeiraopreto.com.br\/wp-content\/uploads\/2023\/12\/praia-do-farol-arraial-do-cabo.jpg?fit=1200%2C638&ssl=1&resize=350%2C200","width":350,"height":200,"srcset":"https:\/\/i0.wp.com\/noticiasribeiraopreto.com.br\/wp-content\/uploads\/2023\/12\/praia-do-farol-arraial-do-cabo.jpg?fit=1200%2C638&ssl=1&resize=350%2C200 1x, https:\/\/i0.wp.com\/noticiasribeiraopreto.com.br\/wp-content\/uploads\/2023\/12\/praia-do-farol-arraial-do-cabo.jpg?fit=1200%2C638&ssl=1&resize=525%2C300 1.5x, https:\/\/i0.wp.com\/noticiasribeiraopreto.com.br\/wp-content\/uploads\/2023\/12\/praia-do-farol-arraial-do-cabo.jpg?fit=1200%2C638&ssl=1&resize=700%2C400 2x, https:\/\/i0.wp.com\/noticiasribeiraopreto.com.br\/wp-content\/uploads\/2023\/12\/praia-do-farol-arraial-do-cabo.jpg?fit=1200%2C638&ssl=1&resize=1050%2C600 3x"},"classes":[]},{"id":45203,"url":"https:\/\/noticiasribeiraopreto.com.br\/index.php\/2024\/04\/02\/warner-music-digitaliza-albuns-regionais-de-grande-sucesso\/","url_meta":{"origin":47506,"position":1},"title":"Warner Music digitaliza \u00e1lbuns regionais de grande sucesso","author":"noticiasribeiraopreto.com.br","date":"2 de April de 2024","format":false,"excerpt":"Warner Music digitaliza \u00e1lbuns regionais de grande sucessoIntitulado \u201cContinental 80 anos\u201d, projeto da gravadora resgata e completa discografia de grandes artistas regionais, como Anast\u00e1cia, Daniel e Cezar & Paulinho Desde mar\u00e7o, a Warner Music Brasil est\u00e1 comprometida em recuperar boa parte da hist\u00f3ria da m\u00fasica brasileira, especialmente a sertaneja. Com\u2026","rel":"","context":"In &quot;Not\u00edcias de Ribeir\u00e3o Preto-SP e Regi\u00e3o&quot;","block_context":{"text":"Not\u00edcias de Ribeir\u00e3o Preto-SP e Regi\u00e3o","link":"https:\/\/noticiasribeiraopreto.com.br\/index.php\/category\/noticias-de-ribeirao-preto-sp-e-regiao-ismael-colosi\/"},"img":{"alt_text":"","src":"https:\/\/i0.wp.com\/noticiasribeiraopreto.com.br\/wp-content\/uploads\/2024\/04\/Divulgacao-Warner-Music-Group-3-scaled-1.jpg?fit=1200%2C802&ssl=1&resize=350%2C200","width":350,"height":200,"srcset":"https:\/\/i0.wp.com\/noticiasribeiraopreto.com.br\/wp-content\/uploads\/2024\/04\/Divulgacao-Warner-Music-Group-3-scaled-1.jpg?fit=1200%2C802&ssl=1&resize=350%2C200 1x, https:\/\/i0.wp.com\/noticiasribeiraopreto.com.br\/wp-content\/uploads\/2024\/04\/Divulgacao-Warner-Music-Group-3-scaled-1.jpg?fit=1200%2C802&ssl=1&resize=525%2C300 1.5x, https:\/\/i0.wp.com\/noticiasribeiraopreto.com.br\/wp-content\/uploads\/2024\/04\/Divulgacao-Warner-Music-Group-3-scaled-1.jpg?fit=1200%2C802&ssl=1&resize=700%2C400 2x, https:\/\/i0.wp.com\/noticiasribeiraopreto.com.br\/wp-content\/uploads\/2024\/04\/Divulgacao-Warner-Music-Group-3-scaled-1.jpg?fit=1200%2C802&ssl=1&resize=1050%2C600 3x"},"classes":[]},{"id":45364,"url":"https:\/\/noticiasribeiraopreto.com.br\/index.php\/2024\/04\/03\/warner-bros-reune-fas-famosos-e-elenco-de-evidencias-do-amor-em-pre-estreias\/","url_meta":{"origin":47506,"position":2},"title":"Warner Bros. re\u00fane f\u00e3s, famosos e elenco de Evid\u00eancias do Amor em pr\u00e9-estreias","author":"noticiasribeiraopreto.com.br","date":"3 de April de 2024","format":false,"excerpt":"Warner Bros. re\u00fane f\u00e3s, famosos e elenco de Evid\u00eancias do Amor em pr\u00e9-estreiasEm contagem regressiva para a estreia de\u00a0Evid\u00eancias do Amor\u00a0no pr\u00f3ximo dia 11, a Warner Bros. Pictures reuniu o elenco, produ\u00e7\u00e3o, f\u00e3s e famosos em duas pr\u00e9-estreias do filme nesta semana, em S\u00e3o Paulo e Rio de Janeiro. Com\u2026","rel":"","context":"In &quot;Not\u00edcias de Ribeir\u00e3o Preto-SP e Regi\u00e3o&quot;","block_context":{"text":"Not\u00edcias de Ribeir\u00e3o Preto-SP e Regi\u00e3o","link":"https:\/\/noticiasribeiraopreto.com.br\/index.php\/category\/noticias-de-ribeirao-preto-sp-e-regiao-ismael-colosi\/"},"img":{"alt_text":"","src":"https:\/\/i0.wp.com\/noticiasribeiraopreto.com.br\/wp-content\/uploads\/2024\/04\/MHC03805.jpg?fit=1200%2C675&ssl=1&resize=350%2C200","width":350,"height":200,"srcset":"https:\/\/i0.wp.com\/noticiasribeiraopreto.com.br\/wp-content\/uploads\/2024\/04\/MHC03805.jpg?fit=1200%2C675&ssl=1&resize=350%2C200 1x, https:\/\/i0.wp.com\/noticiasribeiraopreto.com.br\/wp-content\/uploads\/2024\/04\/MHC03805.jpg?fit=1200%2C675&ssl=1&resize=525%2C300 1.5x, https:\/\/i0.wp.com\/noticiasribeiraopreto.com.br\/wp-content\/uploads\/2024\/04\/MHC03805.jpg?fit=1200%2C675&ssl=1&resize=700%2C400 2x, https:\/\/i0.wp.com\/noticiasribeiraopreto.com.br\/wp-content\/uploads\/2024\/04\/MHC03805.jpg?fit=1200%2C675&ssl=1&resize=1050%2C600 3x"},"classes":[]},{"id":73739,"url":"https:\/\/noticiasribeiraopreto.com.br\/index.php\/2025\/07\/08\/thiago-arancam-apresenta-show-com-grandes-sucessos-da-musica-italiana\/","url_meta":{"origin":47506,"position":3},"title":"Thiago Arancam apresenta show com grandes sucessos da m\u00fasica italiana","author":"noticiasribeiraopreto.com.br","date":"8 de July de 2025","format":false,"excerpt":"Considerado um dos maiores int\u00e9rpretes do Brasil, Thiago Arancam\u00a0traz para o palco do Theatro Pedro II o espet\u00e1culo \u201cUma Viagem Pela It\u00e1lia\u201d, com grandes sucessos da m\u00fasica italiana. A apresenta\u00e7\u00e3o acontece dia 19 de julho, \u00e0s 20h. Thiago Arancam construiu sua carreira musical entre o Brasil e a It\u00e1lia. Agora,\u2026","rel":"","context":"In &quot;Not\u00edcias de Ribeir\u00e3o Preto-SP e Regi\u00e3o&quot;","block_context":{"text":"Not\u00edcias de Ribeir\u00e3o Preto-SP e Regi\u00e3o","link":"https:\/\/noticiasribeiraopreto.com.br\/index.php\/category\/noticias-de-ribeirao-preto-sp-e-regiao-ismael-colosi\/"},"img":{"alt_text":"","src":"https:\/\/i0.wp.com\/noticiasribeiraopreto.com.br\/wp-content\/uploads\/2025\/07\/Copia-de-Copia-de-TAMANHO-EXATO-PARA-FOTOS-NO-SISTEMA-NOVO-5.jpg?fit=1200%2C675&ssl=1&resize=350%2C200","width":350,"height":200,"srcset":"https:\/\/i0.wp.com\/noticiasribeiraopreto.com.br\/wp-content\/uploads\/2025\/07\/Copia-de-Copia-de-TAMANHO-EXATO-PARA-FOTOS-NO-SISTEMA-NOVO-5.jpg?fit=1200%2C675&ssl=1&resize=350%2C200 1x, https:\/\/i0.wp.com\/noticiasribeiraopreto.com.br\/wp-content\/uploads\/2025\/07\/Copia-de-Copia-de-TAMANHO-EXATO-PARA-FOTOS-NO-SISTEMA-NOVO-5.jpg?fit=1200%2C675&ssl=1&resize=525%2C300 1.5x, https:\/\/i0.wp.com\/noticiasribeiraopreto.com.br\/wp-content\/uploads\/2025\/07\/Copia-de-Copia-de-TAMANHO-EXATO-PARA-FOTOS-NO-SISTEMA-NOVO-5.jpg?fit=1200%2C675&ssl=1&resize=700%2C400 2x, https:\/\/i0.wp.com\/noticiasribeiraopreto.com.br\/wp-content\/uploads\/2025\/07\/Copia-de-Copia-de-TAMANHO-EXATO-PARA-FOTOS-NO-SISTEMA-NOVO-5.jpg?fit=1200%2C675&ssl=1&resize=1050%2C600 3x"},"classes":[]},{"id":47813,"url":"https:\/\/noticiasribeiraopreto.com.br\/index.php\/2024\/04\/28\/thiaguinho-leva-a-turne-meu-nome-e-thiago-andre-para-o-japao\/","url_meta":{"origin":47506,"position":4},"title":"Thiaguinho leva a turn\u00ea \u201cMeu Nome \u00e9 Thiago Andr\u00e9\u201d para o Jap\u00e3o","author":"noticiasribeiraopreto.com.br","date":"28 de April de 2024","format":false,"excerpt":"Thiaguinho leva a turn\u00ea \u201cMeu Nome \u00e9 Thiago Andr\u00e9\u201d para o Jap\u00e3oOs brasileiros no Jap\u00e3o podem se preparar para um feriado de Golden Week bem animado, pois Thiaguinho, um dos artistas mais populares do Brasil, botou o p\u00e9 na estrada e est\u00e1 viajando pelo mundo com a turn\u00ea\u00a0\u201cMeu Nome \u00e9\u2026","rel":"","context":"In &quot;Not\u00edcias de Ribeir\u00e3o Preto-SP e Regi\u00e3o&quot;","block_context":{"text":"Not\u00edcias de Ribeir\u00e3o Preto-SP e Regi\u00e3o","link":"https:\/\/noticiasribeiraopreto.com.br\/index.php\/category\/noticias-de-ribeirao-preto-sp-e-regiao-ismael-colosi\/"},"img":{"alt_text":"","src":"","width":0,"height":0},"classes":[]},{"id":50946,"url":"https:\/\/noticiasribeiraopreto.com.br\/index.php\/2024\/05\/21\/warner-bros-discovery-e-destaque-no-evento-reconhecimento-em-praticas-e-acoes-de-diversidade\/","url_meta":{"origin":47506,"position":5},"title":"Warner Bros. Discovery \u00e9 destaque no evento &#8220;Reconhecimento em Pr\u00e1ticas e A\u00e7\u00f5es de Diversidade&#8221;","author":"noticiasribeiraopreto.com.br","date":"21 de May de 2024","format":false,"excerpt":"Warner Bros. Discovery \u00e9 destaque no evento \u201cReconhecimento em Pr\u00e1ticas e A\u00e7\u00f5es de Diversidade\u201dO programa \u201cNarrativas Negras N\u00e3o Contadas \u2013 Black Brazil Unspoken\u201d foi premiado na categoria \u201cAscens\u00e3o de profissionais negros\u201d A Warner Bros. Discovery foi condecorada na terceira edi\u00e7\u00e3o do evento \u201cReconhecimento das Melhores e A\u00e7\u00f5es de Diversidade\u201d, realizado\u2026","rel":"","context":"In &quot;Not\u00edcias de Ribeir\u00e3o Preto-SP e Regi\u00e3o&quot;","block_context":{"text":"Not\u00edcias de Ribeir\u00e3o Preto-SP e Regi\u00e3o","link":"https:\/\/noticiasribeiraopreto.com.br\/index.php\/category\/noticias-de-ribeirao-preto-sp-e-regiao-ismael-colosi\/"},"img":{"alt_text":"","src":"https:\/\/i0.wp.com\/noticiasribeiraopreto.com.br\/wp-content\/uploads\/2024\/05\/FEF7160.jpg?fit=1200%2C675&ssl=1&resize=350%2C200","width":350,"height":200,"srcset":"https:\/\/i0.wp.com\/noticiasribeiraopreto.com.br\/wp-content\/uploads\/2024\/05\/FEF7160.jpg?fit=1200%2C675&ssl=1&resize=350%2C200 1x, https:\/\/i0.wp.com\/noticiasribeiraopreto.com.br\/wp-content\/uploads\/2024\/05\/FEF7160.jpg?fit=1200%2C675&ssl=1&resize=525%2C300 1.5x, https:\/\/i0.wp.com\/noticiasribeiraopreto.com.br\/wp-content\/uploads\/2024\/05\/FEF7160.jpg?fit=1200%2C675&ssl=1&resize=700%2C400 2x, https:\/\/i0.wp.com\/noticiasribeiraopreto.com.br\/wp-content\/uploads\/2024\/05\/FEF7160.jpg?fit=1200%2C675&ssl=1&resize=1050%2C600 3x"},"classes":[]}],"jetpack_sharing_enabled":true,"jetpack_shortlink":"https:\/\/wp.me\/peQAOb-cme","_links":{"self":[{"href":"https:\/\/noticiasribeiraopreto.com.br\/index.php\/wp-json\/wp\/v2\/posts\/47506","targetHints":{"allow":["GET"]}}],"collection":[{"href":"https:\/\/noticiasribeiraopreto.com.br\/index.php\/wp-json\/wp\/v2\/posts"}],"about":[{"href":"https:\/\/noticiasribeiraopreto.com.br\/index.php\/wp-json\/wp\/v2\/types\/post"}],"author":[{"embeddable":true,"href":"https:\/\/noticiasribeiraopreto.com.br\/index.php\/wp-json\/wp\/v2\/users\/1"}],"replies":[{"embeddable":true,"href":"https:\/\/noticiasribeiraopreto.com.br\/index.php\/wp-json\/wp\/v2\/comments?post=47506"}],"version-history":[{"count":0,"href":"https:\/\/noticiasribeiraopreto.com.br\/index.php\/wp-json\/wp\/v2\/posts\/47506\/revisions"}],"wp:featuredmedia":[{"embeddable":true,"href":"https:\/\/noticiasribeiraopreto.com.br\/index.php\/wp-json\/wp\/v2\/media\/47507"}],"wp:attachment":[{"href":"https:\/\/noticiasribeiraopreto.com.br\/index.php\/wp-json\/wp\/v2\/media?parent=47506"}],"wp:term":[{"taxonomy":"category","embeddable":true,"href":"https:\/\/noticiasribeiraopreto.com.br\/index.php\/wp-json\/wp\/v2\/categories?post=47506"},{"taxonomy":"post_tag","embeddable":true,"href":"https:\/\/noticiasribeiraopreto.com.br\/index.php\/wp-json\/wp\/v2\/tags?post=47506"}],"curies":[{"name":"wp","href":"https:\/\/api.w.org\/{rel}","templated":true}]}}