{"id":47690,"date":"2024-04-27T11:44:31","date_gmt":"2024-04-27T14:44:31","guid":{"rendered":"https:\/\/noticiasribeiraopreto.com.br\/index.php\/2024\/04\/27\/zeze-motta-larissa-luz-e-alaide-costa-veja-os-espetaculos-no-sesc-ribeirao-preto\/"},"modified":"2024-04-27T11:44:31","modified_gmt":"2024-04-27T14:44:31","slug":"zeze-motta-larissa-luz-e-alaide-costa-veja-os-espetaculos-no-sesc-ribeirao-preto","status":"publish","type":"post","link":"https:\/\/noticiasribeiraopreto.com.br\/index.php\/2024\/04\/27\/zeze-motta-larissa-luz-e-alaide-costa-veja-os-espetaculos-no-sesc-ribeirao-preto\/","title":{"rendered":"Zez\u00e9 Motta, Larissa Luz e Ala\u00edde Costa: Veja os espet\u00e1culos no Sesc Ribeir\u00e3o Preto"},"content":{"rendered":"<div class='code-block code-block-1' style='margin: 8px 0 8px auto; text-align: right; display: block; clear: both;'>\n<p><a href=\"https:\/\/wa.link\/vpicfd\"><img data-recalc-dims=\"1\" class=\"wp-image-4922\" style=\"aspect-ratio: 2.0253164556962027; width: 561px; height: auto;\" src=\"https:\/\/i0.wp.com\/ismaelcolosi.com.br\/wp-content\/uploads\/2023\/11\/grupo-de-empregos-whatsapp-e-facebook-ismael-colosi-vagas.jpg?ssl=1\" alt=\"\" \/><\/a><\/p>\n<!-- \/wp:image -->\n<\/div>\n<p> <br \/>\n<\/p>\n<div>\n<p>Nos dias <strong>15 e 16<\/strong> <strong>de maio<\/strong>, o <strong>Sesc Ribeir\u00e3o Preto<\/strong> recebe os espet\u00e1culos \u201c<strong>Elza Tributo<\/strong>\u201d e \u201c<strong>P\u00e9rolas Negras<\/strong>\u201d, que contam com a presen\u00e7a dos artistas <strong>Larissa Luz<\/strong>, <strong>Caio Prado<\/strong>, <strong>Ala\u00edde Costa<\/strong>, <strong>Eliana Pittman <\/strong>e <strong>Zez\u00e9 Motta<\/strong>.<\/p>\n<h4 class=\"wp-block-heading\"><strong>Elza Tributo<\/strong><\/h4>\n<p>A dupla,<strong> Larissa Luz<\/strong> e <strong>Caio Prado<\/strong>, homenageia a voz de <strong>Elza Soares<\/strong>. O repert\u00f3rio inclui as can\u00e7\u00f5es do \u00e1lbum \u201c<strong>Elza ao Vivo no Municipal<\/strong>\u201d, primeiro lan\u00e7amento fonogr\u00e1fico e audiovisual da cantora. O show conta com a presen\u00e7a da banda que acompanhou <strong>Elza<\/strong> at\u00e9 seu \u00faltimo trabalho.<\/p>\n<p>O evento ser\u00e1 realizado no dia <strong>15 de maio<\/strong>, \u00e0s <strong>20h<\/strong>, no <strong>Theatro Pedro II<\/strong>. A classifica\u00e7\u00e3o indicativa \u00e9 de <strong>12 anos<\/strong>.<\/p>\n<h4 class=\"wp-block-heading\"><strong>P\u00e9rolas Negras<\/strong><\/h4>\n<p><strong>Ala\u00edde Costa<\/strong>, <strong>Eliana Pittman<\/strong> e <strong>Zez\u00e9 Motta<\/strong> apresentam um show dedicado \u00e0 contribui\u00e7\u00e3o de compositores negros na m\u00fasica brasileira e tamb\u00e9m marca o lan\u00e7amento do \u00e1lbum \u201c<strong>P\u00e9rolas Negras Ao Vivo<\/strong>\u201d, em que as tr\u00eas artistas apresentam um repert\u00f3rio com g\u00eaneros e estilos diversos.<\/p>\n<p>O espet\u00e1culo acontece dia <strong>16 de maio<\/strong>, \u00e0s <strong>20h<\/strong>, no <strong>Theatro Pedro II<\/strong>. A classifica\u00e7\u00e3o indicativa \u00e9 de <strong>12 anos<\/strong>.<\/p>\n<h4 class=\"wp-block-heading\"><strong>Ingressos<\/strong><\/h4>\n<p>As <strong>vendas on-line<\/strong> dos ingressos para os dois espet\u00e1culos come\u00e7am no dia <strong>7 de maio<\/strong> e as <strong>vendas na bilheteria<\/strong>, no dia <strong>8 de maio<\/strong>. Ambas come\u00e7am \u00e0s <strong>17h<\/strong>. <\/p>\n<p>Os <strong>valores<\/strong> variam entre R$ 15 e R$ 50.<\/p>\n<p>O <strong>Sesc Ribeir\u00e3o Preto<\/strong> fica localizado na <strong>rua Tibiri\u00e7\u00e1, 50, no Centro<\/strong>. <\/p>\n<p>SAIBA MAIS<br \/>Um cl\u00e1ssico com muito brilho e estilo invade o Ribeir\u00e3o Rodeo Music<\/p>\n<h4 class=\"wp-block-heading\"><strong>FIQUE ON<\/strong><\/h4>\n<p>Fique ligado em tudo que acontece em Ribeir\u00e3o Preto e regi\u00e3o. Siga os perfis do <strong>acidade on <\/strong>no <a href=\"https:\/\/www.instagram.com\/acidadeonribeirao\" target=\"_blank\" rel=\"noreferrer noopener\">Instagram<\/a> e no <a href=\"https:\/\/www.facebook.com\/acidadeonribeirao\" target=\"_blank\" rel=\"noreferrer noopener\">Facebook<\/a>.<\/p>\n<p>Receba not\u00edcias do acidade on no WhatsApp. Para entrar no grupo, basta <a href=\"https:\/\/chat.whatsapp.com\/GFH9HUMUTHNFJdnyEd0xxq\" target=\"_blank\" rel=\"noreferrer noopener\">clicar aqui<\/a>.<\/p>\n<p>Fa\u00e7a uma den\u00fancia ou sugira uma reportagem sobre Ribeir\u00e3o Preto e regi\u00e3o pelo WhatsApp: 16 99117 7802.<\/p>\n<p>VEJA TAMB\u00c9M<br \/>Madonna ganha t\u00edtulo de cidad\u00e3 carioca honor\u00e1ria\u00a0<\/p>\n<p><!-- AI CONTENT END 1 -->\n<\/div>\n<p><script async src=\"\/\/www.instagram.com\/embed.js\"><\/script><br \/>\n<br \/><br \/>\n<br \/><a href=\"https:\/\/www.acidadeon.com\/ribeiraopreto\/lazer-e-cultura\/zeze-motta-larissa-luz-e-alaide-costa-veja-quem-se-apresenta-no-sesc-ribeirao-preto2\/\">Source link <\/a><\/p>\n<!-- CONTENT END 1 -->\n","protected":false},"excerpt":{"rendered":"<p>Nos dias 15 e 16 de maio, o Sesc Ribeir\u00e3o Preto recebe os espet\u00e1culos \u201cElza Tributo\u201d e \u201cP\u00e9rolas Negras\u201d, que contam com a presen\u00e7a dos&#8230;<\/p>\n","protected":false},"author":1,"featured_media":47691,"comment_status":"open","ping_status":"open","sticky":false,"template":"","format":"standard","meta":{"advanced_seo_description":"","jetpack_seo_html_title":"","jetpack_seo_noindex":false,"jetpack_post_was_ever_published":false,"_jetpack_newsletter_access":"","_jetpack_dont_email_post_to_subs":false,"_jetpack_newsletter_tier_id":0,"_jetpack_memberships_contains_paywalled_content":false,"_jetpack_memberships_contains_paid_content":false,"footnotes":"","jetpack_publicize_message":"","jetpack_publicize_feature_enabled":true,"jetpack_social_post_already_shared":true,"jetpack_social_options":{"image_generator_settings":{"template":"highway","default_image_id":0,"font":"","enabled":false},"version":2}},"categories":[11],"tags":[],"class_list":["post-47690","post","type-post","status-publish","format-standard","has-post-thumbnail","hentry","category-noticias-de-ribeirao-preto-sp-e-regiao-ismael-colosi"],"jetpack_publicize_connections":[],"jetpack_featured_media_url":"https:\/\/i0.wp.com\/noticiasribeiraopreto.com.br\/wp-content\/uploads\/2024\/04\/Copia-de-Copia-de-TAMANHO-EXATO-PARA-FOTOS-NO-SISTEMA-NOVO-1-2_2024-04-27_14-20-13_jpg.webp.webp?fit=1200%2C675&ssl=1","jetpack-related-posts":[{"id":47694,"url":"https:\/\/noticiasribeiraopreto.com.br\/index.php\/2024\/04\/27\/jovem-morre-apos-acender-disco-de-arado-com-alcool-combustivel-no-interior-de-sp\/","url_meta":{"origin":47690,"position":0},"title":"Jovem morre ap\u00f3s acender disco de arado com \u00e1lcool combust\u00edvel no interior de SP","author":"noticiasribeiraopreto.com.br","date":"27 de April de 2024","format":false,"excerpt":"Uma jovem de 19 anos morreu na madrugada deste s\u00e1bado (27), em um hospital particular de Ribeir\u00e3o Preto, depois de n\u00e3o resistir aos ferimentos provocados por queimaduras ap\u00f3s acender um disco de arado com \u00e1lcool combust\u00edvel. O acidente ocorreu no \u00faltimo dia 21, em Porto Ferreira, no interior de S\u00e3o\u2026","rel":"","context":"In &quot;Not\u00edcias de Ribeir\u00e3o Preto-SP e Regi\u00e3o&quot;","block_context":{"text":"Not\u00edcias de Ribeir\u00e3o Preto-SP e Regi\u00e3o","link":"https:\/\/noticiasribeiraopreto.com.br\/index.php\/category\/noticias-de-ribeirao-preto-sp-e-regiao-ismael-colosi\/"},"img":{"alt_text":"","src":"https:\/\/i0.wp.com\/noticiasribeiraopreto.com.br\/wp-content\/uploads\/2024\/04\/WhatsApp-Image-2023-10-01-at-15.55.52.jpeg?fit=1024%2C576&ssl=1&resize=350%2C200","width":350,"height":200,"srcset":"https:\/\/i0.wp.com\/noticiasribeiraopreto.com.br\/wp-content\/uploads\/2024\/04\/WhatsApp-Image-2023-10-01-at-15.55.52.jpeg?fit=1024%2C576&ssl=1&resize=350%2C200 1x, https:\/\/i0.wp.com\/noticiasribeiraopreto.com.br\/wp-content\/uploads\/2024\/04\/WhatsApp-Image-2023-10-01-at-15.55.52.jpeg?fit=1024%2C576&ssl=1&resize=525%2C300 1.5x, https:\/\/i0.wp.com\/noticiasribeiraopreto.com.br\/wp-content\/uploads\/2024\/04\/WhatsApp-Image-2023-10-01-at-15.55.52.jpeg?fit=1024%2C576&ssl=1&resize=700%2C400 2x"},"classes":[]},{"id":47797,"url":"https:\/\/noticiasribeiraopreto.com.br\/index.php\/2024\/04\/28\/saiba-como-participar-das-visitas-monitoradas-ao-bosque-zoologico-de-ribeirao-preto\/","url_meta":{"origin":47690,"position":1},"title":"Saiba como participar das visitas monitoradas ao Bosque Zool\u00f3gico de Ribeir\u00e3o Preto","author":"noticiasribeiraopreto.com.br","date":"28 de April de 2024","format":false,"excerpt":"O Bosque e Zool\u00f3gico F\u00e1bio Barretos, em Ribeir\u00e3o Preto, realiza entre os dias 3 e 24 de maio, das 13h30 \u00e0s 16h30, visitas guiadas atrav\u00e9s do projeto \u2018Jornada ao Bosque\u2019. As visitas s\u00e3o gratuitas e ser\u00e3o realizadas por agendamento, atendendo escolas p\u00fablicas, privadas e demais grupos de 15 a 30\u2026","rel":"","context":"In &quot;Not\u00edcias de Ribeir\u00e3o Preto-SP e Regi\u00e3o&quot;","block_context":{"text":"Not\u00edcias de Ribeir\u00e3o Preto-SP e Regi\u00e3o","link":"https:\/\/noticiasribeiraopreto.com.br\/index.php\/category\/noticias-de-ribeirao-preto-sp-e-regiao-ismael-colosi\/"},"img":{"alt_text":"","src":"https:\/\/i0.wp.com\/noticiasribeiraopreto.com.br\/wp-content\/uploads\/2024\/04\/bosque_1_-_foto_guilherme_sircili.jpg?fit=1200%2C799&ssl=1&resize=350%2C200","width":350,"height":200,"srcset":"https:\/\/i0.wp.com\/noticiasribeiraopreto.com.br\/wp-content\/uploads\/2024\/04\/bosque_1_-_foto_guilherme_sircili.jpg?fit=1200%2C799&ssl=1&resize=350%2C200 1x, https:\/\/i0.wp.com\/noticiasribeiraopreto.com.br\/wp-content\/uploads\/2024\/04\/bosque_1_-_foto_guilherme_sircili.jpg?fit=1200%2C799&ssl=1&resize=525%2C300 1.5x, https:\/\/i0.wp.com\/noticiasribeiraopreto.com.br\/wp-content\/uploads\/2024\/04\/bosque_1_-_foto_guilherme_sircili.jpg?fit=1200%2C799&ssl=1&resize=700%2C400 2x, https:\/\/i0.wp.com\/noticiasribeiraopreto.com.br\/wp-content\/uploads\/2024\/04\/bosque_1_-_foto_guilherme_sircili.jpg?fit=1200%2C799&ssl=1&resize=1050%2C600 3x"},"classes":[]},{"id":47696,"url":"https:\/\/noticiasribeiraopreto.com.br\/index.php\/2024\/04\/27\/veja-como-fica-o-tempo-em-ribeirao-preto-neste-fim-de-semana\/","url_meta":{"origin":47690,"position":2},"title":"Veja como fica o tempo em Ribeir\u00e3o Preto neste fim de semana","author":"noticiasribeiraopreto.com.br","date":"27 de April de 2024","format":false,"excerpt":"O \u00faltimo fim de semana de abril em Ribeir\u00e3o Preto ser\u00e1 de muito calor, de acordo com os meteorologistas. Segundo a previs\u00e3o da Climatempo, as temperaturas podem chegar aos 34\u00baC neste s\u00e1bado (27) e no domingo (28). Os dois dias ser\u00e3o marcados pelo sol, com aumento de nuvens a partir\u2026","rel":"","context":"In &quot;Not\u00edcias de Ribeir\u00e3o Preto-SP e Regi\u00e3o&quot;","block_context":{"text":"Not\u00edcias de Ribeir\u00e3o Preto-SP e Regi\u00e3o","link":"https:\/\/noticiasribeiraopreto.com.br\/index.php\/category\/noticias-de-ribeirao-preto-sp-e-regiao-ismael-colosi\/"},"img":{"alt_text":"","src":"https:\/\/i0.wp.com\/noticiasribeiraopreto.com.br\/wp-content\/uploads\/2024\/04\/1714233376_WhatsApp-Image-2024-02-28-at-08.48.57.jpeg?fit=1200%2C900&ssl=1&resize=350%2C200","width":350,"height":200,"srcset":"https:\/\/i0.wp.com\/noticiasribeiraopreto.com.br\/wp-content\/uploads\/2024\/04\/1714233376_WhatsApp-Image-2024-02-28-at-08.48.57.jpeg?fit=1200%2C900&ssl=1&resize=350%2C200 1x, https:\/\/i0.wp.com\/noticiasribeiraopreto.com.br\/wp-content\/uploads\/2024\/04\/1714233376_WhatsApp-Image-2024-02-28-at-08.48.57.jpeg?fit=1200%2C900&ssl=1&resize=525%2C300 1.5x, https:\/\/i0.wp.com\/noticiasribeiraopreto.com.br\/wp-content\/uploads\/2024\/04\/1714233376_WhatsApp-Image-2024-02-28-at-08.48.57.jpeg?fit=1200%2C900&ssl=1&resize=700%2C400 2x, https:\/\/i0.wp.com\/noticiasribeiraopreto.com.br\/wp-content\/uploads\/2024\/04\/1714233376_WhatsApp-Image-2024-02-28-at-08.48.57.jpeg?fit=1200%2C900&ssl=1&resize=1050%2C600 3x"},"classes":[]},{"id":14606,"url":"https:\/\/noticiasribeiraopreto.com.br\/index.php\/2023\/12\/12\/a-voz-de-alaide-costa-em-rp\/","url_meta":{"origin":47690,"position":3},"title":"A voz de Ala\u00edde Costa em RP","author":"noticiasribeiraopreto.com.br","date":"12 de December de 2023","format":false,"excerpt":"Conhecida como a \u201cDiva da Can\u00e7\u00e3o\u201d, a cantora Ala\u00edde Costa e o cantor e compositor Eduardo Santhana estar\u00e3o no Teatro Municipal de Ribeir\u00e3o Preto, nesta quarta-feira, 13 de dezembro, \u00e0s 20 horas, com o show \u201cCan\u00e7\u00f5es de Amores Paulistas\u201d, com entrada gratuita. \u00a0\u00a0O show tem patroc\u00ednio da Secretaria de Cultura,\u2026","rel":"","context":"In &quot;Not\u00edcias de Ribeir\u00e3o Preto-SP e Regi\u00e3o&quot;","block_context":{"text":"Not\u00edcias de Ribeir\u00e3o Preto-SP e Regi\u00e3o","link":"https:\/\/noticiasribeiraopreto.com.br\/index.php\/category\/noticias-de-ribeirao-preto-sp-e-regiao-ismael-colosi\/"},"img":{"alt_text":"","src":"https:\/\/i0.wp.com\/noticiasribeiraopreto.com.br\/wp-content\/uploads\/2023\/12\/alaide-scaled.jpg?fit=968%2C645&ssl=1&resize=350%2C200","width":350,"height":200,"srcset":"https:\/\/i0.wp.com\/noticiasribeiraopreto.com.br\/wp-content\/uploads\/2023\/12\/alaide-scaled.jpg?fit=968%2C645&ssl=1&resize=350%2C200 1x, https:\/\/i0.wp.com\/noticiasribeiraopreto.com.br\/wp-content\/uploads\/2023\/12\/alaide-scaled.jpg?fit=968%2C645&ssl=1&resize=525%2C300 1.5x, https:\/\/i0.wp.com\/noticiasribeiraopreto.com.br\/wp-content\/uploads\/2023\/12\/alaide-scaled.jpg?fit=968%2C645&ssl=1&resize=700%2C400 2x"},"classes":[]},{"id":13791,"url":"https:\/\/noticiasribeiraopreto.com.br\/index.php\/2023\/12\/11\/alaide-costa-vem-a-ribeirao-com-show-gratuito-saiba-como-retirar-o-ingresso\/","url_meta":{"origin":47690,"position":4},"title":"Ala\u00edde Costa vem a Ribeir\u00e3o com show gratuito; Saiba como retirar o ingresso","author":"noticiasribeiraopreto.com.br","date":"11 de December de 2023","format":false,"excerpt":"O Teatro Municipal de Ribeir\u00e3o Preto, localizado no Morro do S\u00e3o Bento, recebe, no dia 13 de dezembro, a cantora Ala\u00edde Costa, \u00e0s 20h. A entrada \u00e9 gratuita e aberta ao p\u00fablico. \u00a0 A cantora \u00e9 dona das m\u00fasicas \u2018Turmalina Negra\u2019, \u2018Catavento\u2019, \u2018Me deixa em paz\u2019, entre outras. A apresenta\u00e7\u00e3o\u2026","rel":"","context":"In &quot;Not\u00edcias de Ribeir\u00e3o Preto-SP e Regi\u00e3o&quot;","block_context":{"text":"Not\u00edcias de Ribeir\u00e3o Preto-SP e Regi\u00e3o","link":"https:\/\/noticiasribeiraopreto.com.br\/index.php\/category\/noticias-de-ribeirao-preto-sp-e-regiao-ismael-colosi\/"},"img":{"alt_text":"","src":"https:\/\/i0.wp.com\/noticiasribeiraopreto.com.br\/wp-content\/uploads\/2023\/12\/398976081_876288624498799_2874436034006896190_n.jpg?fit=699%2C471&ssl=1&resize=350%2C200","width":350,"height":200,"srcset":"https:\/\/i0.wp.com\/noticiasribeiraopreto.com.br\/wp-content\/uploads\/2023\/12\/398976081_876288624498799_2874436034006896190_n.jpg?fit=699%2C471&ssl=1&resize=350%2C200 1x, https:\/\/i0.wp.com\/noticiasribeiraopreto.com.br\/wp-content\/uploads\/2023\/12\/398976081_876288624498799_2874436034006896190_n.jpg?fit=699%2C471&ssl=1&resize=525%2C300 1.5x"},"classes":[]},{"id":2294,"url":"https:\/\/noticiasribeiraopreto.com.br\/index.php\/2023\/11\/15\/teatro-de-ribeirao-tem-apresentacao-de-chorinho-com-luis-passos\/","url_meta":{"origin":47690,"position":5},"title":"Teatro de Ribeir\u00e3o tem apresenta\u00e7\u00e3o de chorinho com Luis Passos\u00a0","author":"noticiasribeiraopreto.com.br","date":"15 de November de 2023","format":false,"excerpt":"O Teatro Minaz, localizado no Jardim Castelo Branco em Ribeir\u00e3o Preto, recebe, no dia 19 de novembro, \u00e0s 9h30, o bandolinista e violinista Luis Passos, para mais uma edi\u00e7\u00e3o do \u2018Choro na Esquina\u2019. \u00a0 A entrada \u00e9 gratuita e aberta ao p\u00fablico. N\u00e3o \u00e9 necess\u00e1rio reservar os ingressos. \u00a0 Chorinho\u2026","rel":"","context":"In &quot;Not\u00edcias de Ribeir\u00e3o Preto-SP e Regi\u00e3o&quot;","block_context":{"text":"Not\u00edcias de Ribeir\u00e3o Preto-SP e Regi\u00e3o","link":"https:\/\/noticiasribeiraopreto.com.br\/index.php\/category\/noticias-de-ribeirao-preto-sp-e-regiao-ismael-colosi\/"},"img":{"alt_text":"","src":"https:\/\/i0.wp.com\/noticiasribeiraopreto.com.br\/wp-content\/uploads\/2023\/11\/WhatsApp-Image-2023-11-13-at-09.04.07.jpeg?fit=1200%2C800&ssl=1&resize=350%2C200","width":350,"height":200,"srcset":"https:\/\/i0.wp.com\/noticiasribeiraopreto.com.br\/wp-content\/uploads\/2023\/11\/WhatsApp-Image-2023-11-13-at-09.04.07.jpeg?fit=1200%2C800&ssl=1&resize=350%2C200 1x, https:\/\/i0.wp.com\/noticiasribeiraopreto.com.br\/wp-content\/uploads\/2023\/11\/WhatsApp-Image-2023-11-13-at-09.04.07.jpeg?fit=1200%2C800&ssl=1&resize=525%2C300 1.5x, https:\/\/i0.wp.com\/noticiasribeiraopreto.com.br\/wp-content\/uploads\/2023\/11\/WhatsApp-Image-2023-11-13-at-09.04.07.jpeg?fit=1200%2C800&ssl=1&resize=700%2C400 2x, https:\/\/i0.wp.com\/noticiasribeiraopreto.com.br\/wp-content\/uploads\/2023\/11\/WhatsApp-Image-2023-11-13-at-09.04.07.jpeg?fit=1200%2C800&ssl=1&resize=1050%2C600 3x"},"classes":[]}],"jetpack_sharing_enabled":true,"jetpack_shortlink":"https:\/\/wp.me\/peQAOb-cpc","_links":{"self":[{"href":"https:\/\/noticiasribeiraopreto.com.br\/index.php\/wp-json\/wp\/v2\/posts\/47690","targetHints":{"allow":["GET"]}}],"collection":[{"href":"https:\/\/noticiasribeiraopreto.com.br\/index.php\/wp-json\/wp\/v2\/posts"}],"about":[{"href":"https:\/\/noticiasribeiraopreto.com.br\/index.php\/wp-json\/wp\/v2\/types\/post"}],"author":[{"embeddable":true,"href":"https:\/\/noticiasribeiraopreto.com.br\/index.php\/wp-json\/wp\/v2\/users\/1"}],"replies":[{"embeddable":true,"href":"https:\/\/noticiasribeiraopreto.com.br\/index.php\/wp-json\/wp\/v2\/comments?post=47690"}],"version-history":[{"count":0,"href":"https:\/\/noticiasribeiraopreto.com.br\/index.php\/wp-json\/wp\/v2\/posts\/47690\/revisions"}],"wp:featuredmedia":[{"embeddable":true,"href":"https:\/\/noticiasribeiraopreto.com.br\/index.php\/wp-json\/wp\/v2\/media\/47691"}],"wp:attachment":[{"href":"https:\/\/noticiasribeiraopreto.com.br\/index.php\/wp-json\/wp\/v2\/media?parent=47690"}],"wp:term":[{"taxonomy":"category","embeddable":true,"href":"https:\/\/noticiasribeiraopreto.com.br\/index.php\/wp-json\/wp\/v2\/categories?post=47690"},{"taxonomy":"post_tag","embeddable":true,"href":"https:\/\/noticiasribeiraopreto.com.br\/index.php\/wp-json\/wp\/v2\/tags?post=47690"}],"curies":[{"name":"wp","href":"https:\/\/api.w.org\/{rel}","templated":true}]}}