{"id":47694,"date":"2024-04-27T12:24:26","date_gmt":"2024-04-27T15:24:26","guid":{"rendered":"https:\/\/noticiasribeiraopreto.com.br\/index.php\/2024\/04\/27\/jovem-morre-apos-acender-disco-de-arado-com-alcool-combustivel-no-interior-de-sp\/"},"modified":"2024-04-27T12:24:26","modified_gmt":"2024-04-27T15:24:26","slug":"jovem-morre-apos-acender-disco-de-arado-com-alcool-combustivel-no-interior-de-sp","status":"publish","type":"post","link":"https:\/\/noticiasribeiraopreto.com.br\/index.php\/2024\/04\/27\/jovem-morre-apos-acender-disco-de-arado-com-alcool-combustivel-no-interior-de-sp\/","title":{"rendered":"Jovem morre ap\u00f3s acender disco de arado com \u00e1lcool combust\u00edvel no interior de SP"},"content":{"rendered":"<div class='code-block code-block-1' style='margin: 8px 0 8px auto; text-align: right; display: block; clear: both;'>\n<p><a href=\"https:\/\/wa.link\/vpicfd\"><img data-recalc-dims=\"1\" class=\"wp-image-4922\" style=\"aspect-ratio: 2.0253164556962027; width: 561px; height: auto;\" src=\"https:\/\/i0.wp.com\/ismaelcolosi.com.br\/wp-content\/uploads\/2023\/11\/grupo-de-empregos-whatsapp-e-facebook-ismael-colosi-vagas.jpg?ssl=1\" alt=\"\" \/><\/a><\/p>\n<!-- \/wp:image -->\n<\/div>\n<p> <br \/>\n<\/p>\n<div data-td-block-uid=\"tdi_101\">\n<div class=\"tdb-block-inner td-fix-index\">\n<p>Uma <strong>jovem de 19 anos<\/strong> morreu na<strong> madrugada deste s\u00e1bado <\/strong>(27), em um <strong>hospital particular de Ribeir\u00e3o Preto, <\/strong>depois de n\u00e3o resistir aos ferimentos provocados por<strong> queimaduras ap\u00f3s acender um disco de arado com \u00e1lcool combust\u00edvel<\/strong>.<strong> <\/strong><\/p>\n<p>O acidente ocorreu no \u00faltimo dia 21, em Porto Ferreira, no interior de S\u00e3o Paulo. <\/p>\n<p>De acordo com informa\u00e7\u00f5es do boletim de ocorr\u00eancia, a <strong>v\u00edtima estava na casa de uma amiga<\/strong> quando ocorreu o acidente. Ap\u00f3s a <strong>explos\u00e3o<\/strong>, as chamas atingiram o rosto, t\u00f3rax, abd\u00f4men e pernas da jovem, que teve <strong>queimaduras de 2\u00ba e 3\u00ba graus<\/strong>. <\/p>\n<p>A jovem foi socorrida a um <strong>hospital de Porto Ferreira<\/strong>, mas com a piora em seu quadro de sa\u00fade, teve que ser transferida para um <strong>hospital particular de Ribeir\u00e3o Preto<\/strong>, onde na madrugada deste s\u00e1bado n\u00e3o resistiu e morreu.<\/p>\n<p>SAIBA MAIS<\/p>\n<p>Zez\u00e9 Motta, Larissa Luz e Ala\u00edde Costa: Veja os espet\u00e1culos no Sesc Ribeir\u00e3o Preto<\/p>\n<h4 class=\"wp-block-heading\"><strong>FIQUE ON<\/strong><\/h4>\n<p>Fique ligado em tudo que acontece em Ribeir\u00e3o Preto e regi\u00e3o. Siga os perfis do\u00a0<strong>acidade on\u00a0<\/strong>no\u00a0<a href=\"https:\/\/www.instagram.com\/acidadeonribeirao\" target=\"_blank\" rel=\"noreferrer noopener\">Instagram<\/a>\u00a0e no\u00a0<a href=\"https:\/\/www.facebook.com\/acidadeonribeirao\" target=\"_blank\" rel=\"noreferrer noopener\">Facebook<\/a>.<\/p>\n<p>Receba not\u00edcias do acidade on no WhatsApp. Para entrar no grupo, basta\u00a0<a href=\"https:\/\/chat.whatsapp.com\/GFH9HUMUTHNFJdnyEd0xxq\" target=\"_blank\" rel=\"noreferrer noopener\">clicar aqui<\/a>.<\/p>\n<p>Fa\u00e7a uma den\u00fancia ou sugira uma reportagem sobre Ribeir\u00e3o Preto e regi\u00e3o pelo WhatsApp: 16 99117 7802.<\/p>\n<p>VEJA TAMB\u00c9M<br \/>Madonna ganha t\u00edtulo de cidad\u00e3 carioca honor\u00e1ria\u00a0<\/p>\n<p><!-- AI CONTENT END 1 -->\n<\/div>\n<\/div>\n<p><script async src=\"\/\/www.instagram.com\/embed.js\"><\/script><br \/>\n<br \/><br \/>\n<br \/><a href=\"https:\/\/www.acidadeon.com\/ribeiraopreto\/cotidiano\/jovem-morre-apos-acender-disco-de-arado-com-alcool-combustivel-no-interior-de-sp\/\">Source link <\/a><\/p>\n<!-- CONTENT END 1 -->\n","protected":false},"excerpt":{"rendered":"<p>Uma jovem de 19 anos morreu na madrugada deste s\u00e1bado (27), em um hospital particular de Ribeir\u00e3o Preto, depois de n\u00e3o resistir aos ferimentos provocados&#8230;<\/p>\n","protected":false},"author":1,"featured_media":47695,"comment_status":"open","ping_status":"open","sticky":false,"template":"","format":"standard","meta":{"advanced_seo_description":"","jetpack_seo_html_title":"","jetpack_seo_noindex":false,"jetpack_post_was_ever_published":false,"_jetpack_newsletter_access":"","_jetpack_dont_email_post_to_subs":false,"_jetpack_newsletter_tier_id":0,"_jetpack_memberships_contains_paywalled_content":false,"_jetpack_memberships_contains_paid_content":false,"footnotes":"","jetpack_publicize_message":"","jetpack_publicize_feature_enabled":true,"jetpack_social_post_already_shared":true,"jetpack_social_options":{"image_generator_settings":{"template":"highway","default_image_id":0,"font":"","enabled":false},"version":2}},"categories":[11],"tags":[],"class_list":["post-47694","post","type-post","status-publish","format-standard","has-post-thumbnail","hentry","category-noticias-de-ribeirao-preto-sp-e-regiao-ismael-colosi"],"jetpack_publicize_connections":[],"jetpack_featured_media_url":"https:\/\/i0.wp.com\/noticiasribeiraopreto.com.br\/wp-content\/uploads\/2024\/04\/WhatsApp-Image-2023-10-01-at-15.55.52.jpeg?fit=1024%2C576&ssl=1","jetpack-related-posts":[{"id":79307,"url":"https:\/\/noticiasribeiraopreto.com.br\/index.php\/2025\/10\/29\/homem-de-38-anos-morre-apos-explosao-ao-acender-fogareiro-com-alcool\/","url_meta":{"origin":47694,"position":0},"title":"Homem de 38 anos morre ap\u00f3s explos\u00e3o ao acender fogareiro com \u00e1lcool","author":"noticiasribeiraopreto.com.br","date":"29 de October de 2025","format":false,"excerpt":"Um homem de 38 anos morreu nesta ter\u00e7a-feira (28), depois de sofrer ferimentos graves ao acender um fogareiro e permanecer internado em Ribeir\u00e3o Preto. Segundo o boletim de ocorr\u00eancia (BO), T\u00falio Alves Vecchiato sofreu o acidente no dia 27 de setembro, em sua resid\u00eancia, em Bebedouro, a 80 quil\u00f4metros de\u2026","rel":"","context":"In &quot;Not\u00edcias de Ribeir\u00e3o Preto-SP e Regi\u00e3o&quot;","block_context":{"text":"Not\u00edcias de Ribeir\u00e3o Preto-SP e Regi\u00e3o","link":"https:\/\/noticiasribeiraopreto.com.br\/index.php\/category\/noticias-de-ribeirao-preto-sp-e-regiao-ismael-colosi\/"},"img":{"alt_text":"","src":"https:\/\/i0.wp.com\/noticiasribeiraopreto.com.br\/wp-content\/uploads\/2025\/10\/WhatsApp-Image-2025-10-29-at-08.44.13_2025-10-29_11-44-39.webp.webp?fit=852%2C540&ssl=1&resize=350%2C200","width":350,"height":200,"srcset":"https:\/\/i0.wp.com\/noticiasribeiraopreto.com.br\/wp-content\/uploads\/2025\/10\/WhatsApp-Image-2025-10-29-at-08.44.13_2025-10-29_11-44-39.webp.webp?fit=852%2C540&ssl=1&resize=350%2C200 1x, https:\/\/i0.wp.com\/noticiasribeiraopreto.com.br\/wp-content\/uploads\/2025\/10\/WhatsApp-Image-2025-10-29-at-08.44.13_2025-10-29_11-44-39.webp.webp?fit=852%2C540&ssl=1&resize=525%2C300 1.5x, https:\/\/i0.wp.com\/noticiasribeiraopreto.com.br\/wp-content\/uploads\/2025\/10\/WhatsApp-Image-2025-10-29-at-08.44.13_2025-10-29_11-44-39.webp.webp?fit=852%2C540&ssl=1&resize=700%2C400 2x"},"classes":[]},{"id":45084,"url":"https:\/\/noticiasribeiraopreto.com.br\/index.php\/2024\/04\/02\/mulher-morre-apos-explosao-de-rechaud\/","url_meta":{"origin":47694,"position":1},"title":"Mulher morre ap\u00f3s explos\u00e3o de rechaud","author":"noticiasribeiraopreto.com.br","date":"2 de April de 2024","format":false,"excerpt":"2 de abril de 2024 | 9:45 0 Maria Cristina Graminha Rossini, de 68 anos, morreu nesta segunda-feira, 1\u00ba, depois de sofrer queimaduras pelo corpo durante a explos\u00e3o de um rechaud. Segundo o boletim de ocorr\u00eancia ela havia havia utilizado \u00e1lcool para acender o fogareiro de metal na noite do\u2026","rel":"","context":"In &quot;Not\u00edcias de Ribeir\u00e3o Preto-SP e Regi\u00e3o&quot;","block_context":{"text":"Not\u00edcias de Ribeir\u00e3o Preto-SP e Regi\u00e3o","link":"https:\/\/noticiasribeiraopreto.com.br\/index.php\/category\/noticias-de-ribeirao-preto-sp-e-regiao-ismael-colosi\/"},"img":{"alt_text":"","src":"https:\/\/i0.wp.com\/noticiasribeiraopreto.com.br\/wp-content\/uploads\/2024\/04\/hcemergencia.jpg?fit=800%2C500&ssl=1&resize=350%2C200","width":350,"height":200,"srcset":"https:\/\/i0.wp.com\/noticiasribeiraopreto.com.br\/wp-content\/uploads\/2024\/04\/hcemergencia.jpg?fit=800%2C500&ssl=1&resize=350%2C200 1x, https:\/\/i0.wp.com\/noticiasribeiraopreto.com.br\/wp-content\/uploads\/2024\/04\/hcemergencia.jpg?fit=800%2C500&ssl=1&resize=525%2C300 1.5x, https:\/\/i0.wp.com\/noticiasribeiraopreto.com.br\/wp-content\/uploads\/2024\/04\/hcemergencia.jpg?fit=800%2C500&ssl=1&resize=700%2C400 2x"},"classes":[]},{"id":40318,"url":"https:\/\/noticiasribeiraopreto.com.br\/index.php\/2024\/03\/02\/identificado-jovem-que-morreu-em-acidente-na-regiao-de-ribeirao-preto\/","url_meta":{"origin":47694,"position":2},"title":"Identificado jovem que morreu em acidente na regi\u00e3o de Ribeir\u00e3o Preto","author":"noticiasribeiraopreto.com.br","date":"2 de March de 2024","format":false,"excerpt":"O jovem de 18 anos que morreu em um acidente na rodovia C\u00e2ndido Portinari (SP-334), na madrugada deste s\u00e1bado (2), foi identificado como Gustavo Andrade Neix. O acidente aconteceu pr\u00f3ximo ao km 326, em Jardin\u00f3polis, cidade na regi\u00e3o de Ribeir\u00e3o Preto. A Pol\u00edcia Militar Rodovi\u00e1ria (PMR) informou que o carro\u2026","rel":"","context":"In &quot;Not\u00edcias de Ribeir\u00e3o Preto-SP e Regi\u00e3o&quot;","block_context":{"text":"Not\u00edcias de Ribeir\u00e3o Preto-SP e Regi\u00e3o","link":"https:\/\/noticiasribeiraopreto.com.br\/index.php\/category\/noticias-de-ribeirao-preto-sp-e-regiao-ismael-colosi\/"},"img":{"alt_text":"","src":"https:\/\/i0.wp.com\/noticiasribeiraopreto.com.br\/wp-content\/uploads\/2024\/03\/Copia-de-Copia-de-TAMANHO-EXATO-PARA-FOTOS-NO-SISTEMA-NOVO-59.png?fit=1200%2C675&ssl=1&resize=350%2C200","width":350,"height":200,"srcset":"https:\/\/i0.wp.com\/noticiasribeiraopreto.com.br\/wp-content\/uploads\/2024\/03\/Copia-de-Copia-de-TAMANHO-EXATO-PARA-FOTOS-NO-SISTEMA-NOVO-59.png?fit=1200%2C675&ssl=1&resize=350%2C200 1x, https:\/\/i0.wp.com\/noticiasribeiraopreto.com.br\/wp-content\/uploads\/2024\/03\/Copia-de-Copia-de-TAMANHO-EXATO-PARA-FOTOS-NO-SISTEMA-NOVO-59.png?fit=1200%2C675&ssl=1&resize=525%2C300 1.5x, https:\/\/i0.wp.com\/noticiasribeiraopreto.com.br\/wp-content\/uploads\/2024\/03\/Copia-de-Copia-de-TAMANHO-EXATO-PARA-FOTOS-NO-SISTEMA-NOVO-59.png?fit=1200%2C675&ssl=1&resize=700%2C400 2x, https:\/\/i0.wp.com\/noticiasribeiraopreto.com.br\/wp-content\/uploads\/2024\/03\/Copia-de-Copia-de-TAMANHO-EXATO-PARA-FOTOS-NO-SISTEMA-NOVO-59.png?fit=1200%2C675&ssl=1&resize=1050%2C600 3x"},"classes":[]},{"id":47706,"url":"https:\/\/noticiasribeiraopreto.com.br\/index.php\/2024\/04\/27\/bandido-usa-carro-em-marcha-a-re-para-furtar-farmacia-na-regiao-de-ribeirao-veja-video\/","url_meta":{"origin":47694,"position":3},"title":"Bandido usa carro em marcha \u00e0 r\u00e9 para furtar farm\u00e1cia na regi\u00e3o de Ribeir\u00e3o; Veja v\u00eddeo","author":"noticiasribeiraopreto.com.br","date":"27 de April de 2024","format":false,"excerpt":"Imagens de c\u00e2meras de seguran\u00e7a registraram na madrugada deste s\u00e1bado (27), um bandido usando um carro em marcha \u00e0 r\u00e9 para furtar uma farm\u00e1cia na avenida Brasil, no bairro Jardim Paulistano, em Franca, cidade a 88 quil\u00f4metros de Ribeir\u00e3o Preto (veja abaixo). Pelas imagens \u00e9 poss\u00edvel ver o momento em\u2026","rel":"","context":"In &quot;Not\u00edcias de Ribeir\u00e3o Preto-SP e Regi\u00e3o&quot;","block_context":{"text":"Not\u00edcias de Ribeir\u00e3o Preto-SP e Regi\u00e3o","link":"https:\/\/noticiasribeiraopreto.com.br\/index.php\/category\/noticias-de-ribeirao-preto-sp-e-regiao-ismael-colosi\/"},"img":{"alt_text":"","src":"https:\/\/i0.wp.com\/noticiasribeiraopreto.com.br\/wp-content\/uploads\/2024\/04\/WhatsApp-Image-2024-04-27-at-13.29.29_2024-04-27_16-53-52_jpeg.webp.webp?fit=1200%2C675&ssl=1&resize=350%2C200","width":350,"height":200,"srcset":"https:\/\/i0.wp.com\/noticiasribeiraopreto.com.br\/wp-content\/uploads\/2024\/04\/WhatsApp-Image-2024-04-27-at-13.29.29_2024-04-27_16-53-52_jpeg.webp.webp?fit=1200%2C675&ssl=1&resize=350%2C200 1x, https:\/\/i0.wp.com\/noticiasribeiraopreto.com.br\/wp-content\/uploads\/2024\/04\/WhatsApp-Image-2024-04-27-at-13.29.29_2024-04-27_16-53-52_jpeg.webp.webp?fit=1200%2C675&ssl=1&resize=525%2C300 1.5x, https:\/\/i0.wp.com\/noticiasribeiraopreto.com.br\/wp-content\/uploads\/2024\/04\/WhatsApp-Image-2024-04-27-at-13.29.29_2024-04-27_16-53-52_jpeg.webp.webp?fit=1200%2C675&ssl=1&resize=700%2C400 2x, https:\/\/i0.wp.com\/noticiasribeiraopreto.com.br\/wp-content\/uploads\/2024\/04\/WhatsApp-Image-2024-04-27-at-13.29.29_2024-04-27_16-53-52_jpeg.webp.webp?fit=1200%2C675&ssl=1&resize=1050%2C600 3x"},"classes":[]},{"id":63192,"url":"https:\/\/noticiasribeiraopreto.com.br\/index.php\/2025\/02\/05\/saiba-quem-e-a-jovem-de-ribeirao-preto-que-morreu-apos-teto-de-igreja-desabar-na-bahia\/","url_meta":{"origin":47694,"position":4},"title":"Saiba quem \u00e9 a jovem de Ribeir\u00e3o Preto que morreu ap\u00f3s teto de igreja desabar na Bahia","author":"noticiasribeiraopreto.com.br","date":"5 de February de 2025","format":false,"excerpt":"A jovem de Ribeir\u00e3o Preto que morreu ap\u00f3s parte do teto da Igreja de S\u00e3o Francisco de Assis, em Salvador, desabar foi identificada como\u00a0Giulia Panchoni Righetto, de 26 anos, segundo a delegada titular da Delegacia de Prote\u00e7\u00e3o ao Turista (Deltur), Camila Albuquerque. Giulia estava no local com o namorado e\u2026","rel":"","context":"In &quot;Not\u00edcias de Ribeir\u00e3o Preto-SP e Regi\u00e3o&quot;","block_context":{"text":"Not\u00edcias de Ribeir\u00e3o Preto-SP e Regi\u00e3o","link":"https:\/\/noticiasribeiraopreto.com.br\/index.php\/category\/noticias-de-ribeirao-preto-sp-e-regiao-ismael-colosi\/"},"img":{"alt_text":"","src":"https:\/\/i0.wp.com\/noticiasribeiraopreto.com.br\/wp-content\/uploads\/2025\/02\/Copia-de-Copia-de-Copia-de-TAMANHO-EXATO-PARA-FOTOS-NO-SISTEMA-NOVO-2025-02-05T185024.411_2025-02-05_21-53-00_png_2025-02-05_21-53-00.webp.webp?fit=1200%2C675&ssl=1&resize=350%2C200","width":350,"height":200,"srcset":"https:\/\/i0.wp.com\/noticiasribeiraopreto.com.br\/wp-content\/uploads\/2025\/02\/Copia-de-Copia-de-Copia-de-TAMANHO-EXATO-PARA-FOTOS-NO-SISTEMA-NOVO-2025-02-05T185024.411_2025-02-05_21-53-00_png_2025-02-05_21-53-00.webp.webp?fit=1200%2C675&ssl=1&resize=350%2C200 1x, https:\/\/i0.wp.com\/noticiasribeiraopreto.com.br\/wp-content\/uploads\/2025\/02\/Copia-de-Copia-de-Copia-de-TAMANHO-EXATO-PARA-FOTOS-NO-SISTEMA-NOVO-2025-02-05T185024.411_2025-02-05_21-53-00_png_2025-02-05_21-53-00.webp.webp?fit=1200%2C675&ssl=1&resize=525%2C300 1.5x, https:\/\/i0.wp.com\/noticiasribeiraopreto.com.br\/wp-content\/uploads\/2025\/02\/Copia-de-Copia-de-Copia-de-TAMANHO-EXATO-PARA-FOTOS-NO-SISTEMA-NOVO-2025-02-05T185024.411_2025-02-05_21-53-00_png_2025-02-05_21-53-00.webp.webp?fit=1200%2C675&ssl=1&resize=700%2C400 2x, https:\/\/i0.wp.com\/noticiasribeiraopreto.com.br\/wp-content\/uploads\/2025\/02\/Copia-de-Copia-de-Copia-de-TAMANHO-EXATO-PARA-FOTOS-NO-SISTEMA-NOVO-2025-02-05T185024.411_2025-02-05_21-53-00_png_2025-02-05_21-53-00.webp.webp?fit=1200%2C675&ssl=1&resize=1050%2C600 3x"},"classes":[]},{"id":51361,"url":"https:\/\/noticiasribeiraopreto.com.br\/index.php\/2024\/05\/25\/jovem-morre-apos-acidente-com-moto-na-zona-norte-de-ribeirao-preto\/","url_meta":{"origin":47694,"position":5},"title":"Jovem morre ap\u00f3s acidente com moto na zona Norte de Ribeir\u00e3o Preto","author":"noticiasribeiraopreto.com.br","date":"25 de May de 2024","format":false,"excerpt":"Um jovem, de 19 anos, morreu ap\u00f3s um acidente com uma motocicleta, na madrugada deste s\u00e1bado (25), na rua Ant\u00f4nio Carlos de P\u00e1dua Rinhel, no Jardim Heitor Rigon, zona norte de Ribeir\u00e3o Preto. De acordo com as informa\u00e7\u00f5es do boletim de ocorr\u00eancia (BO), o rapaz seguia pela via quando acabou\u2026","rel":"","context":"In &quot;Not\u00edcias de Ribeir\u00e3o Preto-SP e Regi\u00e3o&quot;","block_context":{"text":"Not\u00edcias de Ribeir\u00e3o Preto-SP e Regi\u00e3o","link":"https:\/\/noticiasribeiraopreto.com.br\/index.php\/category\/noticias-de-ribeirao-preto-sp-e-regiao-ismael-colosi\/"},"img":{"alt_text":"","src":"https:\/\/i0.wp.com\/noticiasribeiraopreto.com.br\/wp-content\/uploads\/2024\/05\/giroflex_policia_1024x576_23032020103807.jpg?fit=1024%2C576&ssl=1&resize=350%2C200","width":350,"height":200,"srcset":"https:\/\/i0.wp.com\/noticiasribeiraopreto.com.br\/wp-content\/uploads\/2024\/05\/giroflex_policia_1024x576_23032020103807.jpg?fit=1024%2C576&ssl=1&resize=350%2C200 1x, https:\/\/i0.wp.com\/noticiasribeiraopreto.com.br\/wp-content\/uploads\/2024\/05\/giroflex_policia_1024x576_23032020103807.jpg?fit=1024%2C576&ssl=1&resize=525%2C300 1.5x, https:\/\/i0.wp.com\/noticiasribeiraopreto.com.br\/wp-content\/uploads\/2024\/05\/giroflex_policia_1024x576_23032020103807.jpg?fit=1024%2C576&ssl=1&resize=700%2C400 2x"},"classes":[]}],"jetpack_sharing_enabled":true,"jetpack_shortlink":"https:\/\/wp.me\/peQAOb-cpg","_links":{"self":[{"href":"https:\/\/noticiasribeiraopreto.com.br\/index.php\/wp-json\/wp\/v2\/posts\/47694","targetHints":{"allow":["GET"]}}],"collection":[{"href":"https:\/\/noticiasribeiraopreto.com.br\/index.php\/wp-json\/wp\/v2\/posts"}],"about":[{"href":"https:\/\/noticiasribeiraopreto.com.br\/index.php\/wp-json\/wp\/v2\/types\/post"}],"author":[{"embeddable":true,"href":"https:\/\/noticiasribeiraopreto.com.br\/index.php\/wp-json\/wp\/v2\/users\/1"}],"replies":[{"embeddable":true,"href":"https:\/\/noticiasribeiraopreto.com.br\/index.php\/wp-json\/wp\/v2\/comments?post=47694"}],"version-history":[{"count":0,"href":"https:\/\/noticiasribeiraopreto.com.br\/index.php\/wp-json\/wp\/v2\/posts\/47694\/revisions"}],"wp:featuredmedia":[{"embeddable":true,"href":"https:\/\/noticiasribeiraopreto.com.br\/index.php\/wp-json\/wp\/v2\/media\/47695"}],"wp:attachment":[{"href":"https:\/\/noticiasribeiraopreto.com.br\/index.php\/wp-json\/wp\/v2\/media?parent=47694"}],"wp:term":[{"taxonomy":"category","embeddable":true,"href":"https:\/\/noticiasribeiraopreto.com.br\/index.php\/wp-json\/wp\/v2\/categories?post=47694"},{"taxonomy":"post_tag","embeddable":true,"href":"https:\/\/noticiasribeiraopreto.com.br\/index.php\/wp-json\/wp\/v2\/tags?post=47694"}],"curies":[{"name":"wp","href":"https:\/\/api.w.org\/{rel}","templated":true}]}}