{"id":47696,"date":"2024-04-27T12:56:16","date_gmt":"2024-04-27T15:56:16","guid":{"rendered":"https:\/\/noticiasribeiraopreto.com.br\/index.php\/2024\/04\/27\/veja-como-fica-o-tempo-em-ribeirao-preto-neste-fim-de-semana\/"},"modified":"2024-04-27T12:56:16","modified_gmt":"2024-04-27T15:56:16","slug":"veja-como-fica-o-tempo-em-ribeirao-preto-neste-fim-de-semana","status":"publish","type":"post","link":"https:\/\/noticiasribeiraopreto.com.br\/index.php\/2024\/04\/27\/veja-como-fica-o-tempo-em-ribeirao-preto-neste-fim-de-semana\/","title":{"rendered":"Veja como fica o tempo em Ribeir\u00e3o Preto neste fim de semana"},"content":{"rendered":"<div class='code-block code-block-1' style='margin: 8px 0 8px auto; text-align: right; display: block; clear: both;'>\n<p><a href=\"https:\/\/wa.link\/vpicfd\"><img data-recalc-dims=\"1\" class=\"wp-image-4922\" style=\"aspect-ratio: 2.0253164556962027; width: 561px; height: auto;\" src=\"https:\/\/i0.wp.com\/ismaelcolosi.com.br\/wp-content\/uploads\/2023\/11\/grupo-de-empregos-whatsapp-e-facebook-ismael-colosi-vagas.jpg?ssl=1\" alt=\"\" \/><\/a><\/p>\n<!-- \/wp:image -->\n<\/div>\n<p> <br \/>\n<\/p>\n<div data-td-block-uid=\"tdi_101\">\n<div class=\"tdb-block-inner td-fix-index\">\n<p>O \u00faltimo fim de semana de abril em<strong> Ribeir\u00e3o Preto<\/strong> ser\u00e1 de muito calor, de acordo com os meteorologistas. Segundo a previs\u00e3o da <strong><a href=\"https:\/\/www.climatempo.com.br\/\" target=\"_blank\" rel=\"noreferrer noopener\">Climatempo<\/a><\/strong>, as temperaturas podem chegar aos<strong> 34\u00baC<\/strong> neste s\u00e1bado (27) e no domingo (28).<\/p>\n<p>Os dois dias ser\u00e3o marcados pelo sol, com aumento de nuvens a partir do per\u00edodo da tarde.<strong> N\u00e3o h\u00e1 possibilidade de chuva.<\/strong><\/p>\n<p>Durante toda a <strong>semana<\/strong>, a previs\u00e3o n\u00e3o ter\u00e1 altera\u00e7\u00f5es significativas. A <strong>temperatura continua alta<\/strong> e<strong> sem previs\u00e3o de chover na cidade<\/strong>. Os <strong>term\u00f4metros<\/strong> podem registrar <strong>35\u00b0C a m\u00e1xima<\/strong> e <strong>18\u00b0C a m\u00ednima<\/strong>, que deve ocorrer apenas no domingo (5).<\/p>\n<h4 class=\"wp-block-heading\"><strong>Confira: \u00a0<\/strong><\/h4>\n<p><strong>S\u00e1bado, 27 de abril<\/strong><\/p>\n<p>M\u00e1xima: <strong>34\u00baC<\/strong><br \/>M\u00ednima: 20\u00baC<br \/>Dia de sol com aumento de nuvens a partir da tarde. <strong>N\u00e3o chove<\/strong>.<\/p>\n<p><strong>Domingo, 28 de abril <\/strong><\/p>\n<p>M\u00e1xima: <strong>34\u00baC<\/strong><br \/>M\u00ednima: 20\u00baC<br \/><strong>Dia de sol<\/strong>, com muitas nuvens \u00e0 tarde. \u00c0 noite a nebulosidade diminui.<\/p>\n<p>SAIBA MAIS<br \/>Zez\u00e9 Motta, Larissa Luz e Ala\u00edde Costa: Veja os espet\u00e1culos no Sesc Ribeir\u00e3o Preto<\/p>\n<h4 class=\"wp-block-heading\"><strong>FIQUE ON<\/strong><\/h4>\n<p>Fique ligado em tudo que acontece em Ribeir\u00e3o Preto e regi\u00e3o. Siga os perfis do <strong>acidade on <\/strong>no <a href=\"https:\/\/www.instagram.com\/acidadeonribeirao\" target=\"_blank\" rel=\"noreferrer noopener\">Instagram<\/a> e no <a href=\"https:\/\/www.facebook.com\/acidadeonribeirao\" target=\"_blank\" rel=\"noreferrer noopener\">Facebook<\/a>.<\/p>\n<p>Receba not\u00edcias do acidade on no WhatsApp. Para entrar no grupo, basta <a href=\"https:\/\/chat.whatsapp.com\/GFH9HUMUTHNFJdnyEd0xxq\" target=\"_blank\" rel=\"noreferrer noopener\">clicar aqui<\/a>.<\/p>\n<p>Fa\u00e7a uma den\u00fancia ou sugira uma reportagem sobre Ribeir\u00e3o Preto e regi\u00e3o pelo WhatsApp: 16 99117 7802.<\/p>\n<p>VEJA TAMB\u00c9M<br \/>Maju Coutinho vai sair do Fant\u00e1stico?<\/p>\n<p><!-- AI CONTENT END 1 -->\n<\/div>\n<\/div>\n<p><script async src=\"\/\/www.instagram.com\/embed.js\"><\/script><br \/>\n<br \/><br \/>\n<br \/><a href=\"https:\/\/www.acidadeon.com\/ribeiraopreto\/cotidiano\/veja-como-fica-o-tempo-em-ribeirao-preto-neste-fim-de-semana\/\">Source link <\/a><\/p>\n<!-- CONTENT END 1 -->\n","protected":false},"excerpt":{"rendered":"<p>O \u00faltimo fim de semana de abril em Ribeir\u00e3o Preto ser\u00e1 de muito calor, de acordo com os meteorologistas. Segundo a previs\u00e3o da Climatempo, as&#8230;<\/p>\n","protected":false},"author":1,"featured_media":47697,"comment_status":"open","ping_status":"open","sticky":false,"template":"","format":"standard","meta":{"advanced_seo_description":"","jetpack_seo_html_title":"","jetpack_seo_noindex":false,"jetpack_post_was_ever_published":false,"_jetpack_newsletter_access":"","_jetpack_dont_email_post_to_subs":false,"_jetpack_newsletter_tier_id":0,"_jetpack_memberships_contains_paywalled_content":false,"_jetpack_memberships_contains_paid_content":false,"footnotes":"","jetpack_publicize_message":"","jetpack_publicize_feature_enabled":true,"jetpack_social_post_already_shared":true,"jetpack_social_options":{"image_generator_settings":{"template":"highway","default_image_id":0,"font":"","enabled":false},"version":2}},"categories":[11],"tags":[],"class_list":["post-47696","post","type-post","status-publish","format-standard","has-post-thumbnail","hentry","category-noticias-de-ribeirao-preto-sp-e-regiao-ismael-colosi"],"jetpack_publicize_connections":[],"jetpack_featured_media_url":"https:\/\/i0.wp.com\/noticiasribeiraopreto.com.br\/wp-content\/uploads\/2024\/04\/1714233376_WhatsApp-Image-2024-02-28-at-08.48.57.jpeg?fit=1600%2C1200&ssl=1","jetpack-related-posts":[{"id":83903,"url":"https:\/\/noticiasribeiraopreto.com.br\/index.php\/2026\/03\/28\/veja-a-previsao-do-tempo-para-o-fim-de-semana-em-ribeirao-preto\/","url_meta":{"origin":47696,"position":0},"title":"Veja a previs\u00e3o do tempo para o fim de semana em Ribeir\u00e3o Preto","author":"noticiasribeiraopreto.com.br","date":"28 de March de 2026","format":false,"excerpt":"O s\u00e1bado (28) em Ribeir\u00e3o Preto deve ser de sol com aumento de nuvens a partir da tarde, de acordo com previs\u00e3o da Climatempo. As temperaturas variam entre 19\u00baC e 25\u00baC e n\u00e3o h\u00e1 previs\u00e3o de chuva. No interior de S\u00e3o Paulo, o tempo segue com sol e temperaturas elevadas.\u2026","rel":"","context":"In &quot;Not\u00edcias de Ribeir\u00e3o Preto-SP e Regi\u00e3o&quot;","block_context":{"text":"Not\u00edcias de Ribeir\u00e3o Preto-SP e Regi\u00e3o","link":"https:\/\/noticiasribeiraopreto.com.br\/index.php\/category\/noticias-de-ribeirao-preto-sp-e-regiao-ismael-colosi\/"},"img":{"alt_text":"","src":"https:\/\/i0.wp.com\/noticiasribeiraopreto.com.br\/wp-content\/uploads\/2024\/12\/DIA-DE-SOL_2024-12-30_10-53-15_jpg_2024-12-30_10-53-15.webp.webp?fit=1200%2C960&ssl=1&resize=350%2C200","width":350,"height":200,"srcset":"https:\/\/i0.wp.com\/noticiasribeiraopreto.com.br\/wp-content\/uploads\/2024\/12\/DIA-DE-SOL_2024-12-30_10-53-15_jpg_2024-12-30_10-53-15.webp.webp?fit=1200%2C960&ssl=1&resize=350%2C200 1x, https:\/\/i0.wp.com\/noticiasribeiraopreto.com.br\/wp-content\/uploads\/2024\/12\/DIA-DE-SOL_2024-12-30_10-53-15_jpg_2024-12-30_10-53-15.webp.webp?fit=1200%2C960&ssl=1&resize=525%2C300 1.5x, https:\/\/i0.wp.com\/noticiasribeiraopreto.com.br\/wp-content\/uploads\/2024\/12\/DIA-DE-SOL_2024-12-30_10-53-15_jpg_2024-12-30_10-53-15.webp.webp?fit=1200%2C960&ssl=1&resize=700%2C400 2x, https:\/\/i0.wp.com\/noticiasribeiraopreto.com.br\/wp-content\/uploads\/2024\/12\/DIA-DE-SOL_2024-12-30_10-53-15_jpg_2024-12-30_10-53-15.webp.webp?fit=1200%2C960&ssl=1&resize=1050%2C600 3x"},"classes":[]},{"id":84940,"url":"https:\/\/noticiasribeiraopreto.com.br\/index.php\/2026\/04\/18\/nova-onda-de-calor-pode-atingir-sp-ate-o-fim-de-abril-veja-previsao-para-ribeirao-preto\/","url_meta":{"origin":47696,"position":1},"title":"Nova onda de calor pode atingir SP at\u00e9 o fim de abril; Veja previs\u00e3o para Ribeir\u00e3o Preto","author":"noticiasribeiraopreto.com.br","date":"18 de April de 2026","format":false,"excerpt":"Ler o resumo da not\u00edcia O s\u00e1bado (18) em Ribeir\u00e3o Preto haver\u00e1 sol entre muitas nuvens, com aumento da nebulosidade \u00e0 tarde. Uma frente fria provocar\u00e1 pancadas de chuva curtas na tarde e noite de 18\/04 na Grande S\u00e3o Paulo e no litoral. Na madrugada de domingo, podem ocorrer chuvas\u2026","rel":"","context":"In &quot;Not\u00edcias de Ribeir\u00e3o Preto-SP e Regi\u00e3o&quot;","block_context":{"text":"Not\u00edcias de Ribeir\u00e3o Preto-SP e Regi\u00e3o","link":"https:\/\/noticiasribeiraopreto.com.br\/index.php\/category\/noticias-de-ribeirao-preto-sp-e-regiao-ismael-colosi\/"},"img":{"alt_text":"","src":"https:\/\/i0.wp.com\/noticiasribeiraopreto.com.br\/wp-content\/uploads\/2026\/04\/WhatsApp-Image-2025-07-11-at-06.44.02_2025-07-11_09-53-52-1024x461.webp.webp?fit=1024%2C461&ssl=1&resize=350%2C200","width":350,"height":200,"srcset":"https:\/\/i0.wp.com\/noticiasribeiraopreto.com.br\/wp-content\/uploads\/2026\/04\/WhatsApp-Image-2025-07-11-at-06.44.02_2025-07-11_09-53-52-1024x461.webp.webp?fit=1024%2C461&ssl=1&resize=350%2C200 1x, https:\/\/i0.wp.com\/noticiasribeiraopreto.com.br\/wp-content\/uploads\/2026\/04\/WhatsApp-Image-2025-07-11-at-06.44.02_2025-07-11_09-53-52-1024x461.webp.webp?fit=1024%2C461&ssl=1&resize=525%2C300 1.5x, https:\/\/i0.wp.com\/noticiasribeiraopreto.com.br\/wp-content\/uploads\/2026\/04\/WhatsApp-Image-2025-07-11-at-06.44.02_2025-07-11_09-53-52-1024x461.webp.webp?fit=1024%2C461&ssl=1&resize=700%2C400 2x"},"classes":[]},{"id":47723,"url":"https:\/\/noticiasribeiraopreto.com.br\/index.php\/2024\/04\/27\/onda-de-calor-interior-de-sp-tem-alerta-de-perigo-por-altas-temperaturas\/","url_meta":{"origin":47696,"position":2},"title":"Onda de calor: Interior de SP tem alerta de perigo por altas temperaturas","author":"noticiasribeiraopreto.com.br","date":"27 de April de 2024","format":false,"excerpt":"O Inmet (Instituto Nacional de Meteorologia) emitiu neste s\u00e1bado (27) um aviso de perigo provocado por altas temperaturas, que atingem algumas cidades do interior de S\u00e3o Paulo, entre elas, Ribeir\u00e3o Preto (veja as cidades abaixo). Com a onda de calor, as temperaturas devem ficar 5\u00b0C acima da m\u00e9dia por um\u2026","rel":"","context":"In &quot;Not\u00edcias de Ribeir\u00e3o Preto-SP e Regi\u00e3o&quot;","block_context":{"text":"Not\u00edcias de Ribeir\u00e3o Preto-SP e Regi\u00e3o","link":"https:\/\/noticiasribeiraopreto.com.br\/index.php\/category\/noticias-de-ribeirao-preto-sp-e-regiao-ismael-colosi\/"},"img":{"alt_text":"","src":"https:\/\/i0.wp.com\/noticiasribeiraopreto.com.br\/wp-content\/uploads\/2024\/04\/AnyConv.com__CLIMA_QUENTE_NA_CIDADE_DE_CAMPINAS_SP_CoDIGO-19_173574-1068x712-1.webp.webp?fit=1068%2C712&ssl=1&resize=350%2C200","width":350,"height":200,"srcset":"https:\/\/i0.wp.com\/noticiasribeiraopreto.com.br\/wp-content\/uploads\/2024\/04\/AnyConv.com__CLIMA_QUENTE_NA_CIDADE_DE_CAMPINAS_SP_CoDIGO-19_173574-1068x712-1.webp.webp?fit=1068%2C712&ssl=1&resize=350%2C200 1x, https:\/\/i0.wp.com\/noticiasribeiraopreto.com.br\/wp-content\/uploads\/2024\/04\/AnyConv.com__CLIMA_QUENTE_NA_CIDADE_DE_CAMPINAS_SP_CoDIGO-19_173574-1068x712-1.webp.webp?fit=1068%2C712&ssl=1&resize=525%2C300 1.5x, https:\/\/i0.wp.com\/noticiasribeiraopreto.com.br\/wp-content\/uploads\/2024\/04\/AnyConv.com__CLIMA_QUENTE_NA_CIDADE_DE_CAMPINAS_SP_CoDIGO-19_173574-1068x712-1.webp.webp?fit=1068%2C712&ssl=1&resize=700%2C400 2x, https:\/\/i0.wp.com\/noticiasribeiraopreto.com.br\/wp-content\/uploads\/2024\/04\/AnyConv.com__CLIMA_QUENTE_NA_CIDADE_DE_CAMPINAS_SP_CoDIGO-19_173574-1068x712-1.webp.webp?fit=1068%2C712&ssl=1&resize=1050%2C600 3x"},"classes":[]},{"id":56030,"url":"https:\/\/noticiasribeiraopreto.com.br\/index.php\/2024\/08\/09\/vai-esfriar-confira-a-previsao-do-tempo-para-ribeirao-preto-no-fim-de-semana\/","url_meta":{"origin":47696,"position":3},"title":"Vai esfriar? Confira a previs\u00e3o do tempo para Ribeir\u00e3o Preto no fim de semana","author":"noticiasribeiraopreto.com.br","date":"9 de August de 2024","format":false,"excerpt":"A chegada de uma frente fria promete derrubar as temperaturas em Ribeir\u00e3o Preto neste fim de semana. De acordo com a Climatempo, os term\u00f4metros n\u00e3o devem passar dos 27\u00b0C em Ribeir\u00e3o Preto nesta sexta-feira (9). Os meteorologistas ainda informam que h\u00e1 possibilidade de chuva, com acumulado previsto de at\u00e9 5\u2026","rel":"","context":"In &quot;Not\u00edcias de Ribeir\u00e3o Preto-SP e Regi\u00e3o&quot;","block_context":{"text":"Not\u00edcias de Ribeir\u00e3o Preto-SP e Regi\u00e3o","link":"https:\/\/noticiasribeiraopreto.com.br\/index.php\/category\/noticias-de-ribeirao-preto-sp-e-regiao-ismael-colosi\/"},"img":{"alt_text":"","src":"https:\/\/i0.wp.com\/noticiasribeiraopreto.com.br\/wp-content\/uploads\/2024\/06\/frio-2_2024-06-26_20-08-46_jpg_2024-06-26_20-08-47.webp.webp?fit=1200%2C800&ssl=1&resize=350%2C200","width":350,"height":200,"srcset":"https:\/\/i0.wp.com\/noticiasribeiraopreto.com.br\/wp-content\/uploads\/2024\/06\/frio-2_2024-06-26_20-08-46_jpg_2024-06-26_20-08-47.webp.webp?fit=1200%2C800&ssl=1&resize=350%2C200 1x, https:\/\/i0.wp.com\/noticiasribeiraopreto.com.br\/wp-content\/uploads\/2024\/06\/frio-2_2024-06-26_20-08-46_jpg_2024-06-26_20-08-47.webp.webp?fit=1200%2C800&ssl=1&resize=525%2C300 1.5x, https:\/\/i0.wp.com\/noticiasribeiraopreto.com.br\/wp-content\/uploads\/2024\/06\/frio-2_2024-06-26_20-08-46_jpg_2024-06-26_20-08-47.webp.webp?fit=1200%2C800&ssl=1&resize=700%2C400 2x, https:\/\/i0.wp.com\/noticiasribeiraopreto.com.br\/wp-content\/uploads\/2024\/06\/frio-2_2024-06-26_20-08-46_jpg_2024-06-26_20-08-47.webp.webp?fit=1200%2C800&ssl=1&resize=1050%2C600 3x"},"classes":[]},{"id":34632,"url":"https:\/\/noticiasribeiraopreto.com.br\/index.php\/2024\/02\/02\/ribeirao-preto-e-regiao-tem-previsao-de-chuva-no-fim-de-semana-de-pre-carnaval\/","url_meta":{"origin":47696,"position":4},"title":"Ribeir\u00e3o Preto e regi\u00e3o tem previs\u00e3o de chuva no fim de semana de pr\u00e9-carnaval","author":"noticiasribeiraopreto.com.br","date":"2 de February de 2024","format":false,"excerpt":"O fim de semana de pr\u00e9-carnaval em Ribeir\u00e3o Preto, Barretos e Franca tem previs\u00e3o de chuva, segundo o Climatempo. Em Ribeir\u00e3o Preto, no s\u00e1bado (3), as chances de chover durante o dia e \u00e0 noite \u00e9 de 80%, sendo que a previs\u00e3o \u00e9 de que o dia seja de sol\u2026","rel":"","context":"In &quot;Not\u00edcias de Ribeir\u00e3o Preto-SP e Regi\u00e3o&quot;","block_context":{"text":"Not\u00edcias de Ribeir\u00e3o Preto-SP e Regi\u00e3o","link":"https:\/\/noticiasribeiraopreto.com.br\/index.php\/category\/noticias-de-ribeirao-preto-sp-e-regiao-ismael-colosi\/"},"img":{"alt_text":"","src":"https:\/\/i0.wp.com\/noticiasribeiraopreto.com.br\/wp-content\/uploads\/2024\/02\/Capturar-2.jpg?fit=732%2C440&ssl=1&resize=350%2C200","width":350,"height":200,"srcset":"https:\/\/i0.wp.com\/noticiasribeiraopreto.com.br\/wp-content\/uploads\/2024\/02\/Capturar-2.jpg?fit=732%2C440&ssl=1&resize=350%2C200 1x, https:\/\/i0.wp.com\/noticiasribeiraopreto.com.br\/wp-content\/uploads\/2024\/02\/Capturar-2.jpg?fit=732%2C440&ssl=1&resize=525%2C300 1.5x, https:\/\/i0.wp.com\/noticiasribeiraopreto.com.br\/wp-content\/uploads\/2024\/02\/Capturar-2.jpg?fit=732%2C440&ssl=1&resize=700%2C400 2x"},"classes":[]},{"id":76793,"url":"https:\/\/noticiasribeiraopreto.com.br\/index.php\/2025\/09\/05\/veja-a-previsao-do-tempo-para-o-final-de-semana-em-ribeirao-preto\/","url_meta":{"origin":47696,"position":5},"title":"Veja a previs\u00e3o do tempo para o final de semana em Ribeir\u00e3o Preto","author":"noticiasribeiraopreto.com.br","date":"5 de September de 2025","format":false,"excerpt":"A sexta-feira (05) em Ribeir\u00e3o Preto ser\u00e1 de sol com aumento de nuvens a partir da tarde, mas sem chuva. De acordo com a Climatempo, as temperaturas variam entre 17\u00baC e 32\u00baC. A condi\u00e7\u00e3o de tempo firme segue predominando neste final de semana, com sol e calor marcando presen\u00e7a em\u2026","rel":"","context":"In &quot;Not\u00edcias de Ribeir\u00e3o Preto-SP e Regi\u00e3o&quot;","block_context":{"text":"Not\u00edcias de Ribeir\u00e3o Preto-SP e Regi\u00e3o","link":"https:\/\/noticiasribeiraopreto.com.br\/index.php\/category\/noticias-de-ribeirao-preto-sp-e-regiao-ismael-colosi\/"},"img":{"alt_text":"","src":"https:\/\/i0.wp.com\/noticiasribeiraopreto.com.br\/wp-content\/uploads\/2025\/09\/WhatsApp-Image-2025-03-06-at-23.39.26_2025-03-07_10-09-54_jpeg_2025-03-07_10-09-54.webp.webp?fit=1200%2C569&ssl=1&resize=350%2C200","width":350,"height":200,"srcset":"https:\/\/i0.wp.com\/noticiasribeiraopreto.com.br\/wp-content\/uploads\/2025\/09\/WhatsApp-Image-2025-03-06-at-23.39.26_2025-03-07_10-09-54_jpeg_2025-03-07_10-09-54.webp.webp?fit=1200%2C569&ssl=1&resize=350%2C200 1x, https:\/\/i0.wp.com\/noticiasribeiraopreto.com.br\/wp-content\/uploads\/2025\/09\/WhatsApp-Image-2025-03-06-at-23.39.26_2025-03-07_10-09-54_jpeg_2025-03-07_10-09-54.webp.webp?fit=1200%2C569&ssl=1&resize=525%2C300 1.5x, https:\/\/i0.wp.com\/noticiasribeiraopreto.com.br\/wp-content\/uploads\/2025\/09\/WhatsApp-Image-2025-03-06-at-23.39.26_2025-03-07_10-09-54_jpeg_2025-03-07_10-09-54.webp.webp?fit=1200%2C569&ssl=1&resize=700%2C400 2x, https:\/\/i0.wp.com\/noticiasribeiraopreto.com.br\/wp-content\/uploads\/2025\/09\/WhatsApp-Image-2025-03-06-at-23.39.26_2025-03-07_10-09-54_jpeg_2025-03-07_10-09-54.webp.webp?fit=1200%2C569&ssl=1&resize=1050%2C600 3x"},"classes":[]}],"jetpack_sharing_enabled":true,"jetpack_shortlink":"https:\/\/wp.me\/peQAOb-cpi","_links":{"self":[{"href":"https:\/\/noticiasribeiraopreto.com.br\/index.php\/wp-json\/wp\/v2\/posts\/47696","targetHints":{"allow":["GET"]}}],"collection":[{"href":"https:\/\/noticiasribeiraopreto.com.br\/index.php\/wp-json\/wp\/v2\/posts"}],"about":[{"href":"https:\/\/noticiasribeiraopreto.com.br\/index.php\/wp-json\/wp\/v2\/types\/post"}],"author":[{"embeddable":true,"href":"https:\/\/noticiasribeiraopreto.com.br\/index.php\/wp-json\/wp\/v2\/users\/1"}],"replies":[{"embeddable":true,"href":"https:\/\/noticiasribeiraopreto.com.br\/index.php\/wp-json\/wp\/v2\/comments?post=47696"}],"version-history":[{"count":0,"href":"https:\/\/noticiasribeiraopreto.com.br\/index.php\/wp-json\/wp\/v2\/posts\/47696\/revisions"}],"wp:featuredmedia":[{"embeddable":true,"href":"https:\/\/noticiasribeiraopreto.com.br\/index.php\/wp-json\/wp\/v2\/media\/47697"}],"wp:attachment":[{"href":"https:\/\/noticiasribeiraopreto.com.br\/index.php\/wp-json\/wp\/v2\/media?parent=47696"}],"wp:term":[{"taxonomy":"category","embeddable":true,"href":"https:\/\/noticiasribeiraopreto.com.br\/index.php\/wp-json\/wp\/v2\/categories?post=47696"},{"taxonomy":"post_tag","embeddable":true,"href":"https:\/\/noticiasribeiraopreto.com.br\/index.php\/wp-json\/wp\/v2\/tags?post=47696"}],"curies":[{"name":"wp","href":"https:\/\/api.w.org\/{rel}","templated":true}]}}