{"id":47702,"date":"2024-04-27T14:51:15","date_gmt":"2024-04-27T17:51:15","guid":{"rendered":"https:\/\/noticiasribeiraopreto.com.br\/index.php\/2024\/04\/27\/terceira-noite-do-ribeirao-rodeo-music-tem-gusttavo-lima-o-funk-de-pedro-sampaio-e-final-nas-montarias\/"},"modified":"2024-04-27T14:51:15","modified_gmt":"2024-04-27T17:51:15","slug":"terceira-noite-do-ribeirao-rodeo-music-tem-gusttavo-lima-o-funk-de-pedro-sampaio-e-final-nas-montarias","status":"publish","type":"post","link":"https:\/\/noticiasribeiraopreto.com.br\/index.php\/2024\/04\/27\/terceira-noite-do-ribeirao-rodeo-music-tem-gusttavo-lima-o-funk-de-pedro-sampaio-e-final-nas-montarias\/","title":{"rendered":"Terceira noite do Ribeir\u00e3o Rodeo Music tem Gusttavo Lima, o funk de Pedro Sampaio e final nas montarias"},"content":{"rendered":"<div class='code-block code-block-1' style='margin: 8px 0 8px auto; text-align: right; display: block; clear: both;'>\n<p><a href=\"https:\/\/wa.link\/vpicfd\"><img data-recalc-dims=\"1\" class=\"wp-image-4922\" style=\"aspect-ratio: 2.0253164556962027; width: 561px; height: auto;\" src=\"https:\/\/i0.wp.com\/ismaelcolosi.com.br\/wp-content\/uploads\/2023\/11\/grupo-de-empregos-whatsapp-e-facebook-ismael-colosi-vagas.jpg?ssl=1\" alt=\"\" \/><\/a><\/p>\n<!-- \/wp:image -->\n<\/div>\n<p> <br \/>\n<\/p>\n<div>\n<p>Neste s\u00e1bado (27), a terceira noite do <strong>Ribeir\u00e3o Rodeo Music<\/strong>, no <strong>Parque Permanente de Exposi\u00e7\u00f5es<\/strong>, tem os shows de <strong>Gusttavo Lima<\/strong>, <strong>Matheus e Kauan<\/strong>, <strong>Fred e Fabr\u00edcio<\/strong> e <strong>Pedro Sampaio<\/strong>. Hoje tamb\u00e9m tem a final do rodeio local da <strong>Liga Nacional<\/strong>.<\/p>\n<p>Os port\u00f5es do <strong>Ribeir\u00e3o Rodeo Music<\/strong> abrem \u00e0s <strong>20h<\/strong> e a arena recebe a segunda noite de montarias em touros pela <strong>Liga Nacional de Rodeio<\/strong>.<\/p>\n<p>Os norte-americanos <strong>William Whight<\/strong>, <strong>Marco Ruarez<\/strong> e <strong>Jaxton Mortensen<\/strong>, e o canadense <strong>Jett Lambert<\/strong> est\u00e3o na equipe <strong>Mustangs<\/strong>. J\u00e1 os times <strong>Coyotes<\/strong>, <strong>Longhorn<\/strong> e <strong>B\u00fafalos<\/strong> ser\u00e3o formados por competidores brasileiros.<br \/>A competi\u00e7\u00e3o com formato por equipes encerra a somat\u00f3ria de pontos pelos times nesses dois dias de disputas na arena. A equipe que acumular mais pontos na noite de hoje ser\u00e1 a campe\u00e3.<\/p>\n<p>O presidente da <strong>Liga Nacional de Rodeio<\/strong>, <strong>Marcos Abud<\/strong>, explica ainda que o primeiro colocado de cada equipe participar\u00e1 de uma disputa individual que definir\u00e1 hoje o campe\u00e3o da etapa do Ribeir\u00e3o Rodeo Music.<\/p>\n<blockquote class=\"wp-block-quote\">\n<p>\u201cAl\u00e9m do t\u00edtulo de campe\u00e3o do RRM, o vencedor da etapa garante vaga na final da Liga Nacional de Rodeio em Barretos, em agosto deste ano, e tamb\u00e9m no The American 2025, indo direto para as semifinais do rodeio milion\u00e1rio do Texas, nos Estados Unidos\u201d<\/p>\n<p><cite>Marcos Abud<\/cite><\/p><\/blockquote>\n<p>O rodeio norte-americano premia o campe\u00e3o com a quantia de 1 milh\u00e3o de d\u00f3lares. Hoje tamb\u00e9m tem montarias em cavalos (estilo Cutiano) e provas de Tr\u00eas Tambores.<\/p>\n<h4 class=\"wp-block-heading\"><strong>Confira abaixo as principais informa\u00e7\u00f5es sobre a terceira noite de RRM:<\/strong><\/h4>\n<p><strong>Ingressos<\/strong><\/p>\n<p>Os ingressos para os diferentes setores da festa podem ser comprados pelo site <strong>Total Acesso<\/strong> (<a href=\"https:\/\/ribeiraorodeomusic.com.br\/\" target=\"_blank\" rel=\"noreferrer noopener\">veja aqui<\/a>). J\u00e1 os pontos fixos s\u00e3o as lojas Oscar Cal\u00e7ados, no Novo Shopping (Avenida Presidente Kennedy, 1500), no Centro (Rua \u00c1lvares Cabral, 470) e no Ribeir\u00e3o Shopping (Av. Cel. Fernando Ferreira Leite, 1540 \u2013 Jardim Calif\u00f3rnia).<\/p>\n<p><strong>Cadastramento facial<\/strong><\/p>\n<p>Se o ingresso for dos seguintes setores: Black Lounge Ballantine\u2019s, Black Lounge Ballantine\u2019s Open Bar ou Corporativo, \u00e9 preciso fazer um cadastramento facial. Assim, quem vai curtir a festa em um desses setores, deve baixar o APP do <strong>Ribeir\u00e3o Rodeo Music<\/strong> e seguir o tutorial. Tamb\u00e9m \u00e9 preciso fazer o cadastro para quem comprou o Camarote Brahma, por meio do aplicativo.<\/p>\n<p>J\u00e1 para o setor Arena, \u00e9 preciso baixar o aplicativo \u2018Total Acesso\u2019 e seguir as orienta\u00e7\u00f5es direto do APP<\/p>\n<p><strong>Documentos necess\u00e1rios<\/strong><\/p>\n<p>\u00c9 obrigat\u00f3ria a apresenta\u00e7\u00e3o de documentos de identifica\u00e7\u00e3o originais com foto: <strong>RG, CNH, RNE<\/strong> ou passaporte (apenas para estrangeiros). N\u00e3o ser\u00e3o aceitos documentos sem foto e c\u00f3pias autenticadas.<\/p>\n<p>Al\u00e9m disso, no caso de meia entrada\/estudantes deve-se apresentar documentos que comprovem os benef\u00edcios:<\/p>\n<ul>\n<li>Estudantes: carteirinha de estudantes em validade ou documento escolar original juntamente com documento com foto \u2013 CNH ou RG \u2013 documento original.<\/li>\n<li>Idosos com idade superior a 60 anos: CNH ou RG.<\/li>\n<li>Professores da rede p\u00fablica municipal e estadual de ensino: carteira funcional emitida pela Secretaria de Educa\u00e7\u00e3o ou holerite \u2013 CNH ou RG.<\/li>\n<li>Pessoas com defici\u00eancia (PCD): carteira de comprova\u00e7\u00e3o com o registro de PCD e RG.<\/li>\n<li>Jovens de 15 a 29 anos: inscritos no programa ID Jovem.<\/li>\n<\/ul>\n<h4 class=\"wp-block-heading\"><strong>O que n\u00e3o pode<\/strong><\/h4>\n<p>A organiza\u00e7\u00e3o alerta que n\u00e3o ser\u00e1 permitida a entrada no evento com copos, objetos pontiagudos, como guarda-chuvas, e cortantes.<\/p>\n<h4 class=\"wp-block-heading\"><strong>Entrada de menores<\/strong><\/h4>\n<p>Est\u00e1 permitida a entrada de menores entre <strong>7 e 17 anos<\/strong>, desde que acompanhados dos pais ou tutor legal. \u00c9 preciso fazer um credenciamento pr\u00e9vio no site do evento.<\/p>\n<h4 class=\"wp-block-heading\"><strong>Servi\u00e7os de transporte<\/strong><\/h4>\n<p>Como em todos os anos, haver\u00e1 op\u00e7\u00f5es de transporte p\u00fablico, t\u00e1xis e Uber dispon\u00edveis para o p\u00fablico do <strong>RRM<\/strong>, bem como estacionamento no local. Com pontos de embarque e desembarque pr\u00f3ximos ao local do evento.<\/p>\n<p>Al\u00e9m disso, os f\u00e3s do <strong>RRM<\/strong> ter\u00e3o uma linha especial de \u00f4nibus na madrugada. A<strong> RP Mobi<\/strong>, empresa que gerencia o tr\u00e2nsito e o transporte urbano de <strong>Ribeir\u00e3o Preto<\/strong>, vai disponibilizar, por meio do cons\u00f3rcio <strong>Pr\u00f3Urbano<\/strong>, linha identificada como \u201c<strong>Ribeir\u00e3o Rodeo Music<\/strong>\u201d. Ela estar\u00e1 dispon\u00edvel com intervalo de <strong>30 em 30 minutos<\/strong>, com itiner\u00e1rio a partir do cruzamento da <strong>Esta\u00e7\u00e3o Nordeste<\/strong>, localizada no cruzamento da <strong>avenida Thomaz Alberto Whately<\/strong> com a a<strong>venida Recife em dire\u00e7\u00e3o ao Centro<\/strong> (no Terminal Urbano \u2013 Plataforma D).<\/p>\n<p><strong>A RP Mobi destaca que os interessados em ir ao evento ter\u00e3o as seguintes op\u00e7\u00f5es de linha:<br \/><\/strong>901 \u2013 Norte\/Sul 1A (partida pelo Ribeir\u00e3oShopping, passando pela regi\u00e3o Central)<br \/>910 \u2013 Norte\/Sul 1B (partindo pelo Ribeir\u00e3oShopping, passando pelo Terminal Evangelina)<br \/>302 \u2013 Jardim Aeroporto (partida pelo Terminal Evangelina)<br \/>320 \u2013 Jardim Salgado Filho I (partida pelo Terminal Evangelina)<\/p>\n<p><strong>Confira o itiner\u00e1rio da linha especial \u201cRibeir\u00e3o Rodeo Music\u201d:<br \/><\/strong>SA\u00cdDA: Esta\u00e7\u00e3o Nordeste<br \/>Av. Thomaz Alberto Whately c\/ Av. Recife \u2013 (pista sentido bairro-centro)<\/p>\n<p><strong>ITINER\u00c1RIO:<br \/><\/strong>Avenida Thomaz Alberto Whately<br \/>Avenida Brasil<br \/>Avenida Saudade<br \/>Rua Saldanha Marinho<br \/>Rua Flor\u00eancio De Abreu<br \/>Avenida Jer\u00f4nimo Gon\u00e7alves<br \/>Centro \/ Terminal Urbano \/ Plataforma D<br \/>Para mais informa\u00e7\u00f5es sobre a linha especial os interessados devem ligar no telefone 0800 16 16 001.<\/p>\n<h4 class=\"wp-block-heading\"><strong>Local<\/strong><\/h4>\n<p><strong>Parque Permanente de Exposi\u00e7\u00f5es<\/strong><br \/>Av. Orestes Lopes de Camargo, 350 \u2013 Jardim J\u00f3quei Clube, Ribeir\u00e3o Preto.<\/p>\n<p>SAIBA MAIS<br \/>Veja como fica o tempo em Ribeir\u00e3o Preto neste fim de semana<\/p>\n<h4 class=\"wp-block-heading\"><strong>FIQUE ON<\/strong><\/h4>\n<p>Fique ligado em tudo que acontece em Ribeir\u00e3o Preto e regi\u00e3o. Siga os perfis do <strong>acidade on <\/strong>no <a href=\"https:\/\/www.instagram.com\/acidadeonribeirao\" target=\"_blank\" rel=\"noreferrer noopener\">Instagram<\/a> e no <a href=\"https:\/\/www.facebook.com\/acidadeonribeirao\" target=\"_blank\" rel=\"noreferrer noopener\">Facebook<\/a>.<\/p>\n<p>Receba not\u00edcias do acidade on no WhatsApp. Para entrar no grupo, basta <a href=\"https:\/\/chat.whatsapp.com\/GFH9HUMUTHNFJdnyEd0xxq\" target=\"_blank\" rel=\"noreferrer noopener\">clicar aqui<\/a>.<\/p>\n<p>Fa\u00e7a uma den\u00fancia ou sugira uma reportagem sobre Ribeir\u00e3o Preto e regi\u00e3o pelo WhatsApp: 16 99117 7802.<\/p>\n<p>VEJA TAMB\u00c9M<br \/>Carolina Dieckmann grava para o document\u00e1rio de Davi<\/p>\n<p><!-- AI CONTENT END 1 -->\n<\/div>\n<p><script async src=\"\/\/www.instagram.com\/embed.js\"><\/script><br \/>\n<br \/><br \/>\n<br \/><a href=\"https:\/\/www.acidadeon.com\/ribeiraopreto\/ribeirao-rodeo-music\/terceira-noite-do-ribeirao-rodeo-music-tem-gusttavo-lima-o-funk-de-pedro-sampaio-e-final-nas-montarias\/\">Source link <\/a><\/p>\n<!-- CONTENT END 1 -->\n","protected":false},"excerpt":{"rendered":"<p>Neste s\u00e1bado (27), a terceira noite do Ribeir\u00e3o Rodeo Music, no Parque Permanente de Exposi\u00e7\u00f5es, tem os shows de Gusttavo Lima, Matheus e Kauan, Fred&#8230;<\/p>\n","protected":false},"author":1,"featured_media":47703,"comment_status":"open","ping_status":"open","sticky":false,"template":"","format":"standard","meta":{"advanced_seo_description":"","jetpack_seo_html_title":"","jetpack_seo_noindex":false,"jetpack_post_was_ever_published":false,"_jetpack_newsletter_access":"","_jetpack_dont_email_post_to_subs":false,"_jetpack_newsletter_tier_id":0,"_jetpack_memberships_contains_paywalled_content":false,"_jetpack_memberships_contains_paid_content":false,"footnotes":"","jetpack_publicize_message":"","jetpack_publicize_feature_enabled":true,"jetpack_social_post_already_shared":true,"jetpack_social_options":{"image_generator_settings":{"template":"highway","default_image_id":0,"font":"","enabled":false},"version":2}},"categories":[11],"tags":[],"class_list":["post-47702","post","type-post","status-publish","format-standard","has-post-thumbnail","hentry","category-noticias-de-ribeirao-preto-sp-e-regiao-ismael-colosi"],"jetpack_publicize_connections":[],"jetpack_featured_media_url":"https:\/\/i0.wp.com\/noticiasribeiraopreto.com.br\/wp-content\/uploads\/2024\/04\/Copia-de-Copia-de-TAMANHO-EXATO-PARA-FOTOS-NO-SISTEMA-NOVO-2-2_2024-04-27_16-16-59_jpg.webp.webp?fit=1200%2C675&ssl=1","jetpack-related-posts":[{"id":47262,"url":"https:\/\/noticiasribeiraopreto.com.br\/index.php\/2024\/04\/25\/ribeirao-rodeo-music-comeca-a-competicao-internacional-do-rodeio\/","url_meta":{"origin":47702,"position":0},"title":"Ribeir\u00e3o Rodeo Music: Come\u00e7a a competi\u00e7\u00e3o internacional do rodeio","author":"noticiasribeiraopreto.com.br","date":"25 de April de 2024","format":false,"excerpt":"O rodeio deste ano ganha uma emo\u00e7\u00e3o diferente em Ribeir\u00e3o Preto. Pela primeira vez, as montarias em touros do Ribeir\u00e3o Rodeo Music ter\u00e3o a participa\u00e7\u00e3o de competidores estrangeiros. A disputa internacional come\u00e7a nos pr\u00f3ximos dias de festa, 26 e 27 de abril, e \u00e9 v\u00e1lida pela LNR (Liga Nacional de\u2026","rel":"","context":"In &quot;Not\u00edcias de Ribeir\u00e3o Preto-SP e Regi\u00e3o&quot;","block_context":{"text":"Not\u00edcias de Ribeir\u00e3o Preto-SP e Regi\u00e3o","link":"https:\/\/noticiasribeiraopreto.com.br\/index.php\/category\/noticias-de-ribeirao-preto-sp-e-regiao-ismael-colosi\/"},"img":{"alt_text":"","src":"https:\/\/i0.wp.com\/noticiasribeiraopreto.com.br\/wp-content\/uploads\/2024\/04\/AnyConv.com__montaria.webp.webp?fit=1199%2C860&ssl=1&resize=350%2C200","width":350,"height":200,"srcset":"https:\/\/i0.wp.com\/noticiasribeiraopreto.com.br\/wp-content\/uploads\/2024\/04\/AnyConv.com__montaria.webp.webp?fit=1199%2C860&ssl=1&resize=350%2C200 1x, https:\/\/i0.wp.com\/noticiasribeiraopreto.com.br\/wp-content\/uploads\/2024\/04\/AnyConv.com__montaria.webp.webp?fit=1199%2C860&ssl=1&resize=525%2C300 1.5x, https:\/\/i0.wp.com\/noticiasribeiraopreto.com.br\/wp-content\/uploads\/2024\/04\/AnyConv.com__montaria.webp.webp?fit=1199%2C860&ssl=1&resize=700%2C400 2x, https:\/\/i0.wp.com\/noticiasribeiraopreto.com.br\/wp-content\/uploads\/2024\/04\/AnyConv.com__montaria.webp.webp?fit=1199%2C860&ssl=1&resize=1050%2C600 3x"},"classes":[]},{"id":47686,"url":"https:\/\/noticiasribeiraopreto.com.br\/index.php\/2024\/04\/27\/um-classico-com-muito-brilho-e-estilo-invade-o-ribeirao-rodeo-music\/","url_meta":{"origin":47702,"position":1},"title":"Um cl\u00e1ssico com muito brilho e estilo invade o Ribeir\u00e3o Rodeo Music","author":"noticiasribeiraopreto.com.br","date":"27 de April de 2024","format":false,"excerpt":"A moda country de chap\u00e9us voltou com for\u00e7a total. Repaginada, moderna e conquistando o cora\u00e7\u00e3o da nova gera\u00e7\u00e3o de f\u00e3s do sertanejo. A arena do Ribeir\u00e3o Rodeo Music recebe um verdadeiro desfile desse cl\u00e1ssico com muito brilho e estilo. Confira na galeria especial dos dois primeiros dias de RRM (veja\u2026","rel":"","context":"In &quot;Not\u00edcias de Ribeir\u00e3o Preto-SP e Regi\u00e3o&quot;","block_context":{"text":"Not\u00edcias de Ribeir\u00e3o Preto-SP e Regi\u00e3o","link":"https:\/\/noticiasribeiraopreto.com.br\/index.php\/category\/noticias-de-ribeirao-preto-sp-e-regiao-ismael-colosi\/"},"img":{"alt_text":"","src":"https:\/\/i0.wp.com\/noticiasribeiraopreto.com.br\/wp-content\/uploads\/2024\/04\/Copia-de-Copia-de-TAMANHO-EXATO-PARA-FOTOS-NO-SISTEMA-NOVO-11_2024-04-27_13-33-39_jpg.webp.webp?fit=1200%2C675&ssl=1&resize=350%2C200","width":350,"height":200,"srcset":"https:\/\/i0.wp.com\/noticiasribeiraopreto.com.br\/wp-content\/uploads\/2024\/04\/Copia-de-Copia-de-TAMANHO-EXATO-PARA-FOTOS-NO-SISTEMA-NOVO-11_2024-04-27_13-33-39_jpg.webp.webp?fit=1200%2C675&ssl=1&resize=350%2C200 1x, https:\/\/i0.wp.com\/noticiasribeiraopreto.com.br\/wp-content\/uploads\/2024\/04\/Copia-de-Copia-de-TAMANHO-EXATO-PARA-FOTOS-NO-SISTEMA-NOVO-11_2024-04-27_13-33-39_jpg.webp.webp?fit=1200%2C675&ssl=1&resize=525%2C300 1.5x, https:\/\/i0.wp.com\/noticiasribeiraopreto.com.br\/wp-content\/uploads\/2024\/04\/Copia-de-Copia-de-TAMANHO-EXATO-PARA-FOTOS-NO-SISTEMA-NOVO-11_2024-04-27_13-33-39_jpg.webp.webp?fit=1200%2C675&ssl=1&resize=700%2C400 2x, https:\/\/i0.wp.com\/noticiasribeiraopreto.com.br\/wp-content\/uploads\/2024\/04\/Copia-de-Copia-de-TAMANHO-EXATO-PARA-FOTOS-NO-SISTEMA-NOVO-11_2024-04-27_13-33-39_jpg.webp.webp?fit=1200%2C675&ssl=1&resize=1050%2C600 3x"},"classes":[]},{"id":47525,"url":"https:\/\/noticiasribeiraopreto.com.br\/index.php\/2024\/04\/26\/veja-os-momentos-mais-marcantes-da-historia-do-ribeirao-rodeo-music\/","url_meta":{"origin":47702,"position":2},"title":"Veja os momentos mais marcantes da hist\u00f3ria do Ribeir\u00e3o Rodeo Music","author":"noticiasribeiraopreto.com.br","date":"26 de April de 2024","format":false,"excerpt":"O Ribeir\u00e3o Rodeo Music, um dos maiores festivais do circuito sertanejo nacional, volta com tudo nessa sexta-feira (26) com os as competi\u00e7\u00f5es de montaria e os shows de C\u00e9sar Menotti & Fabiano, Z\u00e9 Neto & Cristiano, Lauana Prado e Locos Djs. Comemorando 19 anos de hist\u00f3ria em 2024, o evento\u2026","rel":"","context":"In &quot;Not\u00edcias de Ribeir\u00e3o Preto-SP e Regi\u00e3o&quot;","block_context":{"text":"Not\u00edcias de Ribeir\u00e3o Preto-SP e Regi\u00e3o","link":"https:\/\/noticiasribeiraopreto.com.br\/index.php\/category\/noticias-de-ribeirao-preto-sp-e-regiao-ismael-colosi\/"},"img":{"alt_text":"","src":"https:\/\/i0.wp.com\/noticiasribeiraopreto.com.br\/wp-content\/uploads\/2024\/04\/AnyConv.com__rodeo-de-ribeirao.webp.webp?fit=1200%2C800&ssl=1&resize=350%2C200","width":350,"height":200,"srcset":"https:\/\/i0.wp.com\/noticiasribeiraopreto.com.br\/wp-content\/uploads\/2024\/04\/AnyConv.com__rodeo-de-ribeirao.webp.webp?fit=1200%2C800&ssl=1&resize=350%2C200 1x, https:\/\/i0.wp.com\/noticiasribeiraopreto.com.br\/wp-content\/uploads\/2024\/04\/AnyConv.com__rodeo-de-ribeirao.webp.webp?fit=1200%2C800&ssl=1&resize=525%2C300 1.5x, https:\/\/i0.wp.com\/noticiasribeiraopreto.com.br\/wp-content\/uploads\/2024\/04\/AnyConv.com__rodeo-de-ribeirao.webp.webp?fit=1200%2C800&ssl=1&resize=700%2C400 2x, https:\/\/i0.wp.com\/noticiasribeiraopreto.com.br\/wp-content\/uploads\/2024\/04\/AnyConv.com__rodeo-de-ribeirao.webp.webp?fit=1200%2C800&ssl=1&resize=1050%2C600 3x"},"classes":[]},{"id":45964,"url":"https:\/\/noticiasribeiraopreto.com.br\/index.php\/2024\/04\/08\/ribeirao-rodeo-music-confirma-competidores-dos-eua-e-do-canada-nas-montarias-em-touros\/","url_meta":{"origin":47702,"position":3},"title":"Ribeir\u00e3o Rodeo Music confirma competidores dos EUA e do Canad\u00e1 nas montarias em touros","author":"noticiasribeiraopreto.com.br","date":"8 de April de 2024","format":false,"excerpt":"Ribeir\u00e3o Rodeo Music confirma competidores dos EUA e do Canad\u00e1 nas montarias em tourosPrograma\u00e7\u00e3o esportiva do RRM ainda ter\u00e1 Cutiano, Team Penning, Tr\u00eas Tambores e Ranch Sorting As montarias em touros do Ribeir\u00e3o Rodeo Music 2024 ter\u00e3o pela primeira vez a participa\u00e7\u00e3o de competidores internacionais, vindos dos Estados Unidos e\u2026","rel":"","context":"In &quot;Not\u00edcias de Ribeir\u00e3o Preto-SP e Regi\u00e3o&quot;","block_context":{"text":"Not\u00edcias de Ribeir\u00e3o Preto-SP e Regi\u00e3o","link":"https:\/\/noticiasribeiraopreto.com.br\/index.php\/category\/noticias-de-ribeirao-preto-sp-e-regiao-ismael-colosi\/"},"img":{"alt_text":"","src":"https:\/\/i0.wp.com\/noticiasribeiraopreto.com.br\/wp-content\/uploads\/2024\/04\/ab928249bdc24a09dce94f3f7873238b.jpeg?fit=1200%2C800&ssl=1&resize=350%2C200","width":350,"height":200,"srcset":"https:\/\/i0.wp.com\/noticiasribeiraopreto.com.br\/wp-content\/uploads\/2024\/04\/ab928249bdc24a09dce94f3f7873238b.jpeg?fit=1200%2C800&ssl=1&resize=350%2C200 1x, https:\/\/i0.wp.com\/noticiasribeiraopreto.com.br\/wp-content\/uploads\/2024\/04\/ab928249bdc24a09dce94f3f7873238b.jpeg?fit=1200%2C800&ssl=1&resize=525%2C300 1.5x, https:\/\/i0.wp.com\/noticiasribeiraopreto.com.br\/wp-content\/uploads\/2024\/04\/ab928249bdc24a09dce94f3f7873238b.jpeg?fit=1200%2C800&ssl=1&resize=700%2C400 2x, https:\/\/i0.wp.com\/noticiasribeiraopreto.com.br\/wp-content\/uploads\/2024\/04\/ab928249bdc24a09dce94f3f7873238b.jpeg?fit=1200%2C800&ssl=1&resize=1050%2C600 3x"},"classes":[]},{"id":46216,"url":"https:\/\/noticiasribeiraopreto.com.br\/index.php\/2024\/04\/10\/pela-primeira-vez-ribeirao-rodeo-music-tera-competidores-estrangeiros-nas-montarias\/","url_meta":{"origin":47702,"position":4},"title":"Pela primeira vez, Ribeir\u00e3o Rodeo Music ter\u00e1 competidores estrangeiros nas montarias","author":"noticiasribeiraopreto.com.br","date":"10 de April de 2024","format":false,"excerpt":"Pela primeira vez, as montarias em touros do Ribeir\u00e3o Rodeo Music (RRM) 2024 ter\u00e3o a participa\u00e7\u00e3o de competidores internacionais. Com representantes dos Estados Unidos e Canad\u00e1, a competitividade entre os atletas ser\u00e1 elevada a outro patamar, com um show na arena de montarias. O festival sertanejo acontece nos dias 20,\u2026","rel":"","context":"In &quot;Not\u00edcias de Ribeir\u00e3o Preto-SP e Regi\u00e3o&quot;","block_context":{"text":"Not\u00edcias de Ribeir\u00e3o Preto-SP e Regi\u00e3o","link":"https:\/\/noticiasribeiraopreto.com.br\/index.php\/category\/noticias-de-ribeirao-preto-sp-e-regiao-ismael-colosi\/"},"img":{"alt_text":"","src":"https:\/\/i0.wp.com\/noticiasribeiraopreto.com.br\/wp-content\/uploads\/2024\/04\/Montaria-em-touros-do-RRM.jpg?fit=1200%2C800&ssl=1&resize=350%2C200","width":350,"height":200,"srcset":"https:\/\/i0.wp.com\/noticiasribeiraopreto.com.br\/wp-content\/uploads\/2024\/04\/Montaria-em-touros-do-RRM.jpg?fit=1200%2C800&ssl=1&resize=350%2C200 1x, https:\/\/i0.wp.com\/noticiasribeiraopreto.com.br\/wp-content\/uploads\/2024\/04\/Montaria-em-touros-do-RRM.jpg?fit=1200%2C800&ssl=1&resize=525%2C300 1.5x, https:\/\/i0.wp.com\/noticiasribeiraopreto.com.br\/wp-content\/uploads\/2024\/04\/Montaria-em-touros-do-RRM.jpg?fit=1200%2C800&ssl=1&resize=700%2C400 2x, https:\/\/i0.wp.com\/noticiasribeiraopreto.com.br\/wp-content\/uploads\/2024\/04\/Montaria-em-touros-do-RRM.jpg?fit=1200%2C800&ssl=1&resize=1050%2C600 3x"},"classes":[]},{"id":47784,"url":"https:\/\/noticiasribeiraopreto.com.br\/index.php\/2024\/04\/28\/galeria-confira-como-foi-a-terceira-noite-de-shows-do-ribeirao-rodeo-music\/","url_meta":{"origin":47702,"position":5},"title":"Galeria: Confira como foi a terceira noite de shows do Ribeir\u00e3o Rodeo Music","author":"noticiasribeiraopreto.com.br","date":"28 de April de 2024","format":false,"excerpt":"Nesse s\u00e1bado, 27, o palco do Ribeir\u00e3o Rodeo Music recebeu o primeiro show de Fred & Fabr\u00edcio. A dupla formada por um mineiro e um goiano aqueceu o p\u00fablico em grande estilo com seus sucessos autorais, dentre eles \u201cGuarda Roupa\u201d e \u201cContra a Mar\u00e9\u201d, al\u00e9m de sucessos consagrados, desde o\u2026","rel":"","context":"In &quot;Not\u00edcias de Ribeir\u00e3o Preto-SP e Regi\u00e3o&quot;","block_context":{"text":"Not\u00edcias de Ribeir\u00e3o Preto-SP e Regi\u00e3o","link":"https:\/\/noticiasribeiraopreto.com.br\/index.php\/category\/noticias-de-ribeirao-preto-sp-e-regiao-ismael-colosi\/"},"img":{"alt_text":"","src":"https:\/\/i0.wp.com\/noticiasribeiraopreto.com.br\/wp-content\/uploads\/2024\/04\/AnyConv.com__GL_III-e1714330490605.webp.webp?fit=900%2C692&ssl=1&resize=350%2C200","width":350,"height":200,"srcset":"https:\/\/i0.wp.com\/noticiasribeiraopreto.com.br\/wp-content\/uploads\/2024\/04\/AnyConv.com__GL_III-e1714330490605.webp.webp?fit=900%2C692&ssl=1&resize=350%2C200 1x, https:\/\/i0.wp.com\/noticiasribeiraopreto.com.br\/wp-content\/uploads\/2024\/04\/AnyConv.com__GL_III-e1714330490605.webp.webp?fit=900%2C692&ssl=1&resize=525%2C300 1.5x, https:\/\/i0.wp.com\/noticiasribeiraopreto.com.br\/wp-content\/uploads\/2024\/04\/AnyConv.com__GL_III-e1714330490605.webp.webp?fit=900%2C692&ssl=1&resize=700%2C400 2x"},"classes":[]}],"jetpack_sharing_enabled":true,"jetpack_shortlink":"https:\/\/wp.me\/peQAOb-cpo","_links":{"self":[{"href":"https:\/\/noticiasribeiraopreto.com.br\/index.php\/wp-json\/wp\/v2\/posts\/47702","targetHints":{"allow":["GET"]}}],"collection":[{"href":"https:\/\/noticiasribeiraopreto.com.br\/index.php\/wp-json\/wp\/v2\/posts"}],"about":[{"href":"https:\/\/noticiasribeiraopreto.com.br\/index.php\/wp-json\/wp\/v2\/types\/post"}],"author":[{"embeddable":true,"href":"https:\/\/noticiasribeiraopreto.com.br\/index.php\/wp-json\/wp\/v2\/users\/1"}],"replies":[{"embeddable":true,"href":"https:\/\/noticiasribeiraopreto.com.br\/index.php\/wp-json\/wp\/v2\/comments?post=47702"}],"version-history":[{"count":0,"href":"https:\/\/noticiasribeiraopreto.com.br\/index.php\/wp-json\/wp\/v2\/posts\/47702\/revisions"}],"wp:featuredmedia":[{"embeddable":true,"href":"https:\/\/noticiasribeiraopreto.com.br\/index.php\/wp-json\/wp\/v2\/media\/47703"}],"wp:attachment":[{"href":"https:\/\/noticiasribeiraopreto.com.br\/index.php\/wp-json\/wp\/v2\/media?parent=47702"}],"wp:term":[{"taxonomy":"category","embeddable":true,"href":"https:\/\/noticiasribeiraopreto.com.br\/index.php\/wp-json\/wp\/v2\/categories?post=47702"},{"taxonomy":"post_tag","embeddable":true,"href":"https:\/\/noticiasribeiraopreto.com.br\/index.php\/wp-json\/wp\/v2\/tags?post=47702"}],"curies":[{"name":"wp","href":"https:\/\/api.w.org\/{rel}","templated":true}]}}