{"id":47723,"date":"2024-04-27T17:53:42","date_gmt":"2024-04-27T20:53:42","guid":{"rendered":"https:\/\/noticiasribeiraopreto.com.br\/index.php\/2024\/04\/27\/onda-de-calor-interior-de-sp-tem-alerta-de-perigo-por-altas-temperaturas\/"},"modified":"2024-04-27T17:53:42","modified_gmt":"2024-04-27T20:53:42","slug":"onda-de-calor-interior-de-sp-tem-alerta-de-perigo-por-altas-temperaturas","status":"publish","type":"post","link":"https:\/\/noticiasribeiraopreto.com.br\/index.php\/2024\/04\/27\/onda-de-calor-interior-de-sp-tem-alerta-de-perigo-por-altas-temperaturas\/","title":{"rendered":"Onda de calor: Interior de SP tem alerta de perigo por altas temperaturas"},"content":{"rendered":"<div class='code-block code-block-1' style='margin: 8px 0 8px auto; text-align: right; display: block; clear: both;'>\n<p><a href=\"https:\/\/wa.link\/vpicfd\"><img data-recalc-dims=\"1\" class=\"wp-image-4922\" style=\"aspect-ratio: 2.0253164556962027; width: 561px; height: auto;\" src=\"https:\/\/i0.wp.com\/ismaelcolosi.com.br\/wp-content\/uploads\/2023\/11\/grupo-de-empregos-whatsapp-e-facebook-ismael-colosi-vagas.jpg?ssl=1\" alt=\"\" \/><\/a><\/p>\n<!-- \/wp:image -->\n<\/div>\n<p> <br \/>\n<\/p>\n<div>\n<p>O <span style=\"background-color:#f7cc62\" class=\"td_text_highlight_marker\"><mark style=\"background-color:rgba(0, 0, 0, 0)\" class=\"has-inline-color has-black-color\"><strong>Inmet<\/strong> (Instituto Nacional de Meteorologia) <strong>emitiu neste s\u00e1bado<\/strong> (27) um <strong>aviso de perigo<\/strong> provocado por <strong>altas temperaturas<\/strong>, que atingem <strong>algumas cidades do interior de S\u00e3o Paulo<\/strong>, entre elas, <strong>Ribeir\u00e3o Preto<\/strong> <\/mark><\/span>(<strong>veja as cidades abaixo<\/strong>).<\/p>\n<p>Com a <strong>onda de calor<\/strong>, as <strong>temperaturas devem ficar 5\u00b0C acima da m\u00e9dia por um per\u00edodo de tr\u00eas a cinco dias<\/strong>. <strong><span style=\"background-color:#f7cc62\" class=\"td_text_highlight_marker\"><mark style=\"background-color:rgba(0, 0, 0, 0)\" class=\"has-inline-color has-black-color\">O alerta \u00e9 v\u00e1lido a partir das 18h deste s\u00e1bado e segue at\u00e9 o mesmo hor\u00e1rio de quarta-feira (1\u00ba).<\/mark><\/span><\/strong><\/p>\n<h4 class=\"wp-block-heading\"><strong>Cidades afetadas pela onda de calor, segundo o Inmet<\/strong><\/h4>\n<ul>\n<li>Presidente Prudente<\/li>\n<li>Bauru<\/li>\n<li>S\u00e3o Jos\u00e9 do Rio Preto<\/li>\n<li><strong>Ribeir\u00e3o Preto<\/strong><\/li>\n<li><strong>Araraquara<\/strong><\/li>\n<li>Assis<\/li>\n<li><strong>Piracicaba<\/strong><\/li>\n<\/ul>\n<h4 class=\"wp-block-heading\"><strong>Confira a previs\u00e3o durante at\u00e9 a pr\u00f3xima sexta-feira<\/strong><\/h4>\n<p>De acordo com a <strong>Climatempo<\/strong>, durante toda a\u00a0pr\u00f3xima <strong>semana<\/strong>, a previs\u00e3o \u00e9 de<strong> temperaturas altas<\/strong>\u00a0e<strong>\u00a0sem previs\u00e3o de chuva<\/strong>. Os\u00a0<strong>term\u00f4metros<\/strong>\u00a0podem registrar\u00a0<strong>35\u00b0C a temperatura m\u00e1xima<\/strong>.<\/p>\n<p><strong>S\u00e1bado, 27 de abril<\/strong><br \/><strong>M\u00e1xima: 34\u00baC<\/strong><br \/>M\u00ednima: 20\u00baC<br \/>Dia de sol com aumento de nuvens a partir da tarde. N\u00e3o chove.<\/p>\n<p><strong>Domingo, 28 de abril<\/strong><br \/><strong>M\u00e1xima: 34\u00baC<\/strong><br \/>M\u00ednima: 20\u00baC<br \/>Dia de sol, com muitas nuvens \u00e0 tarde. \u00c0 noite a nebulosidade diminui.<\/p>\n<p><strong>Segunda-feira, 29 de abril<\/strong><br \/><strong>M\u00e1xima: 35\u00b0C<\/strong><br \/>M\u00ednima: 21\u00b0C<br \/>Dia de sol com n\u00e9voa fraca ao amanhecer e \u00e0 noite.<\/p>\n<p><strong>Ter\u00e7a-feira, 30 de abril<\/strong><br \/><strong>M\u00e1xima: 35\u00b0 C<\/strong><br \/>M\u00ednima: 20\u00b0C<br \/>Dia de sol com aumento de nuvens a partir da tarde. N\u00e3o chove.<\/p>\n<p><strong>Quarta-feira, 1\u00ba de maio<\/strong><br \/><strong>M\u00e1xima: 35\u00b0 C<\/strong><br \/>M\u00ednima: 21\u00b0C<br \/>Sol o dia todo sem nuvens no c\u00e9u. Noite de tempo aberto ainda sem nuvens.<\/p>\n<p><strong>Quinta-feira, 2 de maio<\/strong><br \/><strong>M\u00e1xima: 35\u00b0C<\/strong><br \/>M\u00ednima: 21\u00b0C<br \/>Dia de sol com aumento de nuvens a partir da tarde. N\u00e3o chove.<\/p>\n<p><strong>Sexta-feira, 3 de maio<\/strong><br \/><strong>M\u00e1xima: 33\u00b0C<\/strong><br \/>M\u00ednima: 21\u00b0C<br \/>Dia de sol com aumento de nuvens a partir da tarde. N\u00e3o chove.<\/p>\n<p>SAIBA MAIS <\/p>\n<p>Agrishow tem abertura oficial neste domingo; Feira deve receber 195 mil visitantes<\/p>\n<h4 class=\"wp-block-heading\"><strong>FIQUE ON<\/strong><\/h4>\n<p>Fique ligado em tudo que acontece em Ribeir\u00e3o Preto e regi\u00e3o. Siga os perfis do\u00a0<strong>acidade on\u00a0<\/strong>no\u00a0<a href=\"https:\/\/www.instagram.com\/acidadeonribeirao\" target=\"_blank\" rel=\"noreferrer noopener\">Instagram<\/a>\u00a0e no\u00a0<a href=\"https:\/\/www.facebook.com\/acidadeonribeirao\" target=\"_blank\" rel=\"noreferrer noopener\">Facebook<\/a>.<\/p>\n<p>Receba not\u00edcias do acidade on no WhatsApp. Para entrar no grupo, basta\u00a0<a href=\"https:\/\/chat.whatsapp.com\/GFH9HUMUTHNFJdnyEd0xxq\" target=\"_blank\" rel=\"noreferrer noopener\">clicar aqui<\/a>.<\/p>\n<p>Fa\u00e7a uma den\u00fancia ou sugira uma reportagem sobre Ribeir\u00e3o Preto e regi\u00e3o pelo WhatsApp: 16 99117 7802.<\/p>\n<p>VEJA TAMB\u00c9M<br \/>Globoplay revela nome do document\u00e1rio sobre o Davi do BBB 24<\/p>\n<p><!-- AI CONTENT END 1 -->\n<\/div>\n<p><script async src=\"\/\/www.instagram.com\/embed.js\"><\/script><br \/>\n<br \/><br \/>\n<br \/><a href=\"https:\/\/www.acidadeon.com\/ribeiraopreto\/cotidiano\/onda-de-calor-interior-de-sp-tem-alerta-de-perigo-por-altas-temperaturas\/\">Source link <\/a><\/p>\n<!-- CONTENT END 1 -->\n","protected":false},"excerpt":{"rendered":"<p>O Inmet (Instituto Nacional de Meteorologia) emitiu neste s\u00e1bado (27) um aviso de perigo provocado por altas temperaturas, que atingem algumas cidades do interior de&#8230;<\/p>\n","protected":false},"author":1,"featured_media":47724,"comment_status":"open","ping_status":"open","sticky":false,"template":"","format":"standard","meta":{"advanced_seo_description":"","jetpack_seo_html_title":"","jetpack_seo_noindex":false,"jetpack_post_was_ever_published":false,"_jetpack_newsletter_access":"","_jetpack_dont_email_post_to_subs":false,"_jetpack_newsletter_tier_id":0,"_jetpack_memberships_contains_paywalled_content":false,"_jetpack_memberships_contains_paid_content":false,"footnotes":"","jetpack_publicize_message":"","jetpack_publicize_feature_enabled":true,"jetpack_social_post_already_shared":true,"jetpack_social_options":{"image_generator_settings":{"template":"highway","default_image_id":0,"font":"","enabled":false},"version":2}},"categories":[11],"tags":[],"class_list":["post-47723","post","type-post","status-publish","format-standard","has-post-thumbnail","hentry","category-noticias-de-ribeirao-preto-sp-e-regiao-ismael-colosi"],"jetpack_publicize_connections":[],"jetpack_featured_media_url":"https:\/\/i0.wp.com\/noticiasribeiraopreto.com.br\/wp-content\/uploads\/2024\/04\/AnyConv.com__CLIMA_QUENTE_NA_CIDADE_DE_CAMPINAS_SP_CoDIGO-19_173574-1068x712-1.webp.webp?fit=1068%2C712&ssl=1","jetpack-related-posts":[{"id":48676,"url":"https:\/\/noticiasribeiraopreto.com.br\/index.php\/2024\/05\/05\/onda-de-calor-vai-continuar-veja-a-previsao-do-tempo-no-interior-de-sp\/","url_meta":{"origin":47723,"position":0},"title":"Onda de calor vai continuar? Veja a previs\u00e3o do tempo no interior de SP","author":"noticiasribeiraopreto.com.br","date":"5 de May de 2024","format":false,"excerpt":"A onda de calor vai continuar no interior de S\u00e3o Paulo, de acordo com o Inmet (Instituto Nacional de Meteorologia). O \u00f3rg\u00e3o publicou dois alertas para o interior de S\u00e3o Paulo de \u201cperigo\u201d e \u201cgrande perigo\u201d, em raz\u00e3o das altas temperaturas. Al\u00e9m disso, um alerta de \u201cperigo potencial\u201d para baixa\u2026","rel":"","context":"In &quot;Not\u00edcias de Ribeir\u00e3o Preto-SP e Regi\u00e3o&quot;","block_context":{"text":"Not\u00edcias de Ribeir\u00e3o Preto-SP e Regi\u00e3o","link":"https:\/\/noticiasribeiraopreto.com.br\/index.php\/category\/noticias-de-ribeirao-preto-sp-e-regiao-ismael-colosi\/"},"img":{"alt_text":"","src":"https:\/\/i0.wp.com\/noticiasribeiraopreto.com.br\/wp-content\/uploads\/2024\/05\/sertaozinho-2.jpg?fit=800%2C600&ssl=1&resize=350%2C200","width":350,"height":200,"srcset":"https:\/\/i0.wp.com\/noticiasribeiraopreto.com.br\/wp-content\/uploads\/2024\/05\/sertaozinho-2.jpg?fit=800%2C600&ssl=1&resize=350%2C200 1x, https:\/\/i0.wp.com\/noticiasribeiraopreto.com.br\/wp-content\/uploads\/2024\/05\/sertaozinho-2.jpg?fit=800%2C600&ssl=1&resize=525%2C300 1.5x, https:\/\/i0.wp.com\/noticiasribeiraopreto.com.br\/wp-content\/uploads\/2024\/05\/sertaozinho-2.jpg?fit=800%2C600&ssl=1&resize=700%2C400 2x"},"classes":[]},{"id":56856,"url":"https:\/\/noticiasribeiraopreto.com.br\/index.php\/2024\/08\/15\/cidades-do-interior-de-sp-estao-em-alerta-de-perigo-potencial-para-onda-de-calor-veja-lista\/","url_meta":{"origin":47723,"position":1},"title":"Cidades do interior de SP est\u00e3o em alerta de perigo potencial para onda de calor; Veja lista","author":"noticiasribeiraopreto.com.br","date":"15 de August de 2024","format":false,"excerpt":"Uma nova onda de calor deve atingir o interior de S\u00e3o Paulo e provocar altas temperaturas em diversas regi\u00f5es a partir deste domingo (18), de acordo com a meteorologia. O ar gelado provocado por uma forte massa de ar frio come\u00e7ou a se afastar nesta quinta-feira (15) e uma forte\u2026","rel":"","context":"In &quot;Not\u00edcias de Ribeir\u00e3o Preto-SP e Regi\u00e3o&quot;","block_context":{"text":"Not\u00edcias de Ribeir\u00e3o Preto-SP e Regi\u00e3o","link":"https:\/\/noticiasribeiraopreto.com.br\/index.php\/category\/noticias-de-ribeirao-preto-sp-e-regiao-ismael-colosi\/"},"img":{"alt_text":"","src":"https:\/\/i0.wp.com\/noticiasribeiraopreto.com.br\/wp-content\/uploads\/2024\/08\/20230824_153104-1.jpg?fit=1200%2C823&ssl=1&resize=350%2C200","width":350,"height":200,"srcset":"https:\/\/i0.wp.com\/noticiasribeiraopreto.com.br\/wp-content\/uploads\/2024\/08\/20230824_153104-1.jpg?fit=1200%2C823&ssl=1&resize=350%2C200 1x, https:\/\/i0.wp.com\/noticiasribeiraopreto.com.br\/wp-content\/uploads\/2024\/08\/20230824_153104-1.jpg?fit=1200%2C823&ssl=1&resize=525%2C300 1.5x, https:\/\/i0.wp.com\/noticiasribeiraopreto.com.br\/wp-content\/uploads\/2024\/08\/20230824_153104-1.jpg?fit=1200%2C823&ssl=1&resize=700%2C400 2x, https:\/\/i0.wp.com\/noticiasribeiraopreto.com.br\/wp-content\/uploads\/2024\/08\/20230824_153104-1.jpg?fit=1200%2C823&ssl=1&resize=1050%2C600 3x"},"classes":[]},{"id":48107,"url":"https:\/\/noticiasribeiraopreto.com.br\/index.php\/2024\/04\/30\/mais-cidades-sao-incluidas-no-alerta-para-ondas-de-calor-no-interior-de-sp-veja-regioes-afetadas\/","url_meta":{"origin":47723,"position":2},"title":"Mais cidades s\u00e3o inclu\u00eddas no alerta para ondas de calor no interior de SP; Veja regi\u00f5es afetadas","author":"noticiasribeiraopreto.com.br","date":"30 de April de 2024","format":false,"excerpt":"O calor\u00e3o que atinge o estado de S\u00e3o Paulo e outras regi\u00f5es do Brasil n\u00e3o deve ir embora at\u00e9 pelo menos o dia 10 de maio, de acordo com a Climatempo. Essa onda de calor afeta o estado desde o dia 22 de abril. Nesta ter\u00e7a-feira (30), o Instituto Nacional\u2026","rel":"","context":"In &quot;Not\u00edcias de Ribeir\u00e3o Preto-SP e Regi\u00e3o&quot;","block_context":{"text":"Not\u00edcias de Ribeir\u00e3o Preto-SP e Regi\u00e3o","link":"https:\/\/noticiasribeiraopreto.com.br\/index.php\/category\/noticias-de-ribeirao-preto-sp-e-regiao-ismael-colosi\/"},"img":{"alt_text":"","src":"https:\/\/i0.wp.com\/noticiasribeiraopreto.com.br\/wp-content\/uploads\/2024\/04\/20230824_153104-1.jpg?fit=1200%2C823&ssl=1&resize=350%2C200","width":350,"height":200,"srcset":"https:\/\/i0.wp.com\/noticiasribeiraopreto.com.br\/wp-content\/uploads\/2024\/04\/20230824_153104-1.jpg?fit=1200%2C823&ssl=1&resize=350%2C200 1x, https:\/\/i0.wp.com\/noticiasribeiraopreto.com.br\/wp-content\/uploads\/2024\/04\/20230824_153104-1.jpg?fit=1200%2C823&ssl=1&resize=525%2C300 1.5x, https:\/\/i0.wp.com\/noticiasribeiraopreto.com.br\/wp-content\/uploads\/2024\/04\/20230824_153104-1.jpg?fit=1200%2C823&ssl=1&resize=700%2C400 2x, https:\/\/i0.wp.com\/noticiasribeiraopreto.com.br\/wp-content\/uploads\/2024\/04\/20230824_153104-1.jpg?fit=1200%2C823&ssl=1&resize=1050%2C600 3x"},"classes":[]},{"id":81163,"url":"https:\/\/noticiasribeiraopreto.com.br\/index.php\/2025\/12\/26\/ate-quando-vai-o-alerta-de-onda-de-calor-no-interior-de-sp-veja-previsao\/","url_meta":{"origin":47723,"position":3},"title":"At\u00e9 quando vai o alerta de onda de calor no interior de SP? Veja previs\u00e3o","author":"noticiasribeiraopreto.com.br","date":"26 de December de 2025","format":false,"excerpt":"O calor deve continuar nos pr\u00f3ximos dias em todo o interior do estado de S\u00e3o Paulo, mantendo as temperaturas acima da m\u00e9dia para o per\u00edodo, segundo os meteorologistas. Por causa disso, o Instituto Nacional de Meteorologia (Inmet) emitiu um alerta de perigo para onda de calor para a regi\u00e3o, v\u00e1lido\u2026","rel":"","context":"In &quot;Not\u00edcias de Ribeir\u00e3o Preto-SP e Regi\u00e3o&quot;","block_context":{"text":"Not\u00edcias de Ribeir\u00e3o Preto-SP e Regi\u00e3o","link":"https:\/\/noticiasribeiraopreto.com.br\/index.php\/category\/noticias-de-ribeirao-preto-sp-e-regiao-ismael-colosi\/"},"img":{"alt_text":"","src":"https:\/\/i0.wp.com\/noticiasribeiraopreto.com.br\/wp-content\/uploads\/2025\/12\/calor-onda.jpeg?fit=1200%2C675&ssl=1&resize=350%2C200","width":350,"height":200,"srcset":"https:\/\/i0.wp.com\/noticiasribeiraopreto.com.br\/wp-content\/uploads\/2025\/12\/calor-onda.jpeg?fit=1200%2C675&ssl=1&resize=350%2C200 1x, https:\/\/i0.wp.com\/noticiasribeiraopreto.com.br\/wp-content\/uploads\/2025\/12\/calor-onda.jpeg?fit=1200%2C675&ssl=1&resize=525%2C300 1.5x, https:\/\/i0.wp.com\/noticiasribeiraopreto.com.br\/wp-content\/uploads\/2025\/12\/calor-onda.jpeg?fit=1200%2C675&ssl=1&resize=700%2C400 2x, https:\/\/i0.wp.com\/noticiasribeiraopreto.com.br\/wp-content\/uploads\/2025\/12\/calor-onda.jpeg?fit=1200%2C675&ssl=1&resize=1050%2C600 3x"},"classes":[]},{"id":48258,"url":"https:\/\/noticiasribeiraopreto.com.br\/index.php\/2024\/05\/01\/interior-de-sp-esta-em-alerta-vermelho-para-onda-de-calor-veja-os-municipios-afetados\/","url_meta":{"origin":47723,"position":4},"title":"Interior de SP est\u00e1 em alerta vermelho para onda de calor; Veja os munic\u00edpios afetados","author":"noticiasribeiraopreto.com.br","date":"1 de May de 2024","format":false,"excerpt":"O Instituto Nacional de Meteorologia (Inmet) elevou o grau de severidade do alerta de onda de calor para o interior de S\u00e3o Paulo, no come\u00e7o da noite desta quarta-feira (1\u00ba). A partir de agora, diversas cidades se encontram no alerta vermelho, que representa grande perigo. Desde o dia 22 de\u2026","rel":"","context":"In &quot;Not\u00edcias de Ribeir\u00e3o Preto-SP e Regi\u00e3o&quot;","block_context":{"text":"Not\u00edcias de Ribeir\u00e3o Preto-SP e Regi\u00e3o","link":"https:\/\/noticiasribeiraopreto.com.br\/index.php\/category\/noticias-de-ribeirao-preto-sp-e-regiao-ismael-colosi\/"},"img":{"alt_text":"","src":"https:\/\/i0.wp.com\/noticiasribeiraopreto.com.br\/wp-content\/uploads\/2024\/05\/AnyConv.com__trbr5828-scaled.webp.webp?fit=1200%2C800&ssl=1&resize=350%2C200","width":350,"height":200,"srcset":"https:\/\/i0.wp.com\/noticiasribeiraopreto.com.br\/wp-content\/uploads\/2024\/05\/AnyConv.com__trbr5828-scaled.webp.webp?fit=1200%2C800&ssl=1&resize=350%2C200 1x, https:\/\/i0.wp.com\/noticiasribeiraopreto.com.br\/wp-content\/uploads\/2024\/05\/AnyConv.com__trbr5828-scaled.webp.webp?fit=1200%2C800&ssl=1&resize=525%2C300 1.5x, https:\/\/i0.wp.com\/noticiasribeiraopreto.com.br\/wp-content\/uploads\/2024\/05\/AnyConv.com__trbr5828-scaled.webp.webp?fit=1200%2C800&ssl=1&resize=700%2C400 2x, https:\/\/i0.wp.com\/noticiasribeiraopreto.com.br\/wp-content\/uploads\/2024\/05\/AnyConv.com__trbr5828-scaled.webp.webp?fit=1200%2C800&ssl=1&resize=1050%2C600 3x"},"classes":[]},{"id":42082,"url":"https:\/\/noticiasribeiraopreto.com.br\/index.php\/2024\/03\/12\/onda-de-calor-faz-temperatura-se-aproximar-dos-40oc-no-interior-de-sp-veja-como-se-proteger\/","url_meta":{"origin":47723,"position":5},"title":"Onda de calor faz temperatura se aproximar dos 40\u00baC no interior de SP; Veja como se proteger","author":"noticiasribeiraopreto.com.br","date":"12 de March de 2024","format":false,"excerpt":"Uma nova onda de calor come\u00e7ou a afetar os estados do estados do Sul, Centro-Oeste e o Sudeste do Brasil, nesta segunda-feira (11). De acordo com a plataforma MetSul Meteorologia, os \u00faltimos dias do ver\u00e3o ser\u00e3o de temperatura muito acima da m\u00e9dia em parte do pa\u00eds, com os term\u00f4metros chegando\u2026","rel":"","context":"In &quot;Not\u00edcias de Ribeir\u00e3o Preto-SP e Regi\u00e3o&quot;","block_context":{"text":"Not\u00edcias de Ribeir\u00e3o Preto-SP e Regi\u00e3o","link":"https:\/\/noticiasribeiraopreto.com.br\/index.php\/category\/noticias-de-ribeirao-preto-sp-e-regiao-ismael-colosi\/"},"img":{"alt_text":"","src":"https:\/\/i0.wp.com\/noticiasribeiraopreto.com.br\/wp-content\/uploads\/2024\/03\/trbr5837.png?fit=1170%2C700&ssl=1&resize=350%2C200","width":350,"height":200,"srcset":"https:\/\/i0.wp.com\/noticiasribeiraopreto.com.br\/wp-content\/uploads\/2024\/03\/trbr5837.png?fit=1170%2C700&ssl=1&resize=350%2C200 1x, https:\/\/i0.wp.com\/noticiasribeiraopreto.com.br\/wp-content\/uploads\/2024\/03\/trbr5837.png?fit=1170%2C700&ssl=1&resize=525%2C300 1.5x, https:\/\/i0.wp.com\/noticiasribeiraopreto.com.br\/wp-content\/uploads\/2024\/03\/trbr5837.png?fit=1170%2C700&ssl=1&resize=700%2C400 2x, https:\/\/i0.wp.com\/noticiasribeiraopreto.com.br\/wp-content\/uploads\/2024\/03\/trbr5837.png?fit=1170%2C700&ssl=1&resize=1050%2C600 3x"},"classes":[]}],"jetpack_sharing_enabled":true,"jetpack_shortlink":"https:\/\/wp.me\/peQAOb-cpJ","_links":{"self":[{"href":"https:\/\/noticiasribeiraopreto.com.br\/index.php\/wp-json\/wp\/v2\/posts\/47723","targetHints":{"allow":["GET"]}}],"collection":[{"href":"https:\/\/noticiasribeiraopreto.com.br\/index.php\/wp-json\/wp\/v2\/posts"}],"about":[{"href":"https:\/\/noticiasribeiraopreto.com.br\/index.php\/wp-json\/wp\/v2\/types\/post"}],"author":[{"embeddable":true,"href":"https:\/\/noticiasribeiraopreto.com.br\/index.php\/wp-json\/wp\/v2\/users\/1"}],"replies":[{"embeddable":true,"href":"https:\/\/noticiasribeiraopreto.com.br\/index.php\/wp-json\/wp\/v2\/comments?post=47723"}],"version-history":[{"count":0,"href":"https:\/\/noticiasribeiraopreto.com.br\/index.php\/wp-json\/wp\/v2\/posts\/47723\/revisions"}],"wp:featuredmedia":[{"embeddable":true,"href":"https:\/\/noticiasribeiraopreto.com.br\/index.php\/wp-json\/wp\/v2\/media\/47724"}],"wp:attachment":[{"href":"https:\/\/noticiasribeiraopreto.com.br\/index.php\/wp-json\/wp\/v2\/media?parent=47723"}],"wp:term":[{"taxonomy":"category","embeddable":true,"href":"https:\/\/noticiasribeiraopreto.com.br\/index.php\/wp-json\/wp\/v2\/categories?post=47723"},{"taxonomy":"post_tag","embeddable":true,"href":"https:\/\/noticiasribeiraopreto.com.br\/index.php\/wp-json\/wp\/v2\/tags?post=47723"}],"curies":[{"name":"wp","href":"https:\/\/api.w.org\/{rel}","templated":true}]}}