{"id":47738,"date":"2024-04-27T19:49:42","date_gmt":"2024-04-27T22:49:42","guid":{"rendered":"https:\/\/noticiasribeiraopreto.com.br\/index.php\/2024\/04\/27\/vagas-de-empregos-na-microset-tecnologia-para-trabalhar-em-ribeirao-preto-sp-6\/"},"modified":"2024-04-27T19:49:42","modified_gmt":"2024-04-27T22:49:42","slug":"vagas-de-empregos-na-microset-tecnologia-para-trabalhar-em-ribeirao-preto-sp-6","status":"publish","type":"post","link":"https:\/\/noticiasribeiraopreto.com.br\/index.php\/2024\/04\/27\/vagas-de-empregos-na-microset-tecnologia-para-trabalhar-em-ribeirao-preto-sp-6\/","title":{"rendered":"Vagas de empregos na Microset Tecnologia  para trabalhar em Ribeir\u00e3o Preto-SP"},"content":{"rendered":"<li data-testid=\"job-list__listitem\" class=\"sc-f5007364-2 euwBIb\"><a aria-label=\"Vaga para Efetivo como Assistente de Service Desk   em Ribeir\u00e3o Preto - SP\" data-testid=\"job-list__listitem-href\" href=\"https:\/\/vagasmicroset.gupy.io\/jobs\/7049760?jobBoardSource=gupy_public_page\">\n<div class=\"sc-f5007364-3 kYdTkU\">\n<div class=\"sc-f5007364-4 eiyEcj\">Assistente de Service Desk  <\/div>\n<div class=\"sc-f5007364-5 KCtRP\">Ribeir\u00e3o Preto &#8211; SP<\/div>\n<div class=\"sc-f5007364-6 gIgRzt\">Efetivo<\/div>\n<\/div>\n<p><\/a><\/li>\n<h1 font-family=\"'Inter', sans-serif\" color=\"#27262A\" my=\"0\" id=\"h1\" class=\"sc-iHGNWf diwYlf sc-e9dd4d1-5 kQslax\">Microset Tecnologia <\/h1>\n<li data-testid=\"job-list__listitem\" class=\"sc-f5007364-2 euwBIb\"><a aria-label=\"Vaga para Efetivo como Assistente de Service Desk   em Ribeir\u00e3o Preto - SP\" data-testid=\"job-list__listitem-href\" href=\"https:\/\/vagasmicroset.gupy.io\/jobs\/7049760?jobBoardSource=gupy_public_page\">\n<div class=\"sc-f5007364-3 kYdTkU\">\n<div class=\"sc-f5007364-4 eiyEcj\">Assistente de Service Desk  <\/div>\n<div class=\"sc-f5007364-5 KCtRP\">Ribeir\u00e3o Preto &#8211; SP<\/div>\n<div class=\"sc-f5007364-6 gIgRzt\">Efetivo<\/div>\n<\/div>\n<p><\/a><\/li>\n<h2 data-testid=\"section-V\u00eddeos -title\" class=\"sc-6fde0c52-0 kpbBna\">V\u00eddeos <\/h2>\n<div class='code-block code-block-1' style='margin: 8px 0 8px auto; text-align: right; display: block; clear: both;'>\n<p><a href=\"https:\/\/wa.link\/vpicfd\"><img data-recalc-dims=\"1\" class=\"wp-image-4922\" style=\"aspect-ratio: 2.0253164556962027; width: 561px; height: auto;\" src=\"https:\/\/i0.wp.com\/ismaelcolosi.com.br\/wp-content\/uploads\/2023\/11\/grupo-de-empregos-whatsapp-e-facebook-ismael-colosi-vagas.jpg?ssl=1\" alt=\"\" \/><\/a><\/p>\n<!-- \/wp:image -->\n<\/div>\n<p><iframe loading=\"lazy\" data-testid=\"video-iframe\" height=\"315\" src=\"https:\/\/www.youtube.com\/embed\/1VOCtCboY04?hl=pt\" title=\"V\u00eddeo sobre a empresa 1\" width=\"100%\" class=\"sc-ed722fcc-2 iczbIF\"><\/iframe><\/p>\n<!-- CONTENT END 1 -->\n","protected":false},"excerpt":{"rendered":"<p>Assistente de Service Desk Ribeir\u00e3o Preto &#8211; SP Efetivo Microset Tecnologia Assistente de Service Desk Ribeir\u00e3o Preto &#8211; SP Efetivo V\u00eddeos<\/p>\n","protected":false},"author":1,"featured_media":47739,"comment_status":"open","ping_status":"open","sticky":false,"template":"","format":"standard","meta":{"advanced_seo_description":"","jetpack_seo_html_title":"","jetpack_seo_noindex":false,"jetpack_post_was_ever_published":false,"_jetpack_newsletter_access":"","_jetpack_dont_email_post_to_subs":false,"_jetpack_newsletter_tier_id":0,"_jetpack_memberships_contains_paywalled_content":false,"_jetpack_memberships_contains_paid_content":false,"footnotes":"","jetpack_publicize_message":"","jetpack_publicize_feature_enabled":true,"jetpack_social_post_already_shared":true,"jetpack_social_options":{"image_generator_settings":{"template":"highway","default_image_id":0,"font":"","enabled":false},"version":2}},"categories":[7],"tags":[],"class_list":["post-47738","post","type-post","status-publish","format-standard","has-post-thumbnail","hentry","category-vagas-de-empregos-em-ribeirao-preto-regiao-brasil"],"jetpack_publicize_connections":[],"jetpack_featured_media_url":"https:\/\/i0.wp.com\/noticiasribeiraopreto.com.br\/wp-content\/uploads\/2024\/04\/2023-03-15_13-45_bannerUrl.png?fit=1080%2C327&ssl=1","jetpack-related-posts":[{"id":44868,"url":"https:\/\/noticiasribeiraopreto.com.br\/index.php\/2024\/03\/31\/vagas-de-empregos-na-microset-tecnologia-para-trabalhar-em-ribeirao-preto-sp-5\/","url_meta":{"origin":47738,"position":0},"title":"Vagas de empregos na Microset Tecnologia  para trabalhar em Ribeir\u00e3o Preto-SP","author":"noticiasribeiraopreto.com.br","date":"31 de March de 2024","format":false,"excerpt":"Analista Administrativo Ribeir\u00e3o Preto - SPEfetivo Assistente de Service Desk Ribeir\u00e3o Preto - SPEfetivo Auxiliar de RH \/ DPRibeir\u00e3o Preto - SPEfetivo Gerente de Neg\u00f3cios Ribeir\u00e3o Preto - SPEfetivo Microset Tecnologia Analista Administrativo Ribeir\u00e3o Preto - SPEfetivo V\u00eddeos","rel":"","context":"In &quot;Vagas de Emprego em Ribeir\u00e3o Preto-SP&quot;","block_context":{"text":"Vagas de Emprego em Ribeir\u00e3o Preto-SP","link":"https:\/\/noticiasribeiraopreto.com.br\/index.php\/category\/empregos-classificados-vagas-trabalho\/vagas-de-empregos-em-ribeirao-preto-regiao-brasil\/"},"img":{"alt_text":"","src":"https:\/\/i0.wp.com\/noticiasribeiraopreto.com.br\/wp-content\/uploads\/2024\/03\/1711924536_2023-03-15_13-45_bannerUrl.png?fit=1080%2C327&ssl=1&resize=350%2C200","width":350,"height":200,"srcset":"https:\/\/i0.wp.com\/noticiasribeiraopreto.com.br\/wp-content\/uploads\/2024\/03\/1711924536_2023-03-15_13-45_bannerUrl.png?fit=1080%2C327&ssl=1&resize=350%2C200 1x, https:\/\/i0.wp.com\/noticiasribeiraopreto.com.br\/wp-content\/uploads\/2024\/03\/1711924536_2023-03-15_13-45_bannerUrl.png?fit=1080%2C327&ssl=1&resize=525%2C300 1.5x, https:\/\/i0.wp.com\/noticiasribeiraopreto.com.br\/wp-content\/uploads\/2024\/03\/1711924536_2023-03-15_13-45_bannerUrl.png?fit=1080%2C327&ssl=1&resize=700%2C400 2x, https:\/\/i0.wp.com\/noticiasribeiraopreto.com.br\/wp-content\/uploads\/2024\/03\/1711924536_2023-03-15_13-45_bannerUrl.png?fit=1080%2C327&ssl=1&resize=1050%2C600 3x"},"classes":[]},{"id":35569,"url":"https:\/\/noticiasribeiraopreto.com.br\/index.php\/2024\/02\/06\/vagas-de-empregos-na-microset-tecnologia-para-trabalhar-em-ribeirao-preto-sp-2\/","url_meta":{"origin":47738,"position":1},"title":"Vagas de empregos na Microset Tecnologia  para trabalhar em Ribeir\u00e3o Preto-SP","author":"noticiasribeiraopreto.com.br","date":"6 de February de 2024","format":false,"excerpt":"Analista Administrativo Ribeir\u00e3o Preto - SPEfetivo Analista de Neg\u00f3ciosRibeir\u00e3o Preto - SPEfetivo Assistente de Service Desk Ribeir\u00e3o Preto - SPEfetivo T\u00e9cnico de Inform\u00e1tica Ribeir\u00e3o Preto - SPEfetivo Microset Tecnologia Analista Administrativo Ribeir\u00e3o Preto - SPEfetivo","rel":"","context":"In &quot;Vagas de Emprego em Ribeir\u00e3o Preto-SP&quot;","block_context":{"text":"Vagas de Emprego em Ribeir\u00e3o Preto-SP","link":"https:\/\/noticiasribeiraopreto.com.br\/index.php\/category\/empregos-classificados-vagas-trabalho\/vagas-de-empregos-em-ribeirao-preto-regiao-brasil\/"},"img":{"alt_text":"","src":"https:\/\/i0.wp.com\/noticiasribeiraopreto.com.br\/wp-content\/uploads\/2024\/02\/1707257772_2023-03-15_13-45_bannerUrl.png?fit=1080%2C327&ssl=1&resize=350%2C200","width":350,"height":200,"srcset":"https:\/\/i0.wp.com\/noticiasribeiraopreto.com.br\/wp-content\/uploads\/2024\/02\/1707257772_2023-03-15_13-45_bannerUrl.png?fit=1080%2C327&ssl=1&resize=350%2C200 1x, https:\/\/i0.wp.com\/noticiasribeiraopreto.com.br\/wp-content\/uploads\/2024\/02\/1707257772_2023-03-15_13-45_bannerUrl.png?fit=1080%2C327&ssl=1&resize=525%2C300 1.5x, https:\/\/i0.wp.com\/noticiasribeiraopreto.com.br\/wp-content\/uploads\/2024\/02\/1707257772_2023-03-15_13-45_bannerUrl.png?fit=1080%2C327&ssl=1&resize=700%2C400 2x, https:\/\/i0.wp.com\/noticiasribeiraopreto.com.br\/wp-content\/uploads\/2024\/02\/1707257772_2023-03-15_13-45_bannerUrl.png?fit=1080%2C327&ssl=1&resize=1050%2C600 3x"},"classes":[]},{"id":35573,"url":"https:\/\/noticiasribeiraopreto.com.br\/index.php\/2024\/02\/06\/vagas-de-empregos-na-microset-tecnologia-para-trabalhar-em-ribeirao-preto-sp-3\/","url_meta":{"origin":47738,"position":2},"title":"Vagas de empregos na Microset Tecnologia  para trabalhar em Ribeir\u00e3o Preto-SP","author":"noticiasribeiraopreto.com.br","date":"6 de February de 2024","format":false,"excerpt":"Analista Administrativo Ribeir\u00e3o Preto - SPEfetivo Analista de Neg\u00f3ciosRibeir\u00e3o Preto - SPEfetivo Assistente de Service Desk Ribeir\u00e3o Preto - SPEfetivo T\u00e9cnico de Inform\u00e1tica Ribeir\u00e3o Preto - SPEfetivo Microset Tecnologia Analista Administrativo Ribeir\u00e3o Preto - SPEfetivo V\u00eddeos","rel":"","context":"In &quot;Vagas de Emprego em Ribeir\u00e3o Preto-SP&quot;","block_context":{"text":"Vagas de Emprego em Ribeir\u00e3o Preto-SP","link":"https:\/\/noticiasribeiraopreto.com.br\/index.php\/category\/empregos-classificados-vagas-trabalho\/vagas-de-empregos-em-ribeirao-preto-regiao-brasil\/"},"img":{"alt_text":"","src":"https:\/\/i0.wp.com\/noticiasribeiraopreto.com.br\/wp-content\/uploads\/2024\/02\/1707258052_2023-03-15_13-45_bannerUrl.png?fit=1080%2C327&ssl=1&resize=350%2C200","width":350,"height":200,"srcset":"https:\/\/i0.wp.com\/noticiasribeiraopreto.com.br\/wp-content\/uploads\/2024\/02\/1707258052_2023-03-15_13-45_bannerUrl.png?fit=1080%2C327&ssl=1&resize=350%2C200 1x, https:\/\/i0.wp.com\/noticiasribeiraopreto.com.br\/wp-content\/uploads\/2024\/02\/1707258052_2023-03-15_13-45_bannerUrl.png?fit=1080%2C327&ssl=1&resize=525%2C300 1.5x, https:\/\/i0.wp.com\/noticiasribeiraopreto.com.br\/wp-content\/uploads\/2024\/02\/1707258052_2023-03-15_13-45_bannerUrl.png?fit=1080%2C327&ssl=1&resize=700%2C400 2x, https:\/\/i0.wp.com\/noticiasribeiraopreto.com.br\/wp-content\/uploads\/2024\/02\/1707258052_2023-03-15_13-45_bannerUrl.png?fit=1080%2C327&ssl=1&resize=1050%2C600 3x"},"classes":[]},{"id":40599,"url":"https:\/\/noticiasribeiraopreto.com.br\/index.php\/2024\/03\/04\/vagas-de-empregos-na-microset-tecnologia-para-trabalhar-em-ribeirao-preto-sp-4\/","url_meta":{"origin":47738,"position":3},"title":"Vagas de empregos na Microset Tecnologia  para trabalhar em Ribeir\u00e3o Preto-SP","author":"noticiasribeiraopreto.com.br","date":"4 de March de 2024","format":false,"excerpt":"Analista Administrativo Ribeir\u00e3o Preto - SPEfetivo Analista de Neg\u00f3ciosRibeir\u00e3o Preto - SPEfetivo Assistente de Service Desk Ribeir\u00e3o Preto - SPEfetivo Comprador Ribeir\u00e3o Preto - SPEfetivo Microset Tecnologia Analista Administrativo Ribeir\u00e3o Preto - SPEfetivo V\u00eddeos","rel":"","context":"In &quot;Vagas de Emprego em Ribeir\u00e3o Preto-SP&quot;","block_context":{"text":"Vagas de Emprego em Ribeir\u00e3o Preto-SP","link":"https:\/\/noticiasribeiraopreto.com.br\/index.php\/category\/empregos-classificados-vagas-trabalho\/vagas-de-empregos-em-ribeirao-preto-regiao-brasil\/"},"img":{"alt_text":"","src":"https:\/\/i0.wp.com\/noticiasribeiraopreto.com.br\/wp-content\/uploads\/2024\/03\/2023-03-15_13-45_bannerUrl.png?fit=1080%2C327&ssl=1&resize=350%2C200","width":350,"height":200,"srcset":"https:\/\/i0.wp.com\/noticiasribeiraopreto.com.br\/wp-content\/uploads\/2024\/03\/2023-03-15_13-45_bannerUrl.png?fit=1080%2C327&ssl=1&resize=350%2C200 1x, https:\/\/i0.wp.com\/noticiasribeiraopreto.com.br\/wp-content\/uploads\/2024\/03\/2023-03-15_13-45_bannerUrl.png?fit=1080%2C327&ssl=1&resize=525%2C300 1.5x, https:\/\/i0.wp.com\/noticiasribeiraopreto.com.br\/wp-content\/uploads\/2024\/03\/2023-03-15_13-45_bannerUrl.png?fit=1080%2C327&ssl=1&resize=700%2C400 2x, https:\/\/i0.wp.com\/noticiasribeiraopreto.com.br\/wp-content\/uploads\/2024\/03\/2023-03-15_13-45_bannerUrl.png?fit=1080%2C327&ssl=1&resize=1050%2C600 3x"},"classes":[]},{"id":51290,"url":"https:\/\/noticiasribeiraopreto.com.br\/index.php\/2024\/05\/24\/vagas-de-empregos-na-microset-tecnologia-para-trabalhar-em-ribeirao-preto-sp-7\/","url_meta":{"origin":47738,"position":4},"title":"Vagas de empregos na Microset Tecnologia  para trabalhar em Ribeir\u00e3o Preto-SP","author":"noticiasribeiraopreto.com.br","date":"24 de May de 2024","format":false,"excerpt":"Analista Fiscal Ribeir\u00e3o Preto - SPEfetivo Assistente de Service Desk Ribeir\u00e3o Preto - SPEfetivo T\u00e9cnico de Inform\u00e1tica Ribeir\u00e3o Preto - SPEfetivo T\u00e9cnico de Inform\u00e1tica - Campinas\/SP Campinas - SPEfetivo Microset Tecnologia Analista Fiscal Ribeir\u00e3o Preto - SPEfetivo V\u00eddeos","rel":"","context":"In &quot;Vagas de Emprego em Ribeir\u00e3o Preto-SP&quot;","block_context":{"text":"Vagas de Emprego em Ribeir\u00e3o Preto-SP","link":"https:\/\/noticiasribeiraopreto.com.br\/index.php\/category\/empregos-classificados-vagas-trabalho\/vagas-de-empregos-em-ribeirao-preto-regiao-brasil\/"},"img":{"alt_text":"","src":"https:\/\/i0.wp.com\/noticiasribeiraopreto.com.br\/wp-content\/uploads\/2024\/05\/2023-03-15_13-45_bannerUrl.png?fit=1080%2C327&ssl=1&resize=350%2C200","width":350,"height":200,"srcset":"https:\/\/i0.wp.com\/noticiasribeiraopreto.com.br\/wp-content\/uploads\/2024\/05\/2023-03-15_13-45_bannerUrl.png?fit=1080%2C327&ssl=1&resize=350%2C200 1x, https:\/\/i0.wp.com\/noticiasribeiraopreto.com.br\/wp-content\/uploads\/2024\/05\/2023-03-15_13-45_bannerUrl.png?fit=1080%2C327&ssl=1&resize=525%2C300 1.5x, https:\/\/i0.wp.com\/noticiasribeiraopreto.com.br\/wp-content\/uploads\/2024\/05\/2023-03-15_13-45_bannerUrl.png?fit=1080%2C327&ssl=1&resize=700%2C400 2x, https:\/\/i0.wp.com\/noticiasribeiraopreto.com.br\/wp-content\/uploads\/2024\/05\/2023-03-15_13-45_bannerUrl.png?fit=1080%2C327&ssl=1&resize=1050%2C600 3x"},"classes":[]},{"id":35567,"url":"https:\/\/noticiasribeiraopreto.com.br\/index.php\/2024\/02\/06\/vagas-de-empregos-na-microset-tecnologia-para-trabalhar-em-ribeirao-preto-sp\/","url_meta":{"origin":47738,"position":5},"title":"Vagas de empregos na Microset Tecnologia  para trabalhar em Ribeir\u00e3o Preto-SP","author":"noticiasribeiraopreto.com.br","date":"6 de February de 2024","format":false,"excerpt":"Analista Administrativo Ribeir\u00e3o Preto - SPEfetivo Analista de Neg\u00f3ciosRibeir\u00e3o Preto - SPEfetivo Assistente de Service Desk Ribeir\u00e3o Preto - SPEfetivo T\u00e9cnico de Inform\u00e1tica Ribeir\u00e3o Preto - SPEfetivo","rel":"","context":"In &quot;Vagas de Emprego em Ribeir\u00e3o Preto-SP&quot;","block_context":{"text":"Vagas de Emprego em Ribeir\u00e3o Preto-SP","link":"https:\/\/noticiasribeiraopreto.com.br\/index.php\/category\/empregos-classificados-vagas-trabalho\/vagas-de-empregos-em-ribeirao-preto-regiao-brasil\/"},"img":{"alt_text":"","src":"https:\/\/i0.wp.com\/noticiasribeiraopreto.com.br\/wp-content\/uploads\/2024\/02\/2023-03-15_13-45_bannerUrl.png?fit=1080%2C327&ssl=1&resize=350%2C200","width":350,"height":200,"srcset":"https:\/\/i0.wp.com\/noticiasribeiraopreto.com.br\/wp-content\/uploads\/2024\/02\/2023-03-15_13-45_bannerUrl.png?fit=1080%2C327&ssl=1&resize=350%2C200 1x, https:\/\/i0.wp.com\/noticiasribeiraopreto.com.br\/wp-content\/uploads\/2024\/02\/2023-03-15_13-45_bannerUrl.png?fit=1080%2C327&ssl=1&resize=525%2C300 1.5x, https:\/\/i0.wp.com\/noticiasribeiraopreto.com.br\/wp-content\/uploads\/2024\/02\/2023-03-15_13-45_bannerUrl.png?fit=1080%2C327&ssl=1&resize=700%2C400 2x, https:\/\/i0.wp.com\/noticiasribeiraopreto.com.br\/wp-content\/uploads\/2024\/02\/2023-03-15_13-45_bannerUrl.png?fit=1080%2C327&ssl=1&resize=1050%2C600 3x"},"classes":[]}],"jetpack_sharing_enabled":true,"jetpack_shortlink":"https:\/\/wp.me\/peQAOb-cpY","_links":{"self":[{"href":"https:\/\/noticiasribeiraopreto.com.br\/index.php\/wp-json\/wp\/v2\/posts\/47738","targetHints":{"allow":["GET"]}}],"collection":[{"href":"https:\/\/noticiasribeiraopreto.com.br\/index.php\/wp-json\/wp\/v2\/posts"}],"about":[{"href":"https:\/\/noticiasribeiraopreto.com.br\/index.php\/wp-json\/wp\/v2\/types\/post"}],"author":[{"embeddable":true,"href":"https:\/\/noticiasribeiraopreto.com.br\/index.php\/wp-json\/wp\/v2\/users\/1"}],"replies":[{"embeddable":true,"href":"https:\/\/noticiasribeiraopreto.com.br\/index.php\/wp-json\/wp\/v2\/comments?post=47738"}],"version-history":[{"count":0,"href":"https:\/\/noticiasribeiraopreto.com.br\/index.php\/wp-json\/wp\/v2\/posts\/47738\/revisions"}],"wp:featuredmedia":[{"embeddable":true,"href":"https:\/\/noticiasribeiraopreto.com.br\/index.php\/wp-json\/wp\/v2\/media\/47739"}],"wp:attachment":[{"href":"https:\/\/noticiasribeiraopreto.com.br\/index.php\/wp-json\/wp\/v2\/media?parent=47738"}],"wp:term":[{"taxonomy":"category","embeddable":true,"href":"https:\/\/noticiasribeiraopreto.com.br\/index.php\/wp-json\/wp\/v2\/categories?post=47738"},{"taxonomy":"post_tag","embeddable":true,"href":"https:\/\/noticiasribeiraopreto.com.br\/index.php\/wp-json\/wp\/v2\/tags?post=47738"}],"curies":[{"name":"wp","href":"https:\/\/api.w.org\/{rel}","templated":true}]}}