{"id":47744,"date":"2024-04-27T20:11:19","date_gmt":"2024-04-27T23:11:19","guid":{"rendered":"https:\/\/noticiasribeiraopreto.com.br\/index.php\/2024\/04\/27\/carro-bate-em-bomba-de-combustivel-e-causa-incendio-em-posto-de-ribeirao-preto-2\/"},"modified":"2024-04-27T20:11:19","modified_gmt":"2024-04-27T23:11:19","slug":"carro-bate-em-bomba-de-combustivel-e-causa-incendio-em-posto-de-ribeirao-preto-2","status":"publish","type":"post","link":"https:\/\/noticiasribeiraopreto.com.br\/index.php\/2024\/04\/27\/carro-bate-em-bomba-de-combustivel-e-causa-incendio-em-posto-de-ribeirao-preto-2\/","title":{"rendered":"Carro bate em bomba de combust\u00edvel e causa inc\u00eandio em posto de Ribeir\u00e3o Preto"},"content":{"rendered":"<div class='code-block code-block-1' style='margin: 8px 0 8px auto; text-align: right; display: block; clear: both;'>\n<p><a href=\"https:\/\/wa.link\/vpicfd\"><img data-recalc-dims=\"1\" class=\"wp-image-4922\" style=\"aspect-ratio: 2.0253164556962027; width: 561px; height: auto;\" src=\"https:\/\/i0.wp.com\/ismaelcolosi.com.br\/wp-content\/uploads\/2023\/11\/grupo-de-empregos-whatsapp-e-facebook-ismael-colosi-vagas.jpg?ssl=1\" alt=\"\" \/><\/a><\/p>\n<!-- \/wp:image -->\n<\/div>\n<p> <br \/>\n<\/p>\n<div data-td-block-uid=\"tdi_101\">\n<div class=\"tdb-block-inner td-fix-index\">\n<p>O <strong>Corpo de Bombeiros<\/strong> atendeu no <strong>in\u00edcio da noite deste s\u00e1bado<\/strong> (27) um <strong>inc\u00eandio em um posto de combust\u00edvel, na zona Sul de Ribeir\u00e3o Preto<\/strong>.<\/p>\n<p>Segundo os <strong>bombeiros<\/strong>, um <strong>carro bateu contra uma bomba de combust\u00edvel dentro do posto<\/strong>, que fica entre as avenidas Professor Jo\u00e3o Fi\u00fasa com Wladimir Meirelles Ferreira, <strong>provocando o inc\u00eandio<\/strong>.<\/p>\n<p>Viaturas da <strong>corpora\u00e7\u00e3o<\/strong> foram at\u00e9 o local e o <strong>fogo foi controlado<\/strong>. <strong>Ningu\u00e9m ficou ferido<\/strong>.<\/p>\n<p>As <strong>causas do acidente<\/strong>, que provocou o inc\u00eandio, <strong>n\u00e3o foram informadas<\/strong> e devem ser apuradas pela pol\u00edcia. <\/p>\n<p>SAIBA MAIS <\/p>\n<p>Onda de calor: Interior de SP tem alerta de perigo por altas temperaturas<\/p>\n<h4 class=\"wp-block-heading\"><strong>FIQUE ON<\/strong><\/h4>\n<p>Fique ligado em tudo que acontece em Ribeir\u00e3o Preto e regi\u00e3o. Siga os perfis do\u00a0<strong>acidade on\u00a0<\/strong>no\u00a0<a href=\"https:\/\/www.instagram.com\/acidadeonribeirao\" target=\"_blank\" rel=\"noreferrer noopener\">Instagram<\/a>\u00a0e no\u00a0<a href=\"https:\/\/www.facebook.com\/acidadeonribeirao\" target=\"_blank\" rel=\"noreferrer noopener\">Facebook<\/a>.<\/p>\n<p>Receba not\u00edcias do acidade on no WhatsApp. Para entrar no grupo, basta\u00a0<a href=\"https:\/\/chat.whatsapp.com\/GFH9HUMUTHNFJdnyEd0xxq\" target=\"_blank\" rel=\"noreferrer noopener\">clicar aqui<\/a>.<\/p>\n<p>Fa\u00e7a uma den\u00fancia ou sugira uma reportagem sobre Ribeir\u00e3o Preto e regi\u00e3o pelo WhatsApp: 16 99117 7802.<\/p>\n<p>VEJA TAMB\u00c9M<br \/>Globoplay revela nome do document\u00e1rio sobre o Davi do BBB 24<\/p>\n<p><!-- AI CONTENT END 1 -->\n<\/div>\n<\/div>\n<p><script async src=\"\/\/www.instagram.com\/embed.js\"><\/script><br \/>\n<br \/><br \/>\n<br \/><a href=\"https:\/\/www.acidadeon.com\/ribeiraopreto\/cotidiano\/carro-bate-em-bomba-de-combustivel-e-causa-incendio-em-posto-de-ribeirao-preto2\/\">Source link <\/a><\/p>\n<!-- CONTENT END 1 -->\n","protected":false},"excerpt":{"rendered":"<p>O Corpo de Bombeiros atendeu no in\u00edcio da noite deste s\u00e1bado (27) um inc\u00eandio em um posto de combust\u00edvel, na zona Sul de Ribeir\u00e3o Preto&#8230;.<\/p>\n","protected":false},"author":1,"featured_media":47745,"comment_status":"open","ping_status":"open","sticky":false,"template":"","format":"standard","meta":{"advanced_seo_description":"","jetpack_seo_html_title":"","jetpack_seo_noindex":false,"jetpack_post_was_ever_published":false,"_jetpack_newsletter_access":"","_jetpack_dont_email_post_to_subs":false,"_jetpack_newsletter_tier_id":0,"_jetpack_memberships_contains_paywalled_content":false,"_jetpack_memberships_contains_paid_content":false,"footnotes":"","jetpack_publicize_message":"","jetpack_publicize_feature_enabled":true,"jetpack_social_post_already_shared":true,"jetpack_social_options":{"image_generator_settings":{"template":"highway","default_image_id":0,"font":"","enabled":false},"version":2}},"categories":[11],"tags":[],"class_list":["post-47744","post","type-post","status-publish","format-standard","has-post-thumbnail","hentry","category-noticias-de-ribeirao-preto-sp-e-regiao-ismael-colosi"],"jetpack_publicize_connections":[],"jetpack_featured_media_url":"https:\/\/i0.wp.com\/noticiasribeiraopreto.com.br\/wp-content\/uploads\/2024\/04\/Copia-de-Copia-de-TAMANHO-EXATO-PARA-FOTOS-NO-SISTEMA-NOVO-16-2_2024-04-27_22-33-43_jpg.webp.webp?fit=1200%2C675&ssl=1","jetpack-related-posts":[{"id":47734,"url":"https:\/\/noticiasribeiraopreto.com.br\/index.php\/2024\/04\/27\/carro-bate-em-bomba-de-combustivel-e-causa-incendio-em-posto-de-ribeirao-preto\/","url_meta":{"origin":47744,"position":0},"title":"Carro bate em bomba de combust\u00edvel e causa inc\u00eandio em posto de Ribeir\u00e3o Preto","author":"noticiasribeiraopreto.com.br","date":"27 de April de 2024","format":false,"excerpt":"O Corpo de Bombeiros atendeu no in\u00edcio da noite deste s\u00e1bado (27) um inc\u00eandio em um posto de combust\u00edvel, na zona Sul de Ribeir\u00e3o Preto. Segundo os bombeiros, um carro bateu contra uma bomba de combust\u00edvel dentro do posto, que fica entre as avenidas Professor Jo\u00e3o Fi\u00fasa com Wladimir Meirelles\u2026","rel":"","context":"In &quot;Not\u00edcias de Ribeir\u00e3o Preto-SP e Regi\u00e3o&quot;","block_context":{"text":"Not\u00edcias de Ribeir\u00e3o Preto-SP e Regi\u00e3o","link":"https:\/\/noticiasribeiraopreto.com.br\/index.php\/category\/noticias-de-ribeirao-preto-sp-e-regiao-ismael-colosi\/"},"img":{"alt_text":"","src":"https:\/\/i0.wp.com\/noticiasribeiraopreto.com.br\/wp-content\/uploads\/2024\/04\/Copia-de-Copia-de-TAMANHO-EXATO-PARA-FOTOS-NO-SISTEMA-NOVO-14-1_2024-04-27_21-37-29_jpg.webp.webp?fit=1200%2C675&ssl=1&resize=350%2C200","width":350,"height":200,"srcset":"https:\/\/i0.wp.com\/noticiasribeiraopreto.com.br\/wp-content\/uploads\/2024\/04\/Copia-de-Copia-de-TAMANHO-EXATO-PARA-FOTOS-NO-SISTEMA-NOVO-14-1_2024-04-27_21-37-29_jpg.webp.webp?fit=1200%2C675&ssl=1&resize=350%2C200 1x, https:\/\/i0.wp.com\/noticiasribeiraopreto.com.br\/wp-content\/uploads\/2024\/04\/Copia-de-Copia-de-TAMANHO-EXATO-PARA-FOTOS-NO-SISTEMA-NOVO-14-1_2024-04-27_21-37-29_jpg.webp.webp?fit=1200%2C675&ssl=1&resize=525%2C300 1.5x, https:\/\/i0.wp.com\/noticiasribeiraopreto.com.br\/wp-content\/uploads\/2024\/04\/Copia-de-Copia-de-TAMANHO-EXATO-PARA-FOTOS-NO-SISTEMA-NOVO-14-1_2024-04-27_21-37-29_jpg.webp.webp?fit=1200%2C675&ssl=1&resize=700%2C400 2x, https:\/\/i0.wp.com\/noticiasribeiraopreto.com.br\/wp-content\/uploads\/2024\/04\/Copia-de-Copia-de-TAMANHO-EXATO-PARA-FOTOS-NO-SISTEMA-NOVO-14-1_2024-04-27_21-37-29_jpg.webp.webp?fit=1200%2C675&ssl=1&resize=1050%2C600 3x"},"classes":[]},{"id":47754,"url":"https:\/\/noticiasribeiraopreto.com.br\/index.php\/2024\/04\/28\/mulher-leva-choque-em-supermercado-da-zona-sul-de-ribeirao-bombeiros-foram-acionados\/","url_meta":{"origin":47744,"position":1},"title":"Mulher leva choque em supermercado da zona Sul de Ribeir\u00e3o; Bombeiros foram acionados","author":"noticiasribeiraopreto.com.br","date":"28 de April de 2024","format":false,"excerpt":"O Corpo de Bombeiros foi acionado para socorrer uma mulher, na manh\u00e3 deste domingo (28), ap\u00f3s ela ter sofrido um choque el\u00e9trico no interior de um supermercado. O caso aconteceu na avenida Professor Jo\u00e3o Fi\u00fasa, na zona Sul de Ribeir\u00e3o Preto. O nome e a idade da mulher n\u00e3o foram\u2026","rel":"","context":"In &quot;Not\u00edcias de Ribeir\u00e3o Preto-SP e Regi\u00e3o&quot;","block_context":{"text":"Not\u00edcias de Ribeir\u00e3o Preto-SP e Regi\u00e3o","link":"https:\/\/noticiasribeiraopreto.com.br\/index.php\/category\/noticias-de-ribeirao-preto-sp-e-regiao-ismael-colosi\/"},"img":{"alt_text":"","src":"https:\/\/i0.wp.com\/noticiasribeiraopreto.com.br\/wp-content\/uploads\/2024\/04\/1714311474_BOMBEIROS.jpg?fit=1200%2C674&ssl=1&resize=350%2C200","width":350,"height":200,"srcset":"https:\/\/i0.wp.com\/noticiasribeiraopreto.com.br\/wp-content\/uploads\/2024\/04\/1714311474_BOMBEIROS.jpg?fit=1200%2C674&ssl=1&resize=350%2C200 1x, https:\/\/i0.wp.com\/noticiasribeiraopreto.com.br\/wp-content\/uploads\/2024\/04\/1714311474_BOMBEIROS.jpg?fit=1200%2C674&ssl=1&resize=525%2C300 1.5x, https:\/\/i0.wp.com\/noticiasribeiraopreto.com.br\/wp-content\/uploads\/2024\/04\/1714311474_BOMBEIROS.jpg?fit=1200%2C674&ssl=1&resize=700%2C400 2x, https:\/\/i0.wp.com\/noticiasribeiraopreto.com.br\/wp-content\/uploads\/2024\/04\/1714311474_BOMBEIROS.jpg?fit=1200%2C674&ssl=1&resize=1050%2C600 3x"},"classes":[]},{"id":74996,"url":"https:\/\/noticiasribeiraopreto.com.br\/index.php\/2025\/08\/01\/videos-carro-invade-loja-de-conveniencia-e-deixa-tres-feridos\/","url_meta":{"origin":47744,"position":2},"title":"V\u00cdDEOS &#8211; Carro invade loja de conveni\u00eancia e deixa tr\u00eas feridos","author":"noticiasribeiraopreto.com.br","date":"1 de August de 2025","format":false,"excerpt":"Acidente ocorreu em posto de combust\u00edvel onde carro bateu em bomba e causou inc\u00eandio em 2024 1 de agosto de 2025 10:151 Compartilhar0 Por: Adalberto Luque Um carro invadiu uma loja de conveni\u00eancia de um posto de combust\u00edveis, na noite desta quinta-feira (31) e deixou tr\u00eas pessoas feridas. O acidente\u2026","rel":"","context":"In &quot;Not\u00edcias de Ribeir\u00e3o Preto-SP e Regi\u00e3o&quot;","block_context":{"text":"Not\u00edcias de Ribeir\u00e3o Preto-SP e Regi\u00e3o","link":"https:\/\/noticiasribeiraopreto.com.br\/index.php\/category\/noticias-de-ribeirao-preto-sp-e-regiao-ismael-colosi\/"},"img":{"alt_text":"","src":"https:\/\/i0.wp.com\/noticiasribeiraopreto.com.br\/wp-content\/uploads\/2025\/08\/01-ago-2025-postofiusa0.jpg?fit=822%2C766&ssl=1&resize=350%2C200","width":350,"height":200,"srcset":"https:\/\/i0.wp.com\/noticiasribeiraopreto.com.br\/wp-content\/uploads\/2025\/08\/01-ago-2025-postofiusa0.jpg?fit=822%2C766&ssl=1&resize=350%2C200 1x, https:\/\/i0.wp.com\/noticiasribeiraopreto.com.br\/wp-content\/uploads\/2025\/08\/01-ago-2025-postofiusa0.jpg?fit=822%2C766&ssl=1&resize=525%2C300 1.5x, https:\/\/i0.wp.com\/noticiasribeiraopreto.com.br\/wp-content\/uploads\/2025\/08\/01-ago-2025-postofiusa0.jpg?fit=822%2C766&ssl=1&resize=700%2C400 2x"},"classes":[]},{"id":77424,"url":"https:\/\/noticiasribeiraopreto.com.br\/index.php\/2025\/09\/18\/incendio-atinge-ate-carros-em-chacara-na-zona-leste-de-ribeirao-preto\/","url_meta":{"origin":47744,"position":3},"title":"Inc\u00eandio atinge at\u00e9 carros em ch\u00e1cara na zona Leste de Ribeir\u00e3o Preto","author":"noticiasribeiraopreto.com.br","date":"18 de September de 2025","format":false,"excerpt":"Uma fam\u00edlia perdeu pertences, incluindo dois carros, em um inc\u00eandio em uma ch\u00e1cara na tarde desta quarta-feira (17), na regi\u00e3o do Ribeir\u00e3o Verde, zona Leste de Ribeir\u00e3o Preto. O morador Gersino Gabriel relatou que houve correria devido ao avan\u00e7o do fogo. Foi queimando, queimando e o bambuzal caindo, e todo\u2026","rel":"","context":"In &quot;Not\u00edcias de Ribeir\u00e3o Preto-SP e Regi\u00e3o&quot;","block_context":{"text":"Not\u00edcias de Ribeir\u00e3o Preto-SP e Regi\u00e3o","link":"https:\/\/noticiasribeiraopreto.com.br\/index.php\/category\/noticias-de-ribeirao-preto-sp-e-regiao-ismael-colosi\/"},"img":{"alt_text":"","src":"https:\/\/i0.wp.com\/noticiasribeiraopreto.com.br\/wp-content\/uploads\/2025\/09\/CARRO_2025-09-18_11-46-51.webp.webp?fit=1200%2C721&ssl=1&resize=350%2C200","width":350,"height":200,"srcset":"https:\/\/i0.wp.com\/noticiasribeiraopreto.com.br\/wp-content\/uploads\/2025\/09\/CARRO_2025-09-18_11-46-51.webp.webp?fit=1200%2C721&ssl=1&resize=350%2C200 1x, https:\/\/i0.wp.com\/noticiasribeiraopreto.com.br\/wp-content\/uploads\/2025\/09\/CARRO_2025-09-18_11-46-51.webp.webp?fit=1200%2C721&ssl=1&resize=525%2C300 1.5x, https:\/\/i0.wp.com\/noticiasribeiraopreto.com.br\/wp-content\/uploads\/2025\/09\/CARRO_2025-09-18_11-46-51.webp.webp?fit=1200%2C721&ssl=1&resize=700%2C400 2x, https:\/\/i0.wp.com\/noticiasribeiraopreto.com.br\/wp-content\/uploads\/2025\/09\/CARRO_2025-09-18_11-46-51.webp.webp?fit=1200%2C721&ssl=1&resize=1050%2C600 3x"},"classes":[]},{"id":80978,"url":"https:\/\/noticiasribeiraopreto.com.br\/index.php\/2025\/12\/19\/incendio-mobiliza-bombeiros-em-posto-do-hemocentro-de-ribeirao-preto-video\/","url_meta":{"origin":47744,"position":4},"title":"Inc\u00eandio mobiliza Bombeiros em posto do Hemocentro de Ribeir\u00e3o Preto; V\u00eddeo","author":"noticiasribeiraopreto.com.br","date":"19 de December de 2025","format":false,"excerpt":"Um inc\u00eandio mobiliza equipes do Corpo de Bombeiros nesta quinta-feira (18), no posto de coleta do Hemocentro, na rua Quintino Bocai\u00fava, regi\u00e3o central de Ribeir\u00e3o Preto. Segundo as primeiras informa\u00e7\u00f5es da assessoria de imprensa, o fogo atingiu um ar-condicionado, na sala de um m\u00e9dico, e um t\u00e9cnico que trabalhava no\u2026","rel":"","context":"In &quot;Not\u00edcias de Ribeir\u00e3o Preto-SP e Regi\u00e3o&quot;","block_context":{"text":"Not\u00edcias de Ribeir\u00e3o Preto-SP e Regi\u00e3o","link":"https:\/\/noticiasribeiraopreto.com.br\/index.php\/category\/noticias-de-ribeirao-preto-sp-e-regiao-ismael-colosi\/"},"img":{"alt_text":"","src":"https:\/\/i0.wp.com\/noticiasribeiraopreto.com.br\/wp-content\/uploads\/2025\/12\/incendio_2025-12-18_15-24-19.webp.webp?fit=1200%2C715&ssl=1&resize=350%2C200","width":350,"height":200,"srcset":"https:\/\/i0.wp.com\/noticiasribeiraopreto.com.br\/wp-content\/uploads\/2025\/12\/incendio_2025-12-18_15-24-19.webp.webp?fit=1200%2C715&ssl=1&resize=350%2C200 1x, https:\/\/i0.wp.com\/noticiasribeiraopreto.com.br\/wp-content\/uploads\/2025\/12\/incendio_2025-12-18_15-24-19.webp.webp?fit=1200%2C715&ssl=1&resize=525%2C300 1.5x, https:\/\/i0.wp.com\/noticiasribeiraopreto.com.br\/wp-content\/uploads\/2025\/12\/incendio_2025-12-18_15-24-19.webp.webp?fit=1200%2C715&ssl=1&resize=700%2C400 2x, https:\/\/i0.wp.com\/noticiasribeiraopreto.com.br\/wp-content\/uploads\/2025\/12\/incendio_2025-12-18_15-24-19.webp.webp?fit=1200%2C715&ssl=1&resize=1050%2C600 3x"},"classes":[]},{"id":28518,"url":"https:\/\/noticiasribeiraopreto.com.br\/index.php\/2024\/01\/16\/casal-de-idosos-morre-apos-colidir-com-caminhao-estacionado-na-regiao-de-ribeirao-veja-o-video\/","url_meta":{"origin":47744,"position":5},"title":"Casal de idosos morre ap\u00f3s colidir com caminh\u00e3o estacionado na regi\u00e3o de Ribeir\u00e3o; Veja o v\u00eddeo","author":"noticiasribeiraopreto.com.br","date":"16 de January de 2024","format":false,"excerpt":"Dois idosos morreram ap\u00f3s colidir com um caminh\u00e3o que estava estacionado em um posto de combust\u00edvel, na tarde deste domingo (14), em Sert\u00e3ozinho, cidade na regi\u00e3o de Ribeir\u00e3o Preto. O acidente aconteceu por volta das 15h22 e foi registrado por uma c\u00e2mera de seguran\u00e7a (veja o v\u00eddeo abaixo). Nas imagens\u2026","rel":"","context":"In &quot;Not\u00edcias de Ribeir\u00e3o Preto-SP e Regi\u00e3o&quot;","block_context":{"text":"Not\u00edcias de Ribeir\u00e3o Preto-SP e Regi\u00e3o","link":"https:\/\/noticiasribeiraopreto.com.br\/index.php\/category\/noticias-de-ribeirao-preto-sp-e-regiao-ismael-colosi\/"},"img":{"alt_text":"","src":"https:\/\/i0.wp.com\/noticiasribeiraopreto.com.br\/wp-content\/uploads\/2024\/01\/WhatsApp-Image-2024-01-15-at-17.34.55.jpeg?fit=750%2C424&ssl=1&resize=350%2C200","width":350,"height":200,"srcset":"https:\/\/i0.wp.com\/noticiasribeiraopreto.com.br\/wp-content\/uploads\/2024\/01\/WhatsApp-Image-2024-01-15-at-17.34.55.jpeg?fit=750%2C424&ssl=1&resize=350%2C200 1x, https:\/\/i0.wp.com\/noticiasribeiraopreto.com.br\/wp-content\/uploads\/2024\/01\/WhatsApp-Image-2024-01-15-at-17.34.55.jpeg?fit=750%2C424&ssl=1&resize=525%2C300 1.5x, https:\/\/i0.wp.com\/noticiasribeiraopreto.com.br\/wp-content\/uploads\/2024\/01\/WhatsApp-Image-2024-01-15-at-17.34.55.jpeg?fit=750%2C424&ssl=1&resize=700%2C400 2x"},"classes":[]}],"jetpack_sharing_enabled":true,"jetpack_shortlink":"https:\/\/wp.me\/peQAOb-cq4","_links":{"self":[{"href":"https:\/\/noticiasribeiraopreto.com.br\/index.php\/wp-json\/wp\/v2\/posts\/47744","targetHints":{"allow":["GET"]}}],"collection":[{"href":"https:\/\/noticiasribeiraopreto.com.br\/index.php\/wp-json\/wp\/v2\/posts"}],"about":[{"href":"https:\/\/noticiasribeiraopreto.com.br\/index.php\/wp-json\/wp\/v2\/types\/post"}],"author":[{"embeddable":true,"href":"https:\/\/noticiasribeiraopreto.com.br\/index.php\/wp-json\/wp\/v2\/users\/1"}],"replies":[{"embeddable":true,"href":"https:\/\/noticiasribeiraopreto.com.br\/index.php\/wp-json\/wp\/v2\/comments?post=47744"}],"version-history":[{"count":0,"href":"https:\/\/noticiasribeiraopreto.com.br\/index.php\/wp-json\/wp\/v2\/posts\/47744\/revisions"}],"wp:featuredmedia":[{"embeddable":true,"href":"https:\/\/noticiasribeiraopreto.com.br\/index.php\/wp-json\/wp\/v2\/media\/47745"}],"wp:attachment":[{"href":"https:\/\/noticiasribeiraopreto.com.br\/index.php\/wp-json\/wp\/v2\/media?parent=47744"}],"wp:term":[{"taxonomy":"category","embeddable":true,"href":"https:\/\/noticiasribeiraopreto.com.br\/index.php\/wp-json\/wp\/v2\/categories?post=47744"},{"taxonomy":"post_tag","embeddable":true,"href":"https:\/\/noticiasribeiraopreto.com.br\/index.php\/wp-json\/wp\/v2\/tags?post=47744"}],"curies":[{"name":"wp","href":"https:\/\/api.w.org\/{rel}","templated":true}]}}