{"id":47748,"date":"2024-04-27T22:49:20","date_gmt":"2024-04-28T01:49:20","guid":{"rendered":"https:\/\/noticiasribeiraopreto.com.br\/index.php\/2024\/04\/27\/portugal-busca-brasileiros-multinacional-abre-528-vagas-sem-limite-de-idade\/"},"modified":"2024-04-27T22:49:20","modified_gmt":"2024-04-28T01:49:20","slug":"portugal-busca-brasileiros-multinacional-abre-528-vagas-sem-limite-de-idade","status":"publish","type":"post","link":"https:\/\/noticiasribeiraopreto.com.br\/index.php\/2024\/04\/27\/portugal-busca-brasileiros-multinacional-abre-528-vagas-sem-limite-de-idade\/","title":{"rendered":"Portugal busca brasileiros: multinacional abre 528 vagas sem limite de idade"},"content":{"rendered":"<p> <br \/>\n<\/p>\n<div>\n<h3>Descubra como trabalhar e viver em Portugal: Natixis abre vagas para brasileiros<\/h3>\n<p>Se trabalhar em Portugal sempre foi o seu sonho, agora pode ser a hora de torn\u00e1-lo realidade. A multinacional francesa <strong>Natixis<\/strong> est\u00e1 com oportunidades abertas para brasileiros interessados em construir uma carreira internacional. Com vagas dispon\u00edveis em diversas \u00e1reas, como <em>finan\u00e7as<\/em>, <em>economia<\/em>, <em>gest\u00e3o<\/em>, <em>direito<\/em> e <em>tecnologias da informa\u00e7\u00e3o (TI)<\/em>, a Natixis se destaca no mercado por seus investimentos e servi\u00e7os em seguros e opera\u00e7\u00f5es financeiras.<\/p>\n<p>Historicamente focado em tecnologia da informa\u00e7\u00e3o, o centro da Natixis no Porto est\u00e1 expandindo suas opera\u00e7\u00f5es e agora oferece posi\u00e7\u00f5es tamb\u00e9m em finan\u00e7as, gest\u00e3o banc\u00e1ria, economia e direito. A empresa, que j\u00e1 emprega 1.200 pessoas de 21 diferentes nacionalidades em Porto, conduz um processo de recrutamento online global devido \u00e0 falta de profissionais em certas \u00e1reas em Portugal, especialmente no setor digital.<\/p>\n<p>Para quem est\u00e1 buscando uma mudan\u00e7a significativa, a Natixis oferece um programa de realoca\u00e7\u00e3o internacional robusto, j\u00e1 contando com aproximadamente 80 brasileiros em seu time. Em entrevista ao <em>Portugal Giro<\/em>, Maur\u00edcio Marques, diretor de Recursos Humanos da Natixis em Portugal, compartilha insights sobre o processo de candidatura e o perfil desejado pela empresa.<\/p>\n<h2>\u00c1reas com vagas abertas<\/h2>\n<p>\u00c1reas com vagas abertas incluem tecnologia da informa\u00e7\u00e3o, finan\u00e7as, gest\u00e3o, economia e direito. A Natixis est\u00e1 em busca de profissionais com diversos n\u00edveis de experi\u00eancia e forma\u00e7\u00f5es que contribuam para enriquecer suas atividades, n\u00e3o apenas em Portugal mas globalmente.<\/p>\n<p>\u201cRecebemos candidaturas de profissionais altamente qualificados do Brasil, com forma\u00e7\u00e3o acad\u00eamica e experi\u00eancia profissional em \u00e1reas financeiras altamente especializadas e tecnologias avan\u00e7adas\u201d, destaca Maur\u00edcio Marques.<\/p>\n<h2>Como se candidatar \u00e0s vagas de emprego na Natixis em Portugal?<\/h2>\n<p>Desde a instala\u00e7\u00e3o da Natixis em Portugal em 2017, a empresa tem mantido um crescimento e recrutamento cont\u00ednuos. O processo de aplica\u00e7\u00e3o \u00e9 uniforme para todos os candidatos, independentemente da nacionalidade. Interessados podem verificar as posi\u00e7\u00f5es dispon\u00edveis e aplicar diretamente pelo site da empresa. Confira as vagas dispon\u00edveis <strong><a href=\"https:\/\/www.natixis.com\" target=\"_blank\" rel=\"noopener\">NESTE LINK<\/a><\/strong>.<\/p>\n<p>Al\u00e9m do suporte na obten\u00e7\u00e3o de visto e apoio financeiro para a mudan\u00e7a, a Natixis oferece diversas iniciativas para ajudar na integra\u00e7\u00e3o dos colaboradores estrangeiros em Portugal, incluindo comunidades de colaboradores internacionais e guias completos de apoio \u00e0 integra\u00e7\u00e3o.<\/p>\n<p>N\u00e3o perca a chance de expandir suas fronteiras profissionais e pessoais com a Natixis em Portugal. Confira mais detalhes e inscreva-se agora para transformar sua carreira e sua vida em uma experi\u00eancia internacional.<\/p>\n<p>As \u00e1reas das vagas tamb\u00e9m est\u00e3o dispon\u00edveis abaixo:<\/p>\n<h2>Veduca &#8211; Cursos online gratuitos de professores USP e outras institui\u00e7\u00f5es renomadas\u00a0<\/h2>\n<p>O Veduca \u00e9 um site que j\u00e1 ultrapassou mais de 4 milh\u00f5es de alunos e oferece cursos online gratuitos com professores da USP e profissionais de mercado. S\u00e3o cursos que far\u00e3o a diferen\u00e7a na sua carreira, pois combinam conceitos fundamentais dos mais diferentes assuntos com exemplos pr\u00e1ticos e depoimentos.<\/p>\n<ol>&#13;<\/p>\n<li><a href=\"https:\/\/veduca.org\/courses\/ingles\/?ref=artigo\"><strong>Ingl\u00eas: <\/strong><\/a>compreende os conceitos essenciais do ingl\u00eas, voc\u00ea ir\u00e1 aprender sobre o verbo to be, dias da semana, n\u00fameros, continentes, pa\u00edses, nacionalidades, vocabul\u00e1rio, frases, adjetivos, sentimentos, imperativo e at\u00e9 sobre empregos.<\/li>\n<p>&#13;<\/p>\n<li><a href=\"https:\/\/veduca.org\/courses\/fundamentos-de-administracao\/?ref=artigo\"><strong>Fundamentos da Administra\u00e7\u00e3o:<\/strong><\/a>\u00a0voc\u00ea ir\u00e1 aprender conceitos e metodologias para colocar na pr\u00e1tica o melhor da fun\u00e7\u00e3o administrativa, planejamento, organiza\u00e7\u00e3o, dire\u00e7\u00e3o e controle, casos de sucesso no Brasil, no mundo e muito mais.<\/li>\n<p>&#13;<\/p>\n<li><a href=\"https:\/\/veduca.org\/courses\/gestao-de-projetos\/?ref=artigo\"><strong>Gest\u00e3o de Projetos:<\/strong><\/a>\u00a0nesse curso, voc\u00ea aprender\u00e1 gest\u00e3o de stakeholders. Como administrar o escopo de um projeto. M\u00e9todos de an\u00e1lise de um projeto. Como fazer um planejamento excelente.<\/li>\n<p>&#13;<\/p>\n<li><a href=\"https:\/\/veduca.org\/courses\/engenharia-economica\/?ref=artigo\"><strong>Engenharia Econ\u00f4mica:<\/strong><\/a>\u00a0voc\u00ea ir\u00e1 aprender sobre juros.Taxa de mercado. Dinheiro no tempo. Sistema de amortiza\u00e7\u00e3o de financiamento. Payback e VPL. Taxa interna de retorno.Op\u00e7\u00f5es e fechamento. Estimativa do custo de capital. Modelando um projeto de gera\u00e7\u00e3o de energia e\u00f3lica.<\/li>\n<p>&#13;<\/p>\n<li><a href=\"https:\/\/veduca.org\/courses\/gestao-da-inovacao\/?ref=artigo\"><strong>Gest\u00e3o da Inova\u00e7\u00e3o:<\/strong><\/a>\u00a0voc\u00ea aprender\u00e1 sobre o\u00a0que \u00e9 inova\u00e7\u00e3o, princ\u00edpios da criatividade, financiamento de ideias, lean startup, gerenciamento de incertezas.<\/li>\n<p>&#13;<\/p>\n<li><strong><a href=\"https:\/\/veduca.org\/courses\/desenvolvimento-de-produtos-e-servicos\/?ref=artigo\">Desenvolvimento de Produtos e Servi\u00e7os:<\/a>\u00a0<\/strong>A cria\u00e7\u00e3o de um novo produto ou servi\u00e7o requer estrat\u00e9gia, organiza\u00e7\u00e3o e planejamento. Saiba neste curso quais as etapas, atividades e m\u00e9todos para desenvolver novos produtos e servi\u00e7os desde a sua concep\u00e7\u00e3o at\u00e9 o primeiro contato com o cliente.<\/li>\n<p>&#13;<\/p>\n<li><a href=\"https:\/\/veduca.org\/courses\/eletromagnetismo\/?ref=artigo\"><strong>Eletromagnetismo:<\/strong><\/a>\u00a0O curso online gratuito compreende os conceitos b\u00e1sicos de eletromagnetismo, o conceito de cargas e de como elas interagem entre si, o movimento de carga denominado corrente el\u00e9trica, as leis b\u00e1sicas da corrente el\u00e9trica, o circuito onde elas percorrem e o conceito de magnetismo. O objetivo do curso \u00e9 mostrar a conex\u00e3o entre a eletricidade e o magnetismo em uma unifica\u00e7\u00e3o atrav\u00e9s das equa\u00e7\u00f5es de Maxwell.<\/li>\n<p>&#13;<\/p>\n<li><a href=\"https:\/\/veduca.org\/courses\/fisica-basica\/?ref=artigo\"><strong>F\u00edsica B\u00e1sica:<\/strong><\/a>\u00a0O curso online de F\u00edsica B\u00e1sica, ministrado pelo professor doutor Vanderlei Salvador Bagnato, traz um estudo te\u00f3rico e pr\u00e1tico sobre o movimento, as leis de Newton, energia, a evolu\u00e7\u00e3o no tempo e seus deslocamentos sob a a\u00e7\u00e3o de for\u00e7as e seus efeitos subsequentes sobre seu ambiente. O curso traz uma vis\u00e3o aprofundada e precisa, com descri\u00e7\u00e3o das fun\u00e7\u00f5es matem\u00e1ticas da f\u00edsica, seu prop\u00f3sito e aplica\u00e7\u00e3o, com exemplos trazidos do mundo real.<\/li>\n<p>&#13;<\/p>\n<li><a href=\"https:\/\/veduca.org\/courses\/gestao-ambiental\/?ref=artigo\"><strong>Gest\u00e3o Ambiental:<\/strong><\/a>\u00a0Conhec\u0327a os fundamentos que orientam a implementac\u0327a\u0303o de poli\u0301ticas de meio ambiente e sistemas de gesta\u0303o ambiental no contexto da gesta\u0303o da sustentabilidade empresarial. Entenda como acontecem as relac\u0327o\u0303es entre as esferas pu\u0301blica e privada da gesta\u0303o ambiental no Brasil.<\/li>\n<p>&#13;<\/p>\n<li><a href=\"https:\/\/veduca.org\/courses\/medicina-do-sono\/?ref=artigo\"><strong>Medicina do Sono:<\/strong><\/a>\u00a0O curso online gratuito trata de diversos aspectos relacionado ao sono. Com uma vis\u00e3o cient\u00edfica e psicol\u00f3gica, o curso aborda os principais transtornos do sono, com enfoque pr\u00e1tico para os interessados na \u00e1rea da medicina do sono. O curso \u00e9 voltado para estudantes de medicina, fisioterapia, enfermagem e toda \u00e1rea de ci\u00eancias biol\u00f3gicas, al\u00e9m das pessoas que se interessam em entender os transtornos do sono, fen\u00f4meno que afeta mais de 33% da popula\u00e7\u00e3o.<\/li>\n<p>&#13;<\/p>\n<li><a href=\"https:\/\/veduca.org\/courses\/ecoinovacao\/?ref=artigo\"><strong>Ecoinova\u00e7\u00e3o:<\/strong><\/a>\u00a0Neste curso voc\u00ea ver\u00e1 conte\u00fados relacionados a sustentabilidade e gest\u00e3o ambiental, ser\u00e1 abordado alguns conceitos e aplica\u00e7\u00f5es para a \u00e1rea de engenharia e inova\u00e7\u00e3o. Entre os assuntos discutidos est\u00e3o as \u201cpegadas ecol\u00f3gicas\u201d, gest\u00e3o e avalia\u00e7\u00e3o do ciclo de vida e novas tecnologias em energia.<\/li>\n<p>&#13;<\/p>\n<li><a href=\"https:\/\/veduca.org\/courses\/coronavirus\/?ref=artigo\"><strong>Coronav\u00edrus:<\/strong><\/a>\u00a0Este curso, produzido pela Faculdade de Medicina de Ribeir\u00e3o Preto USP e disponibilizado gratuitamente pelo Veduca, tem como objetivo informar toda a SOCIEDADE sobre a pandemia do coronav\u00edrus (SARS-CoV-2). O Brasil est\u00e1 reduzindo suas atividades e todos devemos saber o PORQU\u00ca que essas medidas s\u00e3o necess\u00e1rias e COMO podemos contribuir para minimizar a dissemina\u00e7\u00e3o da doen\u00e7a no pa\u00eds. S\u00e3o quatro m\u00f3dulos curtos e bem simples. Esperamos que este curso ajude voc\u00ea a entender melhor o que est\u00e1 acontecendo, sendo uma fonte segura e confi\u00e1vel de informa\u00e7\u00e3o sobre o coronav\u00edrus para seus amigos, familiares e contatos.<\/li>\n<p>&#13;<\/p>\n<li><strong><a href=\"https:\/\/veduca.org\/courses\/ecologia-industrial\/?ref=artigo\">Ecologia Industrial<\/a>:<\/strong>\u00a0Neste curso apresentamos a defini\u00e7\u00e3o do conceito de P+L (Produ\u00e7\u00e3o Mais Limpa) e o roteiro para a sua aplica\u00e7\u00e3o e seus indicadores de desempenho numa empresa. Ao final do curso voc\u00ea ter\u00e1 uma vis\u00e3o n\u00e3o apenas da Ecologia Industrial, mas de alternativas para desenvolver processos produtivos mais limpos.<\/li>\n<p>&#13;<\/p>\n<li><a href=\"https:\/\/veduca.org\/courses\/metodologia-cientifica\/?ref=artigo\"><strong>Metodologia Cient\u00edfica:<\/strong><\/a>\u00a0Metodologia cient\u00edfica \u00e9 um conjunto de t\u00e9cnicas e processos empregados para a pesquisa e a formula\u00e7\u00e3o de uma produ\u00e7\u00e3o cient\u00edfica. Aprenda a elaborar um trabalho de conclus\u00e3o de curso (TCC), e saiba como selecionar um tema, definir objetivos, identificar e descrever um problema, fundamentar sua argumenta\u00e7\u00e3o com base em trabalhos de outros autores, coletar e analisar dados e como apresentar resultados e conclus\u00f5es de forma concisa e clara.<\/li>\n<p>&#13;<\/p>\n<li><a href=\"https:\/\/veduca.org\/courses\/probabilidade-e-estatistica\/?ref=artigo\"><strong>Probabilidade e Estat\u00edstica:<\/strong><\/a>\u00a0Neste curso online gratuito voc\u00ea ver\u00e1 como o c\u00e1lculo de probabilidade \u00e9 uma importante ferramenta estat\u00edstica e como trata de situa\u00e7\u00f5es que n\u00e3o s\u00e3o totalmente previs\u00edveis. Esse conhecimento \u00e9 fundamental para interpretar resultados obtidos pelos m\u00e9todos estat\u00edsticos e pode ser aplicado de diversas formas no dia a dia.<\/li>\n<p>&#13;<\/p>\n<li><a href=\"https:\/\/veduca.org\/courses\/planejamento-estrategico\/?ref=artigo\"><strong>Planejamento Estrat\u00e9gico:<\/strong><\/a>\u00a0voc\u00ea ir\u00e1 aprender conceitos e ferramentas da estrat\u00e9gia empresarial para utiliz\u00e1-los em suas organiza\u00e7\u00f5es, construindo um planejamento estrat\u00e9gico de neg\u00f3cio adequado a din\u00e2mica do mercado em que se encontram e um acompanhamento alinhado com as ferramentas de gest\u00e3o mais utilizadas.<\/li>\n<p>&#13;<\/p>\n<li><a href=\"https:\/\/veduca.org\/courses\/lgbtqia-conceitos-e-historias\/?ref=artigo\"><strong>LGBTQIA+ Conceitos e Hist\u00f3rias:<\/strong><\/a>\u00a0O curso oferece uma vis\u00e3o geral sobre quest\u00f5es que envolvem a sexualidade humana e a identidade de g\u00eanero. S\u00e3o apresentados conceitos e informa\u00e7\u00f5es sobre quatro caracter\u00edsticas \u2013 Sexo Biol\u00f3gico, Identidade de G\u00eanero, Express\u00e3o de G\u00eanero e Orienta\u00e7\u00e3o Afetivo-sexual \u2013 e tamb\u00e9m sobre o significado da sigla LGBT+. As hist\u00f3rias de vida s\u00e3o um convite para que voc\u00ea amplie seu olhar de mundo. Esses v\u00eddeos contam com a participa\u00e7\u00e3o de colaboradores do Veduca, da Serasa e tamb\u00e9m de convidados e convidadas que compartilham suas experi\u00eancias e vis\u00f5es.<\/li>\n<p>&#13;\n<\/ol>\n<h2>Inscri\u00e7\u00e3o Cursos Online Gratuitos Veduca<\/h2>\n<p>Para se inscrever nos cursos da Veduca:\u00a0<span style=\"color: #008080;\"><strong><a style=\"color: #008080;\" href=\"https:\/\/veduca.org\/?ref=artigo\" target=\"_blank\" rel=\"noopener noreferrer\">[Acesse aqui]<\/a><\/strong><\/span><\/p>\n<p><!-- CONTENT END 2 --><\/p>\n<p><!-- #comments --><\/p>\n<\/div>\n<p><script>\n                    (function(d, s, id) {\n                        var js, fjs = d.getElementsByTagName(s)[0];\n                        if (d.getElementById(id)) return;\n                        js = d.createElement(s);\n                        js.id = id;\n                        js.src = \"\/\/connect.facebook.net\/pt_PT\/sdk.js#xfbml=1&version=v2.5\";\n                        fjs.parentNode.insertBefore(js, fjs);\n                    }(document, 'script', 'facebook-jssdk'));\n                <\/script><script type=\"text\/javascript\">\n\t    (function(d){\n\t        var js, id = 'facebook-jssdk', ref = d.getElementsByTagName('script')[0];\n\t        if (d.getElementById(id)) {return;}\n\t        js = d.createElement('script'); js.id = id; js.async = true;\n\t        js.src = \"https:\/\/connect.facebook.net\/en_US\/all.js\";\n\t        ref.parentNode.insertBefore(js, ref);\n\t    }(document));\n\t    window.fbAsyncInit = function() {\n\t      \t\tFB.init({\n\t            \tappId: facebook_app_ID,\n\t            \tstatus: true,\n\t            \tcookie: true,\n\t            \txfbml: true\n\t        \t});  \n\t    };\n\t\tfunction login() {\n\t\t\tFB.login(function(response) {\n\t\t\t\tFB.api('\/me', { locale: 'en_US', fields: 'name, email' },\n\t\t\t\t\tfunction(response2) {\n\t\t\t\t\t\tif (typeof response2.error == 'undefined') {\n\t\t\t\t\t\t\tjQuery(document).ready(function($){'use strict';\n      \t\t\t\t\t\/\/console.log(response2);\n\t\t\t\t\t\t\t\t$.ajax({\n\t\t\t\t\t\t\t        type: 'POST',\n\t\t\t\t\t\t\t        dataType: 'json',\n\t\t\t\t\t\t\t        url: ajax_object.ajaxurl,\n\t\t\t\t\t\t\t        data: { \n\t\t\t\t\t\t\t            'action': 'ajaxfacebooklogin', \/\/calls wp_ajax_nopriv_ajaxlogin\n\t\t\t\t\t\t\t            'id_token': response.authResponse.accessToken,\n\t\t\t\t\t\t\t            'useremail': response2.email,\n\t\t\t\t\t\t\t            'username': response2.name,\n\t\t\t\t\t\t\t            'security': $( 'form#login #security2').val() },\n\t\t\t\t\t\t\t        success: function(data){\n\t\t\t\t\t\t\t            \/\/$('form#login div.login-error').text(data.message);\n\t\t\t\t\t\t\t            if (data.loggedin == true){\n      \t\t\t\t\t\t\t\t\t\t\t\t$('form#login div.login-error').removeClass('alert-danger').addClass('alert-success');\n      \t\t\t\t\t\t\t\t\t\t\t\t$('form#login div.login-error').text(data.message);\n\t\t\t\t\t\t\t                document.location.href = ajax_object.redirecturl;\n\t\t\t\t\t\t\t            }else{\n      \t\t\t\t\t\t\t\t\t\t\t\t$('form#login div.login-error').removeClass('alert-success').addClass('alert-danger');\n      \t\t\t\t\t\t\t\t\t\t\t\t$('form#login div.login-error').text(data.message);\n      \t\t\t\t\t\t\t\t\t\t}\n\t\t\t\t\t\t\t            if($('.login-error').text() == ''){\n\t\t\t\t\t\t\t                $('form#login div.login-error').hide();\n\t\t\t\t\t\t\t            }else{\n\t\t\t\t\t\t\t                $('form#login div.login-error').show();\n\t\t\t\t\t\t\t            }\n\t\t\t\t\t\t\t        }\n\t\t\t\t\t\t\t    });\n\t\t\t\t\t\t    });\n\t\t\t\t\t\t\t\/\/ console.log('FB Login Working!');\n\t\t\t\t\t\t\t\/\/ console.log(response2);\n\t\t\t\t\t\t}else{\n\t\t\t\t\t\t\t\/\/ console.log('FB Login Error!');\n\t\t\t\t\t\t\t\/\/ console.log(response);\n\t\t\t\t\t\t}\n\t\t\t\t\t}\n\t\t\t\t);\n\t\t\t}, {scope: 'public_profile,user_friends,email'});    \n\t\t}\n\t<\/script><br \/>\n<br \/><br \/>\n<br \/><a href=\"https:\/\/veduca.org\/portugal-busca-brasileiros-multinacional-abre-528-vagas-sem-limite-de-idade\/\">Source link <\/a><\/p>\n","protected":false},"excerpt":{"rendered":"<p>Descubra como trabalhar e viver em Portugal: Natixis abre vagas para brasileiros Se trabalhar em Portugal sempre foi o seu sonho, agora pode ser a&#8230;<\/p>\n","protected":false},"author":1,"featured_media":0,"comment_status":"open","ping_status":"open","sticky":false,"template":"","format":"standard","meta":{"advanced_seo_description":"","jetpack_seo_html_title":"","jetpack_seo_noindex":false,"jetpack_post_was_ever_published":false,"_jetpack_newsletter_access":"","_jetpack_dont_email_post_to_subs":false,"_jetpack_newsletter_tier_id":0,"_jetpack_memberships_contains_paywalled_content":false,"_jetpack_memberships_contains_paid_content":false,"footnotes":"","jetpack_publicize_message":"","jetpack_publicize_feature_enabled":true,"jetpack_social_post_already_shared":true,"jetpack_social_options":{"image_generator_settings":{"template":"highway","default_image_id":0,"font":"","enabled":false},"version":2}},"categories":[3598],"tags":[],"class_list":["post-47748","post","type-post","status-publish","format-standard","hentry","category-empregos-classificados-vagas-trabalho"],"jetpack_publicize_connections":[],"jetpack_featured_media_url":"","jetpack-related-posts":[{"id":12283,"url":"https:\/\/noticiasribeiraopreto.com.br\/index.php\/2023\/12\/07\/vagas-em-portugal-em-empresa-francesa-centenas-oportunidades\/","url_meta":{"origin":47748,"position":0},"title":"Vagas em Portugal em empresa francesa: centenas oportunidades","author":"noticiasribeiraopreto.com.br","date":"7 de December de 2023","format":false,"excerpt":"Vagas em Portugal em empresa francesa \u2013 Foto: Canva. S\u00e3o quase 300 vagas em Portugal em empresa francesa que est\u00e1 recrutando profissionais de v\u00e1rias \u00e1reas. Veja como se candidatar! As vagas em Portugal em empresa francesa s\u00e3o no BNP Paribas. Por isso, um dos maiores bancos da Europa e que\u2026","rel":"","context":"In &quot;Vagas de Emprego em Ribeir\u00e3o Preto-SP&quot;","block_context":{"text":"Vagas de Emprego em Ribeir\u00e3o Preto-SP","link":"https:\/\/noticiasribeiraopreto.com.br\/index.php\/category\/empregos-classificados-vagas-trabalho\/vagas-de-empregos-em-ribeirao-preto-regiao-brasil\/"},"img":{"alt_text":"","src":"https:\/\/i0.wp.com\/noticiasribeiraopreto.com.br\/wp-content\/uploads\/2023\/12\/vagas-em-portugal-em-empresa-francesa.jpeg?fit=660%2C360&ssl=1&resize=350%2C200","width":350,"height":200,"srcset":"https:\/\/i0.wp.com\/noticiasribeiraopreto.com.br\/wp-content\/uploads\/2023\/12\/vagas-em-portugal-em-empresa-francesa.jpeg?fit=660%2C360&ssl=1&resize=350%2C200 1x, https:\/\/i0.wp.com\/noticiasribeiraopreto.com.br\/wp-content\/uploads\/2023\/12\/vagas-em-portugal-em-empresa-francesa.jpeg?fit=660%2C360&ssl=1&resize=525%2C300 1.5x"},"classes":[]},{"id":41228,"url":"https:\/\/noticiasribeiraopreto.com.br\/index.php\/2024\/03\/07\/fundacao-getulio-vargas-fgv-esta-com-vagas-abertas-para-cursos-online-e-gratuitos-nas-areas-de-marketing-economia-direito-e-mais-veja-como-se-inscrever\/","url_meta":{"origin":47748,"position":1},"title":"Funda\u00e7\u00e3o Get\u00falio Vargas (FGV) est\u00e1 com vagas abertas para cursos online e gratuitos nas \u00e1reas de Marketing, Economia, Direito e mais. Veja como se inscrever","author":"noticiasribeiraopreto.com.br","date":"7 de March de 2024","format":false,"excerpt":"A Funda\u00e7\u00e3o Get\u00falio Vargas (FGV) aceita inscri\u00e7\u00f5es para cursos online gratuitos para aprimorar seu curr\u00edculo em \u00e1reas como economia, direito, administra\u00e7\u00e3o p\u00fablica, finan\u00e7as, humanidades, educa\u00e7\u00e3o e neg\u00f3cios. Investir em boas qualifica\u00e7\u00f5es lhe dar\u00e1 melhores oportunidades no mercado de trabalho. Veja a lista de cursos online gratuitos dispon\u00edveis na FGV: Lista\u2026","rel":"","context":"In &quot;Empregos - Classificados&quot;","block_context":{"text":"Empregos - Classificados","link":"https:\/\/noticiasribeiraopreto.com.br\/index.php\/category\/empregos-classificados-vagas-trabalho\/"},"img":{"alt_text":"","src":"https:\/\/i0.wp.com\/noticiasribeiraopreto.com.br\/wp-content\/uploads\/2024\/03\/Cursos-FGV.webp.jpeg?fit=1200%2C630&ssl=1&resize=350%2C200","width":350,"height":200,"srcset":"https:\/\/i0.wp.com\/noticiasribeiraopreto.com.br\/wp-content\/uploads\/2024\/03\/Cursos-FGV.webp.jpeg?fit=1200%2C630&ssl=1&resize=350%2C200 1x, https:\/\/i0.wp.com\/noticiasribeiraopreto.com.br\/wp-content\/uploads\/2024\/03\/Cursos-FGV.webp.jpeg?fit=1200%2C630&ssl=1&resize=525%2C300 1.5x, https:\/\/i0.wp.com\/noticiasribeiraopreto.com.br\/wp-content\/uploads\/2024\/03\/Cursos-FGV.webp.jpeg?fit=1200%2C630&ssl=1&resize=700%2C400 2x, https:\/\/i0.wp.com\/noticiasribeiraopreto.com.br\/wp-content\/uploads\/2024\/03\/Cursos-FGV.webp.jpeg?fit=1200%2C630&ssl=1&resize=1050%2C600 3x"},"classes":[]},{"id":16222,"url":"https:\/\/noticiasribeiraopreto.com.br\/index.php\/2023\/12\/15\/ultimas-horas-para-participar-do-processo-seletivo-mitsubishi-veja-com-se-inscrever-2\/","url_meta":{"origin":47748,"position":2},"title":"\u00daltimas horas para participar do processo seletivo Mitsubishi; veja com se inscrever","author":"noticiasribeiraopreto.com.br","date":"15 de December de 2023","format":false,"excerpt":"\u00daltima oportunidade para participar do processo seletivo da Mitsubishi Electric, multinacional japonesa. Destinado a estudantes do ensino m\u00e9dio e superior no estado de S\u00e3o Paulo, as inscri\u00e7\u00f5es podem ser feitas at\u00e9 o esta sexta-feira, dia 15 de dezembro. A companhia est\u00e1 em busca de estudantes tanto do ensino m\u00e9dio quanto\u2026","rel":"","context":"In &quot;Vagas de Emprego em Ribeir\u00e3o Preto-SP&quot;","block_context":{"text":"Vagas de Emprego em Ribeir\u00e3o Preto-SP","link":"https:\/\/noticiasribeiraopreto.com.br\/index.php\/category\/empregos-classificados-vagas-trabalho\/vagas-de-empregos-em-ribeirao-preto-regiao-brasil\/"},"img":{"alt_text":"","src":"https:\/\/i0.wp.com\/noticiasribeiraopreto.com.br\/wp-content\/uploads\/2023\/12\/mitsubishi-divulgacao.jpg?fit=1200%2C675&ssl=1&resize=350%2C200","width":350,"height":200,"srcset":"https:\/\/i0.wp.com\/noticiasribeiraopreto.com.br\/wp-content\/uploads\/2023\/12\/mitsubishi-divulgacao.jpg?fit=1200%2C675&ssl=1&resize=350%2C200 1x, https:\/\/i0.wp.com\/noticiasribeiraopreto.com.br\/wp-content\/uploads\/2023\/12\/mitsubishi-divulgacao.jpg?fit=1200%2C675&ssl=1&resize=525%2C300 1.5x, https:\/\/i0.wp.com\/noticiasribeiraopreto.com.br\/wp-content\/uploads\/2023\/12\/mitsubishi-divulgacao.jpg?fit=1200%2C675&ssl=1&resize=700%2C400 2x, https:\/\/i0.wp.com\/noticiasribeiraopreto.com.br\/wp-content\/uploads\/2023\/12\/mitsubishi-divulgacao.jpg?fit=1200%2C675&ssl=1&resize=1050%2C600 3x"},"classes":[]},{"id":60643,"url":"https:\/\/noticiasribeiraopreto.com.br\/index.php\/2024\/11\/20\/prefeitura-de-franca-tem-vagas-para-estagio-veja-como-concorrer\/","url_meta":{"origin":47748,"position":3},"title":"Prefeitura de Franca tem vagas para est\u00e1gio; veja como concorrer","author":"noticiasribeiraopreto.com.br","date":"20 de November de 2024","format":false,"excerpt":"A Prefeitura de Franca abriu um novo processo seletivo para a contrata\u00e7\u00e3o de estagi\u00e1rios. As vagas s\u00e3o para estudantes de diversos cursos de gradua\u00e7\u00e3o e a bolsa aux\u00edlio pode chegar a R$1.323,80. Os interessados devem se inscrever at\u00e9 o dia 25 de novembro, por meio do site do Centro de\u2026","rel":"","context":"In &quot;Not\u00edcias de Ribeir\u00e3o Preto-SP e Regi\u00e3o&quot;","block_context":{"text":"Not\u00edcias de Ribeir\u00e3o Preto-SP e Regi\u00e3o","link":"https:\/\/noticiasribeiraopreto.com.br\/index.php\/category\/noticias-de-ribeirao-preto-sp-e-regiao-ismael-colosi\/"},"img":{"alt_text":"","src":"https:\/\/i0.wp.com\/noticiasribeiraopreto.com.br\/wp-content\/uploads\/2024\/08\/prefeitura-de-franca_2024-08-22_13-37-01_jpg_2024-08-22_13-37-01.webp.webp?fit=1200%2C793&ssl=1&resize=350%2C200","width":350,"height":200,"srcset":"https:\/\/i0.wp.com\/noticiasribeiraopreto.com.br\/wp-content\/uploads\/2024\/08\/prefeitura-de-franca_2024-08-22_13-37-01_jpg_2024-08-22_13-37-01.webp.webp?fit=1200%2C793&ssl=1&resize=350%2C200 1x, https:\/\/i0.wp.com\/noticiasribeiraopreto.com.br\/wp-content\/uploads\/2024\/08\/prefeitura-de-franca_2024-08-22_13-37-01_jpg_2024-08-22_13-37-01.webp.webp?fit=1200%2C793&ssl=1&resize=525%2C300 1.5x, https:\/\/i0.wp.com\/noticiasribeiraopreto.com.br\/wp-content\/uploads\/2024\/08\/prefeitura-de-franca_2024-08-22_13-37-01_jpg_2024-08-22_13-37-01.webp.webp?fit=1200%2C793&ssl=1&resize=700%2C400 2x, https:\/\/i0.wp.com\/noticiasribeiraopreto.com.br\/wp-content\/uploads\/2024\/08\/prefeitura-de-franca_2024-08-22_13-37-01_jpg_2024-08-22_13-37-01.webp.webp?fit=1200%2C793&ssl=1&resize=1050%2C600 3x"},"classes":[]},{"id":58180,"url":"https:\/\/noticiasribeiraopreto.com.br\/index.php\/2024\/09\/20\/multinacional-oferece-vagas-em-programa-de-trainee-veja-como-participar\/","url_meta":{"origin":47748,"position":4},"title":"Multinacional oferece vagas em programa de trainee; Veja como participar","author":"noticiasribeiraopreto.com.br","date":"20 de September de 2024","format":false,"excerpt":"A Multinacional Nestl\u00e9 est\u00e1 com vagas abertas para o seu programa de trainee 2025, inclusive em Ribeir\u00e3o Preto. Podem participar pessoas com forma\u00e7\u00e3o entre dezembro de 2020 e dezembro de 2024, em qualquer curso de gradua\u00e7\u00e3o reconhecido pelo MEC (Minist\u00e9rio da Educa\u00e7\u00e3o) \u2013 bacharelado, licenciatura ou tecn\u00f3logo. As inscri\u00e7\u00f5es devem\u2026","rel":"","context":"In &quot;Not\u00edcias de Ribeir\u00e3o Preto-SP e Regi\u00e3o&quot;","block_context":{"text":"Not\u00edcias de Ribeir\u00e3o Preto-SP e Regi\u00e3o","link":"https:\/\/noticiasribeiraopreto.com.br\/index.php\/category\/noticias-de-ribeirao-preto-sp-e-regiao-ismael-colosi\/"},"img":{"alt_text":"","src":"https:\/\/i0.wp.com\/noticiasribeiraopreto.com.br\/wp-content\/uploads\/2024\/08\/Copia-de-Copia-de-TAMANHO-EXATO-PARA-FOTOS-NO-SISTEMA-NOVO-6_2024-06-11_13-40-15_jpg_2024-06-11_13-40-15.webp.webp?fit=1200%2C675&ssl=1&resize=350%2C200","width":350,"height":200,"srcset":"https:\/\/i0.wp.com\/noticiasribeiraopreto.com.br\/wp-content\/uploads\/2024\/08\/Copia-de-Copia-de-TAMANHO-EXATO-PARA-FOTOS-NO-SISTEMA-NOVO-6_2024-06-11_13-40-15_jpg_2024-06-11_13-40-15.webp.webp?fit=1200%2C675&ssl=1&resize=350%2C200 1x, https:\/\/i0.wp.com\/noticiasribeiraopreto.com.br\/wp-content\/uploads\/2024\/08\/Copia-de-Copia-de-TAMANHO-EXATO-PARA-FOTOS-NO-SISTEMA-NOVO-6_2024-06-11_13-40-15_jpg_2024-06-11_13-40-15.webp.webp?fit=1200%2C675&ssl=1&resize=525%2C300 1.5x, https:\/\/i0.wp.com\/noticiasribeiraopreto.com.br\/wp-content\/uploads\/2024\/08\/Copia-de-Copia-de-TAMANHO-EXATO-PARA-FOTOS-NO-SISTEMA-NOVO-6_2024-06-11_13-40-15_jpg_2024-06-11_13-40-15.webp.webp?fit=1200%2C675&ssl=1&resize=700%2C400 2x, https:\/\/i0.wp.com\/noticiasribeiraopreto.com.br\/wp-content\/uploads\/2024\/08\/Copia-de-Copia-de-TAMANHO-EXATO-PARA-FOTOS-NO-SISTEMA-NOVO-6_2024-06-11_13-40-15_jpg_2024-06-11_13-40-15.webp.webp?fit=1200%2C675&ssl=1&resize=1050%2C600 3x"},"classes":[]},{"id":23426,"url":"https:\/\/noticiasribeiraopreto.com.br\/index.php\/2024\/01\/02\/os-7-paises-que-mais-contratam-brasileiros-para-trabalhar-meu-valor-digital\/","url_meta":{"origin":47748,"position":5},"title":"Os 7 pa\u00edses que mais contratam brasileiros para trabalhar &#8211; Meu Valor Digital","author":"noticiasribeiraopreto.com.br","date":"2 de January de 2024","format":false,"excerpt":"Voc\u00ea j\u00e1 se imaginou trabalhando e vivendo em outro pa\u00eds? Para muitos brasileiros essa quest\u00e3o n\u00e3o somente \u00e9 uma possibilidade como tamb\u00e9m uma realidade. Para se ter uma ideia. Dados do Itamaraty apontam que existam mais de 1,9 milh\u00f5es de brasileiros somente nos Estados Unidos. Mas afinal, quais s\u00e3o os\u2026","rel":"","context":"In &quot;Vagas de Emprego em Ribeir\u00e3o Preto-SP&quot;","block_context":{"text":"Vagas de Emprego em Ribeir\u00e3o Preto-SP","link":"https:\/\/noticiasribeiraopreto.com.br\/index.php\/category\/empregos-classificados-vagas-trabalho\/vagas-de-empregos-em-ribeirao-preto-regiao-brasil\/"},"img":{"alt_text":"","src":"https:\/\/i0.wp.com\/noticiasribeiraopreto.com.br\/wp-content\/uploads\/2024\/01\/jovem-brasileiro-no-exterior.jpg?fit=1200%2C800&ssl=1&resize=350%2C200","width":350,"height":200,"srcset":"https:\/\/i0.wp.com\/noticiasribeiraopreto.com.br\/wp-content\/uploads\/2024\/01\/jovem-brasileiro-no-exterior.jpg?fit=1200%2C800&ssl=1&resize=350%2C200 1x, https:\/\/i0.wp.com\/noticiasribeiraopreto.com.br\/wp-content\/uploads\/2024\/01\/jovem-brasileiro-no-exterior.jpg?fit=1200%2C800&ssl=1&resize=525%2C300 1.5x, https:\/\/i0.wp.com\/noticiasribeiraopreto.com.br\/wp-content\/uploads\/2024\/01\/jovem-brasileiro-no-exterior.jpg?fit=1200%2C800&ssl=1&resize=700%2C400 2x, https:\/\/i0.wp.com\/noticiasribeiraopreto.com.br\/wp-content\/uploads\/2024\/01\/jovem-brasileiro-no-exterior.jpg?fit=1200%2C800&ssl=1&resize=1050%2C600 3x"},"classes":[]}],"jetpack_sharing_enabled":true,"jetpack_shortlink":"https:\/\/wp.me\/peQAOb-cq8","_links":{"self":[{"href":"https:\/\/noticiasribeiraopreto.com.br\/index.php\/wp-json\/wp\/v2\/posts\/47748","targetHints":{"allow":["GET"]}}],"collection":[{"href":"https:\/\/noticiasribeiraopreto.com.br\/index.php\/wp-json\/wp\/v2\/posts"}],"about":[{"href":"https:\/\/noticiasribeiraopreto.com.br\/index.php\/wp-json\/wp\/v2\/types\/post"}],"author":[{"embeddable":true,"href":"https:\/\/noticiasribeiraopreto.com.br\/index.php\/wp-json\/wp\/v2\/users\/1"}],"replies":[{"embeddable":true,"href":"https:\/\/noticiasribeiraopreto.com.br\/index.php\/wp-json\/wp\/v2\/comments?post=47748"}],"version-history":[{"count":0,"href":"https:\/\/noticiasribeiraopreto.com.br\/index.php\/wp-json\/wp\/v2\/posts\/47748\/revisions"}],"wp:attachment":[{"href":"https:\/\/noticiasribeiraopreto.com.br\/index.php\/wp-json\/wp\/v2\/media?parent=47748"}],"wp:term":[{"taxonomy":"category","embeddable":true,"href":"https:\/\/noticiasribeiraopreto.com.br\/index.php\/wp-json\/wp\/v2\/categories?post=47748"},{"taxonomy":"post_tag","embeddable":true,"href":"https:\/\/noticiasribeiraopreto.com.br\/index.php\/wp-json\/wp\/v2\/tags?post=47748"}],"curies":[{"name":"wp","href":"https:\/\/api.w.org\/{rel}","templated":true}]}}