{"id":47751,"date":"2024-04-28T09:57:03","date_gmt":"2024-04-28T12:57:03","guid":{"rendered":"https:\/\/noticiasribeiraopreto.com.br\/index.php\/2024\/04\/28\/nogueira-veta-criacao-de-loteria-em-ribeirao-preto-entenda\/"},"modified":"2024-04-28T09:57:03","modified_gmt":"2024-04-28T12:57:03","slug":"nogueira-veta-criacao-de-loteria-em-ribeirao-preto-entenda","status":"publish","type":"post","link":"https:\/\/noticiasribeiraopreto.com.br\/index.php\/2024\/04\/28\/nogueira-veta-criacao-de-loteria-em-ribeirao-preto-entenda\/","title":{"rendered":"Nogueira veta cria\u00e7\u00e3o de loteria em Ribeir\u00e3o Preto; Entenda"},"content":{"rendered":"<div class='code-block code-block-1' style='margin: 8px 0 8px auto; text-align: right; display: block; clear: both;'>\n<p><a href=\"https:\/\/wa.link\/vpicfd\"><img data-recalc-dims=\"1\" class=\"wp-image-4922\" style=\"aspect-ratio: 2.0253164556962027; width: 561px; height: auto;\" src=\"https:\/\/i0.wp.com\/ismaelcolosi.com.br\/wp-content\/uploads\/2023\/11\/grupo-de-empregos-whatsapp-e-facebook-ismael-colosi-vagas.jpg?ssl=1\" alt=\"\" \/><\/a><\/p>\n<!-- \/wp:image -->\n<\/div>\n<p> <br \/>\n<\/p>\n<div data-td-block-uid=\"tdi_101\">\n<div class=\"tdb-block-inner td-fix-index\">\n<p>O<strong> prefeito de Ribeir\u00e3o Preto<\/strong>, <strong>Duarte Nogueira<\/strong> (PSDB), vetou o projeto de lei aprovado pela <strong>C\u00e2mara Municipal <\/strong>que <strong>autorizava a cria\u00e7\u00e3o de um servi\u00e7o p\u00fablico de loteria municipal<\/strong>. <mark style=\"background-color:#fcb900\" class=\"has-inline-color\">A proposta havia sido aprovada pela C\u00e2mara Municipal no \u00faltimo dia 26 de mar\u00e7o.<\/mark><\/p>\n<p>Na ocasi\u00e3o, o substitutivo do <strong>projeto de lei 155\/2022<\/strong> recebeu 15 votos favor\u00e1veis e dois contr\u00e1rios. A proposta tinha objetivo de <strong>arrecadar recursos para seguridade social<\/strong> e <strong>financiamento de projetos em diversas secretarias<\/strong>.<\/p>\n<h3 class=\"wp-block-heading\"><strong>O veto<\/strong><\/h3>\n<p>Na justificativa do veto, o <strong>prefeito Duarte Nogueira<\/strong> apontou que a <strong>Constitui\u00e7\u00e3o Federal<\/strong> delimita a explora\u00e7\u00e3o sobre \u201csistemas de cons\u00f3rcios e sorteios\u201d \u00e0 Uni\u00e3o. Al\u00e9m disso, lembrou que o <strong>STF (Supremo Tribunal Federal)<\/strong>, deu entendimento para que apenas os estados, e n\u00e3o munic\u00edpios, pudessem, tamb\u00e9m, explorar esses servi\u00e7os.<\/p>\n<p>\u201cO Projeto de Lei foi cuidadoso em n\u00e3o inovar legislativamente sobre cons\u00f3rcios e sorteios, mas ele ainda padece de inconstitucionalidade, uma vez que pretende adaptar a legisla\u00e7\u00e3o federal \u00e0 presta\u00e7\u00e3o do servi\u00e7o de loterias no Munic\u00edpio de Ribeir\u00e3o Preto\u201d, aponta a justificativa.<\/p>\n<p>Agora, o veto do prefeito foi protocolado no Legislativo, e dever\u00e1 ser analisado pelas comiss\u00f5es da C\u00e2mara e pelo plen\u00e1rio, <strong>que pode acolher o veto ou derrub\u00e1-lo<\/strong>.<\/p>\n<hr class=\"wp-block-separator has-alpha-channel-opacity\"\/>\n<p>SAIBA MAIS<\/p>\n<p>Veja quem s\u00e3o os pr\u00e9-candidatos a prefeito de Ribeir\u00e3o Preto nas elei\u00e7\u00f5es de 2024<\/p>\n<h4 class=\"wp-block-heading\"><strong>FIQUE ON<\/strong><\/h4>\n<p>Fique ligado em tudo que acontece em Ribeir\u00e3o Preto e regi\u00e3o. Siga os perfis do\u00a0<strong>acidade on\u00a0<\/strong>no\u00a0<a href=\"https:\/\/www.instagram.com\/acidadeonribeirao\" target=\"_blank\" rel=\"noreferrer noopener\">Instagram<\/a>\u00a0e no\u00a0<a href=\"https:\/\/www.facebook.com\/acidadeonribeirao\" target=\"_blank\" rel=\"noreferrer noopener\">Facebook<\/a>.<\/p>\n<p>Receba not\u00edcias do<strong>\u00a0acidade on\u00a0<\/strong>no WhatsApp.\u00a0<a href=\"https:\/\/chat.whatsapp.com\/GFH9HUMUTHNFJdnyEd0xxq\" target=\"_blank\" rel=\"noreferrer noopener\">Para entrar no grupo, basta clicar aqui.<\/a><\/p>\n<p>Fa\u00e7a uma den\u00fancia ou sugira uma reportagem sobre Ribeir\u00e3o Preto e regi\u00e3o pelo WhatsApp: 16 99117 7802.<\/p>\n<p>VEJA TAMB\u00c9M<\/p>\n<p>Carolina Dieckmann grava para o document\u00e1rio de Davi<\/p>\n<p><!-- AI CONTENT END 1 -->\n<\/div>\n<\/div>\n<p><script async src=\"\/\/www.instagram.com\/embed.js\"><\/script><br \/>\n<br \/><br \/>\n<br \/><a href=\"https:\/\/www.acidadeon.com\/ribeiraopreto\/nevioarchibald\/nogueira-veta-criacao-de-loteria-em-ribeirao-preto-entenda\/\">Source link <\/a><\/p>\n<!-- CONTENT END 1 -->\n","protected":false},"excerpt":{"rendered":"<p>O prefeito de Ribeir\u00e3o Preto, Duarte Nogueira (PSDB), vetou o projeto de lei aprovado pela C\u00e2mara Municipal que autorizava a cria\u00e7\u00e3o de um servi\u00e7o p\u00fablico&#8230;<\/p>\n","protected":false},"author":1,"featured_media":47752,"comment_status":"open","ping_status":"open","sticky":false,"template":"","format":"standard","meta":{"advanced_seo_description":"","jetpack_seo_html_title":"","jetpack_seo_noindex":false,"jetpack_post_was_ever_published":false,"_jetpack_newsletter_access":"","_jetpack_dont_email_post_to_subs":false,"_jetpack_newsletter_tier_id":0,"_jetpack_memberships_contains_paywalled_content":false,"_jetpack_memberships_contains_paid_content":false,"footnotes":"","jetpack_publicize_message":"","jetpack_publicize_feature_enabled":true,"jetpack_social_post_already_shared":true,"jetpack_social_options":{"image_generator_settings":{"template":"highway","default_image_id":0,"font":"","enabled":false},"version":2}},"categories":[11],"tags":[],"class_list":["post-47751","post","type-post","status-publish","format-standard","has-post-thumbnail","hentry","category-noticias-de-ribeirao-preto-sp-e-regiao-ismael-colosi"],"jetpack_publicize_connections":[],"jetpack_featured_media_url":"https:\/\/i0.wp.com\/noticiasribeiraopreto.com.br\/wp-content\/uploads\/2024\/04\/AnyConv.com__WhatsApp-Image-2024-04-28-at-09.09.24.webp.webp?fit=1500%2C1000&ssl=1","jetpack-related-posts":[{"id":7725,"url":"https:\/\/noticiasribeiraopreto.com.br\/index.php\/2023\/11\/28\/nogueira-veta-cancelamento-de-multas-aplicadas-em-ribeirao-na-pandemia\/","url_meta":{"origin":47751,"position":0},"title":"Nogueira veta cancelamento de multas aplicadas em Ribeir\u00e3o na pandemia","author":"noticiasribeiraopreto.com.br","date":"28 de November de 2023","format":false,"excerpt":"O prefeito de Ribeir\u00e3o Preto, Duarte Nogueira (PSDB), vetou o projeto de lei complementar 51\/2023, que cancelava as multas administrativas aplicadas pelo munic\u00edpio durante a pandemia da covid-19. A proposta foi aprovada pela C\u00e2mara Municipal no \u00faltimo dia 26 de outubro. No veto encaminhado ao Legislativo, a prefeitura argumenta que\u2026","rel":"","context":"In &quot;Not\u00edcias de Ribeir\u00e3o Preto-SP e Regi\u00e3o&quot;","block_context":{"text":"Not\u00edcias de Ribeir\u00e3o Preto-SP e Regi\u00e3o","link":"https:\/\/noticiasribeiraopreto.com.br\/index.php\/category\/noticias-de-ribeirao-preto-sp-e-regiao-ismael-colosi\/"},"img":{"alt_text":"","src":"https:\/\/i0.wp.com\/noticiasribeiraopreto.com.br\/wp-content\/uploads\/2023\/11\/duarte-nogueira.jpeg?fit=1200%2C800&ssl=1&resize=350%2C200","width":350,"height":200,"srcset":"https:\/\/i0.wp.com\/noticiasribeiraopreto.com.br\/wp-content\/uploads\/2023\/11\/duarte-nogueira.jpeg?fit=1200%2C800&ssl=1&resize=350%2C200 1x, https:\/\/i0.wp.com\/noticiasribeiraopreto.com.br\/wp-content\/uploads\/2023\/11\/duarte-nogueira.jpeg?fit=1200%2C800&ssl=1&resize=525%2C300 1.5x, https:\/\/i0.wp.com\/noticiasribeiraopreto.com.br\/wp-content\/uploads\/2023\/11\/duarte-nogueira.jpeg?fit=1200%2C800&ssl=1&resize=700%2C400 2x, https:\/\/i0.wp.com\/noticiasribeiraopreto.com.br\/wp-content\/uploads\/2023\/11\/duarte-nogueira.jpeg?fit=1200%2C800&ssl=1&resize=1050%2C600 3x"},"classes":[]},{"id":37619,"url":"https:\/\/noticiasribeiraopreto.com.br\/index.php\/2024\/02\/17\/camara-acata-veto-a-projeto-cultural\/","url_meta":{"origin":47751,"position":1},"title":"C\u00e2mara acata veto a projeto cultural\u00a0","author":"noticiasribeiraopreto.com.br","date":"17 de February de 2024","format":false,"excerpt":"17 de fevereiro de 2024 | 10:0016 de fevereiro de 2024 | 18:29 0Os vereadores de Ribeir\u00e3o Preto acataram o veto do prefeito Duarte Nogueira (PSDB) ao projeto de lei de Duda Hidalgo (PT) que institu\u00eda a pol\u00edtica de incentivo ao artista ribeir\u00e3o-pretano. A proposta estabelecia que em todos eventos\u2026","rel":"","context":"In &quot;Not\u00edcias de Ribeir\u00e3o Preto-SP e Regi\u00e3o&quot;","block_context":{"text":"Not\u00edcias de Ribeir\u00e3o Preto-SP e Regi\u00e3o","link":"https:\/\/noticiasribeiraopreto.com.br\/index.php\/category\/noticias-de-ribeirao-preto-sp-e-regiao-ismael-colosi\/"},"img":{"alt_text":"","src":"https:\/\/i0.wp.com\/noticiasribeiraopreto.com.br\/wp-content\/uploads\/2024\/02\/Artista-Max-Gallao-Mesquita-02-scaled.jpg?fit=970%2C645&ssl=1&resize=350%2C200","width":350,"height":200,"srcset":"https:\/\/i0.wp.com\/noticiasribeiraopreto.com.br\/wp-content\/uploads\/2024\/02\/Artista-Max-Gallao-Mesquita-02-scaled.jpg?fit=970%2C645&ssl=1&resize=350%2C200 1x, https:\/\/i0.wp.com\/noticiasribeiraopreto.com.br\/wp-content\/uploads\/2024\/02\/Artista-Max-Gallao-Mesquita-02-scaled.jpg?fit=970%2C645&ssl=1&resize=525%2C300 1.5x, https:\/\/i0.wp.com\/noticiasribeiraopreto.com.br\/wp-content\/uploads\/2024\/02\/Artista-Max-Gallao-Mesquita-02-scaled.jpg?fit=970%2C645&ssl=1&resize=700%2C400 2x"},"classes":[]},{"id":66116,"url":"https:\/\/noticiasribeiraopreto.com.br\/index.php\/2025\/03\/28\/camara-de-ribeirao-preto-aprova-lei-que-proibe-contratacao-de-artistas-que-promovam-crime-ou-drogas\/","url_meta":{"origin":47751,"position":2},"title":"C\u00e2mara de Ribeir\u00e3o Preto aprova lei que pro\u00edbe contrata\u00e7\u00e3o de artistas que promovam crime ou drogas","author":"noticiasribeiraopreto.com.br","date":"28 de March de 2025","format":false,"excerpt":"A C\u00e2mara Municipal de Ribeir\u00e3o Preto aprovou, em sess\u00e3o realizada nesta quinta-feira (27), um projeto de lei que pro\u00edbe a contrata\u00e7\u00e3o, com recursos p\u00fablicos, de artistas cujas obras promovam ou fa\u00e7am apologia ao crime organizado, tr\u00e1fico de drogas, pedofilia ou outras atividades il\u00edcitas. A proposta, de autoria do vereador Matheus\u2026","rel":"","context":"In &quot;Not\u00edcias de Ribeir\u00e3o Preto-SP e Regi\u00e3o&quot;","block_context":{"text":"Not\u00edcias de Ribeir\u00e3o Preto-SP e Regi\u00e3o","link":"https:\/\/noticiasribeiraopreto.com.br\/index.php\/category\/noticias-de-ribeirao-preto-sp-e-regiao-ismael-colosi\/"},"img":{"alt_text":"","src":"https:\/\/i0.wp.com\/noticiasribeiraopreto.com.br\/wp-content\/uploads\/2025\/03\/1743153059_DSC5057-scaled.jpg?fit=1200%2C800&ssl=1&resize=350%2C200","width":350,"height":200,"srcset":"https:\/\/i0.wp.com\/noticiasribeiraopreto.com.br\/wp-content\/uploads\/2025\/03\/1743153059_DSC5057-scaled.jpg?fit=1200%2C800&ssl=1&resize=350%2C200 1x, https:\/\/i0.wp.com\/noticiasribeiraopreto.com.br\/wp-content\/uploads\/2025\/03\/1743153059_DSC5057-scaled.jpg?fit=1200%2C800&ssl=1&resize=525%2C300 1.5x, https:\/\/i0.wp.com\/noticiasribeiraopreto.com.br\/wp-content\/uploads\/2025\/03\/1743153059_DSC5057-scaled.jpg?fit=1200%2C800&ssl=1&resize=700%2C400 2x, https:\/\/i0.wp.com\/noticiasribeiraopreto.com.br\/wp-content\/uploads\/2025\/03\/1743153059_DSC5057-scaled.jpg?fit=1200%2C800&ssl=1&resize=1050%2C600 3x"},"classes":[]},{"id":44561,"url":"https:\/\/noticiasribeiraopreto.com.br\/index.php\/2024\/03\/28\/camara-aprova-loteria-municipal\/","url_meta":{"origin":47751,"position":3},"title":"C\u00e2mara aprova loteria municipal\u00a0 &#8211; Jornal Tribuna Ribeir\u00e3o","author":"noticiasribeiraopreto.com.br","date":"28 de March de 2024","format":false,"excerpt":"28 de mar\u00e7o de 2024 | 14:0028 de mar\u00e7o de 2024 | 12:01 0 A C\u00e2mara de Vereadores aprovou, na sess\u00e3o da \u00faltima ter\u00e7a-feira, 26 de mar\u00e7o, projeto de lei que pretende quer criar, em Ribeir\u00e3o Preto, o servi\u00e7o p\u00fablico de loteria municipal. Apesar da aprova\u00e7\u00e3o, a lei precisa ser\u2026","rel":"","context":"In &quot;Not\u00edcias de Ribeir\u00e3o Preto-SP e Regi\u00e3o&quot;","block_context":{"text":"Not\u00edcias de Ribeir\u00e3o Preto-SP e Regi\u00e3o","link":"https:\/\/noticiasribeiraopreto.com.br\/index.php\/category\/noticias-de-ribeirao-preto-sp-e-regiao-ismael-colosi\/"},"img":{"alt_text":"","src":"https:\/\/i0.wp.com\/noticiasribeiraopreto.com.br\/wp-content\/uploads\/2024\/03\/Loteria-Thaisa-Coroado-Camara.jpg?fit=750%2C500&ssl=1&resize=350%2C200","width":350,"height":200,"srcset":"https:\/\/i0.wp.com\/noticiasribeiraopreto.com.br\/wp-content\/uploads\/2024\/03\/Loteria-Thaisa-Coroado-Camara.jpg?fit=750%2C500&ssl=1&resize=350%2C200 1x, https:\/\/i0.wp.com\/noticiasribeiraopreto.com.br\/wp-content\/uploads\/2024\/03\/Loteria-Thaisa-Coroado-Camara.jpg?fit=750%2C500&ssl=1&resize=525%2C300 1.5x, https:\/\/i0.wp.com\/noticiasribeiraopreto.com.br\/wp-content\/uploads\/2024\/03\/Loteria-Thaisa-Coroado-Camara.jpg?fit=750%2C500&ssl=1&resize=700%2C400 2x"},"classes":[]},{"id":80520,"url":"https:\/\/noticiasribeiraopreto.com.br\/index.php\/2025\/12\/04\/coderp-quer-r-18-milhoes-para-acordo-judicial\/","url_meta":{"origin":47751,"position":4},"title":"Coderp quer R$ 18 milh\u00f5es para acordo judicial","author":"noticiasribeiraopreto.com.br","date":"4 de December de 2025","format":false,"excerpt":"\r \r \r 4 de dezembro de 2025 15:06 \r Compartilhar0 Projeto de Lei da prefeitura pedindo autoriza\u00e7\u00e3o dos vereadores para o repasse deu entrada no Legislativo municipal na quarta-feira, 3 de dezembro A Companhia de Desenvolvimento Econ\u00f4mico de Ribeir\u00e3o Preto (Coderp), em fase de liquida\u00e7\u00e3o pela administra\u00e7\u00e3o municipal, precisa\u2026","rel":"","context":"In &quot;Not\u00edcias de Ribeir\u00e3o Preto-SP e Regi\u00e3o&quot;","block_context":{"text":"Not\u00edcias de Ribeir\u00e3o Preto-SP e Regi\u00e3o","link":"https:\/\/noticiasribeiraopreto.com.br\/index.php\/category\/noticias-de-ribeirao-preto-sp-e-regiao-ismael-colosi\/"},"img":{"alt_text":"","src":"https:\/\/i0.wp.com\/noticiasribeiraopreto.com.br\/wp-content\/uploads\/2025\/12\/coderp.jpeg?fit=550%2C367&ssl=1&resize=350%2C200","width":350,"height":200,"srcset":"https:\/\/i0.wp.com\/noticiasribeiraopreto.com.br\/wp-content\/uploads\/2025\/12\/coderp.jpeg?fit=550%2C367&ssl=1&resize=350%2C200 1x, https:\/\/i0.wp.com\/noticiasribeiraopreto.com.br\/wp-content\/uploads\/2025\/12\/coderp.jpeg?fit=550%2C367&ssl=1&resize=525%2C300 1.5x"},"classes":[]},{"id":54210,"url":"https:\/\/noticiasribeiraopreto.com.br\/index.php\/2024\/07\/05\/camara-aprova-diretrizes-orcamentarias-de-r-49-bilhoes-para-o-proximo-prefeito-de-ribeirao\/","url_meta":{"origin":47751,"position":5},"title":"C\u00e2mara aprova diretrizes or\u00e7ament\u00e1rias de R$ 4,9 bilh\u00f5es para o pr\u00f3ximo prefeito de Ribeir\u00e3o","author":"noticiasribeiraopreto.com.br","date":"5 de July de 2024","format":false,"excerpt":"A C\u00e2mara Municipal de Ribeir\u00e3o Preto aprovou na \u00faltima quinta-feira (4), em primeira discuss\u00e3o, o projeto de LDO (Lei das Diretrizes Or\u00e7ament\u00e1rias) para 2025, quando assume o pr\u00f3ximo prefeito de Ribeir\u00e3o Preto. Segundo a proposta, a LDO prev\u00ea or\u00e7amento de R$ 4.934.477.341,00, o que representa um aumento na estimativa de\u2026","rel":"","context":"In &quot;Not\u00edcias de Ribeir\u00e3o Preto-SP e Regi\u00e3o&quot;","block_context":{"text":"Not\u00edcias de Ribeir\u00e3o Preto-SP e Regi\u00e3o","link":"https:\/\/noticiasribeiraopreto.com.br\/index.php\/category\/noticias-de-ribeirao-preto-sp-e-regiao-ismael-colosi\/"},"img":{"alt_text":"","src":"https:\/\/i0.wp.com\/noticiasribeiraopreto.com.br\/wp-content\/uploads\/2024\/07\/camara-de-ribeirao-preto_2024-07-05_18-35-41_jpg_2024-07-05_18-35-42-scaled.webp.webp?fit=1200%2C800&ssl=1&resize=350%2C200","width":350,"height":200,"srcset":"https:\/\/i0.wp.com\/noticiasribeiraopreto.com.br\/wp-content\/uploads\/2024\/07\/camara-de-ribeirao-preto_2024-07-05_18-35-41_jpg_2024-07-05_18-35-42-scaled.webp.webp?fit=1200%2C800&ssl=1&resize=350%2C200 1x, https:\/\/i0.wp.com\/noticiasribeiraopreto.com.br\/wp-content\/uploads\/2024\/07\/camara-de-ribeirao-preto_2024-07-05_18-35-41_jpg_2024-07-05_18-35-42-scaled.webp.webp?fit=1200%2C800&ssl=1&resize=525%2C300 1.5x, https:\/\/i0.wp.com\/noticiasribeiraopreto.com.br\/wp-content\/uploads\/2024\/07\/camara-de-ribeirao-preto_2024-07-05_18-35-41_jpg_2024-07-05_18-35-42-scaled.webp.webp?fit=1200%2C800&ssl=1&resize=700%2C400 2x, https:\/\/i0.wp.com\/noticiasribeiraopreto.com.br\/wp-content\/uploads\/2024\/07\/camara-de-ribeirao-preto_2024-07-05_18-35-41_jpg_2024-07-05_18-35-42-scaled.webp.webp?fit=1200%2C800&ssl=1&resize=1050%2C600 3x"},"classes":[]}],"jetpack_sharing_enabled":true,"jetpack_shortlink":"https:\/\/wp.me\/peQAOb-cqb","_links":{"self":[{"href":"https:\/\/noticiasribeiraopreto.com.br\/index.php\/wp-json\/wp\/v2\/posts\/47751","targetHints":{"allow":["GET"]}}],"collection":[{"href":"https:\/\/noticiasribeiraopreto.com.br\/index.php\/wp-json\/wp\/v2\/posts"}],"about":[{"href":"https:\/\/noticiasribeiraopreto.com.br\/index.php\/wp-json\/wp\/v2\/types\/post"}],"author":[{"embeddable":true,"href":"https:\/\/noticiasribeiraopreto.com.br\/index.php\/wp-json\/wp\/v2\/users\/1"}],"replies":[{"embeddable":true,"href":"https:\/\/noticiasribeiraopreto.com.br\/index.php\/wp-json\/wp\/v2\/comments?post=47751"}],"version-history":[{"count":0,"href":"https:\/\/noticiasribeiraopreto.com.br\/index.php\/wp-json\/wp\/v2\/posts\/47751\/revisions"}],"wp:featuredmedia":[{"embeddable":true,"href":"https:\/\/noticiasribeiraopreto.com.br\/index.php\/wp-json\/wp\/v2\/media\/47752"}],"wp:attachment":[{"href":"https:\/\/noticiasribeiraopreto.com.br\/index.php\/wp-json\/wp\/v2\/media?parent=47751"}],"wp:term":[{"taxonomy":"category","embeddable":true,"href":"https:\/\/noticiasribeiraopreto.com.br\/index.php\/wp-json\/wp\/v2\/categories?post=47751"},{"taxonomy":"post_tag","embeddable":true,"href":"https:\/\/noticiasribeiraopreto.com.br\/index.php\/wp-json\/wp\/v2\/tags?post=47751"}],"curies":[{"name":"wp","href":"https:\/\/api.w.org\/{rel}","templated":true}]}}