{"id":47754,"date":"2024-04-28T10:37:54","date_gmt":"2024-04-28T13:37:54","guid":{"rendered":"https:\/\/noticiasribeiraopreto.com.br\/index.php\/2024\/04\/28\/mulher-leva-choque-em-supermercado-da-zona-sul-de-ribeirao-bombeiros-foram-acionados\/"},"modified":"2024-04-28T10:37:54","modified_gmt":"2024-04-28T13:37:54","slug":"mulher-leva-choque-em-supermercado-da-zona-sul-de-ribeirao-bombeiros-foram-acionados","status":"publish","type":"post","link":"https:\/\/noticiasribeiraopreto.com.br\/index.php\/2024\/04\/28\/mulher-leva-choque-em-supermercado-da-zona-sul-de-ribeirao-bombeiros-foram-acionados\/","title":{"rendered":"Mulher leva choque em supermercado da zona Sul de Ribeir\u00e3o; Bombeiros foram acionados"},"content":{"rendered":"<div class='code-block code-block-1' style='margin: 8px 0 8px auto; text-align: right; display: block; clear: both;'>\n<p><a href=\"https:\/\/wa.link\/vpicfd\"><img data-recalc-dims=\"1\" class=\"wp-image-4922\" style=\"aspect-ratio: 2.0253164556962027; width: 561px; height: auto;\" src=\"https:\/\/i0.wp.com\/ismaelcolosi.com.br\/wp-content\/uploads\/2023\/11\/grupo-de-empregos-whatsapp-e-facebook-ismael-colosi-vagas.jpg?ssl=1\" alt=\"\" \/><\/a><\/p>\n<!-- \/wp:image -->\n<\/div>\n<p> <br \/>\n<\/p>\n<div data-td-block-uid=\"tdi_101\">\n<div class=\"tdb-block-inner td-fix-index\">\n<p>O <strong>Corpo de Bombeiros<\/strong> foi acionado para socorrer uma <strong>mulher<\/strong>, na manh\u00e3 deste domingo (28), ap\u00f3s ela ter sofrido um <strong>choque el\u00e9trico<\/strong> no interior de um supermercado.<\/p>\n<p>O caso aconteceu na avenida Professor Jo\u00e3o Fi\u00fasa, na zona Sul de <strong>Ribeir\u00e3o Preto<\/strong>. O nome e a idade da mulher n\u00e3o foram revelados.<\/p>\n<p>De acordo com as primeiras informa\u00e7\u00f5es fornecidas pelo \u00f3rg\u00e3o, <mark style=\"background-color:#fcb900\" class=\"has-inline-color\">a v\u00edtima esta inconsciente e com dificuldades para respirar.<\/mark><\/p>\n<p>Ainda<strong> n\u00e3o se sabe o que causou o choque el\u00e9trico na v\u00edtima<\/strong>. Uma equipe dos bombeiros est\u00e1 prestando atendimento no local.<\/p>\n<hr class=\"wp-block-separator has-alpha-channel-opacity\"\/>\n<p>SAIBA MAIS<\/p>\n<p>Carro bate em bomba de combust\u00edvel e causa inc\u00eandio em posto de Ribeir\u00e3o Preto<\/p>\n<h4 class=\"wp-block-heading\"><strong>FIQUE ON<\/strong><\/h4>\n<p>Fique ligado em tudo que acontece em Ribeir\u00e3o Preto e regi\u00e3o. Siga os perfis do\u00a0<strong>acidade on\u00a0<\/strong>no\u00a0<a href=\"https:\/\/www.instagram.com\/acidadeonribeirao\" target=\"_blank\" rel=\"noreferrer noopener\">Instagram<\/a>\u00a0e no\u00a0<a href=\"https:\/\/www.facebook.com\/acidadeonribeirao\" target=\"_blank\" rel=\"noreferrer noopener\">Facebook<\/a>.<\/p>\n<p>Receba not\u00edcias do acidade on no WhatsApp. Para entrar no grupo, basta\u00a0<a href=\"https:\/\/chat.whatsapp.com\/GFH9HUMUTHNFJdnyEd0xxq\" target=\"_blank\" rel=\"noreferrer noopener\">clicar aqui<\/a>.<\/p>\n<p>Fa\u00e7a uma den\u00fancia ou sugira uma reportagem sobre Ribeir\u00e3o Preto e regi\u00e3o pelo WhatsApp: 16 99117 7802.<\/p>\n<p>VEJA TAMB\u00c9M<\/p>\n<p>O que aconteceu com as acrobatas do \u201cCandelabro Humano\u201d?<\/p>\n<p><!-- AI CONTENT END 1 -->\n<\/div>\n<\/div>\n<p><script async src=\"\/\/www.instagram.com\/embed.js\"><\/script><br \/>\n<br \/><br \/>\n<br \/><a href=\"https:\/\/www.acidadeon.com\/ribeiraopreto\/cotidiano\/mulher-leva-choque-em-supermercado-da-zona-sul-de-ribeirao-bombeiros-foram-acionados\/\">Source link <\/a><\/p>\n<!-- CONTENT END 1 -->\n","protected":false},"excerpt":{"rendered":"<p>O Corpo de Bombeiros foi acionado para socorrer uma mulher, na manh\u00e3 deste domingo (28), ap\u00f3s ela ter sofrido um choque el\u00e9trico no interior de&#8230;<\/p>\n","protected":false},"author":1,"featured_media":47755,"comment_status":"open","ping_status":"open","sticky":false,"template":"","format":"standard","meta":{"advanced_seo_description":"","jetpack_seo_html_title":"","jetpack_seo_noindex":false,"jetpack_post_was_ever_published":false,"_jetpack_newsletter_access":"","_jetpack_dont_email_post_to_subs":false,"_jetpack_newsletter_tier_id":0,"_jetpack_memberships_contains_paywalled_content":false,"_jetpack_memberships_contains_paid_content":false,"footnotes":"","jetpack_publicize_message":"","jetpack_publicize_feature_enabled":true,"jetpack_social_post_already_shared":true,"jetpack_social_options":{"image_generator_settings":{"template":"highway","default_image_id":0,"font":"","enabled":false},"version":2}},"categories":[11],"tags":[],"class_list":["post-47754","post","type-post","status-publish","format-standard","has-post-thumbnail","hentry","category-noticias-de-ribeirao-preto-sp-e-regiao-ismael-colosi"],"jetpack_publicize_connections":[],"jetpack_featured_media_url":"https:\/\/i0.wp.com\/noticiasribeiraopreto.com.br\/wp-content\/uploads\/2024\/04\/1714311474_BOMBEIROS.jpg?fit=1200%2C674&ssl=1","jetpack-related-posts":[{"id":47776,"url":"https:\/\/noticiasribeiraopreto.com.br\/index.php\/2024\/04\/28\/carreta-pega-fogo-apos-acidente-na-rodovia-anhanguera-na-regiao-de-ribeirao-preto\/","url_meta":{"origin":47754,"position":0},"title":"Carreta pega fogo ap\u00f3s acidente na rodovia Anhanguera na regi\u00e3o de Ribeir\u00e3o Preto","author":"noticiasribeiraopreto.com.br","date":"28 de April de 2024","format":false,"excerpt":"Um acidente ocorrido no final da manh\u00e3 deste domingo (28) provocou a interdi\u00e7\u00e3o da rodovia Anhanguera (SP-330) pr\u00f3ximo ao km 240, em Santa Rita do Passa Quatro, cidade a aproximadamente 80 quil\u00f4metros de Ribeir\u00e3o Preto. De acordo com a concession\u00e1ria ViaPaulista, equipes foram acionadas para atender uma ocorr\u00eancia de choque\u2026","rel":"","context":"In &quot;Not\u00edcias de Ribeir\u00e3o Preto-SP e Regi\u00e3o&quot;","block_context":{"text":"Not\u00edcias de Ribeir\u00e3o Preto-SP e Regi\u00e3o","link":"https:\/\/noticiasribeiraopreto.com.br\/index.php\/category\/noticias-de-ribeirao-preto-sp-e-regiao-ismael-colosi\/"},"img":{"alt_text":"","src":"https:\/\/i0.wp.com\/noticiasribeiraopreto.com.br\/wp-content\/uploads\/2024\/04\/Copia-de-Copia-de-TAMANHO-EXATO-PARA-FOTOS-NO-SISTEMA-NOVO-16_2024-04-28_17-42-16_png.webp.webp?fit=1200%2C675&ssl=1&resize=350%2C200","width":350,"height":200,"srcset":"https:\/\/i0.wp.com\/noticiasribeiraopreto.com.br\/wp-content\/uploads\/2024\/04\/Copia-de-Copia-de-TAMANHO-EXATO-PARA-FOTOS-NO-SISTEMA-NOVO-16_2024-04-28_17-42-16_png.webp.webp?fit=1200%2C675&ssl=1&resize=350%2C200 1x, https:\/\/i0.wp.com\/noticiasribeiraopreto.com.br\/wp-content\/uploads\/2024\/04\/Copia-de-Copia-de-TAMANHO-EXATO-PARA-FOTOS-NO-SISTEMA-NOVO-16_2024-04-28_17-42-16_png.webp.webp?fit=1200%2C675&ssl=1&resize=525%2C300 1.5x, https:\/\/i0.wp.com\/noticiasribeiraopreto.com.br\/wp-content\/uploads\/2024\/04\/Copia-de-Copia-de-TAMANHO-EXATO-PARA-FOTOS-NO-SISTEMA-NOVO-16_2024-04-28_17-42-16_png.webp.webp?fit=1200%2C675&ssl=1&resize=700%2C400 2x, https:\/\/i0.wp.com\/noticiasribeiraopreto.com.br\/wp-content\/uploads\/2024\/04\/Copia-de-Copia-de-TAMANHO-EXATO-PARA-FOTOS-NO-SISTEMA-NOVO-16_2024-04-28_17-42-16_png.webp.webp?fit=1200%2C675&ssl=1&resize=1050%2C600 3x"},"classes":[]},{"id":57521,"url":"https:\/\/noticiasribeiraopreto.com.br\/index.php\/2024\/09\/03\/acidente-entre-carro-e-onibus-deixa-uma-mulher-ferida-em-ribeirao\/","url_meta":{"origin":47754,"position":1},"title":"Acidente entre carro e \u00f4nibus deixa uma mulher ferida em Ribeir\u00e3o","author":"noticiasribeiraopreto.com.br","date":"3 de September de 2024","format":false,"excerpt":"Um acidente entre um \u00f4nibus e um carro, na manh\u00e3 desta ter\u00e7a-feira (3), deixou uma mulher ferida no bairro Ant\u00f4nio Palocci, zona Oeste de Ribeir\u00e3o Preto. A v\u00edtima, que n\u00e3o teve a identidade revelada, ficou presa nas ferragens. O Corpo de Bombeiros foi acionado e precisou cortar o ve\u00edculo para\u2026","rel":"","context":"In &quot;Not\u00edcias de Ribeir\u00e3o Preto-SP e Regi\u00e3o&quot;","block_context":{"text":"Not\u00edcias de Ribeir\u00e3o Preto-SP e Regi\u00e3o","link":"https:\/\/noticiasribeiraopreto.com.br\/index.php\/category\/noticias-de-ribeirao-preto-sp-e-regiao-ismael-colosi\/"},"img":{"alt_text":"","src":"https:\/\/i0.wp.com\/noticiasribeiraopreto.com.br\/wp-content\/uploads\/2024\/09\/Imagem-do-WhatsApp-de-2024-09-03-as-12.03.56_7e869bb8_2024-09-03_15-12-14_jpg_2024-09-03_15-12-14.webp.webp?fit=1187%2C844&ssl=1&resize=350%2C200","width":350,"height":200,"srcset":"https:\/\/i0.wp.com\/noticiasribeiraopreto.com.br\/wp-content\/uploads\/2024\/09\/Imagem-do-WhatsApp-de-2024-09-03-as-12.03.56_7e869bb8_2024-09-03_15-12-14_jpg_2024-09-03_15-12-14.webp.webp?fit=1187%2C844&ssl=1&resize=350%2C200 1x, https:\/\/i0.wp.com\/noticiasribeiraopreto.com.br\/wp-content\/uploads\/2024\/09\/Imagem-do-WhatsApp-de-2024-09-03-as-12.03.56_7e869bb8_2024-09-03_15-12-14_jpg_2024-09-03_15-12-14.webp.webp?fit=1187%2C844&ssl=1&resize=525%2C300 1.5x, https:\/\/i0.wp.com\/noticiasribeiraopreto.com.br\/wp-content\/uploads\/2024\/09\/Imagem-do-WhatsApp-de-2024-09-03-as-12.03.56_7e869bb8_2024-09-03_15-12-14_jpg_2024-09-03_15-12-14.webp.webp?fit=1187%2C844&ssl=1&resize=700%2C400 2x, https:\/\/i0.wp.com\/noticiasribeiraopreto.com.br\/wp-content\/uploads\/2024\/09\/Imagem-do-WhatsApp-de-2024-09-03-as-12.03.56_7e869bb8_2024-09-03_15-12-14_jpg_2024-09-03_15-12-14.webp.webp?fit=1187%2C844&ssl=1&resize=1050%2C600 3x"},"classes":[]},{"id":85134,"url":"https:\/\/noticiasribeiraopreto.com.br\/index.php\/2026\/04\/22\/trabalhador-morre-apos-choque-entre-empilhadeiras\/","url_meta":{"origin":47754,"position":2},"title":"Trabalhador morre ap\u00f3s choque entre empilhadeiras","author":"noticiasribeiraopreto.com.br","date":"22 de April de 2026","format":false,"excerpt":"\r Acidente ocorreu em galp\u00e3o de centro log\u00edstico \u00e0s margens da Rodovia Anhanguera, em Ribeir\u00e3o Preto\r \r 22 de abril de 2026 10:16 \r Compartilhar2 Por: Adalberto Luque Um homem que n\u00e3o teve a identidade revelada morreu, na tarde desta ter\u00e7a-feira (21), ap\u00f3s um acidente de trabalho. A fatalidade ocorreu\u2026","rel":"","context":"In &quot;Not\u00edcias de Ribeir\u00e3o Preto-SP e Regi\u00e3o&quot;","block_context":{"text":"Not\u00edcias de Ribeir\u00e3o Preto-SP e Regi\u00e3o","link":"https:\/\/noticiasribeiraopreto.com.br\/index.php\/category\/noticias-de-ribeirao-preto-sp-e-regiao-ismael-colosi\/"},"img":{"alt_text":"","src":"https:\/\/i0.wp.com\/noticiasribeiraopreto.com.br\/wp-content\/uploads\/2026\/04\/22-abr-2026-acidenteempilhadeiraslogo.jpg?fit=899%2C899&ssl=1&resize=350%2C200","width":350,"height":200,"srcset":"https:\/\/i0.wp.com\/noticiasribeiraopreto.com.br\/wp-content\/uploads\/2026\/04\/22-abr-2026-acidenteempilhadeiraslogo.jpg?fit=899%2C899&ssl=1&resize=350%2C200 1x, https:\/\/i0.wp.com\/noticiasribeiraopreto.com.br\/wp-content\/uploads\/2026\/04\/22-abr-2026-acidenteempilhadeiraslogo.jpg?fit=899%2C899&ssl=1&resize=525%2C300 1.5x, https:\/\/i0.wp.com\/noticiasribeiraopreto.com.br\/wp-content\/uploads\/2026\/04\/22-abr-2026-acidenteempilhadeiraslogo.jpg?fit=899%2C899&ssl=1&resize=700%2C400 2x"},"classes":[]},{"id":31646,"url":"https:\/\/noticiasribeiraopreto.com.br\/index.php\/2024\/01\/22\/vitima-e-socorrida-apos-inalar-fumaca-de-incendio-em-casa-na-zona-sul-de-ribeirao\/","url_meta":{"origin":47754,"position":3},"title":"V\u00edtima \u00e9 socorrida ap\u00f3s inalar fuma\u00e7a de inc\u00eandio em casa na zona sul de Ribeir\u00e3o","author":"noticiasribeiraopreto.com.br","date":"22 de January de 2024","format":false,"excerpt":"Uma pessoa foi socorrida ap\u00f3s inalar fuma\u00e7a de um inc\u00eandio em uma casa, dentro de um condom\u00ednio, no distrito de Bonfim Paulista, na zona Sul de Ribeir\u00e3o Preto, no come\u00e7o da noite desta segunda-feira (22). O condom\u00ednio fica na marginal Hermenegildo Ulian. O Corpo de Bombeiros foi acionado e est\u00e1\u2026","rel":"","context":"In &quot;Not\u00edcias de Ribeir\u00e3o Preto-SP e Regi\u00e3o&quot;","block_context":{"text":"Not\u00edcias de Ribeir\u00e3o Preto-SP e Regi\u00e3o","link":"https:\/\/noticiasribeiraopreto.com.br\/index.php\/category\/noticias-de-ribeirao-preto-sp-e-regiao-ismael-colosi\/"},"img":{"alt_text":"","src":"https:\/\/i0.wp.com\/noticiasribeiraopreto.com.br\/wp-content\/uploads\/2024\/01\/1705977654_WhatsApp-Image-2023-10-01-at-15.55.52.jpeg?fit=1024%2C576&ssl=1&resize=350%2C200","width":350,"height":200,"srcset":"https:\/\/i0.wp.com\/noticiasribeiraopreto.com.br\/wp-content\/uploads\/2024\/01\/1705977654_WhatsApp-Image-2023-10-01-at-15.55.52.jpeg?fit=1024%2C576&ssl=1&resize=350%2C200 1x, https:\/\/i0.wp.com\/noticiasribeiraopreto.com.br\/wp-content\/uploads\/2024\/01\/1705977654_WhatsApp-Image-2023-10-01-at-15.55.52.jpeg?fit=1024%2C576&ssl=1&resize=525%2C300 1.5x, https:\/\/i0.wp.com\/noticiasribeiraopreto.com.br\/wp-content\/uploads\/2024\/01\/1705977654_WhatsApp-Image-2023-10-01-at-15.55.52.jpeg?fit=1024%2C576&ssl=1&resize=700%2C400 2x"},"classes":[]},{"id":65710,"url":"https:\/\/noticiasribeiraopreto.com.br\/index.php\/2025\/03\/23\/homem-morre-apos-levar-choque-eletrico-durante-limpeza\/","url_meta":{"origin":47754,"position":4},"title":"Homem morre ap\u00f3s levar choque el\u00e9trico durante limpeza","author":"noticiasribeiraopreto.com.br","date":"23 de March de 2025","format":false,"excerpt":"Um homem de 41 anos morreu no \u00faltimo s\u00e1bado (22) depois de levar um choque el\u00e9trico em Franca, no interior de S\u00e3o Paulo. O acidente aconteceu na casa onde a v\u00edtima morava com a esposa. De acordo com a Pol\u00edcia Civil, Franklin de Souza estaria fazendo limpeza no local, onde\u2026","rel":"","context":"In &quot;Not\u00edcias de Ribeir\u00e3o Preto-SP e Regi\u00e3o&quot;","block_context":{"text":"Not\u00edcias de Ribeir\u00e3o Preto-SP e Regi\u00e3o","link":"https:\/\/noticiasribeiraopreto.com.br\/index.php\/category\/noticias-de-ribeirao-preto-sp-e-regiao-ismael-colosi\/"},"img":{"alt_text":"","src":"https:\/\/i0.wp.com\/noticiasribeiraopreto.com.br\/wp-content\/uploads\/2025\/02\/samu__1200x675_19112021164159_2025-02-20_15-19-02_jpg_2025-02-20_15-19-02.webp.webp?fit=1200%2C674&ssl=1&resize=350%2C200","width":350,"height":200,"srcset":"https:\/\/i0.wp.com\/noticiasribeiraopreto.com.br\/wp-content\/uploads\/2025\/02\/samu__1200x675_19112021164159_2025-02-20_15-19-02_jpg_2025-02-20_15-19-02.webp.webp?fit=1200%2C674&ssl=1&resize=350%2C200 1x, https:\/\/i0.wp.com\/noticiasribeiraopreto.com.br\/wp-content\/uploads\/2025\/02\/samu__1200x675_19112021164159_2025-02-20_15-19-02_jpg_2025-02-20_15-19-02.webp.webp?fit=1200%2C674&ssl=1&resize=525%2C300 1.5x, https:\/\/i0.wp.com\/noticiasribeiraopreto.com.br\/wp-content\/uploads\/2025\/02\/samu__1200x675_19112021164159_2025-02-20_15-19-02_jpg_2025-02-20_15-19-02.webp.webp?fit=1200%2C674&ssl=1&resize=700%2C400 2x, https:\/\/i0.wp.com\/noticiasribeiraopreto.com.br\/wp-content\/uploads\/2025\/02\/samu__1200x675_19112021164159_2025-02-20_15-19-02_jpg_2025-02-20_15-19-02.webp.webp?fit=1200%2C674&ssl=1&resize=1050%2C600 3x"},"classes":[]},{"id":31601,"url":"https:\/\/noticiasribeiraopreto.com.br\/index.php\/2024\/01\/22\/vitima-e-socorrida-apos-inalar-fumaca-de-incendio-em-casa-da-zona-sul-de-ribeirao\/","url_meta":{"origin":47754,"position":5},"title":"V\u00edtima \u00e9 socorrida ap\u00f3s inalar fuma\u00e7a de inc\u00eandio em casa da zona sul de Ribeir\u00e3o","author":"noticiasribeiraopreto.com.br","date":"22 de January de 2024","format":false,"excerpt":"Uma pessoa foi socorrida ap\u00f3s inalar fuma\u00e7a de um inc\u00eandio em uma casa, dentro de um condom\u00ednio, no distrito de Bonfim Paulista, na zona Sul de Ribeir\u00e3o Preto, no come\u00e7o da noite desta segunda-feira (22). O condom\u00ednio fica na marginal Hermenegildo Ulian. O Corpo de Bombeiros foi acionado e est\u00e1\u2026","rel":"","context":"In &quot;Not\u00edcias de Ribeir\u00e3o Preto-SP e Regi\u00e3o&quot;","block_context":{"text":"Not\u00edcias de Ribeir\u00e3o Preto-SP e Regi\u00e3o","link":"https:\/\/noticiasribeiraopreto.com.br\/index.php\/category\/noticias-de-ribeirao-preto-sp-e-regiao-ismael-colosi\/"},"img":{"alt_text":"","src":"https:\/\/i0.wp.com\/noticiasribeiraopreto.com.br\/wp-content\/uploads\/2024\/01\/WhatsApp-Image-2023-10-01-at-15.55.52.jpeg?fit=1024%2C576&ssl=1&resize=350%2C200","width":350,"height":200,"srcset":"https:\/\/i0.wp.com\/noticiasribeiraopreto.com.br\/wp-content\/uploads\/2024\/01\/WhatsApp-Image-2023-10-01-at-15.55.52.jpeg?fit=1024%2C576&ssl=1&resize=350%2C200 1x, https:\/\/i0.wp.com\/noticiasribeiraopreto.com.br\/wp-content\/uploads\/2024\/01\/WhatsApp-Image-2023-10-01-at-15.55.52.jpeg?fit=1024%2C576&ssl=1&resize=525%2C300 1.5x, https:\/\/i0.wp.com\/noticiasribeiraopreto.com.br\/wp-content\/uploads\/2024\/01\/WhatsApp-Image-2023-10-01-at-15.55.52.jpeg?fit=1024%2C576&ssl=1&resize=700%2C400 2x"},"classes":[]}],"jetpack_sharing_enabled":true,"jetpack_shortlink":"https:\/\/wp.me\/peQAOb-cqe","_links":{"self":[{"href":"https:\/\/noticiasribeiraopreto.com.br\/index.php\/wp-json\/wp\/v2\/posts\/47754","targetHints":{"allow":["GET"]}}],"collection":[{"href":"https:\/\/noticiasribeiraopreto.com.br\/index.php\/wp-json\/wp\/v2\/posts"}],"about":[{"href":"https:\/\/noticiasribeiraopreto.com.br\/index.php\/wp-json\/wp\/v2\/types\/post"}],"author":[{"embeddable":true,"href":"https:\/\/noticiasribeiraopreto.com.br\/index.php\/wp-json\/wp\/v2\/users\/1"}],"replies":[{"embeddable":true,"href":"https:\/\/noticiasribeiraopreto.com.br\/index.php\/wp-json\/wp\/v2\/comments?post=47754"}],"version-history":[{"count":0,"href":"https:\/\/noticiasribeiraopreto.com.br\/index.php\/wp-json\/wp\/v2\/posts\/47754\/revisions"}],"wp:featuredmedia":[{"embeddable":true,"href":"https:\/\/noticiasribeiraopreto.com.br\/index.php\/wp-json\/wp\/v2\/media\/47755"}],"wp:attachment":[{"href":"https:\/\/noticiasribeiraopreto.com.br\/index.php\/wp-json\/wp\/v2\/media?parent=47754"}],"wp:term":[{"taxonomy":"category","embeddable":true,"href":"https:\/\/noticiasribeiraopreto.com.br\/index.php\/wp-json\/wp\/v2\/categories?post=47754"},{"taxonomy":"post_tag","embeddable":true,"href":"https:\/\/noticiasribeiraopreto.com.br\/index.php\/wp-json\/wp\/v2\/tags?post=47754"}],"curies":[{"name":"wp","href":"https:\/\/api.w.org\/{rel}","templated":true}]}}