{"id":47756,"date":"2024-04-28T11:16:42","date_gmt":"2024-04-28T14:16:42","guid":{"rendered":"https:\/\/noticiasribeiraopreto.com.br\/index.php\/2024\/04\/28\/como-fica-o-tempo-no-interior-de-sp-veja-previsao-para-os-proximos-dias\/"},"modified":"2024-04-28T11:16:42","modified_gmt":"2024-04-28T14:16:42","slug":"como-fica-o-tempo-no-interior-de-sp-veja-previsao-para-os-proximos-dias","status":"publish","type":"post","link":"https:\/\/noticiasribeiraopreto.com.br\/index.php\/2024\/04\/28\/como-fica-o-tempo-no-interior-de-sp-veja-previsao-para-os-proximos-dias\/","title":{"rendered":"Como fica o tempo no interior de SP? Veja previs\u00e3o para os pr\u00f3ximos dias"},"content":{"rendered":"<div class='code-block code-block-1' style='margin: 8px 0 8px auto; text-align: right; display: block; clear: both;'>\n<p><a href=\"https:\/\/wa.link\/vpicfd\"><img data-recalc-dims=\"1\" class=\"wp-image-4922\" style=\"aspect-ratio: 2.0253164556962027; width: 561px; height: auto;\" src=\"https:\/\/i0.wp.com\/ismaelcolosi.com.br\/wp-content\/uploads\/2023\/11\/grupo-de-empregos-whatsapp-e-facebook-ismael-colosi-vagas.jpg?ssl=1\" alt=\"\" \/><\/a><\/p>\n<!-- \/wp:image -->\n<\/div>\n<p> <br \/>\n<\/p>\n<div>\n<p>Uma grande <strong>\u00e1rea de alta press\u00e3o<\/strong> vai continuar inibindo a forma\u00e7\u00e3o de nuvens carregadas sobre a maior parte do <strong>interior do estado de S\u00e3o Paulo<\/strong> nos pr\u00f3ximos dias, de acordo com a meteorologia. O\u00a0<strong>Inmet<\/strong>\u00a0(Instituto Nacional de Meteorologia)\u00a0<strong>emitiu neste s\u00e1bado<\/strong>\u00a0(27), um\u00a0<strong>aviso de perigo<\/strong>\u00a0provocado por\u00a0<strong>altas temperaturas.<\/strong><\/p>\n<p>De acordo com a <strong>Climatempo<\/strong>, o domingo (28), deve ser de <strong>sol <\/strong>e <strong>temperaturas elevadas \u00e0 tarde<\/strong>. Inclusive, o ar fica <strong>muito seco<\/strong> em cidades do <strong>interior paulista.<\/strong><\/p>\n<p>Vale ressaltar que a <strong>umidade relativa do ar<\/strong> deve ficar <strong>abaixo dos 30%<\/strong> em cidades como <strong>Ribeir\u00e3o Preto<\/strong>, S\u00e3o Carlos, Campinas e a capital paulista.<\/p>\n<h2 class=\"wp-block-heading\"><strong>Como fica o clima em Ribeir\u00e3o Preto?<\/strong><\/h2>\n<p>A previs\u00e3o para o domingo em<strong> Ribeir\u00e3o Preto <\/strong>\u00e9 de <strong>sol com algumas nuvens<\/strong>, mas sem chances para chuva.<\/p>\n<p>Segundo a<strong> Companhia Ambiental do Estado de S\u00e3o Paulo (Cetesb)<\/strong>, a menor temperatura registrada at\u00e9 o momento foi de 19,4\u00baC. <mark style=\"background-color:#fcb900\" class=\"has-inline-color\">Contudo, os term\u00f4metros no mun\u00edcipio devem chegar aos <strong>34\u00baC<\/strong>.<\/mark><\/p>\n<p>Ainda de acordo com o \u00f3rg\u00e3o, <strong>a qualidade do ar em Ribeir\u00e3o Preto \u00e9 considera moderada<\/strong>. Conforme as medi\u00e7\u00f5es, que s\u00e3o feitas de hora em hora, o alerta amarelo come\u00e7ou \u00e0s 5h. O problema \u00e9 a presen\u00e7a de part\u00edculas inal\u00e1veis no ar (MP10).<\/p>\n<h3 class=\"wp-block-heading\"><strong>Onda de calor vai dar uma tr\u00e9gua durante a semana?<\/strong><\/h3>\n<p>O tempo firme, com dia bastante ensolarado deve continuar durante a semana em grande parte do estado de S\u00e3o Paulo.<\/p>\n<p>A onda de calor que come\u00e7ou a afetar o estado na \u00faltima semana <strong>deve seguir atuando at\u00e9 o dia 2 de maio<\/strong>. <strong>Em Ribeir\u00e3o Preto, as temperaturas m\u00e1ximas devem variar entre 34\u00baC e 35\u00baC nos pr\u00f3ximos dias.<\/strong><\/p>\n<figure class=\"wp-block-pullquote\">\n<blockquote>\n<p>\u00c9 importante destacar que as madrugadas continuam frescas. Mesmo com a onda de calor, a caracter\u00edstica outonal continua: manh\u00e3s mais amenas e tardes quentes<\/p>\n<p><cite>Climatempo<\/cite><\/p><\/blockquote>\n<\/figure>\n<h4 class=\"wp-block-heading\"><strong>Veja como fica os pr\u00f3ximos 5 dias em Ribeir\u00e3o Preto<\/strong><\/h4>\n<ul>\n<li><strong>Segunda-feira (29):<\/strong> Dia de sol com n\u00e9voa fraca ao amanhecer e \u00e0 noite. M\u00ednima de 21\u00baC e m\u00e1xima de 35\u00baC;<\/li>\n<\/ul>\n<ul>\n<li><strong>Ter\u00e7a-feira (30):<\/strong> Dia de sol com aumento de nuvens a partir da tarde. N\u00e3o chove. M\u00ednima de 20\u00baC e m\u00e1xima de 35\u00baC;<\/li>\n<\/ul>\n<ul>\n<li><strong>Quarta-feira (1\u00ba):<\/strong> Sol o dia todo sem nuvens no c\u00e9u. Noite de tempo aberto ainda sem nuvens. M\u00ednima de 21\u00baC e m\u00e1xima de 35\u00baC;<\/li>\n<\/ul>\n<ul>\n<li><strong>Quinta-feira (2):<\/strong> Dia de sol com aumento de nuvens \u00e0 tarde. N\u00e3o chove. M\u00ednima de 21\u00baC e m\u00e1xima de 35\u00baC<\/li>\n<\/ul>\n<ul>\n<li><strong>Sexta-feira (3):<\/strong> Sol o dia todo sem nuvens no c\u00e9u. Noite de tempo aberto ainda sem nuvens. M\u00ednima de 19\u00baC e m\u00e1xima de 35\u00baC.   <mark style=\"background-color:#ffffff\" class=\"has-inline-color has-white-color\">contudo, <\/mark><\/li>\n<\/ul>\n<hr class=\"wp-block-separator has-alpha-channel-opacity\"\/>\n<p>SAIBA MAIS<\/p>\n<p>Agrishow tem abertura oficial neste domingo; Feira deve receber 195 mil visitantes    <mark style=\"background-color:#ffffff\" class=\"has-inline-color has-white-color\">entretanto,<\/mark><\/p>\n<h4 class=\"wp-block-heading\"><strong>FIQUE ON<\/strong><\/h4>\n<p>Fique ligado em tudo que acontece em Ribeir\u00e3o Preto e regi\u00e3o. Siga os perfis do\u00a0<strong>acidade on\u00a0<\/strong>no\u00a0<a href=\"https:\/\/www.instagram.com\/acidadeonribeirao\" target=\"_blank\" rel=\"noreferrer noopener\">Instagram<\/a>\u00a0e no\u00a0<a href=\"https:\/\/www.facebook.com\/acidadeonribeirao\" target=\"_blank\" rel=\"noreferrer noopener\">Facebook<\/a>.<\/p>\n<p>Receba not\u00edcias do acidade on no WhatsApp. Para entrar no grupo, basta\u00a0<a href=\"https:\/\/chat.whatsapp.com\/GFH9HUMUTHNFJdnyEd0xxq\" target=\"_blank\" rel=\"noreferrer noopener\">clicar aqui<\/a>.<\/p>\n<p>Fa\u00e7a uma den\u00fancia ou sugira uma reportagem sobre Ribeir\u00e3o Preto e regi\u00e3o pelo WhatsApp: 16 99117 7802.<\/p>\n<p>VEJA TAMB\u00c9M<\/p>\n<p>Madonna ganha t\u00edtulo de cidad\u00e3 carioca honor\u00e1ria\u00a0      <mark style=\"background-color:#ffffff\" class=\"has-inline-color has-white-color\"> entretanto,<\/mark><\/p>\n<p><!-- AI CONTENT END 1 -->\n<\/div>\n<p><script async src=\"\/\/www.instagram.com\/embed.js\"><\/script><br \/>\n<br \/><br \/>\n<br \/><a href=\"https:\/\/www.acidadeon.com\/ribeiraopreto\/cotidiano\/como-fica-o-tempo-no-interior-de-sp-veja-previsao-para-os-proximos-dias\/\">Source link <\/a><\/p>\n<!-- CONTENT END 1 -->\n","protected":false},"excerpt":{"rendered":"<p>Uma grande \u00e1rea de alta press\u00e3o vai continuar inibindo a forma\u00e7\u00e3o de nuvens carregadas sobre a maior parte do interior do estado de S\u00e3o Paulo&#8230;<\/p>\n","protected":false},"author":1,"featured_media":47757,"comment_status":"open","ping_status":"open","sticky":false,"template":"","format":"standard","meta":{"advanced_seo_description":"","jetpack_seo_html_title":"","jetpack_seo_noindex":false,"jetpack_post_was_ever_published":false,"_jetpack_newsletter_access":"","_jetpack_dont_email_post_to_subs":false,"_jetpack_newsletter_tier_id":0,"_jetpack_memberships_contains_paywalled_content":false,"_jetpack_memberships_contains_paid_content":false,"footnotes":"","jetpack_publicize_message":"","jetpack_publicize_feature_enabled":true,"jetpack_social_post_already_shared":true,"jetpack_social_options":{"image_generator_settings":{"template":"highway","default_image_id":0,"font":"","enabled":false},"version":2}},"categories":[11],"tags":[],"class_list":["post-47756","post","type-post","status-publish","format-standard","has-post-thumbnail","hentry","category-noticias-de-ribeirao-preto-sp-e-regiao-ismael-colosi"],"jetpack_publicize_connections":[],"jetpack_featured_media_url":"https:\/\/i0.wp.com\/noticiasribeiraopreto.com.br\/wp-content\/uploads\/2024\/04\/AnyConv.com__WhatsApp-Image-2024-04-28-at-10.27.48.webp.webp?fit=1600%2C1200&ssl=1","jetpack-related-posts":[{"id":46170,"url":"https:\/\/noticiasribeiraopreto.com.br\/index.php\/2024\/04\/10\/vai-esfriar-veja-como-fica-o-tempo-no-interior-de-sp-com-avanco-da-frente-fria\/","url_meta":{"origin":47756,"position":0},"title":"Vai esfriar? Veja como fica o tempo no interior de SP com avan\u00e7o da frente fria","author":"noticiasribeiraopreto.com.br","date":"10 de April de 2024","format":false,"excerpt":"Uma nova frente fria deve provocar mudan\u00e7as no tempo nos pr\u00f3ximos dias, no estado de S\u00e3o Paulo. Segundo a Climatempo, o sistema se desloca no decorrer da quarta-feira (10) sobre a regi\u00e3o Sul. Nesta quarta ainda deve haver predom\u00ednio de sol e podem ocorrer pancadas de chuva em Ribeir\u00e3o Preto.\u2026","rel":"","context":"In &quot;Not\u00edcias de Ribeir\u00e3o Preto-SP e Regi\u00e3o&quot;","block_context":{"text":"Not\u00edcias de Ribeir\u00e3o Preto-SP e Regi\u00e3o","link":"https:\/\/noticiasribeiraopreto.com.br\/index.php\/category\/noticias-de-ribeirao-preto-sp-e-regiao-ismael-colosi\/"},"img":{"alt_text":"","src":"https:\/\/i0.wp.com\/noticiasribeiraopreto.com.br\/wp-content\/uploads\/2024\/04\/WhatsApp-Image-2024-02-21-at-07.07.05.jpeg?fit=1200%2C623&ssl=1&resize=350%2C200","width":350,"height":200,"srcset":"https:\/\/i0.wp.com\/noticiasribeiraopreto.com.br\/wp-content\/uploads\/2024\/04\/WhatsApp-Image-2024-02-21-at-07.07.05.jpeg?fit=1200%2C623&ssl=1&resize=350%2C200 1x, https:\/\/i0.wp.com\/noticiasribeiraopreto.com.br\/wp-content\/uploads\/2024\/04\/WhatsApp-Image-2024-02-21-at-07.07.05.jpeg?fit=1200%2C623&ssl=1&resize=525%2C300 1.5x, https:\/\/i0.wp.com\/noticiasribeiraopreto.com.br\/wp-content\/uploads\/2024\/04\/WhatsApp-Image-2024-02-21-at-07.07.05.jpeg?fit=1200%2C623&ssl=1&resize=700%2C400 2x, https:\/\/i0.wp.com\/noticiasribeiraopreto.com.br\/wp-content\/uploads\/2024\/04\/WhatsApp-Image-2024-02-21-at-07.07.05.jpeg?fit=1200%2C623&ssl=1&resize=1050%2C600 3x"},"classes":[]},{"id":47594,"url":"https:\/\/noticiasribeiraopreto.com.br\/index.php\/2024\/04\/26\/ate-quando-vai-a-onda-de-calor-no-interior-de-sp-veja-previsao-para-o-final-de-semana\/","url_meta":{"origin":47756,"position":1},"title":"At\u00e9 quando vai a onda de calor no interior de SP? Veja previs\u00e3o para o final de semana","author":"noticiasribeiraopreto.com.br","date":"26 de April de 2024","format":false,"excerpt":"A onda de calor que atinge o interior do estado de S\u00e3o Paulo, desde a segunda-feira (22), deve se intensificar nos pr\u00f3ximos dias, de acordo com a meteorologia. De acordo com a Climatempo, uma \u00e1rea de alta press\u00e3o vai continuar inibindo a forma\u00e7\u00e3o de nuvens carregadas e as temperaturas acima\u2026","rel":"","context":"In &quot;Not\u00edcias de Ribeir\u00e3o Preto-SP e Regi\u00e3o&quot;","block_context":{"text":"Not\u00edcias de Ribeir\u00e3o Preto-SP e Regi\u00e3o","link":"https:\/\/noticiasribeiraopreto.com.br\/index.php\/category\/noticias-de-ribeirao-preto-sp-e-regiao-ismael-colosi\/"},"img":{"alt_text":"","src":"https:\/\/i0.wp.com\/noticiasribeiraopreto.com.br\/wp-content\/uploads\/2024\/04\/curiosidades-ribeirao-preto.jpg?fit=1170%2C700&ssl=1&resize=350%2C200","width":350,"height":200,"srcset":"https:\/\/i0.wp.com\/noticiasribeiraopreto.com.br\/wp-content\/uploads\/2024\/04\/curiosidades-ribeirao-preto.jpg?fit=1170%2C700&ssl=1&resize=350%2C200 1x, https:\/\/i0.wp.com\/noticiasribeiraopreto.com.br\/wp-content\/uploads\/2024\/04\/curiosidades-ribeirao-preto.jpg?fit=1170%2C700&ssl=1&resize=525%2C300 1.5x, https:\/\/i0.wp.com\/noticiasribeiraopreto.com.br\/wp-content\/uploads\/2024\/04\/curiosidades-ribeirao-preto.jpg?fit=1170%2C700&ssl=1&resize=700%2C400 2x, https:\/\/i0.wp.com\/noticiasribeiraopreto.com.br\/wp-content\/uploads\/2024\/04\/curiosidades-ribeirao-preto.jpg?fit=1170%2C700&ssl=1&resize=1050%2C600 3x"},"classes":[]},{"id":57711,"url":"https:\/\/noticiasribeiraopreto.com.br\/index.php\/2024\/09\/08\/interior-de-sp-tem-novo-alerta-de-perigo-potencial-veja-previsao-para-ribeirao\/","url_meta":{"origin":47756,"position":2},"title":"Interior de SP tem novo alerta de perigo potencial; Veja previs\u00e3o para Ribeir\u00e3o","author":"noticiasribeiraopreto.com.br","date":"8 de September de 2024","format":false,"excerpt":"Um novo alerta de perigo potencial foi emitido para o interior de S\u00e3o Paulo neste domingo (8). O comunicado \u00e9 identificado com a cor amarela e prev\u00ea temperaturas de at\u00e9 5\u00baC acima da m\u00e9dia pelo per\u00edodo de 2 a 3 dias. Em Ribeir\u00e3o Preto, conforme a Climatempo, o dia deve\u2026","rel":"","context":"In &quot;Not\u00edcias de Ribeir\u00e3o Preto-SP e Regi\u00e3o&quot;","block_context":{"text":"Not\u00edcias de Ribeir\u00e3o Preto-SP e Regi\u00e3o","link":"https:\/\/noticiasribeiraopreto.com.br\/index.php\/category\/noticias-de-ribeirao-preto-sp-e-regiao-ismael-colosi\/"},"img":{"alt_text":"","src":"https:\/\/i0.wp.com\/noticiasribeiraopreto.com.br\/wp-content\/uploads\/2024\/09\/InteriordeSPtemmaisumdiaensolaradoesecoFrentefriaavananoSul_Tamanho_2_image_2024-09-08_13-42-03_jpg_2024-09-08_13-42-03.webp.webp?fit=972%2C548&ssl=1&resize=350%2C200","width":350,"height":200,"srcset":"https:\/\/i0.wp.com\/noticiasribeiraopreto.com.br\/wp-content\/uploads\/2024\/09\/InteriordeSPtemmaisumdiaensolaradoesecoFrentefriaavananoSul_Tamanho_2_image_2024-09-08_13-42-03_jpg_2024-09-08_13-42-03.webp.webp?fit=972%2C548&ssl=1&resize=350%2C200 1x, https:\/\/i0.wp.com\/noticiasribeiraopreto.com.br\/wp-content\/uploads\/2024\/09\/InteriordeSPtemmaisumdiaensolaradoesecoFrentefriaavananoSul_Tamanho_2_image_2024-09-08_13-42-03_jpg_2024-09-08_13-42-03.webp.webp?fit=972%2C548&ssl=1&resize=525%2C300 1.5x, https:\/\/i0.wp.com\/noticiasribeiraopreto.com.br\/wp-content\/uploads\/2024\/09\/InteriordeSPtemmaisumdiaensolaradoesecoFrentefriaavananoSul_Tamanho_2_image_2024-09-08_13-42-03_jpg_2024-09-08_13-42-03.webp.webp?fit=972%2C548&ssl=1&resize=700%2C400 2x"},"classes":[]},{"id":51762,"url":"https:\/\/noticiasribeiraopreto.com.br\/index.php\/2024\/05\/29\/onda-de-frio-deve-provocar-temperaturas-ainda-mais-baixas-no-interior-de-sp-veja-a-previsao\/","url_meta":{"origin":47756,"position":3},"title":"Onda de frio deve provocar temperaturas ainda mais baixas no interior de SP; Veja a previs\u00e3o","author":"noticiasribeiraopreto.com.br","date":"29 de May de 2024","format":false,"excerpt":"A frente fria que chegou ao interior do estado de S\u00e3o Paulo deve fazer com que as temperaturas caiam ainda mais nesta quinta-feira (30), feriado de Corpus Christi, e pode causar geada em algumas regi\u00f5es. De acordo com a meteorologia, a segunda onda de frio deste ano come\u00e7ou a atingir\u2026","rel":"","context":"In &quot;Not\u00edcias de Ribeir\u00e3o Preto-SP e Regi\u00e3o&quot;","block_context":{"text":"Not\u00edcias de Ribeir\u00e3o Preto-SP e Regi\u00e3o","link":"https:\/\/noticiasribeiraopreto.com.br\/index.php\/category\/noticias-de-ribeirao-preto-sp-e-regiao-ismael-colosi\/"},"img":{"alt_text":"","src":"https:\/\/i0.wp.com\/noticiasribeiraopreto.com.br\/wp-content\/uploads\/2024\/05\/frente_fria_-_foto_guilherme_sircili_5.jpg_231334169.png?fit=600%2C400&ssl=1&resize=350%2C200","width":350,"height":200,"srcset":"https:\/\/i0.wp.com\/noticiasribeiraopreto.com.br\/wp-content\/uploads\/2024\/05\/frente_fria_-_foto_guilherme_sircili_5.jpg_231334169.png?fit=600%2C400&ssl=1&resize=350%2C200 1x, https:\/\/i0.wp.com\/noticiasribeiraopreto.com.br\/wp-content\/uploads\/2024\/05\/frente_fria_-_foto_guilherme_sircili_5.jpg_231334169.png?fit=600%2C400&ssl=1&resize=525%2C300 1.5x"},"classes":[]},{"id":52512,"url":"https:\/\/noticiasribeiraopreto.com.br\/index.php\/2024\/06\/08\/veja-como-fica-o-tempo-em-ribeirao-preto-no-fim-de-semana\/","url_meta":{"origin":47756,"position":4},"title":"Veja como fica o tempo em Ribeir\u00e3o Preto no fim de semana","author":"noticiasribeiraopreto.com.br","date":"8 de June de 2024","format":false,"excerpt":"A previs\u00e3o do tempo para este fim de semana em Ribeir\u00e3o Preto \u00e9 de dias de sol e sem nuvens no c\u00e9u. N\u00e3o h\u00e1 previs\u00e3o de chuva. Segundo a Climatempo, como as\u00a0manh\u00e3s\u00a0ficam mais\u00a0frias, a\u00a0diferen\u00e7a\u00a0entre a\u00a0menor\u00a0e a\u00a0maior temperatura\u00a0dos dias, chamada de\u00a0amplitude t\u00e9rmica, pode continuar\u00a0alta\u00a0nos pr\u00f3ximos dias. Ainda, segundo a meteorologia, a\u2026","rel":"","context":"In &quot;Not\u00edcias de Ribeir\u00e3o Preto-SP e Regi\u00e3o&quot;","block_context":{"text":"Not\u00edcias de Ribeir\u00e3o Preto-SP e Regi\u00e3o","link":"https:\/\/noticiasribeiraopreto.com.br\/index.php\/category\/noticias-de-ribeirao-preto-sp-e-regiao-ismael-colosi\/"},"img":{"alt_text":"","src":"https:\/\/i0.wp.com\/noticiasribeiraopreto.com.br\/wp-content\/uploads\/2024\/06\/WhatsApp-Image-2024-06-08-at-09.52.34_2024-06-08_12-52-46_jpeg_2024-06-08_12-52-46.webp.webp?fit=1200%2C900&ssl=1&resize=350%2C200","width":350,"height":200,"srcset":"https:\/\/i0.wp.com\/noticiasribeiraopreto.com.br\/wp-content\/uploads\/2024\/06\/WhatsApp-Image-2024-06-08-at-09.52.34_2024-06-08_12-52-46_jpeg_2024-06-08_12-52-46.webp.webp?fit=1200%2C900&ssl=1&resize=350%2C200 1x, https:\/\/i0.wp.com\/noticiasribeiraopreto.com.br\/wp-content\/uploads\/2024\/06\/WhatsApp-Image-2024-06-08-at-09.52.34_2024-06-08_12-52-46_jpeg_2024-06-08_12-52-46.webp.webp?fit=1200%2C900&ssl=1&resize=525%2C300 1.5x, https:\/\/i0.wp.com\/noticiasribeiraopreto.com.br\/wp-content\/uploads\/2024\/06\/WhatsApp-Image-2024-06-08-at-09.52.34_2024-06-08_12-52-46_jpeg_2024-06-08_12-52-46.webp.webp?fit=1200%2C900&ssl=1&resize=700%2C400 2x, https:\/\/i0.wp.com\/noticiasribeiraopreto.com.br\/wp-content\/uploads\/2024\/06\/WhatsApp-Image-2024-06-08-at-09.52.34_2024-06-08_12-52-46_jpeg_2024-06-08_12-52-46.webp.webp?fit=1200%2C900&ssl=1&resize=1050%2C600 3x"},"classes":[]},{"id":56563,"url":"https:\/\/noticiasribeiraopreto.com.br\/index.php\/2024\/08\/14\/calorao-vai-voltar-veja-previsao-para-os-proximos-dias-no-interior-de-sp\/","url_meta":{"origin":47756,"position":5},"title":"Calor\u00e3o vai voltar? Veja previs\u00e3o para os pr\u00f3ximos dias no interior de SP","author":"noticiasribeiraopreto.com.br","date":"14 de August de 2024","format":false,"excerpt":"Depois de um per\u00edodo de frio intenso no interior de S\u00e3o Paulo, os meteorologistas alertam para um retorno significativo do calor v\u00e1rias regi\u00f5es. De acordo com a Climatempo, uma nova e forte massa de ar quente deve elevar as temperaturas, criando um cen\u00e1rio de verdadeira \u201cgangorra t\u00e9rmica\u201c. A partir desta\u2026","rel":"","context":"In &quot;Not\u00edcias de Ribeir\u00e3o Preto-SP e Regi\u00e3o&quot;","block_context":{"text":"Not\u00edcias de Ribeir\u00e3o Preto-SP e Regi\u00e3o","link":"https:\/\/noticiasribeiraopreto.com.br\/index.php\/category\/noticias-de-ribeirao-preto-sp-e-regiao-ismael-colosi\/"},"img":{"alt_text":"","src":"https:\/\/i0.wp.com\/noticiasribeiraopreto.com.br\/wp-content\/uploads\/2024\/04\/AnyConv.com__CLIMA_QUENTE_NA_CIDADE_DE_CAMPINAS_SP_CoDIGO-19_173574-1068x712-1.webp.webp?fit=1068%2C712&ssl=1&resize=350%2C200","width":350,"height":200,"srcset":"https:\/\/i0.wp.com\/noticiasribeiraopreto.com.br\/wp-content\/uploads\/2024\/04\/AnyConv.com__CLIMA_QUENTE_NA_CIDADE_DE_CAMPINAS_SP_CoDIGO-19_173574-1068x712-1.webp.webp?fit=1068%2C712&ssl=1&resize=350%2C200 1x, https:\/\/i0.wp.com\/noticiasribeiraopreto.com.br\/wp-content\/uploads\/2024\/04\/AnyConv.com__CLIMA_QUENTE_NA_CIDADE_DE_CAMPINAS_SP_CoDIGO-19_173574-1068x712-1.webp.webp?fit=1068%2C712&ssl=1&resize=525%2C300 1.5x, https:\/\/i0.wp.com\/noticiasribeiraopreto.com.br\/wp-content\/uploads\/2024\/04\/AnyConv.com__CLIMA_QUENTE_NA_CIDADE_DE_CAMPINAS_SP_CoDIGO-19_173574-1068x712-1.webp.webp?fit=1068%2C712&ssl=1&resize=700%2C400 2x, https:\/\/i0.wp.com\/noticiasribeiraopreto.com.br\/wp-content\/uploads\/2024\/04\/AnyConv.com__CLIMA_QUENTE_NA_CIDADE_DE_CAMPINAS_SP_CoDIGO-19_173574-1068x712-1.webp.webp?fit=1068%2C712&ssl=1&resize=1050%2C600 3x"},"classes":[]}],"jetpack_sharing_enabled":true,"jetpack_shortlink":"https:\/\/wp.me\/peQAOb-cqg","_links":{"self":[{"href":"https:\/\/noticiasribeiraopreto.com.br\/index.php\/wp-json\/wp\/v2\/posts\/47756","targetHints":{"allow":["GET"]}}],"collection":[{"href":"https:\/\/noticiasribeiraopreto.com.br\/index.php\/wp-json\/wp\/v2\/posts"}],"about":[{"href":"https:\/\/noticiasribeiraopreto.com.br\/index.php\/wp-json\/wp\/v2\/types\/post"}],"author":[{"embeddable":true,"href":"https:\/\/noticiasribeiraopreto.com.br\/index.php\/wp-json\/wp\/v2\/users\/1"}],"replies":[{"embeddable":true,"href":"https:\/\/noticiasribeiraopreto.com.br\/index.php\/wp-json\/wp\/v2\/comments?post=47756"}],"version-history":[{"count":0,"href":"https:\/\/noticiasribeiraopreto.com.br\/index.php\/wp-json\/wp\/v2\/posts\/47756\/revisions"}],"wp:featuredmedia":[{"embeddable":true,"href":"https:\/\/noticiasribeiraopreto.com.br\/index.php\/wp-json\/wp\/v2\/media\/47757"}],"wp:attachment":[{"href":"https:\/\/noticiasribeiraopreto.com.br\/index.php\/wp-json\/wp\/v2\/media?parent=47756"}],"wp:term":[{"taxonomy":"category","embeddable":true,"href":"https:\/\/noticiasribeiraopreto.com.br\/index.php\/wp-json\/wp\/v2\/categories?post=47756"},{"taxonomy":"post_tag","embeddable":true,"href":"https:\/\/noticiasribeiraopreto.com.br\/index.php\/wp-json\/wp\/v2\/tags?post=47756"}],"curies":[{"name":"wp","href":"https:\/\/api.w.org\/{rel}","templated":true}]}}