{"id":47762,"date":"2024-04-28T12:41:19","date_gmt":"2024-04-28T15:41:19","guid":{"rendered":"https:\/\/noticiasribeiraopreto.com.br\/index.php\/2024\/04\/28\/vai-a-agrishow-confira-cinco-rotas-alternativas-para-acesso-a-feira-em-ribeirao-preto\/"},"modified":"2024-04-28T12:41:19","modified_gmt":"2024-04-28T15:41:19","slug":"vai-a-agrishow-confira-cinco-rotas-alternativas-para-acesso-a-feira-em-ribeirao-preto","status":"publish","type":"post","link":"https:\/\/noticiasribeiraopreto.com.br\/index.php\/2024\/04\/28\/vai-a-agrishow-confira-cinco-rotas-alternativas-para-acesso-a-feira-em-ribeirao-preto\/","title":{"rendered":"Vai \u00e0 Agrishow? Confira cinco rotas alternativas para acesso \u00e0 feira em Ribeir\u00e3o Preto"},"content":{"rendered":"<div class='code-block code-block-1' style='margin: 8px 0 8px auto; text-align: right; display: block; clear: both;'>\n<p><a href=\"https:\/\/wa.link\/vpicfd\"><img data-recalc-dims=\"1\" class=\"wp-image-4922\" style=\"aspect-ratio: 2.0253164556962027; width: 561px; height: auto;\" src=\"https:\/\/i0.wp.com\/ismaelcolosi.com.br\/wp-content\/uploads\/2023\/11\/grupo-de-empregos-whatsapp-e-facebook-ismael-colosi-vagas.jpg?ssl=1\" alt=\"\" \/><\/a><\/p>\n<!-- \/wp:image -->\n<\/div>\n<p> <br \/>\n<\/p>\n<div>\n<p>A <strong>Prefeitura de Ribeir\u00e3o Preto<\/strong> divulgou <strong>cinco sugest\u00f5es de rotas alternativas<\/strong> para quem pretende chegar \u00e0 <strong>Agrishow<\/strong>, no quil\u00f4metro 321 da rodovia Prefeito Ant\u00f4nio Duarte Nogueira (Anel Vi\u00e1rio Sul), a partir desta <strong>segunda-feira (29)<\/strong>.<\/p>\n<p>A feira realiza a <strong>abertura oficial do evento na manh\u00e3 deste domingo (28)<\/strong>, com a presen\u00e7a de autoridades, expositores, imprensa e lideran\u00e7as do setor.<\/p>\n<p>De acordo com a concession\u00e1ria que administra o trecho onde a feira \u00e9 realizada, o tr\u00e1fego no local <strong>deve aumentar<\/strong> em torno de <strong>8 mil<\/strong> a <strong>10 mil ve\u00edculos<\/strong>, por dia, nos dois sentidos (clique aqui confira os hor\u00e1rios de pico). <mark style=\"background-color:#fcb900\" class=\"has-inline-color\"><strong>O evento segue at\u00e9 o dia 3 de maio.<\/strong><\/mark><\/p>\n<h3 class=\"wp-block-heading\"><strong>Rotas alternativas para acesso \u00e0 Agrishow<\/strong><\/h3>\n<p>De acordo com a Administra\u00e7\u00e3o, o <strong>Departamento de Opera\u00e7\u00f5es Vi\u00e1rias da RP Mobi<\/strong> realizou uma nova avalia\u00e7\u00e3o t\u00e9cnica pelos poss\u00edveis acessos ao evento e manteve <strong>cinco op\u00e7\u00f5es de rotas<\/strong>.<\/p>\n<figure class=\"wp-block-pullquote\">\n<blockquote>\n<p>Todos os trajetos visam evitar a chegada dos interessados \u00e0 feira internacional utilizando toda a extens\u00e3o da avenida Patriarca (da avenida Bandeirantes at\u00e9 o dispositivo de acesso \u00e0 Agrishow), onde possui um tr\u00e2nsito intenso no per\u00edodo do evento<\/p>\n<p><cite>informou a Prefeitura<\/cite><\/p><\/blockquote>\n<\/figure>\n<p>Ainda segundo a Prefeitura, as principais avenidas que integram as rotas alternativas<strong> j\u00e1 est\u00e3o sinalizadas com placas na cor laranja<\/strong> com indica\u00e7\u00f5es para o direcionamento dos condutores para o local onde ser\u00e1 realizada a feira.<\/p>\n<h4 class=\"wp-block-heading\"><strong>Confira os trajetos alternativos<\/strong><\/h4>\n<p>Local de partida: avenida Independ\u00eancia<\/p>\n<p><strong>Trajeto<\/strong>: quem vem pela avenida Independ\u00eancia deve virar \u00e0 direita na pista Bairro\/Centro da avenida Coronel Fernando Ferreira Leite, \u00e0 esquerda no retorno para seguir no sentido oposto da avenida Coronel Fernando Ferreira Leite ao passar pela avenida Mariano Pedroso de Almeida at\u00e9 acessar avenida Presidente Vargas em dire\u00e7\u00e3o ao Anel Vi\u00e1rio Contorno Sul.<\/p>\n<ul>\n<li><strong>Alternativa B (cor Laranja)<\/strong><\/li>\n<\/ul>\n<p>Local de partida: avenida Braz Olaia Acosta<\/p>\n<p><strong>Trajeto<\/strong>: da avenida Braz Olaia Acosta a partir da regi\u00e3o do Ribeir\u00e3o Shopping deve seguir a pista Centro\/Bairro da via em dire\u00e7\u00e3o \u00e0 rotat\u00f3ria da pra\u00e7a Nadyr Freitas Monteiro da Silva (em frente ao Novo Mercad\u00e3o) e seguir em dire\u00e7\u00e3o ao Anel Vi\u00e1rio Contorno Sul e virar \u00e0 direita para acessar \u00e0 rodovia.<\/p>\n<ul>\n<li><strong>Alternativa C (cor Verde)<\/strong><\/li>\n<\/ul>\n<p>Local de partida: avenida Patriarca<\/p>\n<p><strong>Trajeto<\/strong>: da regi\u00e3o da avenida Bandeirantes, quem acessa a avenida Patriarca deve virar \u00e0 esquerda na avenida Monteiro Lobato, \u00e0 esquerda na avenida Pio XII, \u00e0 esquerda na rotat\u00f3ria, \u00e0 direita para seguir na mesma avenida at\u00e9 chegar na rotat\u00f3ria com a rua Ab\u00edlio Sampaio; \u00e0 direita para continuar na avenida Pio XII em dire\u00e7\u00e3o \u00e0 rotat\u00f3ria com a avenida Professor Jo\u00e3o Fi\u00fasa, \u00e0 direita na avenida Caramuru at\u00e9 seguir at\u00e9 a avenida Adelmo Perdizza; \u00e0 direita para acessar \u00e0 rodovia onde fica a feira.<\/p>\n<p>Local de partida: avenida Adelmo Perdizza<\/p>\n<p><strong>Trajeto<\/strong>: os condutores que est\u00e3o nas avenidas Caramuru ou Luzitana devem acessar a avenida Adelmo Perdizza para depois virar \u00e0 direita na rodovia e seguir em dire\u00e7\u00e3o \u00e0 al\u00e7a de acesso para a Agrishow.<\/p>\n<ul>\n<li><strong>Alternativa E (cor Vermelha)<\/strong><\/li>\n<\/ul>\n<p>Local de partida: avenidas Patriarca e Monteiro Lobato<\/p>\n<p><strong>Trajeto<\/strong>: h\u00e1 duas rotas direcionadas para chegar \u00e0 feira por quem vem da avenida Luzitana, a primeira a partir da rotat\u00f3ria da avenida Patriarca (na regi\u00e3o do bairro Ad\u00e3o do Carmo Leonel), onde se deve virar \u00e0 esquerda para a avenida Professor Pedreira de Freitas, \u00e0 esquerda na rotat\u00f3ria para a avenida Casper L\u00edbero, \u00e0 direita na rotat\u00f3ria para a avenida Luzitana. J\u00e1 a segunda op\u00e7\u00e3o para chegar na Luzitana \u00e9 a partir da rotat\u00f3ria da avenida Monteiro Lobato (na regi\u00e3o do bairro Parque Ribeir\u00e3o Preto), onde se deve fazer a rotat\u00f3ria em dire\u00e7\u00e3o \u00e0 Luzitana. Ao chegar na Luzitana, deve-se virar \u00e0 direita para acessar \u00e0 avenida Adelmo Perdizza e seguir o trajeto conforme a rota D (cor Azul).<\/p>\n<p>Vale ressaltar que, devido ao grande fluxo de ve\u00edculos nas vias de acesso \u00e0 <strong>Agrishow<\/strong>, a <strong>RP Mobi<\/strong> orienta a todos condutores que redobrem a aten\u00e7\u00e3o e diminuam a velocidade a fim de se evitar acidentes.<\/p>\n<h4 class=\"wp-block-heading\"><strong>Servi\u00e7o<\/strong><\/h4>\n<p><strong>29\u00aa edi\u00e7\u00e3o da Agrishow<\/strong><br \/><strong>Data:\u00a0<\/strong>29 de abril a 3 de maio<br \/><strong>Hor\u00e1rio:<\/strong>\u00a08h \u00e0s 18h<br \/><strong>Local:<\/strong>\u00a0rodovia Ant\u00f4nio Duarte Nogueira, Km 321<br \/><strong>Ingressos:<\/strong>\u00a0Vendas\u00a0on-line\u00a0no\u00a0site oficial do evento\u00a0(<strong><a href=\"https:\/\/www.agrishow.com.br\/pt\/visitar\/compra-de-ingresso.html\" target=\"_blank\" rel=\"noreferrer noopener\">cliquei aqui<\/a><\/strong>)<\/p>\n<hr class=\"wp-block-separator has-alpha-channel-opacity\"\/>\n<p>SAIBA MAIS<\/p>\n<p>Agrishow tem abertura oficial neste domingo; Feira deve receber 195 mil visitantes<\/p>\n<h4 class=\"wp-block-heading\"><strong>FIQUE ON<\/strong><\/h4>\n<p>Fique ligado em tudo que acontece em Ribeir\u00e3o Preto e regi\u00e3o. Siga os perfis do\u00a0<strong>acidade on\u00a0<\/strong>no\u00a0<a href=\"https:\/\/www.instagram.com\/acidadeonribeirao\" target=\"_blank\" rel=\"noreferrer noopener\">Instagram<\/a>\u00a0e no\u00a0<a href=\"https:\/\/www.facebook.com\/acidadeonribeirao\" target=\"_blank\" rel=\"noreferrer noopener\">Facebook<\/a>.<\/p>\n<p>Receba not\u00edcias do acidade on no WhatsApp. Para entrar no grupo, basta\u00a0<a href=\"https:\/\/chat.whatsapp.com\/GFH9HUMUTHNFJdnyEd0xxq\" target=\"_blank\" rel=\"noreferrer noopener\">clicar aqui<\/a>.<\/p>\n<p>Fa\u00e7a uma den\u00fancia ou sugira uma reportagem sobre Ribeir\u00e3o Preto e regi\u00e3o pelo WhatsApp: 16 99117 7802.<\/p>\n<p>VEJA TAMB\u00c9M<\/p>\n<p>Como fazer donuts f\u00e1cil?<\/p>\n<p><!-- AI CONTENT END 1 -->\n<\/div>\n<p><script async src=\"\/\/www.instagram.com\/embed.js\"><\/script><br \/>\n<br \/><br \/>\n<br \/><a href=\"https:\/\/www.acidadeon.com\/ribeiraopreto\/agrishow\/vai-a-agrishow-confira-cinco-rotas-alternativas-para-acesso-a-feira-em-ribeirao-preto\/\">Source link <\/a><\/p>\n<!-- CONTENT END 1 -->\n","protected":false},"excerpt":{"rendered":"<p>A Prefeitura de Ribeir\u00e3o Preto divulgou cinco sugest\u00f5es de rotas alternativas para quem pretende chegar \u00e0 Agrishow, no quil\u00f4metro 321 da rodovia Prefeito Ant\u00f4nio Duarte&#8230;<\/p>\n","protected":false},"author":1,"featured_media":47763,"comment_status":"open","ping_status":"open","sticky":false,"template":"","format":"standard","meta":{"advanced_seo_description":"","jetpack_seo_html_title":"","jetpack_seo_noindex":false,"jetpack_post_was_ever_published":false,"_jetpack_newsletter_access":"","_jetpack_dont_email_post_to_subs":false,"_jetpack_newsletter_tier_id":0,"_jetpack_memberships_contains_paywalled_content":false,"_jetpack_memberships_contains_paid_content":false,"footnotes":"","jetpack_publicize_message":"","jetpack_publicize_feature_enabled":true,"jetpack_social_post_already_shared":true,"jetpack_social_options":{"image_generator_settings":{"template":"highway","default_image_id":0,"font":"","enabled":false},"version":2}},"categories":[11],"tags":[],"class_list":["post-47762","post","type-post","status-publish","format-standard","has-post-thumbnail","hentry","category-noticias-de-ribeirao-preto-sp-e-regiao-ismael-colosi"],"jetpack_publicize_connections":[],"jetpack_featured_media_url":"https:\/\/i0.wp.com\/noticiasribeiraopreto.com.br\/wp-content\/uploads\/2024\/04\/agrishow_1024x576_01122020133641.jpg?fit=1024%2C576&ssl=1","jetpack-related-posts":[{"id":68659,"url":"https:\/\/noticiasribeiraopreto.com.br\/index.php\/2025\/04\/27\/vai-a-agrishow-confira-cinco-rotas-alternativas-para-chegar-ao-evento\/","url_meta":{"origin":47762,"position":0},"title":"Vai \u00e0 Agrishow? Confira cinco rotas alternativas para chegar ao evento","author":"noticiasribeiraopreto.com.br","date":"27 de April de 2025","format":false,"excerpt":"Para facilitar o acesso \u00e0 Agrishow, a RP Mobi sugere cinco rotas alternativas para chegar at\u00e9 o local. O objetivo \u00e9 evitar o tr\u00e1fego intenso na avenida Patriarca, que fica congestionada durante o per\u00edodo do evento. As rotas alternativas s\u00e3o sinalizadas com placas laranja, indicando o caminho a ser seguido.\u2026","rel":"","context":"In &quot;Not\u00edcias de Ribeir\u00e3o Preto-SP e Regi\u00e3o&quot;","block_context":{"text":"Not\u00edcias de Ribeir\u00e3o Preto-SP e Regi\u00e3o","link":"https:\/\/noticiasribeiraopreto.com.br\/index.php\/category\/noticias-de-ribeirao-preto-sp-e-regiao-ismael-colosi\/"},"img":{"alt_text":"","src":"https:\/\/i0.wp.com\/noticiasribeiraopreto.com.br\/wp-content\/uploads\/2025\/04\/Copia-de-Copia-de-Copia-de-TAMANHO-EXATO-PARA-FOTOS-NO-SISTEMA-NOVO-19_2025-04-27_17-24-49.webp.webp?fit=1200%2C675&ssl=1&resize=350%2C200","width":350,"height":200,"srcset":"https:\/\/i0.wp.com\/noticiasribeiraopreto.com.br\/wp-content\/uploads\/2025\/04\/Copia-de-Copia-de-Copia-de-TAMANHO-EXATO-PARA-FOTOS-NO-SISTEMA-NOVO-19_2025-04-27_17-24-49.webp.webp?fit=1200%2C675&ssl=1&resize=350%2C200 1x, https:\/\/i0.wp.com\/noticiasribeiraopreto.com.br\/wp-content\/uploads\/2025\/04\/Copia-de-Copia-de-Copia-de-TAMANHO-EXATO-PARA-FOTOS-NO-SISTEMA-NOVO-19_2025-04-27_17-24-49.webp.webp?fit=1200%2C675&ssl=1&resize=525%2C300 1.5x, https:\/\/i0.wp.com\/noticiasribeiraopreto.com.br\/wp-content\/uploads\/2025\/04\/Copia-de-Copia-de-Copia-de-TAMANHO-EXATO-PARA-FOTOS-NO-SISTEMA-NOVO-19_2025-04-27_17-24-49.webp.webp?fit=1200%2C675&ssl=1&resize=700%2C400 2x, https:\/\/i0.wp.com\/noticiasribeiraopreto.com.br\/wp-content\/uploads\/2025\/04\/Copia-de-Copia-de-Copia-de-TAMANHO-EXATO-PARA-FOTOS-NO-SISTEMA-NOVO-19_2025-04-27_17-24-49.webp.webp?fit=1200%2C675&ssl=1&resize=1050%2C600 3x"},"classes":[]},{"id":68557,"url":"https:\/\/noticiasribeiraopreto.com.br\/index.php\/2025\/04\/26\/conheca-cinco-rotas-alternativas-para-acesso-a-agrishow-em-ribeirao-preto\/","url_meta":{"origin":47762,"position":1},"title":"Conhe\u00e7a cinco rotas alternativas para acesso \u00e0 Agrishow em Ribeir\u00e3o Preto","author":"noticiasribeiraopreto.com.br","date":"26 de April de 2025","format":false,"excerpt":"A RP Mobi, empresa respons\u00e1vel pelo tr\u00e2nsito em Ribeir\u00e3o Preto, recomenda cinco rotas alternativa aos motoristas que v\u00e3o \u00e0 Agrishow, que acontece entre os dias 28 de abril e 2 de maio. As rotas foram definidas ap\u00f3s avalia\u00e7\u00e3o t\u00e9cnica do Departamento de Opera\u00e7\u00f5es Vi\u00e1rias da RP Mobi. A Agrishow fica\u2026","rel":"","context":"In &quot;Not\u00edcias de Ribeir\u00e3o Preto-SP e Regi\u00e3o&quot;","block_context":{"text":"Not\u00edcias de Ribeir\u00e3o Preto-SP e Regi\u00e3o","link":"https:\/\/noticiasribeiraopreto.com.br\/index.php\/category\/noticias-de-ribeirao-preto-sp-e-regiao-ismael-colosi\/"},"img":{"alt_text":"","src":"https:\/\/i0.wp.com\/noticiasribeiraopreto.com.br\/wp-content\/uploads\/2025\/04\/ROTA-AGRISHOW_2025-04-26_14-31-20.webp.webp?fit=1000%2C666&ssl=1&resize=350%2C200","width":350,"height":200,"srcset":"https:\/\/i0.wp.com\/noticiasribeiraopreto.com.br\/wp-content\/uploads\/2025\/04\/ROTA-AGRISHOW_2025-04-26_14-31-20.webp.webp?fit=1000%2C666&ssl=1&resize=350%2C200 1x, https:\/\/i0.wp.com\/noticiasribeiraopreto.com.br\/wp-content\/uploads\/2025\/04\/ROTA-AGRISHOW_2025-04-26_14-31-20.webp.webp?fit=1000%2C666&ssl=1&resize=525%2C300 1.5x, https:\/\/i0.wp.com\/noticiasribeiraopreto.com.br\/wp-content\/uploads\/2025\/04\/ROTA-AGRISHOW_2025-04-26_14-31-20.webp.webp?fit=1000%2C666&ssl=1&resize=700%2C400 2x"},"classes":[]},{"id":47838,"url":"https:\/\/noticiasribeiraopreto.com.br\/index.php\/2024\/04\/29\/agrishow-espera-mais-de-195-mil-visitantes-a-partir-desta-segunda-em-ribeirao-preto\/","url_meta":{"origin":47762,"position":2},"title":"Agrishow espera mais de 195 mil visitantes a partir desta segunda em Ribeir\u00e3o Preto","author":"noticiasribeiraopreto.com.br","date":"29 de April de 2024","format":false,"excerpt":"A 29\u00aa Agrishow come\u00e7a nesta segunda-feira (29), a partir das 8h, em Ribeir\u00e3o Preto. A expectativa dos organizadores \u00e9 receber mais de 195 mil visitantes at\u00e9 a pr\u00f3xima sexta-feira (3). A feira, considerada a principal do segmento de tecnologia agr\u00edcola da Am\u00e9rica Latina, deve receber pessoas de mais de 50\u2026","rel":"","context":"In &quot;Not\u00edcias de Ribeir\u00e3o Preto-SP e Regi\u00e3o&quot;","block_context":{"text":"Not\u00edcias de Ribeir\u00e3o Preto-SP e Regi\u00e3o","link":"https:\/\/noticiasribeiraopreto.com.br\/index.php\/category\/noticias-de-ribeirao-preto-sp-e-regiao-ismael-colosi\/"},"img":{"alt_text":"","src":"https:\/\/i0.wp.com\/noticiasribeiraopreto.com.br\/wp-content\/uploads\/2024\/04\/WhatsApp-Image-2024-04-29-at-06.14.07_2024-04-29_10-00-45_jpeg.webp.webp?fit=1200%2C903&ssl=1&resize=350%2C200","width":350,"height":200,"srcset":"https:\/\/i0.wp.com\/noticiasribeiraopreto.com.br\/wp-content\/uploads\/2024\/04\/WhatsApp-Image-2024-04-29-at-06.14.07_2024-04-29_10-00-45_jpeg.webp.webp?fit=1200%2C903&ssl=1&resize=350%2C200 1x, https:\/\/i0.wp.com\/noticiasribeiraopreto.com.br\/wp-content\/uploads\/2024\/04\/WhatsApp-Image-2024-04-29-at-06.14.07_2024-04-29_10-00-45_jpeg.webp.webp?fit=1200%2C903&ssl=1&resize=525%2C300 1.5x, https:\/\/i0.wp.com\/noticiasribeiraopreto.com.br\/wp-content\/uploads\/2024\/04\/WhatsApp-Image-2024-04-29-at-06.14.07_2024-04-29_10-00-45_jpeg.webp.webp?fit=1200%2C903&ssl=1&resize=700%2C400 2x, https:\/\/i0.wp.com\/noticiasribeiraopreto.com.br\/wp-content\/uploads\/2024\/04\/WhatsApp-Image-2024-04-29-at-06.14.07_2024-04-29_10-00-45_jpeg.webp.webp?fit=1200%2C903&ssl=1&resize=1050%2C600 3x"},"classes":[]},{"id":47541,"url":"https:\/\/noticiasribeiraopreto.com.br\/index.php\/2024\/04\/26\/confira-os-horarios-de-pico-no-acesso-a-agrishow\/","url_meta":{"origin":47762,"position":3},"title":"Confira os hor\u00e1rios de pico no acesso \u00e0 Agrishow","author":"noticiasribeiraopreto.com.br","date":"26 de April de 2024","format":false,"excerpt":"O tr\u00e1fego na rodovia Prefeito Ant\u00f4nio Duarte Nogueira (Anel Vi\u00e1rio Sul) deve aumentar durante a Agrishow em torno de 8 mil a 10 mil ve\u00edculos, por dia, nos dois sentidos. A concession\u00e1ria que administra o trecho, alerta que nos cinco dias da feira, que acontece de 29 de abril a\u2026","rel":"","context":"In &quot;Not\u00edcias de Ribeir\u00e3o Preto-SP e Regi\u00e3o&quot;","block_context":{"text":"Not\u00edcias de Ribeir\u00e3o Preto-SP e Regi\u00e3o","link":"https:\/\/noticiasribeiraopreto.com.br\/index.php\/category\/noticias-de-ribeirao-preto-sp-e-regiao-ismael-colosi\/"},"img":{"alt_text":"","src":"https:\/\/i0.wp.com\/noticiasribeiraopreto.com.br\/wp-content\/uploads\/2024\/04\/Copia-de-Copia-de-TAMANHO-EXATO-PARA-FOTOS-NO-SISTEMA-NOVO-11_2024-04-26_12-49-43_jpg.webp.webp?fit=1200%2C675&ssl=1&resize=350%2C200","width":350,"height":200,"srcset":"https:\/\/i0.wp.com\/noticiasribeiraopreto.com.br\/wp-content\/uploads\/2024\/04\/Copia-de-Copia-de-TAMANHO-EXATO-PARA-FOTOS-NO-SISTEMA-NOVO-11_2024-04-26_12-49-43_jpg.webp.webp?fit=1200%2C675&ssl=1&resize=350%2C200 1x, https:\/\/i0.wp.com\/noticiasribeiraopreto.com.br\/wp-content\/uploads\/2024\/04\/Copia-de-Copia-de-TAMANHO-EXATO-PARA-FOTOS-NO-SISTEMA-NOVO-11_2024-04-26_12-49-43_jpg.webp.webp?fit=1200%2C675&ssl=1&resize=525%2C300 1.5x, https:\/\/i0.wp.com\/noticiasribeiraopreto.com.br\/wp-content\/uploads\/2024\/04\/Copia-de-Copia-de-TAMANHO-EXATO-PARA-FOTOS-NO-SISTEMA-NOVO-11_2024-04-26_12-49-43_jpg.webp.webp?fit=1200%2C675&ssl=1&resize=700%2C400 2x, https:\/\/i0.wp.com\/noticiasribeiraopreto.com.br\/wp-content\/uploads\/2024\/04\/Copia-de-Copia-de-TAMANHO-EXATO-PARA-FOTOS-NO-SISTEMA-NOVO-11_2024-04-26_12-49-43_jpg.webp.webp?fit=1200%2C675&ssl=1&resize=1050%2C600 3x"},"classes":[]},{"id":68685,"url":"https:\/\/noticiasribeiraopreto.com.br\/index.php\/2025\/04\/28\/transito-comeca-a-ficar-intenso-no-acesso-para-agrishow-em-ribeirao-preto-veja-bloqueios\/","url_meta":{"origin":47762,"position":4},"title":"Tr\u00e2nsito come\u00e7a a ficar intenso no acesso para Agrishow em Ribeir\u00e3o Preto; Veja bloqueios","author":"noticiasribeiraopreto.com.br","date":"28 de April de 2025","format":false,"excerpt":"O acesso \u00e0 Agrishow pela rodovia Ant\u00f4nio Duarte Nogueira (Anel Vi\u00e1rio Sul, SP-322) come\u00e7a a se intensificar na manh\u00e3 desta segunda-feira (28), primeiro dia oficial do evento. Os port\u00f5es da maior feira de tecnologia agr\u00edcola da Am\u00e9rica Latina abrem \u00e0s 8h. A previs\u00e3o da concession\u00e1ria que administra a rodovia \u00e9\u2026","rel":"","context":"In &quot;Not\u00edcias de Ribeir\u00e3o Preto-SP e Regi\u00e3o&quot;","block_context":{"text":"Not\u00edcias de Ribeir\u00e3o Preto-SP e Regi\u00e3o","link":"https:\/\/noticiasribeiraopreto.com.br\/index.php\/category\/noticias-de-ribeirao-preto-sp-e-regiao-ismael-colosi\/"},"img":{"alt_text":"","src":"https:\/\/i0.wp.com\/noticiasribeiraopreto.com.br\/wp-content\/uploads\/2025\/04\/WhatsApp-Image-2025-04-28-at-07.17.05_2025-04-28_10-22-30.webp.webp?fit=1200%2C900&ssl=1&resize=350%2C200","width":350,"height":200,"srcset":"https:\/\/i0.wp.com\/noticiasribeiraopreto.com.br\/wp-content\/uploads\/2025\/04\/WhatsApp-Image-2025-04-28-at-07.17.05_2025-04-28_10-22-30.webp.webp?fit=1200%2C900&ssl=1&resize=350%2C200 1x, https:\/\/i0.wp.com\/noticiasribeiraopreto.com.br\/wp-content\/uploads\/2025\/04\/WhatsApp-Image-2025-04-28-at-07.17.05_2025-04-28_10-22-30.webp.webp?fit=1200%2C900&ssl=1&resize=525%2C300 1.5x, https:\/\/i0.wp.com\/noticiasribeiraopreto.com.br\/wp-content\/uploads\/2025\/04\/WhatsApp-Image-2025-04-28-at-07.17.05_2025-04-28_10-22-30.webp.webp?fit=1200%2C900&ssl=1&resize=700%2C400 2x, https:\/\/i0.wp.com\/noticiasribeiraopreto.com.br\/wp-content\/uploads\/2025\/04\/WhatsApp-Image-2025-04-28-at-07.17.05_2025-04-28_10-22-30.webp.webp?fit=1200%2C900&ssl=1&resize=1050%2C600 3x"},"classes":[]},{"id":68074,"url":"https:\/\/noticiasribeiraopreto.com.br\/index.php\/2025\/04\/22\/veja-como-sera-o-acesso-de-veiculos-a-agrishow-em-ribeirao-preto\/","url_meta":{"origin":47762,"position":5},"title":"Veja como ser\u00e1 o acesso de ve\u00edculos \u00e0 Agrishow em Ribeir\u00e3o Preto","author":"noticiasribeiraopreto.com.br","date":"22 de April de 2025","format":false,"excerpt":"A concession\u00e1ria Entrevias divulgou nesta ter\u00e7a-feira (22) como ser\u00e1 organizado o acesso de ve\u00edculos \u00e0 Agrishow, que acontece em Ribeir\u00e3o Preto entre os dias 28 de abril e 2 de maio. A 30\u00aa edi\u00e7\u00e3o da feira acontece \u00e0s margens da rodovia Prefeito Ant\u00f4nio Duarte Nogueira (SP-322), o Anel Vi\u00e1rio Sul.\u2026","rel":"","context":"In &quot;Not\u00edcias de Ribeir\u00e3o Preto-SP e Regi\u00e3o&quot;","block_context":{"text":"Not\u00edcias de Ribeir\u00e3o Preto-SP e Regi\u00e3o","link":"https:\/\/noticiasribeiraopreto.com.br\/index.php\/category\/noticias-de-ribeirao-preto-sp-e-regiao-ismael-colosi\/"},"img":{"alt_text":"","src":"https:\/\/i0.wp.com\/noticiasribeiraopreto.com.br\/wp-content\/uploads\/2025\/04\/agrishow_2025-04-22_13-46-51.webp.webp?fit=1200%2C513&ssl=1&resize=350%2C200","width":350,"height":200,"srcset":"https:\/\/i0.wp.com\/noticiasribeiraopreto.com.br\/wp-content\/uploads\/2025\/04\/agrishow_2025-04-22_13-46-51.webp.webp?fit=1200%2C513&ssl=1&resize=350%2C200 1x, https:\/\/i0.wp.com\/noticiasribeiraopreto.com.br\/wp-content\/uploads\/2025\/04\/agrishow_2025-04-22_13-46-51.webp.webp?fit=1200%2C513&ssl=1&resize=525%2C300 1.5x, https:\/\/i0.wp.com\/noticiasribeiraopreto.com.br\/wp-content\/uploads\/2025\/04\/agrishow_2025-04-22_13-46-51.webp.webp?fit=1200%2C513&ssl=1&resize=700%2C400 2x, https:\/\/i0.wp.com\/noticiasribeiraopreto.com.br\/wp-content\/uploads\/2025\/04\/agrishow_2025-04-22_13-46-51.webp.webp?fit=1200%2C513&ssl=1&resize=1050%2C600 3x"},"classes":[]}],"jetpack_sharing_enabled":true,"jetpack_shortlink":"https:\/\/wp.me\/peQAOb-cqm","_links":{"self":[{"href":"https:\/\/noticiasribeiraopreto.com.br\/index.php\/wp-json\/wp\/v2\/posts\/47762","targetHints":{"allow":["GET"]}}],"collection":[{"href":"https:\/\/noticiasribeiraopreto.com.br\/index.php\/wp-json\/wp\/v2\/posts"}],"about":[{"href":"https:\/\/noticiasribeiraopreto.com.br\/index.php\/wp-json\/wp\/v2\/types\/post"}],"author":[{"embeddable":true,"href":"https:\/\/noticiasribeiraopreto.com.br\/index.php\/wp-json\/wp\/v2\/users\/1"}],"replies":[{"embeddable":true,"href":"https:\/\/noticiasribeiraopreto.com.br\/index.php\/wp-json\/wp\/v2\/comments?post=47762"}],"version-history":[{"count":0,"href":"https:\/\/noticiasribeiraopreto.com.br\/index.php\/wp-json\/wp\/v2\/posts\/47762\/revisions"}],"wp:featuredmedia":[{"embeddable":true,"href":"https:\/\/noticiasribeiraopreto.com.br\/index.php\/wp-json\/wp\/v2\/media\/47763"}],"wp:attachment":[{"href":"https:\/\/noticiasribeiraopreto.com.br\/index.php\/wp-json\/wp\/v2\/media?parent=47762"}],"wp:term":[{"taxonomy":"category","embeddable":true,"href":"https:\/\/noticiasribeiraopreto.com.br\/index.php\/wp-json\/wp\/v2\/categories?post=47762"},{"taxonomy":"post_tag","embeddable":true,"href":"https:\/\/noticiasribeiraopreto.com.br\/index.php\/wp-json\/wp\/v2\/tags?post=47762"}],"curies":[{"name":"wp","href":"https:\/\/api.w.org\/{rel}","templated":true}]}}