{"id":47766,"date":"2024-04-28T13:18:41","date_gmt":"2024-04-28T16:18:41","guid":{"rendered":"https:\/\/noticiasribeiraopreto.com.br\/index.php\/2024\/04\/28\/francana-empata-com-o-ska-brasil-e-conquista-acesso-a-serie-a3-do-paulista-apos-nove-anos\/"},"modified":"2024-04-28T13:18:41","modified_gmt":"2024-04-28T16:18:41","slug":"francana-empata-com-o-ska-brasil-e-conquista-acesso-a-serie-a3-do-paulista-apos-nove-anos","status":"publish","type":"post","link":"https:\/\/noticiasribeiraopreto.com.br\/index.php\/2024\/04\/28\/francana-empata-com-o-ska-brasil-e-conquista-acesso-a-serie-a3-do-paulista-apos-nove-anos\/","title":{"rendered":"Francana empata com o Ska Brasil e conquista acesso \u00e0 S\u00e9rie A3 do Paulista ap\u00f3s nove anos"},"content":{"rendered":"<div class='code-block code-block-1' style='margin: 8px 0 8px auto; text-align: right; display: block; clear: both;'>\n<p><a href=\"https:\/\/wa.link\/vpicfd\"><img data-recalc-dims=\"1\" class=\"wp-image-4922\" style=\"aspect-ratio: 2.0253164556962027; width: 561px; height: auto;\" src=\"https:\/\/i0.wp.com\/ismaelcolosi.com.br\/wp-content\/uploads\/2023\/11\/grupo-de-empregos-whatsapp-e-facebook-ismael-colosi-vagas.jpg?ssl=1\" alt=\"\" \/><\/a><\/p>\n<!-- \/wp:image -->\n<\/div>\n<p> <br \/>\n<\/p>\n<p>A <strong>Francana <\/strong>empatou em 0 a 0 com o <strong>Ska Brasil<\/strong>, na manh\u00e3 deste domingo (28), e <strong>conquistou o acesso \u00e0 S\u00e9rie A3 do Campeonato Paulista em 2025.<\/strong> <mark style=\"background-color:#fcb900\" class=\"has-inline-color\">A \u00faltima vez do time na divis\u00e3o foi em <strong>2015<\/strong>.<\/mark><\/p>\n<p>Com a casa cheia, a disputa aconteceu no est\u00e1dio Municipal Dr. Jos\u00e9 Lancha Filho, em Franca. O retorno do time acontece ap\u00f3s <strong>dois empates sem gols com o Ska Brasil<\/strong>.<\/p>\n<p>A equipe do t\u00e9cnico Wantuil Rodrigues, que fez sua <strong>melhor campanha na etapa de classifica\u00e7\u00e3o<\/strong>, joga a <strong>final da S\u00e9rie A4<\/strong> contra o <strong>Rio Branco-SP<\/strong>. Os dois times finalistas estar\u00e3o na <strong>S\u00e9rie A3<\/strong> no pr\u00f3ximo ano.<\/p>\n<blockquote class=\"instagram-media\" data-instgrm-permalink=\"https:\/\/www.instagram.com\/p\/C6T3k67LcJo\/?utm_source=ig_embed&amp;utm_campaign=loading\" data-instgrm-version=\"14\" style=\"background:#FFF;border:0;border-radius:3px;margin: 1px;max-width:540px;min-width:326px;padding:0;width:99.375%;width:-webkit-calc(100% - 2px);width:calc(100% - 2px)\">\n<div style=\"padding:16px\"> <a href=\"https:\/\/www.instagram.com\/p\/C6T3k67LcJo\/?utm_source=ig_embed&amp;utm_campaign=loading\" style=\"background:#FFFFFF;line-height:0;padding:0 0;text-align:center;text-decoration:none;width:100%\" target=\"_blank\" rel=\"noopener\"> <\/p>\n<div style=\"flex-direction: row;align-items: center\">\n<div style=\"background-color: #F4F4F4;border-radius: 50%;flex-grow: 0;height: 40px;margin-right: 14px;width: 40px\"><\/div>\n<div style=\"flex-direction: column;flex-grow: 1;justify-content: center\">\n<div style=\"background-color: #F4F4F4;border-radius: 4px;flex-grow: 0;height: 14px;margin-bottom: 6px;width: 100px\"><\/div>\n<div style=\"background-color: #F4F4F4;border-radius: 4px;flex-grow: 0;height: 14px;width: 60px\"><\/div>\n<\/div>\n<\/div>\n<div style=\"padding: 19% 0\"><\/div>\n<div style=\"height:50px;margin:0 auto 12px;width:50px\"><\/div>\n<div style=\"padding-top: 8px\">\n<div style=\"color:#3897f0;font-family:Arial,sans-serif;font-size:14px;font-style:normal;font-weight:550;line-height:18px\">Ver essa foto no Instagram<\/div>\n<\/div>\n<div style=\"padding: 12.5% 0\"><\/div>\n<div style=\"flex-direction: row;margin-bottom: 14px;align-items: center\">\n<div>\n<div style=\"background-color: #F4F4F4;border-radius: 50%;height: 12.5px;width: 12.5px\"><\/div>\n<div style=\"background-color: #F4F4F4;height: 12.5px;width: 12.5px;flex-grow: 0;margin-right: 14px;margin-left: 2px\"><\/div>\n<div style=\"background-color: #F4F4F4;border-radius: 50%;height: 12.5px;width: 12.5px\"><\/div>\n<\/div>\n<div style=\"margin-left: 8px\">\n<div style=\"background-color: #F4F4F4;border-radius: 50%;flex-grow: 0;height: 20px;width: 20px\"><\/div>\n<div style=\"width: 0;height: 0;border-top: 2px solid transparent;border-left: 6px solid #f4f4f4;border-bottom: 2px solid transparent\"><\/div>\n<\/div>\n<div style=\"margin-left: auto\">\n<div style=\"width: 0px;border-top: 8px solid #F4F4F4;border-right: 8px solid transparent\"><\/div>\n<div style=\"background-color: #F4F4F4;flex-grow: 0;height: 12px;width: 16px\"><\/div>\n<div style=\"width: 0;height: 0;border-top: 8px solid #F4F4F4;border-left: 8px solid transparent\"><\/div>\n<\/div>\n<\/div>\n<div style=\"flex-direction: column;flex-grow: 1;justify-content: center;margin-bottom: 24px\">\n<div style=\"background-color: #F4F4F4;border-radius: 4px;flex-grow: 0;height: 14px;margin-bottom: 6px;width: 224px\"><\/div>\n<div style=\"background-color: #F4F4F4;border-radius: 4px;flex-grow: 0;height: 14px;width: 144px\"><\/div>\n<\/div>\n<p><\/a><\/p>\n<p style=\"color:#c9c8cd;font-family:Arial,sans-serif;font-size:14px;line-height:17px;margin-bottom:0;margin-top:8px;overflow:hidden;padding:8px 0 7px;text-align:center\"><a href=\"https:\/\/www.instagram.com\/p\/C6T3k67LcJo\/?utm_source=ig_embed&amp;utm_campaign=loading\" style=\"color:#c9c8cd;font-family:Arial,sans-serif;font-size:14px;font-style:normal;font-weight:normal;line-height:17px;text-decoration:none\" target=\"_blank\" rel=\"noopener\">Uma publica\u00e7\u00e3o compartilhada por Associa\u00e7\u00e3o Atl\u00e9tica Francana (@aafrancana)<\/a><\/p>\n<\/div>\n<\/blockquote>\n<hr class=\"wp-block-separator has-alpha-channel-opacity\" \/>\n<p>SAIBA MAIS<\/p>\n<p>Botafogo empata fora de casa mesmo com um jogador a mais pela S\u00e9rie B do Brasileiro<\/p>\n<h4 class=\"wp-block-heading\"><strong>FIQUE ON<\/strong><\/h4>\n<p>Fique ligado em tudo que acontece em Ribeir\u00e3o Preto e regi\u00e3o. Siga os perfis do&nbsp;<strong>acidade on&nbsp;<\/strong>no&nbsp;<a href=\"https:\/\/www.instagram.com\/acidadeonribeirao\" target=\"_blank\" rel=\"noreferrer noopener\">Instagram<\/a>&nbsp;e no&nbsp;<a href=\"https:\/\/www.facebook.com\/acidadeonribeirao\" target=\"_blank\" rel=\"noreferrer noopener\">Facebook<\/a>.<\/p>\n<p>Receba not\u00edcias do acidade on no WhatsApp. Para entrar no grupo, basta&nbsp;<a href=\"https:\/\/chat.whatsapp.com\/GFH9HUMUTHNFJdnyEd0xxq\" target=\"_blank\" rel=\"noreferrer noopener\">clicar aqui<\/a>.<\/p>\n<p>Fa\u00e7a uma den\u00fancia ou sugira uma reportagem sobre Ribeir\u00e3o Preto e regi\u00e3o pelo WhatsApp: 16 99117 7802.<\/p>\n<p>VEJA TAMB\u00c9M<\/p>\n<p>Quais s\u00e3o as ra\u00e7as mais populares de gatos?<\/p>\n<p>O post Francana empata com o Ska Brasil e conquista acesso \u00e0 S\u00e9rie A3 do Paulista ap\u00f3s nove anos apareceu primeiro em ACidade ON Ribeir\u00e3o Preto.<\/p>\n<p><script async src=\"\/\/www.instagram.com\/embed.js\"><\/script><br \/>\n<br \/><br \/>\n<br \/><a href=\"https:\/\/www.acidadeon.com\/ribeiraopreto\/esportes\/francana-empata-com-o-ska-brasil-e-conquista-acesso-a-serie-a3-do-paulista-apos-nove-anos\/\">Source link <\/a><\/p>\n<!-- CONTENT END 1 -->\n","protected":false},"excerpt":{"rendered":"<p>A Francana empatou em 0 a 0 com o Ska Brasil, na manh\u00e3 deste domingo (28), e conquistou o acesso \u00e0 S\u00e9rie A3 do Campeonato&#8230;<\/p>\n","protected":false},"author":1,"featured_media":47767,"comment_status":"open","ping_status":"open","sticky":false,"template":"","format":"standard","meta":{"advanced_seo_description":"","jetpack_seo_html_title":"","jetpack_seo_noindex":false,"jetpack_post_was_ever_published":false,"_jetpack_newsletter_access":"","_jetpack_dont_email_post_to_subs":false,"_jetpack_newsletter_tier_id":0,"_jetpack_memberships_contains_paywalled_content":false,"_jetpack_memberships_contains_paid_content":false,"footnotes":"","jetpack_publicize_message":"","jetpack_publicize_feature_enabled":true,"jetpack_social_post_already_shared":true,"jetpack_social_options":{"image_generator_settings":{"template":"highway","default_image_id":0,"font":"","enabled":false},"version":2}},"categories":[11],"tags":[],"class_list":["post-47766","post","type-post","status-publish","format-standard","has-post-thumbnail","hentry","category-noticias-de-ribeirao-preto-sp-e-regiao-ismael-colosi"],"jetpack_publicize_connections":[],"jetpack_featured_media_url":"https:\/\/i0.wp.com\/noticiasribeiraopreto.com.br\/wp-content\/uploads\/2024\/04\/AnyConv.com__GMQkipZW4AEuJkY.webp.webp?fit=2479%2C1814&ssl=1","jetpack-related-posts":[{"id":68819,"url":"https:\/\/noticiasribeiraopreto.com.br\/index.php\/2025\/04\/29\/jornal-da-franca-francana-relembra-acesso-a-serie-a3-um-ano-apos-empate-decisivo-no-lanchao\/","url_meta":{"origin":47766,"position":0},"title":"Jornal da Franca &#8211; Francana relembra acesso \u00e0 S\u00e9rie A3 um ano ap\u00f3s empate decisivo no Lanch\u00e3o\u00a0\u00a0","author":"noticiasribeiraopreto.com.br","date":"29 de April de 2025","format":false,"excerpt":"compartilhar no whatsapp compartilhar no telegram compartilhar no facebook compartilhar no linkedin Time garantiu a vaga no dia 28 de abril de 2024, com empate contra o Ska Brasil diante da torcida em Franca Neste domingo (28), a Associa\u00e7\u00e3o Atl\u00e9tica Francana celebra o primeiro anivers\u00e1rio do acesso \u00e0 S\u00e9rie A3\u2026","rel":"","context":"In &quot;Not\u00edcias de Franca-SP&quot;","block_context":{"text":"Not\u00edcias de Franca-SP","link":"https:\/\/noticiasribeiraopreto.com.br\/index.php\/category\/noticias-de-ribeirao-preto-sp-e-regiao-ismael-colosi\/noticias-franca-sp\/"},"img":{"alt_text":"","src":"https:\/\/i0.wp.com\/noticiasribeiraopreto.com.br\/wp-content\/uploads\/2025\/04\/IMG-20250428-WA0026.jpg?fit=1200%2C800&ssl=1&resize=350%2C200","width":350,"height":200,"srcset":"https:\/\/i0.wp.com\/noticiasribeiraopreto.com.br\/wp-content\/uploads\/2025\/04\/IMG-20250428-WA0026.jpg?fit=1200%2C800&ssl=1&resize=350%2C200 1x, https:\/\/i0.wp.com\/noticiasribeiraopreto.com.br\/wp-content\/uploads\/2025\/04\/IMG-20250428-WA0026.jpg?fit=1200%2C800&ssl=1&resize=525%2C300 1.5x, https:\/\/i0.wp.com\/noticiasribeiraopreto.com.br\/wp-content\/uploads\/2025\/04\/IMG-20250428-WA0026.jpg?fit=1200%2C800&ssl=1&resize=700%2C400 2x, https:\/\/i0.wp.com\/noticiasribeiraopreto.com.br\/wp-content\/uploads\/2025\/04\/IMG-20250428-WA0026.jpg?fit=1200%2C800&ssl=1&resize=1050%2C600 3x"},"classes":[]},{"id":65115,"url":"https:\/\/noticiasribeiraopreto.com.br\/index.php\/2025\/03\/16\/jornal-da-franca-francana-empata-em-2-a-2-com-o-catanduva-e-garante-permanencia-no-paulista-serie-a-3\/","url_meta":{"origin":47766,"position":1},"title":"Jornal da Franca &#8211; Francana empata em 2 a 2 com o Catanduva e garante perman\u00eancia no Paulista S\u00e9rie A-3","author":"noticiasribeiraopreto.com.br","date":"16 de March de 2025","format":false,"excerpt":"compartilhar no whatsapp compartilhar no telegram compartilhar no facebook compartilhar no linkedin Veterana fica um ponto \u00e0 frente da zona de rebaixamento e focar\u00e1 agora na Copa Paulista Na tarde deste s\u00e1bado, a Associa\u00e7\u00e3o Atl\u00e9tica Francana empatou com o Catanduva por 2 a 2, em partida v\u00e1lida pelo Campeonato Paulista\u2026","rel":"","context":"In &quot;Not\u00edcias de Franca-SP&quot;","block_context":{"text":"Not\u00edcias de Franca-SP","link":"https:\/\/noticiasribeiraopreto.com.br\/index.php\/category\/noticias-de-ribeirao-preto-sp-e-regiao-ismael-colosi\/noticias-franca-sp\/"},"img":{"alt_text":"","src":"https:\/\/i0.wp.com\/noticiasribeiraopreto.com.br\/wp-content\/uploads\/2025\/03\/IMG-20250315-WA0009-scaled.jpg?fit=1200%2C675&ssl=1&resize=350%2C200","width":350,"height":200,"srcset":"https:\/\/i0.wp.com\/noticiasribeiraopreto.com.br\/wp-content\/uploads\/2025\/03\/IMG-20250315-WA0009-scaled.jpg?fit=1200%2C675&ssl=1&resize=350%2C200 1x, https:\/\/i0.wp.com\/noticiasribeiraopreto.com.br\/wp-content\/uploads\/2025\/03\/IMG-20250315-WA0009-scaled.jpg?fit=1200%2C675&ssl=1&resize=525%2C300 1.5x, https:\/\/i0.wp.com\/noticiasribeiraopreto.com.br\/wp-content\/uploads\/2025\/03\/IMG-20250315-WA0009-scaled.jpg?fit=1200%2C675&ssl=1&resize=700%2C400 2x, https:\/\/i0.wp.com\/noticiasribeiraopreto.com.br\/wp-content\/uploads\/2025\/03\/IMG-20250315-WA0009-scaled.jpg?fit=1200%2C675&ssl=1&resize=1050%2C600 3x"},"classes":[]},{"id":64639,"url":"https:\/\/noticiasribeiraopreto.com.br\/index.php\/2025\/03\/11\/risco-e-pequeno-mas-francana-volta-a-ter-fantasma-do-rebaixamento-na-ultima-rodada-da-serie-a3\/","url_meta":{"origin":47766,"position":2},"title":"Risco \u00e9 pequeno, mas Francana volta a ter fantasma do rebaixamento na \u00faltima rodada da S\u00e9rie A3","author":"noticiasribeiraopreto.com.br","date":"11 de March de 2025","format":false,"excerpt":"A Francana bem que tentou, mas o Mar\u00edlia segue sendo algoz do time francano desde os anos 2000 e a \u00faltima derrota por 1 a 0 deixou a equipe em pequeno de rebaixamento da S\u00e9rie A3 do Paulista. A chance de ficar em 8\u2070 lugar e se classificar tamb\u00e9m existe,\u2026","rel":"","context":"In &quot;Not\u00edcias de Franca-SP&quot;","block_context":{"text":"Not\u00edcias de Franca-SP","link":"https:\/\/noticiasribeiraopreto.com.br\/index.php\/category\/noticias-de-ribeirao-preto-sp-e-regiao-ismael-colosi\/noticias-franca-sp\/"},"img":{"alt_text":"","src":"https:\/\/i0.wp.com\/noticiasribeiraopreto.com.br\/wp-content\/uploads\/2025\/03\/IMG-20250310-WA0157-scaled.jpg?fit=1200%2C1200&ssl=1&resize=350%2C200","width":350,"height":200,"srcset":"https:\/\/i0.wp.com\/noticiasribeiraopreto.com.br\/wp-content\/uploads\/2025\/03\/IMG-20250310-WA0157-scaled.jpg?fit=1200%2C1200&ssl=1&resize=350%2C200 1x, https:\/\/i0.wp.com\/noticiasribeiraopreto.com.br\/wp-content\/uploads\/2025\/03\/IMG-20250310-WA0157-scaled.jpg?fit=1200%2C1200&ssl=1&resize=525%2C300 1.5x, https:\/\/i0.wp.com\/noticiasribeiraopreto.com.br\/wp-content\/uploads\/2025\/03\/IMG-20250310-WA0157-scaled.jpg?fit=1200%2C1200&ssl=1&resize=700%2C400 2x, https:\/\/i0.wp.com\/noticiasribeiraopreto.com.br\/wp-content\/uploads\/2025\/03\/IMG-20250310-WA0157-scaled.jpg?fit=1200%2C1200&ssl=1&resize=1050%2C600 3x"},"classes":[]},{"id":72208,"url":"https:\/\/noticiasribeiraopreto.com.br\/index.php\/2025\/06\/14\/jornal-da-franca-e-hoje-veterana-estreia-na-copa-paulista-com-derby-regional-contra-o-comercial\/","url_meta":{"origin":47766,"position":3},"title":"Jornal da Franca &#8211; \u00c9 hoje: Veterana estreia na Copa Paulista com derby regional contra o Comercial","author":"noticiasribeiraopreto.com.br","date":"14 de June de 2025","format":false,"excerpt":"compartilhar no whatsapp compartilhar no telegram compartilhar no facebook compartilhar no linkedin Equipe faz sua estreia na competi\u00e7\u00e3o estadual que d\u00e1 vaga para a Copa do Brasil Comercial e Francana estreiam neste s\u00e1bado (14), \u00e0s 15h, no est\u00e1dio Palma Travassos, em Ribeir\u00e3o Preto, pelo Grupo 2 da Copa Paulista. As\u2026","rel":"","context":"In &quot;Not\u00edcias de Franca-SP&quot;","block_context":{"text":"Not\u00edcias de Franca-SP","link":"https:\/\/noticiasribeiraopreto.com.br\/index.php\/category\/noticias-de-ribeirao-preto-sp-e-regiao-ismael-colosi\/noticias-franca-sp\/"},"img":{"alt_text":"","src":"https:\/\/i0.wp.com\/noticiasribeiraopreto.com.br\/wp-content\/uploads\/2025\/06\/34f1b1e4-08b0-4c27-bf31-59756aada72e-2.jpg?fit=1200%2C900&ssl=1&resize=350%2C200","width":350,"height":200,"srcset":"https:\/\/i0.wp.com\/noticiasribeiraopreto.com.br\/wp-content\/uploads\/2025\/06\/34f1b1e4-08b0-4c27-bf31-59756aada72e-2.jpg?fit=1200%2C900&ssl=1&resize=350%2C200 1x, https:\/\/i0.wp.com\/noticiasribeiraopreto.com.br\/wp-content\/uploads\/2025\/06\/34f1b1e4-08b0-4c27-bf31-59756aada72e-2.jpg?fit=1200%2C900&ssl=1&resize=525%2C300 1.5x, https:\/\/i0.wp.com\/noticiasribeiraopreto.com.br\/wp-content\/uploads\/2025\/06\/34f1b1e4-08b0-4c27-bf31-59756aada72e-2.jpg?fit=1200%2C900&ssl=1&resize=700%2C400 2x, https:\/\/i0.wp.com\/noticiasribeiraopreto.com.br\/wp-content\/uploads\/2025\/06\/34f1b1e4-08b0-4c27-bf31-59756aada72e-2.jpg?fit=1200%2C900&ssl=1&resize=1050%2C600 3x"},"classes":[]},{"id":65103,"url":"https:\/\/noticiasribeiraopreto.com.br\/index.php\/2025\/03\/15\/francana-chega-a-seu-8%e2%81%b0-empate-e-se-despede-da-serie-a3-sem-classificacao\/","url_meta":{"origin":47766,"position":4},"title":"Francana chega a seu 8\u2070 empate e se despede da S\u00e9rie A3 sem classifica\u00e7\u00e3o","author":"noticiasribeiraopreto.com.br","date":"15 de March de 2025","format":false,"excerpt":"A Francana encerrou sua participa\u00e7\u00e3o no Campeonato Paulista da S\u00e9rie A3 com um empate, resultados que a equipe acumulou nessa edi\u00e7\u00e3o e que prejudicou para a classifica\u00e7\u00e3o. No jogo contra o Catanduva, fora de casa, a equipe ficou no 2 a 2 neste s\u00e1bado \u00e0 tarde, no Est\u00e1dio Silvio Salles.\u2026","rel":"","context":"In &quot;Not\u00edcias de Franca-SP&quot;","block_context":{"text":"Not\u00edcias de Franca-SP","link":"https:\/\/noticiasribeiraopreto.com.br\/index.php\/category\/noticias-de-ribeirao-preto-sp-e-regiao-ismael-colosi\/noticias-franca-sp\/"},"img":{"alt_text":"","src":"https:\/\/i0.wp.com\/noticiasribeiraopreto.com.br\/wp-content\/uploads\/2025\/03\/IMG-20250315-WA0034-scaled.jpg?fit=1200%2C675&ssl=1&resize=350%2C200","width":350,"height":200,"srcset":"https:\/\/i0.wp.com\/noticiasribeiraopreto.com.br\/wp-content\/uploads\/2025\/03\/IMG-20250315-WA0034-scaled.jpg?fit=1200%2C675&ssl=1&resize=350%2C200 1x, https:\/\/i0.wp.com\/noticiasribeiraopreto.com.br\/wp-content\/uploads\/2025\/03\/IMG-20250315-WA0034-scaled.jpg?fit=1200%2C675&ssl=1&resize=525%2C300 1.5x, https:\/\/i0.wp.com\/noticiasribeiraopreto.com.br\/wp-content\/uploads\/2025\/03\/IMG-20250315-WA0034-scaled.jpg?fit=1200%2C675&ssl=1&resize=700%2C400 2x, https:\/\/i0.wp.com\/noticiasribeiraopreto.com.br\/wp-content\/uploads\/2025\/03\/IMG-20250315-WA0034-scaled.jpg?fit=1200%2C675&ssl=1&resize=1050%2C600 3x"},"classes":[]},{"id":64509,"url":"https:\/\/noticiasribeiraopreto.com.br\/index.php\/2025\/03\/09\/jornal-da-franca-francana-quer-manter-tabu-de-45-anos-contra-o-marilia-em-briga-pela-classificacao\/","url_meta":{"origin":47766,"position":5},"title":"Jornal da Franca &#8211; Francana quer manter tabu de 45 anos contra o Mar\u00edlia em briga pela classifica\u00e7\u00e3o","author":"noticiasribeiraopreto.com.br","date":"9 de March de 2025","format":false,"excerpt":"compartilhar no whatsapp compartilhar no telegram compartilhar no facebook compartilhar no linkedin Equipe est\u00e1 na d\u00e9cima coloca\u00e7\u00e3o na classifica\u00e7\u00e3o e vit\u00f3ria contra o Mar\u00edlia \u00e9 obrigat\u00f3ria A Francana recebe o Mar\u00edlia neste domingo (9), \u00e0s 10h, no est\u00e1dio Lancha Filho, em Franca, pela pen\u00faltima rodada da 1\u00aa fase do Paulist\u00e3o\u2026","rel":"","context":"In &quot;Not\u00edcias de Franca-SP&quot;","block_context":{"text":"Not\u00edcias de Franca-SP","link":"https:\/\/noticiasribeiraopreto.com.br\/index.php\/category\/noticias-de-ribeirao-preto-sp-e-regiao-ismael-colosi\/noticias-franca-sp\/"},"img":{"alt_text":"","src":"https:\/\/i0.wp.com\/noticiasribeiraopreto.com.br\/wp-content\/uploads\/2025\/03\/IMG-20250307-WA0004-1.jpg?fit=1200%2C801&ssl=1&resize=350%2C200","width":350,"height":200,"srcset":"https:\/\/i0.wp.com\/noticiasribeiraopreto.com.br\/wp-content\/uploads\/2025\/03\/IMG-20250307-WA0004-1.jpg?fit=1200%2C801&ssl=1&resize=350%2C200 1x, https:\/\/i0.wp.com\/noticiasribeiraopreto.com.br\/wp-content\/uploads\/2025\/03\/IMG-20250307-WA0004-1.jpg?fit=1200%2C801&ssl=1&resize=525%2C300 1.5x, https:\/\/i0.wp.com\/noticiasribeiraopreto.com.br\/wp-content\/uploads\/2025\/03\/IMG-20250307-WA0004-1.jpg?fit=1200%2C801&ssl=1&resize=700%2C400 2x, https:\/\/i0.wp.com\/noticiasribeiraopreto.com.br\/wp-content\/uploads\/2025\/03\/IMG-20250307-WA0004-1.jpg?fit=1200%2C801&ssl=1&resize=1050%2C600 3x"},"classes":[]}],"jetpack_sharing_enabled":true,"jetpack_shortlink":"https:\/\/wp.me\/peQAOb-cqq","_links":{"self":[{"href":"https:\/\/noticiasribeiraopreto.com.br\/index.php\/wp-json\/wp\/v2\/posts\/47766","targetHints":{"allow":["GET"]}}],"collection":[{"href":"https:\/\/noticiasribeiraopreto.com.br\/index.php\/wp-json\/wp\/v2\/posts"}],"about":[{"href":"https:\/\/noticiasribeiraopreto.com.br\/index.php\/wp-json\/wp\/v2\/types\/post"}],"author":[{"embeddable":true,"href":"https:\/\/noticiasribeiraopreto.com.br\/index.php\/wp-json\/wp\/v2\/users\/1"}],"replies":[{"embeddable":true,"href":"https:\/\/noticiasribeiraopreto.com.br\/index.php\/wp-json\/wp\/v2\/comments?post=47766"}],"version-history":[{"count":0,"href":"https:\/\/noticiasribeiraopreto.com.br\/index.php\/wp-json\/wp\/v2\/posts\/47766\/revisions"}],"wp:featuredmedia":[{"embeddable":true,"href":"https:\/\/noticiasribeiraopreto.com.br\/index.php\/wp-json\/wp\/v2\/media\/47767"}],"wp:attachment":[{"href":"https:\/\/noticiasribeiraopreto.com.br\/index.php\/wp-json\/wp\/v2\/media?parent=47766"}],"wp:term":[{"taxonomy":"category","embeddable":true,"href":"https:\/\/noticiasribeiraopreto.com.br\/index.php\/wp-json\/wp\/v2\/categories?post=47766"},{"taxonomy":"post_tag","embeddable":true,"href":"https:\/\/noticiasribeiraopreto.com.br\/index.php\/wp-json\/wp\/v2\/tags?post=47766"}],"curies":[{"name":"wp","href":"https:\/\/api.w.org\/{rel}","templated":true}]}}