{"id":47772,"date":"2024-04-28T14:51:14","date_gmt":"2024-04-28T17:51:14","guid":{"rendered":"https:\/\/noticiasribeiraopreto.com.br\/index.php\/2024\/04\/28\/mike-towers-e-bad-bunny-lancam-novo-single-adivino\/"},"modified":"2024-04-28T14:51:14","modified_gmt":"2024-04-28T17:51:14","slug":"mike-towers-e-bad-bunny-lancam-novo-single-adivino","status":"publish","type":"post","link":"https:\/\/noticiasribeiraopreto.com.br\/index.php\/2024\/04\/28\/mike-towers-e-bad-bunny-lancam-novo-single-adivino\/","title":{"rendered":"Mike Towers e Bad Bunny lan\u00e7am novo single \u201cAdivino\u201d"},"content":{"rendered":"<div class='code-block code-block-1' style='margin: 8px 0 8px auto; text-align: right; display: block; clear: both;'>\n<p><a href=\"https:\/\/wa.link\/vpicfd\"><img data-recalc-dims=\"1\" class=\"wp-image-4922\" style=\"aspect-ratio: 2.0253164556962027; width: 561px; height: auto;\" src=\"https:\/\/i0.wp.com\/ismaelcolosi.com.br\/wp-content\/uploads\/2023\/11\/grupo-de-empregos-whatsapp-e-facebook-ismael-colosi-vagas.jpg?ssl=1\" alt=\"\" \/><\/a><\/p>\n<!-- \/wp:image -->\n<\/div>\n<p> <br \/>\n<\/p>\n<div>\n<h3 class=\"fn__maintitle\"><span>Mike Towers e Bad Bunny lan\u00e7am novo single \u201cAdivino\u201d<\/span><\/h3>\n<\/div>\n<div>\n<p style=\"text-align: center;\"><strong><i>Faixa \u00e9 a primeira m\u00fasica do pr\u00f3ximo \u00e1lbum de Myke e j\u00e1 est\u00e1 dispon\u00edvel em todas as plataformas digitais<\/i><\/strong><\/p>\n<p>Os tit\u00e3s da m\u00fasica latina\u00a0<strong>Myke Towers<\/strong>\u00a0e\u00a0<strong>Bad Bunny\u00a0<\/strong>unem for\u00e7as para\u00a0<strong>\u201cADIVINO\u201d<\/strong>, uma colabora\u00e7\u00e3o poderosa que promete cativar as paradas em todo o mundo. A faixa j\u00e1 est\u00e1 dispon\u00edvel em todas as plataformas de streaming. Ou\u00e7a\u00a0<a href=\"https:\/\/wml.link\/ADIVINO\" target=\"_blank\" rel=\"noopener noreferrer\"><u>aqui<\/u><\/a>.<\/p>\n<p><strong>\u201cADIVINO\u201d<\/strong>\u00a0\u00e9 o primeiro single do pr\u00f3ximo \u00e1lbum de Myke. A m\u00fasica foi escrita por Towers e Bunny e produzida por Jarom Sua, De La Cruz e Eiby. Com suas batidas que induzem ao transe, a faixa \u00e9 uma obra-prima do reggaeton que investiga os desafios enfrentados em um relacionamento e a dor de um rompimento.<\/p>\n<p>A qu\u00edmica ineg\u00e1vel entre Myke Towers e Bad Bunny promete cativar o p\u00fablico. \u201cADIVINO\u201d surge pouco menos de um m\u00eas antes do in\u00edcio da t\u00e3o esperada turn\u00ea europeia \u201cVIVE LA TUYA\u2026 NO LA M\u00cdA\u201d, que se inicia no dia 21 de maio, com um espet\u00e1culo \u2013 com ingressos j\u00e1 esgotados \u2013 no WiZink Center de Madrid. A turn\u00ea visitar\u00e1 19 grandes cidades europeias, incluindo Barcelona, Mil\u00e3o, Amsterd\u00e3 e Sevilha. Outras datas ser\u00e3o anunciadas em breve.<\/p>\n<p>No in\u00edcio deste m\u00eas, Towers lan\u00e7ou o aguardado \u201cLA FALDA (Ti\u00ebsto Remix)\u201d. A vers\u00e3o original da m\u00fasica marcou o TOP 1 nas r\u00e1dios latinas dos EUA e recebeu certifica\u00e7\u00e3o de platina 2 vezes pela RIAA. \u201cLA FALDA\u201d tamb\u00e9m continua no Top 10 de v\u00e1rios pa\u00edses, com mais de 292 milh\u00f5es de streams do Spotify, atualmente na 30\u00aa posi\u00e7\u00e3o em todo o mundo. Al\u00e9m disso, Towers recebeu quatro indica\u00e7\u00f5es no \u201cLatin American Music Awards de 2024\u201d, incluindo \u201cCan\u00e7\u00e3o do Ano\u201d, \u201cCan\u00e7\u00e3o Latina Global do Ano\u201d, \u201cMelhor Can\u00e7\u00e3o \u2013 Urbana\u201d e \u201cMelhor Colabora\u00e7\u00e3o \u2013 Urbana por \u2018LALA\u2019 e \u2018Borracho y Loco&#8217;\u201d, com Yandel.<\/p>\n<div class=\"popito_fn_votewrap\">\n<h3 class=\"vote_title\">Como voc\u00ea vota? <\/h3>\n<div class=\"popito_fn_votes \" data-id=\"2447\">\n<p>0 People voted this article. 0 Upvotes &#8211; 0 Downvotes.<\/p>\n<\/div>\n<\/div>\n<\/div>\n<p><br \/>\n<br \/><a href=\"https:\/\/popito.com.br\/mike-towers-e-bad-bunny-lancam-novo-single-adivino\/\">Source link <\/a><\/p>\n<!-- CONTENT END 1 -->\n","protected":false},"excerpt":{"rendered":"<p>Mike Towers e Bad Bunny lan\u00e7am novo single \u201cAdivino\u201d Faixa \u00e9 a primeira m\u00fasica do pr\u00f3ximo \u00e1lbum de Myke e j\u00e1 est\u00e1 dispon\u00edvel em todas&#8230;<\/p>\n","protected":false},"author":1,"featured_media":47773,"comment_status":"open","ping_status":"open","sticky":false,"template":"","format":"standard","meta":{"advanced_seo_description":"","jetpack_seo_html_title":"","jetpack_seo_noindex":false,"jetpack_post_was_ever_published":false,"_jetpack_newsletter_access":"","_jetpack_dont_email_post_to_subs":false,"_jetpack_newsletter_tier_id":0,"_jetpack_memberships_contains_paywalled_content":false,"_jetpack_memberships_contains_paid_content":false,"footnotes":"","jetpack_publicize_message":"","jetpack_publicize_feature_enabled":true,"jetpack_social_post_already_shared":true,"jetpack_social_options":{"image_generator_settings":{"template":"highway","default_image_id":0,"font":"","enabled":false},"version":2}},"categories":[11],"tags":[5698,5696,5697,5462,5694,381,5679,5695],"class_list":["post-47772","post","type-post","status-publish","format-standard","has-post-thumbnail","hentry","category-noticias-de-ribeirao-preto-sp-e-regiao-ismael-colosi","tag-adivino","tag-bad","tag-bunny","tag-lancam","tag-mike","tag-novo","tag-single","tag-towers"],"jetpack_publicize_connections":[],"jetpack_featured_media_url":"https:\/\/i0.wp.com\/noticiasribeiraopreto.com.br\/wp-content\/uploads\/2024\/04\/1714326675_retina-logo.png?fit=145%2C50&ssl=1","jetpack-related-posts":[{"id":66260,"url":"https:\/\/noticiasribeiraopreto.com.br\/index.php\/2025\/03\/29\/jornal-da-franca-rionegro-e-solimoes-lancam-inedita-peao-voltou-com-pegada-forte-e-envolvente\/","url_meta":{"origin":47772,"position":0},"title":"Jornal da Franca &#8211; Rionegro e Solim\u00f5es lan\u00e7am in\u00e9dita &#8220;Pe\u00e3o Voltou&#8221;, com pegada forte e envolvente","author":"noticiasribeiraopreto.com.br","date":"29 de March de 2025","format":false,"excerpt":"compartilhar no whatsapp compartilhar no telegram compartilhar no facebook compartilhar no linkedin Com versos marcantes e um refr\u00e3o forte, a nova m\u00fasica da dupla\u00a0Rionegro e Solim\u00f5es\u00a0promete ser mais um sucesso absoluto O sertanejo de raiz segue firme e forte com\u00a0Rionegro e Solim\u00f5es, que continuam entregando grandes sucessos para os apaixonados\u2026","rel":"","context":"In &quot;Not\u00edcias de Franca-SP&quot;","block_context":{"text":"Not\u00edcias de Franca-SP","link":"https:\/\/noticiasribeiraopreto.com.br\/index.php\/category\/noticias-de-ribeirao-preto-sp-e-regiao-ismael-colosi\/noticias-franca-sp\/"},"img":{"alt_text":"","src":"https:\/\/i0.wp.com\/noticiasribeiraopreto.com.br\/wp-content\/uploads\/2025\/03\/O-peao-voltou-00.jpg?fit=1024%2C681&ssl=1&resize=350%2C200","width":350,"height":200,"srcset":"https:\/\/i0.wp.com\/noticiasribeiraopreto.com.br\/wp-content\/uploads\/2025\/03\/O-peao-voltou-00.jpg?fit=1024%2C681&ssl=1&resize=350%2C200 1x, https:\/\/i0.wp.com\/noticiasribeiraopreto.com.br\/wp-content\/uploads\/2025\/03\/O-peao-voltou-00.jpg?fit=1024%2C681&ssl=1&resize=525%2C300 1.5x, https:\/\/i0.wp.com\/noticiasribeiraopreto.com.br\/wp-content\/uploads\/2025\/03\/O-peao-voltou-00.jpg?fit=1024%2C681&ssl=1&resize=700%2C400 2x"},"classes":[]},{"id":46589,"url":"https:\/\/noticiasribeiraopreto.com.br\/index.php\/2024\/04\/12\/dua-lipa-compartilha-mais-uma-faixa-do-album-radical-optimism\/","url_meta":{"origin":47772,"position":1},"title":"Dua Lipa compartilha mais uma faixa do \u00e1lbum &#8220;Radical Optimism&#8221;","author":"noticiasribeiraopreto.com.br","date":"12 de April de 2024","format":false,"excerpt":"Dua Lipa compartilha mais uma faixa do \u00e1lbum \u201cRadical Optimism\u201d\u201cIllusion\u201d j\u00e1 est\u00e1 dispon\u00edvel nas plataformas digitais, com videoclipe no YouTube Dua Lipa, pot\u00eancia pop global \u2013 ganhadora de tr\u00eas pr\u00eamios Grammy e sete pr\u00eamios BRIT \u2013\u00a0lan\u00e7ou o single\u00a0\u201cIllusion\u201d, de seu t\u00e3o aguardado \u00e1lbum, \u201cRadical Optimism\u201d, que tem previs\u00e3o de lan\u00e7amento\u2026","rel":"","context":"In &quot;Not\u00edcias de Ribeir\u00e3o Preto-SP e Regi\u00e3o&quot;","block_context":{"text":"Not\u00edcias de Ribeir\u00e3o Preto-SP e Regi\u00e3o","link":"https:\/\/noticiasribeiraopreto.com.br\/index.php\/category\/noticias-de-ribeirao-preto-sp-e-regiao-ismael-colosi\/"},"img":{"alt_text":"","src":"https:\/\/i0.wp.com\/noticiasribeiraopreto.com.br\/wp-content\/uploads\/2024\/04\/handler-2.jpeg?fit=1200%2C1200&ssl=1&resize=350%2C200","width":350,"height":200,"srcset":"https:\/\/i0.wp.com\/noticiasribeiraopreto.com.br\/wp-content\/uploads\/2024\/04\/handler-2.jpeg?fit=1200%2C1200&ssl=1&resize=350%2C200 1x, https:\/\/i0.wp.com\/noticiasribeiraopreto.com.br\/wp-content\/uploads\/2024\/04\/handler-2.jpeg?fit=1200%2C1200&ssl=1&resize=525%2C300 1.5x, https:\/\/i0.wp.com\/noticiasribeiraopreto.com.br\/wp-content\/uploads\/2024\/04\/handler-2.jpeg?fit=1200%2C1200&ssl=1&resize=700%2C400 2x, https:\/\/i0.wp.com\/noticiasribeiraopreto.com.br\/wp-content\/uploads\/2024\/04\/handler-2.jpeg?fit=1200%2C1200&ssl=1&resize=1050%2C600 3x"},"classes":[]},{"id":47470,"url":"https:\/\/noticiasribeiraopreto.com.br\/index.php\/2024\/04\/25\/dua-lipa-conquista-o-mundo-com-seu-novo-sucesso-seu-mais-recente-single-training-season\/","url_meta":{"origin":47772,"position":2},"title":"Dua Lipa conquista o mundo com seu novo sucesso, seu mais recente single, \u201cTraining Season\u201d","author":"noticiasribeiraopreto.com.br","date":"25 de April de 2024","format":false,"excerpt":"Com mais de 24 milh\u00f5es de visualiza\u00e7\u00f5es\u00a0no YouTube. Nesta envolvente m\u00fasica, Dua Lipa explora temas de relacionamentos, vulnerabilidade e autenticidade. Dua Lipa est\u00e1 de volta com um novo sucesso! Seu mais recente single, \u201cTraining Season\u201d, est\u00e1 fazendo ondas e conquistando os cora\u00e7\u00f5es dos f\u00e3s. Nesta m\u00fasica, Dua Lipa explora temas\u2026","rel":"","context":"In &quot;Not\u00edcias de Ribeir\u00e3o Preto-SP e Regi\u00e3o&quot;","block_context":{"text":"Not\u00edcias de Ribeir\u00e3o Preto-SP e Regi\u00e3o","link":"https:\/\/noticiasribeiraopreto.com.br\/index.php\/category\/noticias-de-ribeirao-preto-sp-e-regiao-ismael-colosi\/"},"img":{"alt_text":"","src":"","width":0,"height":0},"classes":[]},{"id":46936,"url":"https:\/\/noticiasribeiraopreto.com.br\/index.php\/2024\/04\/15\/luisa-sonza-ultrapassa-meio-milhao-de-streams-no-spotify-com-escandalo-intimo\/","url_meta":{"origin":47772,"position":3},"title":"Lu\u00edsa Sonza ultrapassa meio milh\u00e3o de streams no Spotify com &#8220;Esc\u00e2ndalo \u00cdntimo&#8221;","author":"noticiasribeiraopreto.com.br","date":"15 de April de 2024","format":false,"excerpt":"Lu\u00edsa Sonza ultrapassa meio milh\u00e3o de streams no Spotify com \u201cEsc\u00e2ndalo \u00cdntimo\u201dEla tem n\u00fameros e ainda \u00e9 artista! Lu\u00edsa Sonza ultrapassou meio milh\u00e3o de streams no Spotify com seu novo disco \u201cEsc\u00e2ndalo \u00cdntimo\u201d. A artista conta tamb\u00e9m com mais de 700 milh\u00f5es de streams com o \u00e1lbum \u201cDoce 22\u201d na\u2026","rel":"","context":"In &quot;Not\u00edcias de Ribeir\u00e3o Preto-SP e Regi\u00e3o&quot;","block_context":{"text":"Not\u00edcias de Ribeir\u00e3o Preto-SP e Regi\u00e3o","link":"https:\/\/noticiasribeiraopreto.com.br\/index.php\/category\/noticias-de-ribeirao-preto-sp-e-regiao-ismael-colosi\/"},"img":{"alt_text":"","src":"https:\/\/i0.wp.com\/noticiasribeiraopreto.com.br\/wp-content\/uploads\/2024\/04\/2875510271.jpg?fit=800%2C1200&ssl=1&resize=350%2C200","width":350,"height":200,"srcset":"https:\/\/i0.wp.com\/noticiasribeiraopreto.com.br\/wp-content\/uploads\/2024\/04\/2875510271.jpg?fit=800%2C1200&ssl=1&resize=350%2C200 1x, https:\/\/i0.wp.com\/noticiasribeiraopreto.com.br\/wp-content\/uploads\/2024\/04\/2875510271.jpg?fit=800%2C1200&ssl=1&resize=525%2C300 1.5x, https:\/\/i0.wp.com\/noticiasribeiraopreto.com.br\/wp-content\/uploads\/2024\/04\/2875510271.jpg?fit=800%2C1200&ssl=1&resize=700%2C400 2x"},"classes":[]},{"id":21976,"url":"https:\/\/noticiasribeiraopreto.com.br\/index.php\/2023\/12\/28\/veja-as-dez-musicas-mais-tocadas-em-2023-meu-valor-digital\/","url_meta":{"origin":47772,"position":4},"title":"Veja as dez m\u00fasicas mais tocadas em 2023 &#8211; Meu Valor Digital","author":"noticiasribeiraopreto.com.br","date":"28 de December de 2023","format":false,"excerpt":"Neste ano, muitas m\u00fasicas fizeram sucesso e foram tocadas nas principais r\u00e1dios de todo o pa\u00eds. Tamb\u00e9m executadas nas plataformas de streaming e nas paradas musicais.\u00a0 Em 2023, a m\u00fasica sertaneja esteve muito presente nas paradas musicais brasileiras. A m\u00fasica \u201cLe\u00e3o\u201d da saudosa Mar\u00edlia Mendon\u00e7a \u00e9 a mais tocada do\u2026","rel":"","context":"In &quot;Vagas de Emprego em Ribeir\u00e3o Preto-SP&quot;","block_context":{"text":"Vagas de Emprego em Ribeir\u00e3o Preto-SP","link":"https:\/\/noticiasribeiraopreto.com.br\/index.php\/category\/empregos-classificados-vagas-trabalho\/vagas-de-empregos-em-ribeirao-preto-regiao-brasil\/"},"img":{"alt_text":"","src":"https:\/\/i0.wp.com\/noticiasribeiraopreto.com.br\/wp-content\/uploads\/2023\/12\/dez-musicas-mais-tocadas-2023.jpg?fit=1200%2C800&ssl=1&resize=350%2C200","width":350,"height":200,"srcset":"https:\/\/i0.wp.com\/noticiasribeiraopreto.com.br\/wp-content\/uploads\/2023\/12\/dez-musicas-mais-tocadas-2023.jpg?fit=1200%2C800&ssl=1&resize=350%2C200 1x, https:\/\/i0.wp.com\/noticiasribeiraopreto.com.br\/wp-content\/uploads\/2023\/12\/dez-musicas-mais-tocadas-2023.jpg?fit=1200%2C800&ssl=1&resize=525%2C300 1.5x, https:\/\/i0.wp.com\/noticiasribeiraopreto.com.br\/wp-content\/uploads\/2023\/12\/dez-musicas-mais-tocadas-2023.jpg?fit=1200%2C800&ssl=1&resize=700%2C400 2x, https:\/\/i0.wp.com\/noticiasribeiraopreto.com.br\/wp-content\/uploads\/2023\/12\/dez-musicas-mais-tocadas-2023.jpg?fit=1200%2C800&ssl=1&resize=1050%2C600 3x"},"classes":[]},{"id":78840,"url":"https:\/\/noticiasribeiraopreto.com.br\/index.php\/2025\/10\/19\/dimi-zumque-lanca-novo-album-e-retorna-aos-palcos\/","url_meta":{"origin":47772,"position":5},"title":"Dimi Zumqu\u00ea lan\u00e7a novo \u00e1lbum e retorna aos palcos","author":"noticiasribeiraopreto.com.br","date":"19 de October de 2025","format":false,"excerpt":"\u2018Dias@Mais\u2019, novo trabalho do cantor e compositor ribeir\u00e3o-pretano, chega \u00e0s plataformas digitais e ganha show de lan\u00e7amento no dia 21 de outubro O cantor, compositor e produtor Dimi Zumqu\u00ea acaba de lan\u00e7ar seu novo \u00e1lbum,\u00a0Dias@Mais, j\u00e1 dispon\u00edvel em plataformas digitais como\u00a0Spotify, Deezer, Amazon Music, entre outras, e retorna aos palcos\u2026","rel":"","context":"In &quot;Not\u00edcias de Ribeir\u00e3o Preto-SP e Regi\u00e3o&quot;","block_context":{"text":"Not\u00edcias de Ribeir\u00e3o Preto-SP e Regi\u00e3o","link":"https:\/\/noticiasribeiraopreto.com.br\/index.php\/category\/noticias-de-ribeirao-preto-sp-e-regiao-ismael-colosi\/"},"img":{"alt_text":"","src":"https:\/\/i0.wp.com\/noticiasribeiraopreto.com.br\/wp-content\/uploads\/2025\/10\/Dimi-Zumque-scaled.jpg?fit=1170%2C780&ssl=1&resize=350%2C200","width":350,"height":200,"srcset":"https:\/\/i0.wp.com\/noticiasribeiraopreto.com.br\/wp-content\/uploads\/2025\/10\/Dimi-Zumque-scaled.jpg?fit=1170%2C780&ssl=1&resize=350%2C200 1x, https:\/\/i0.wp.com\/noticiasribeiraopreto.com.br\/wp-content\/uploads\/2025\/10\/Dimi-Zumque-scaled.jpg?fit=1170%2C780&ssl=1&resize=525%2C300 1.5x, https:\/\/i0.wp.com\/noticiasribeiraopreto.com.br\/wp-content\/uploads\/2025\/10\/Dimi-Zumque-scaled.jpg?fit=1170%2C780&ssl=1&resize=700%2C400 2x, https:\/\/i0.wp.com\/noticiasribeiraopreto.com.br\/wp-content\/uploads\/2025\/10\/Dimi-Zumque-scaled.jpg?fit=1170%2C780&ssl=1&resize=1050%2C600 3x"},"classes":[]}],"jetpack_sharing_enabled":true,"jetpack_shortlink":"https:\/\/wp.me\/peQAOb-cqw","_links":{"self":[{"href":"https:\/\/noticiasribeiraopreto.com.br\/index.php\/wp-json\/wp\/v2\/posts\/47772","targetHints":{"allow":["GET"]}}],"collection":[{"href":"https:\/\/noticiasribeiraopreto.com.br\/index.php\/wp-json\/wp\/v2\/posts"}],"about":[{"href":"https:\/\/noticiasribeiraopreto.com.br\/index.php\/wp-json\/wp\/v2\/types\/post"}],"author":[{"embeddable":true,"href":"https:\/\/noticiasribeiraopreto.com.br\/index.php\/wp-json\/wp\/v2\/users\/1"}],"replies":[{"embeddable":true,"href":"https:\/\/noticiasribeiraopreto.com.br\/index.php\/wp-json\/wp\/v2\/comments?post=47772"}],"version-history":[{"count":0,"href":"https:\/\/noticiasribeiraopreto.com.br\/index.php\/wp-json\/wp\/v2\/posts\/47772\/revisions"}],"wp:featuredmedia":[{"embeddable":true,"href":"https:\/\/noticiasribeiraopreto.com.br\/index.php\/wp-json\/wp\/v2\/media\/47773"}],"wp:attachment":[{"href":"https:\/\/noticiasribeiraopreto.com.br\/index.php\/wp-json\/wp\/v2\/media?parent=47772"}],"wp:term":[{"taxonomy":"category","embeddable":true,"href":"https:\/\/noticiasribeiraopreto.com.br\/index.php\/wp-json\/wp\/v2\/categories?post=47772"},{"taxonomy":"post_tag","embeddable":true,"href":"https:\/\/noticiasribeiraopreto.com.br\/index.php\/wp-json\/wp\/v2\/tags?post=47772"}],"curies":[{"name":"wp","href":"https:\/\/api.w.org\/{rel}","templated":true}]}}