{"id":47780,"date":"2024-04-28T15:58:11","date_gmt":"2024-04-28T18:58:11","guid":{"rendered":"https:\/\/noticiasribeiraopreto.com.br\/index.php\/2024\/04\/28\/maolee-lanca-single-escolhido\/"},"modified":"2024-04-28T15:58:11","modified_gmt":"2024-04-28T18:58:11","slug":"maolee-lanca-single-escolhido","status":"publish","type":"post","link":"https:\/\/noticiasribeiraopreto.com.br\/index.php\/2024\/04\/28\/maolee-lanca-single-escolhido\/","title":{"rendered":"M\u00e3olee lan\u00e7a single \u201cEscolhido\u201d &#8211; Popito"},"content":{"rendered":"<div class='code-block code-block-1' style='margin: 8px 0 8px auto; text-align: right; display: block; clear: both;'>\n<p><a href=\"https:\/\/wa.link\/vpicfd\"><img data-recalc-dims=\"1\" class=\"wp-image-4922\" style=\"aspect-ratio: 2.0253164556962027; width: 561px; height: auto;\" src=\"https:\/\/i0.wp.com\/ismaelcolosi.com.br\/wp-content\/uploads\/2023\/11\/grupo-de-empregos-whatsapp-e-facebook-ismael-colosi-vagas.jpg?ssl=1\" alt=\"\" \/><\/a><\/p>\n<!-- \/wp:image -->\n<\/div>\n<p> <br \/>\n<\/p>\n<div>\n<h3 class=\"fn__maintitle\"><span>M\u00e3olee lan\u00e7a single \u201cEscolhido\u201d<\/span><\/h3>\n<\/div>\n<div>\n<p style=\"text-align: center;\"><strong><i>Nova faixa chega a todos o tocadores digitais nesta sexta-feira (26), com videoclipe no YouTube<\/i><\/strong><\/p>\n<p>O beatmaker\u00a0<strong>M\u00e3olee<\/strong>, que conquistou seu espa\u00e7o no cen\u00e1rio do rap nacional com uma trajet\u00f3ria marcada por originalidade e paix\u00e3o pela m\u00fasica, compartilha\u00a0<strong>\u201cEscolhido\u201d,<\/strong>\u00a0uma colabora\u00e7\u00e3o com os rappers\u00a0<strong>Tik\u00e3o e Leviano<\/strong>. A faixa, repleta de sensualidade e autenticidade, chega \u00e0s principais plataformas digitais nesta sexta-feira (26), acompanhada de um clipe oficial no YouTube. Ou\u00e7a\u00a0<a href=\"https:\/\/lnk.to\/Escolhido\" target=\"_blank\" rel=\"noopener noreferrer\"><u>aqui<\/u><\/a>.<\/p>\n<p>O single \u201cEscolhido\u201d, que sai pela <strong>Warner Music Brasil\u00a0<\/strong>e far\u00e1 parte do aguardado \u00e1lbum do artista, \u201cConfia\u201d, mergulha profundamente na realidade das periferias urbanas, explorando temas como relacionamentos, ostenta\u00e7\u00e3o e os desafios da vida em comunidades. M\u00e3olee, com sua habilidade \u00fanica, retrata a busca pelo prazer imediato e a luta por reconhecimento na cena musical. Sua linguagem direta e t\u00edpica do rap nacional oferece uma vis\u00e3o aut\u00eantica e crua, destacando a dualidade entre a fama e os obst\u00e1culos enfrentados por aqueles \u00e0 margem da sociedade.<\/p>\n<blockquote>\n<p><i>\u201cRespeito quem tem n\u00e3o bota pra vender \/ Hist\u00f3ria tu vive n\u00e3o d\u00e1 pra comprar \/ M\u00f3 temp\u00e3o na pista mesmo proceder \/ Refer\u00eancia os menor tem em quem se inspirar\u201d<\/i>, neste trecho M\u00e3olee aborda a ideia de que o respeito \u00e9 algo que n\u00e3o pode ser negociado ou vendido, mas sim conquistado atrav\u00e9s das experi\u00eancias vividas.<\/p>\n<\/blockquote>\n<p>Com um hist\u00f3rico impressionante de quase 3 milh\u00f5es de ouvintes mensais no Spotify, M\u00e3olee continua a solidificar sua posi\u00e7\u00e3o como um dos principais produtores musicais do pa\u00eds. Seu \u00faltimo lan\u00e7amento, \u201cCruz de Ouro\u201d, n\u00e3o s\u00f3 mant\u00e9m a qualidade e originalidade que o tornaram um nome t\u00e3o respeitado na cena urbana nacional, mas tamb\u00e9m reflete sua constante evolu\u00e7\u00e3o art\u00edstica e capacidade de se reinventar.<\/p>\n<div class=\"popito_fn_votewrap\">\n<h3 class=\"vote_title\">Como voc\u00ea vota? <\/h3>\n<div class=\"popito_fn_votes \" data-id=\"2443\">\n<p>0 People voted this article. 0 Upvotes &#8211; 0 Downvotes.<\/p>\n<\/div>\n<\/div>\n<\/div>\n<p><br \/>\n<br \/><a href=\"https:\/\/popito.com.br\/maolee-lanca-single-escolhido\/\">Source link <\/a><\/p>\n<!-- CONTENT END 1 -->\n","protected":false},"excerpt":{"rendered":"<p>M\u00e3olee lan\u00e7a single \u201cEscolhido\u201d Nova faixa chega a todos o tocadores digitais nesta sexta-feira (26), com videoclipe no YouTube O beatmaker\u00a0M\u00e3olee, que conquistou seu espa\u00e7o&#8230;<\/p>\n","protected":false},"author":1,"featured_media":47781,"comment_status":"open","ping_status":"open","sticky":false,"template":"","format":"standard","meta":{"advanced_seo_description":"","jetpack_seo_html_title":"","jetpack_seo_noindex":false,"jetpack_post_was_ever_published":false,"_jetpack_newsletter_access":"","_jetpack_dont_email_post_to_subs":false,"_jetpack_newsletter_tier_id":0,"_jetpack_memberships_contains_paywalled_content":false,"_jetpack_memberships_contains_paid_content":false,"footnotes":"","jetpack_publicize_message":"","jetpack_publicize_feature_enabled":true,"jetpack_social_post_already_shared":true,"jetpack_social_options":{"image_generator_settings":{"template":"highway","default_image_id":0,"font":"","enabled":false},"version":2}},"categories":[11],"tags":[5700,138,5699,4607,5679],"class_list":["post-47780","post","type-post","status-publish","format-standard","has-post-thumbnail","hentry","category-noticias-de-ribeirao-preto-sp-e-regiao-ismael-colosi","tag-escolhido","tag-lanca","tag-maolee","tag-popito","tag-single"],"jetpack_publicize_connections":[],"jetpack_featured_media_url":"https:\/\/i0.wp.com\/noticiasribeiraopreto.com.br\/wp-content\/uploads\/2024\/04\/1714330692_retina-logo.png?fit=145%2C50&ssl=1","jetpack-related-posts":[{"id":69735,"url":"https:\/\/noticiasribeiraopreto.com.br\/index.php\/2025\/05\/08\/robert-prevost-e-o-escolhido-no-conclave-saiba-quem-e-o-novo-papa\/","url_meta":{"origin":47780,"position":0},"title":"Robert Prevost \u00e9 o escolhido no conclave; Saiba quem \u00e9 o novo papa","author":"noticiasribeiraopreto.com.br","date":"8 de May de 2025","format":false,"excerpt":"O grupo de cardeais reunidos para o conclave na Capela Sistina escolheu nesta quinta-feira (8), o 267\u00ba papa da hist\u00f3ria, que vai suceder Francisco \u00e0 frente do Vaticano. O novo papa \u00e9 o cardeal Robert Prevost, dos Estados Unidos. O novo papa escolheu o nome Le\u00e3o XIV. Robert Prevost tem\u2026","rel":"","context":"In &quot;Not\u00edcias de Ribeir\u00e3o Preto-SP e Regi\u00e3o&quot;","block_context":{"text":"Not\u00edcias de Ribeir\u00e3o Preto-SP e Regi\u00e3o","link":"https:\/\/noticiasribeiraopreto.com.br\/index.php\/category\/noticias-de-ribeirao-preto-sp-e-regiao-ismael-colosi\/"},"img":{"alt_text":"","src":"https:\/\/i0.wp.com\/noticiasribeiraopreto.com.br\/wp-content\/uploads\/2025\/05\/prevost-1_2025-05-08_17-37-14.webp.webp?fit=1200%2C797&ssl=1&resize=350%2C200","width":350,"height":200,"srcset":"https:\/\/i0.wp.com\/noticiasribeiraopreto.com.br\/wp-content\/uploads\/2025\/05\/prevost-1_2025-05-08_17-37-14.webp.webp?fit=1200%2C797&ssl=1&resize=350%2C200 1x, https:\/\/i0.wp.com\/noticiasribeiraopreto.com.br\/wp-content\/uploads\/2025\/05\/prevost-1_2025-05-08_17-37-14.webp.webp?fit=1200%2C797&ssl=1&resize=525%2C300 1.5x, https:\/\/i0.wp.com\/noticiasribeiraopreto.com.br\/wp-content\/uploads\/2025\/05\/prevost-1_2025-05-08_17-37-14.webp.webp?fit=1200%2C797&ssl=1&resize=700%2C400 2x, https:\/\/i0.wp.com\/noticiasribeiraopreto.com.br\/wp-content\/uploads\/2025\/05\/prevost-1_2025-05-08_17-37-14.webp.webp?fit=1200%2C797&ssl=1&resize=1050%2C600 3x"},"classes":[]},{"id":69708,"url":"https:\/\/noticiasribeiraopreto.com.br\/index.php\/2025\/05\/08\/fumaca-branca-conclave-define-novo-papa\/","url_meta":{"origin":47780,"position":1},"title":"Fuma\u00e7a branca: Conclave define novo papa","author":"noticiasribeiraopreto.com.br","date":"8 de May de 2025","format":false,"excerpt":"Por volta das 13h desta quinta-feira (8) o novo papa foi escolhido pelo conclave. Foi neste hor\u00e1rio que a chamin\u00e9 da Capela Sistina, no Vaticano, soltou a fuma\u00e7a branca. O sucessor de Francisco foi escolhido na quarta vota\u00e7\u00e3o deste conclave, que come\u00e7ou na quarta-feira (7). Pela manh\u00e3, novamente foi solta\u2026","rel":"","context":"In &quot;Not\u00edcias de Ribeir\u00e3o Preto-SP e Regi\u00e3o&quot;","block_context":{"text":"Not\u00edcias de Ribeir\u00e3o Preto-SP e Regi\u00e3o","link":"https:\/\/noticiasribeiraopreto.com.br\/index.php\/category\/noticias-de-ribeirao-preto-sp-e-regiao-ismael-colosi\/"},"img":{"alt_text":"","src":"https:\/\/i0.wp.com\/noticiasribeiraopreto.com.br\/wp-content\/uploads\/2025\/05\/fumaca-branca_2025-05-08_16-09-53.webp.webp?fit=1200%2C756&ssl=1&resize=350%2C200","width":350,"height":200,"srcset":"https:\/\/i0.wp.com\/noticiasribeiraopreto.com.br\/wp-content\/uploads\/2025\/05\/fumaca-branca_2025-05-08_16-09-53.webp.webp?fit=1200%2C756&ssl=1&resize=350%2C200 1x, https:\/\/i0.wp.com\/noticiasribeiraopreto.com.br\/wp-content\/uploads\/2025\/05\/fumaca-branca_2025-05-08_16-09-53.webp.webp?fit=1200%2C756&ssl=1&resize=525%2C300 1.5x, https:\/\/i0.wp.com\/noticiasribeiraopreto.com.br\/wp-content\/uploads\/2025\/05\/fumaca-branca_2025-05-08_16-09-53.webp.webp?fit=1200%2C756&ssl=1&resize=700%2C400 2x, https:\/\/i0.wp.com\/noticiasribeiraopreto.com.br\/wp-content\/uploads\/2025\/05\/fumaca-branca_2025-05-08_16-09-53.webp.webp?fit=1200%2C756&ssl=1&resize=1050%2C600 3x"},"classes":[]},{"id":69710,"url":"https:\/\/noticiasribeiraopreto.com.br\/index.php\/2025\/05\/08\/novo-papa-robert-francis-prevost-foi-o-escolhido\/","url_meta":{"origin":47780,"position":2},"title":"Novo Papa: Robert Francis Prevost foi o escolhido","author":"noticiasribeiraopreto.com.br","date":"8 de May de 2025","format":false,"excerpt":"8 de maio de 2025 14:3111 Compartilhar0 A aguardada fuma\u00e7a branca surgiu na chamin\u00e9 da Capela Sistina nesta quinta-feira (8), marcando a elei\u00e7\u00e3o do novo papa no segundo dia do conclave. O cardeal Robert Francis Prevost foi escolhido pelos demais cardeais e adotar\u00e1 o nome de Le\u00e3o 14. Nascido em\u2026","rel":"","context":"In &quot;Not\u00edcias de Ribeir\u00e3o Preto-SP e Regi\u00e3o&quot;","block_context":{"text":"Not\u00edcias de Ribeir\u00e3o Preto-SP e Regi\u00e3o","link":"https:\/\/noticiasribeiraopreto.com.br\/index.php\/category\/noticias-de-ribeirao-preto-sp-e-regiao-ismael-colosi\/"},"img":{"alt_text":"","src":"https:\/\/i0.wp.com\/noticiasribeiraopreto.com.br\/wp-content\/uploads\/2025\/05\/papa.jpeg?fit=474%2C266&ssl=1&resize=350%2C200","width":350,"height":200},"classes":[]},{"id":69670,"url":"https:\/\/noticiasribeiraopreto.com.br\/index.php\/2025\/05\/08\/conclave-segundo-dia-comeca-com-fumaca-preta-e-papa-nao-foi-escolhido\/","url_meta":{"origin":47780,"position":3},"title":"Conclave: Segundo dia come\u00e7a com fuma\u00e7a preta e papa n\u00e3o foi escolhido","author":"noticiasribeiraopreto.com.br","date":"8 de May de 2025","format":false,"excerpt":"A fuma\u00e7a preta \u2013 que indica que o papa ainda n\u00e3o foi eleito \u2013 saiu ap\u00f3s a nova rodada de vota\u00e7\u00f5es nesta quinta-feira (8), segundo dia do conclave. Nesta quarta-feira (7), tamb\u00e9m houve fuma\u00e7a preta. FIQUE POR DENTRO:\u00a0AO VIVO: Acompanhe a movimenta\u00e7\u00e3o no Conclave para escolha do novo papa O\u2026","rel":"","context":"In &quot;Not\u00edcias de Ribeir\u00e3o Preto-SP e Regi\u00e3o&quot;","block_context":{"text":"Not\u00edcias de Ribeir\u00e3o Preto-SP e Regi\u00e3o","link":"https:\/\/noticiasribeiraopreto.com.br\/index.php\/category\/noticias-de-ribeirao-preto-sp-e-regiao-ismael-colosi\/"},"img":{"alt_text":"","src":"https:\/\/i0.wp.com\/noticiasribeiraopreto.com.br\/wp-content\/uploads\/2025\/05\/FUMACA-PRETA-2_2025-05-08_10-12-47.webp.webp?fit=1200%2C682&ssl=1&resize=350%2C200","width":350,"height":200,"srcset":"https:\/\/i0.wp.com\/noticiasribeiraopreto.com.br\/wp-content\/uploads\/2025\/05\/FUMACA-PRETA-2_2025-05-08_10-12-47.webp.webp?fit=1200%2C682&ssl=1&resize=350%2C200 1x, https:\/\/i0.wp.com\/noticiasribeiraopreto.com.br\/wp-content\/uploads\/2025\/05\/FUMACA-PRETA-2_2025-05-08_10-12-47.webp.webp?fit=1200%2C682&ssl=1&resize=525%2C300 1.5x, https:\/\/i0.wp.com\/noticiasribeiraopreto.com.br\/wp-content\/uploads\/2025\/05\/FUMACA-PRETA-2_2025-05-08_10-12-47.webp.webp?fit=1200%2C682&ssl=1&resize=700%2C400 2x, https:\/\/i0.wp.com\/noticiasribeiraopreto.com.br\/wp-content\/uploads\/2025\/05\/FUMACA-PRETA-2_2025-05-08_10-12-47.webp.webp?fit=1200%2C682&ssl=1&resize=1050%2C600 3x"},"classes":[]},{"id":79880,"url":"https:\/\/noticiasribeiraopreto.com.br\/index.php\/2025\/11\/10\/ribeirao-preto-e-escolhido-para-implantacao-de-corredores-verdes-e-jardins-de-mel-entenda\/","url_meta":{"origin":47780,"position":4},"title":"Ribeir\u00e3o Preto \u00e9 escolhido para implanta\u00e7\u00e3o de &#8216;corredores verdes e jardins de mel&#8217;; Entenda","author":"noticiasribeiraopreto.com.br","date":"10 de November de 2025","format":false,"excerpt":"Ribeir\u00e3o Preto \u00e9 uma das cidades contempladas com recursos financeiros e t\u00e9cnicos para a implanta\u00e7\u00e3o do projeto \u201cCorredores Verdes e Jardins de Mel: Ribeir\u00e3o Preto, cidade amiga das abelhas\u201d, que integra a iniciativa de cidades verdes e resilientes. Ribeir\u00e3o Preto disputou com outras 27 cidades e garantiu o apoio do\u2026","rel":"","context":"In &quot;Not\u00edcias de Ribeir\u00e3o Preto-SP e Regi\u00e3o&quot;","block_context":{"text":"Not\u00edcias de Ribeir\u00e3o Preto-SP e Regi\u00e3o","link":"https:\/\/noticiasribeiraopreto.com.br\/index.php\/category\/noticias-de-ribeirao-preto-sp-e-regiao-ismael-colosi\/"},"img":{"alt_text":"","src":"https:\/\/i0.wp.com\/noticiasribeiraopreto.com.br\/wp-content\/uploads\/2025\/11\/ribeirao-preto-cidades-resilientes_2025-11-10_13-50-03.webp.webp?fit=1200%2C799&ssl=1&resize=350%2C200","width":350,"height":200,"srcset":"https:\/\/i0.wp.com\/noticiasribeiraopreto.com.br\/wp-content\/uploads\/2025\/11\/ribeirao-preto-cidades-resilientes_2025-11-10_13-50-03.webp.webp?fit=1200%2C799&ssl=1&resize=350%2C200 1x, https:\/\/i0.wp.com\/noticiasribeiraopreto.com.br\/wp-content\/uploads\/2025\/11\/ribeirao-preto-cidades-resilientes_2025-11-10_13-50-03.webp.webp?fit=1200%2C799&ssl=1&resize=525%2C300 1.5x, https:\/\/i0.wp.com\/noticiasribeiraopreto.com.br\/wp-content\/uploads\/2025\/11\/ribeirao-preto-cidades-resilientes_2025-11-10_13-50-03.webp.webp?fit=1200%2C799&ssl=1&resize=700%2C400 2x, https:\/\/i0.wp.com\/noticiasribeiraopreto.com.br\/wp-content\/uploads\/2025\/11\/ribeirao-preto-cidades-resilientes_2025-11-10_13-50-03.webp.webp?fit=1200%2C799&ssl=1&resize=1050%2C600 3x"},"classes":[]},{"id":38983,"url":"https:\/\/noticiasribeiraopreto.com.br\/index.php\/2024\/02\/22\/caixa-lanca-edital-de-concurso-com-32-mil-vagas-para-tecnicos\/","url_meta":{"origin":47780,"position":5},"title":"Caixa lan\u00e7a edital de concurso com 3,2 mil vagas para t\u00e9cnicos","author":"noticiasribeiraopreto.com.br","date":"22 de February de 2024","format":false,"excerpt":"22 de fevereiro de 2024 | 16:0022 de fevereiro de 2024 | 9:00 0A Caixa Econ\u00f4mica Federal publicou nesta quinta-feira (22), no Di\u00e1rio Oficial da Uni\u00e3o, o\u00a0edital do concurso p\u00fablico\u00a0para o preenchimento de 1,6 mil vagas para os cargos de t\u00e9cnico banc\u00e1rio novo e 1,6 mil para t\u00e9cnico banc\u00e1rio novo\u2026","rel":"","context":"In &quot;Not\u00edcias de Ribeir\u00e3o Preto-SP e Regi\u00e3o&quot;","block_context":{"text":"Not\u00edcias de Ribeir\u00e3o Preto-SP e Regi\u00e3o","link":"https:\/\/noticiasribeiraopreto.com.br\/index.php\/category\/noticias-de-ribeirao-preto-sp-e-regiao-ismael-colosi\/"},"img":{"alt_text":"","src":"https:\/\/i0.wp.com\/noticiasribeiraopreto.com.br\/wp-content\/uploads\/2024\/02\/89c9e56e-1e44-4c1d-a802-c3abbaeefb48-scaled.jpg?fit=1000%2C598&ssl=1&resize=350%2C200","width":350,"height":200,"srcset":"https:\/\/i0.wp.com\/noticiasribeiraopreto.com.br\/wp-content\/uploads\/2024\/02\/89c9e56e-1e44-4c1d-a802-c3abbaeefb48-scaled.jpg?fit=1000%2C598&ssl=1&resize=350%2C200 1x, https:\/\/i0.wp.com\/noticiasribeiraopreto.com.br\/wp-content\/uploads\/2024\/02\/89c9e56e-1e44-4c1d-a802-c3abbaeefb48-scaled.jpg?fit=1000%2C598&ssl=1&resize=525%2C300 1.5x, https:\/\/i0.wp.com\/noticiasribeiraopreto.com.br\/wp-content\/uploads\/2024\/02\/89c9e56e-1e44-4c1d-a802-c3abbaeefb48-scaled.jpg?fit=1000%2C598&ssl=1&resize=700%2C400 2x"},"classes":[]}],"jetpack_sharing_enabled":true,"jetpack_shortlink":"https:\/\/wp.me\/peQAOb-cqE","_links":{"self":[{"href":"https:\/\/noticiasribeiraopreto.com.br\/index.php\/wp-json\/wp\/v2\/posts\/47780","targetHints":{"allow":["GET"]}}],"collection":[{"href":"https:\/\/noticiasribeiraopreto.com.br\/index.php\/wp-json\/wp\/v2\/posts"}],"about":[{"href":"https:\/\/noticiasribeiraopreto.com.br\/index.php\/wp-json\/wp\/v2\/types\/post"}],"author":[{"embeddable":true,"href":"https:\/\/noticiasribeiraopreto.com.br\/index.php\/wp-json\/wp\/v2\/users\/1"}],"replies":[{"embeddable":true,"href":"https:\/\/noticiasribeiraopreto.com.br\/index.php\/wp-json\/wp\/v2\/comments?post=47780"}],"version-history":[{"count":0,"href":"https:\/\/noticiasribeiraopreto.com.br\/index.php\/wp-json\/wp\/v2\/posts\/47780\/revisions"}],"wp:featuredmedia":[{"embeddable":true,"href":"https:\/\/noticiasribeiraopreto.com.br\/index.php\/wp-json\/wp\/v2\/media\/47781"}],"wp:attachment":[{"href":"https:\/\/noticiasribeiraopreto.com.br\/index.php\/wp-json\/wp\/v2\/media?parent=47780"}],"wp:term":[{"taxonomy":"category","embeddable":true,"href":"https:\/\/noticiasribeiraopreto.com.br\/index.php\/wp-json\/wp\/v2\/categories?post=47780"},{"taxonomy":"post_tag","embeddable":true,"href":"https:\/\/noticiasribeiraopreto.com.br\/index.php\/wp-json\/wp\/v2\/tags?post=47780"}],"curies":[{"name":"wp","href":"https:\/\/api.w.org\/{rel}","templated":true}]}}