{"id":47797,"date":"2024-04-28T18:26:43","date_gmt":"2024-04-28T21:26:43","guid":{"rendered":"https:\/\/noticiasribeiraopreto.com.br\/index.php\/2024\/04\/28\/saiba-como-participar-das-visitas-monitoradas-ao-bosque-zoologico-de-ribeirao-preto\/"},"modified":"2024-04-28T18:26:43","modified_gmt":"2024-04-28T21:26:43","slug":"saiba-como-participar-das-visitas-monitoradas-ao-bosque-zoologico-de-ribeirao-preto","status":"publish","type":"post","link":"https:\/\/noticiasribeiraopreto.com.br\/index.php\/2024\/04\/28\/saiba-como-participar-das-visitas-monitoradas-ao-bosque-zoologico-de-ribeirao-preto\/","title":{"rendered":"Saiba como participar das visitas monitoradas ao Bosque Zool\u00f3gico de Ribeir\u00e3o Preto"},"content":{"rendered":"<div class='code-block code-block-1' style='margin: 8px 0 8px auto; text-align: right; display: block; clear: both;'>\n<p><a href=\"https:\/\/wa.link\/vpicfd\"><img data-recalc-dims=\"1\" class=\"wp-image-4922\" style=\"aspect-ratio: 2.0253164556962027; width: 561px; height: auto;\" src=\"https:\/\/i0.wp.com\/ismaelcolosi.com.br\/wp-content\/uploads\/2023\/11\/grupo-de-empregos-whatsapp-e-facebook-ismael-colosi-vagas.jpg?ssl=1\" alt=\"\" \/><\/a><\/p>\n<!-- \/wp:image -->\n<\/div>\n<p> <br \/>\n<\/p>\n<div>\n<p>O <a href=\"https:\/\/www.ribeiraopreto.sp.gov.br\/portal\/bosque-zoo\/bosque-e-zoologico\" target=\"_blank\" rel=\"noreferrer noopener\"><strong>Bosque e Zool\u00f3gico F\u00e1bio Barretos<\/strong><\/a>, em <strong>Ribeir\u00e3o Preto<\/strong>, realiza entre os dias 3 e 24 de maio, das 13h30 \u00e0s 16h30, <strong>visitas guiadas<\/strong> atrav\u00e9s do projeto \u2018Jornada ao Bosque\u2019.<\/p>\n<p><mark style=\"background-color:#fcb900\" class=\"has-inline-color\">As visitas s\u00e3o gratuitas e ser\u00e3o realizadas por agendamento, atendendo escolas p\u00fablicas, privadas e demais grupos de 15 a 30 participantes.<\/mark><\/p>\n<p>A iniciativa faz parte de uma parceria entre a <strong>Secretaria de Meio Ambiente<\/strong>, por meio da Divis\u00e3o de Educa\u00e7\u00e3o Ambiental, e do o curso de Ci\u00eancias Biol\u00f3gicas do <strong>Centro Universit\u00e1rio Bar\u00e3o de Mau\u00e1<\/strong>.<\/p>\n<h3 class=\"wp-block-heading\"><strong>Como vai funcionar a visita?<\/strong><\/h3>\n<p>Os estudantes de Ci\u00eancias Biol\u00f3gicas atuar\u00e3o como monitores e guiar\u00e3o os visitantes em uma jornada onde <strong>ser\u00e3o explorados os h\u00e1bitos, comportamentos, hist\u00f3rias e curiosidades<\/strong> dos animais residentes do <strong>Bosque F\u00e1bio Barretos<\/strong>.<\/p>\n<p>Al\u00e9m disso, eles tamb\u00e9m estar\u00e3o em tendas educativas com demonstra\u00e7\u00e3o e explica\u00e7\u00e3o de animais silvestres conservados.<\/p>\n<p>Haver\u00e1 din\u00e2micas e brincadeiras com o objetivo de sensibilizar o p\u00fablico da<strong> import\u00e2ncia dos zool\u00f3gicos na reintrodu\u00e7\u00e3o e conserva\u00e7\u00e3o das esp\u00e9cies<\/strong>.<\/p>\n<h3 class=\"wp-block-heading\"><strong>Onde realizar as inscri\u00e7\u00f5es?<\/strong><\/h3>\n<p>As inscri\u00e7\u00f5es devem ser realizadas de <strong>forma on-line<\/strong>, atrav\u00e9s de um <strong>formul\u00e1rio digital (<a href=\"https:\/\/docs.google.com\/forms\/d\/e\/1FAIpQLSdHMnR189SkYXbRckKZtTBPP0erdDjbR8eMtEzceuaZkA5ngw\/viewform\" target=\"_blank\" rel=\"noreferrer noopener\">clique aqui<\/a>)<\/strong>. Durante o preenchimento, os interessados dever\u00e3o selecionar a melhor data para a visita\u00e7\u00e3o.<\/p>\n<p>Vale ressaltar que <strong>as vagas s\u00e3o limitadas<\/strong> e a <strong>confirma\u00e7\u00e3o da visita se dar\u00e1 ap\u00f3s a verifica\u00e7\u00e3o dos dados e aprova\u00e7\u00e3o do agendamento <\/strong>pela Secretaria Municipal do Meio Ambiente.<\/p>\n<h4 class=\"wp-block-heading\"><strong>Confira os hor\u00e1rios dispon\u00edveis:<\/strong><\/h4>\n<ul>\n<li>03 de maio (sexta-feira) \u2013 das 13h30 \u00e0s 16h30<\/li>\n<\/ul>\n<ul>\n<li>08 de maio (quarta-feira) \u2013 das 13h30 \u00e0s 16h30<\/li>\n<\/ul>\n<ul>\n<li>09 de maio (quinta-feira) \u2013 das 13h30 \u00e0s 16h30<\/li>\n<\/ul>\n<ul>\n<li>10 de maio (sexta-feira) \u2013 das 13h30 \u00e0s 16h30<\/li>\n<\/ul>\n<ul>\n<li>16 de maio (quinta-feira) \u2013 das 13h30 \u00e0s 16h30<\/li>\n<\/ul>\n<ul>\n<li>23 de maio (quinta-feira) \u2013 das 13h30 \u00e0s 16h30<\/li>\n<\/ul>\n<h4 class=\"wp-block-heading\"><strong>Servi\u00e7o<\/strong><\/h4>\n<p><em>Jornada ao Bosque \u2013 Visitas monitoradas para grupos no Bosque e Zool\u00f3gico F\u00e1bio Barreto<\/em><\/p>\n<p>Quando: entre os dias 3 e 23 de maio<\/p>\n<p>Hor\u00e1rio: das 13h30 \u00e0s 16h30<\/p>\n<p>Onde: Bosque e Zool\u00f3gico F\u00e1bio Barreto \u2013 rua da Liberdade, sem n\u00ba \u2013 Campos El\u00edsios, Ribeir\u00e3o Preto<\/p>\n<hr class=\"wp-block-separator has-alpha-channel-opacity\"\/>\n<p>SAIBA MAIS<\/p>\n<p>Zez\u00e9 Motta, Larissa Luz e Ala\u00edde Costa: Veja os espet\u00e1culos no Sesc Ribeir\u00e3o Preto<\/p>\n<h4 class=\"wp-block-heading\"><strong>FIQUE ON<\/strong><\/h4>\n<p>Fique ligado em tudo que acontece em Ribeir\u00e3o Preto e regi\u00e3o. Siga os perfis do\u00a0<strong>acidade on\u00a0<\/strong>no\u00a0<a href=\"https:\/\/www.instagram.com\/acidadeonribeirao\" target=\"_blank\" rel=\"noreferrer noopener\">Instagram<\/a>\u00a0e no\u00a0<a href=\"https:\/\/www.facebook.com\/acidadeonribeirao\" target=\"_blank\" rel=\"noreferrer noopener\">Facebook<\/a>.<\/p>\n<p>Receba not\u00edcias do acidade on no WhatsApp. Para entrar no grupo, basta\u00a0<a href=\"https:\/\/chat.whatsapp.com\/GFH9HUMUTHNFJdnyEd0xxq\" target=\"_blank\" rel=\"noreferrer noopener\">clicar aqui<\/a>.<\/p>\n<p>Fa\u00e7a uma den\u00fancia ou sugira uma reportagem sobre Ribeir\u00e3o Preto e regi\u00e3o pelo WhatsApp: 16 99117 7802.<\/p>\n<p>VEJA TAMB\u00c9M<\/p>\n<p>Quando ser\u00e1 o sorteio das oitavas da Libertadores?<\/p>\n<p><!-- AI CONTENT END 1 -->\n<\/div>\n<p><script async src=\"\/\/www.instagram.com\/embed.js\"><\/script><br \/>\n<br \/><br \/>\n<br \/><a href=\"https:\/\/www.acidadeon.com\/ribeiraopreto\/lazer-e-cultura\/saiba-como-participar-das-visitas-monitoradas-ao-bosque-zoologico-de-ribeirao-preto\/\">Source link <\/a><\/p>\n<!-- CONTENT END 1 -->\n","protected":false},"excerpt":{"rendered":"<p>O Bosque e Zool\u00f3gico F\u00e1bio Barretos, em Ribeir\u00e3o Preto, realiza entre os dias 3 e 24 de maio, das 13h30 \u00e0s 16h30, visitas guiadas atrav\u00e9s&#8230;<\/p>\n","protected":false},"author":1,"featured_media":47798,"comment_status":"open","ping_status":"open","sticky":false,"template":"","format":"standard","meta":{"advanced_seo_description":"","jetpack_seo_html_title":"","jetpack_seo_noindex":false,"jetpack_post_was_ever_published":false,"_jetpack_newsletter_access":"","_jetpack_dont_email_post_to_subs":false,"_jetpack_newsletter_tier_id":0,"_jetpack_memberships_contains_paywalled_content":false,"_jetpack_memberships_contains_paid_content":false,"footnotes":"","jetpack_publicize_message":"","jetpack_publicize_feature_enabled":true,"jetpack_social_post_already_shared":true,"jetpack_social_options":{"image_generator_settings":{"template":"highway","default_image_id":0,"font":"","enabled":false},"version":2}},"categories":[11],"tags":[],"class_list":["post-47797","post","type-post","status-publish","format-standard","has-post-thumbnail","hentry","category-noticias-de-ribeirao-preto-sp-e-regiao-ismael-colosi"],"jetpack_publicize_connections":[],"jetpack_featured_media_url":"https:\/\/i0.wp.com\/noticiasribeiraopreto.com.br\/wp-content\/uploads\/2024\/04\/bosque_1_-_foto_guilherme_sircili.jpg?fit=1623%2C1080&ssl=1","jetpack-related-posts":[{"id":29202,"url":"https:\/\/noticiasribeiraopreto.com.br\/index.php\/2024\/01\/17\/bosque-zoologico-de-ribeirao-tem-evento-especial-de-ferias-confira-a-programacao\/","url_meta":{"origin":47797,"position":0},"title":"Bosque Zool\u00f3gico de Ribeir\u00e3o tem evento especial de f\u00e9rias; Confira a programa\u00e7\u00e3o","author":"noticiasribeiraopreto.com.br","date":"17 de January de 2024","format":false,"excerpt":"O Bosque Zool\u00f3gico F\u00e1bio Barreto recebe, nos dias 20 e 27 de janeiro, das 9h \u00e0s 16h30, uma programa\u00e7\u00e3o especial de f\u00e9rias. O grupo \u201cComo \u00c1rvores\u201d realizar\u00e1 oficinas educativas, com o objetivo de conscientizar os visitantes do local sobre a import\u00e2ncia da preserva\u00e7\u00e3o do meio ambiente. De acordo com a\u2026","rel":"","context":"In &quot;Not\u00edcias de Ribeir\u00e3o Preto-SP e Regi\u00e3o&quot;","block_context":{"text":"Not\u00edcias de Ribeir\u00e3o Preto-SP e Regi\u00e3o","link":"https:\/\/noticiasribeiraopreto.com.br\/index.php\/category\/noticias-de-ribeirao-preto-sp-e-regiao-ismael-colosi\/"},"img":{"alt_text":"","src":"https:\/\/i0.wp.com\/noticiasribeiraopreto.com.br\/wp-content\/uploads\/2024\/01\/obras_bosque_-_foto_guilherme_sircili_30-1068x712-1.jpg?fit=1068%2C712&ssl=1&resize=350%2C200","width":350,"height":200,"srcset":"https:\/\/i0.wp.com\/noticiasribeiraopreto.com.br\/wp-content\/uploads\/2024\/01\/obras_bosque_-_foto_guilherme_sircili_30-1068x712-1.jpg?fit=1068%2C712&ssl=1&resize=350%2C200 1x, https:\/\/i0.wp.com\/noticiasribeiraopreto.com.br\/wp-content\/uploads\/2024\/01\/obras_bosque_-_foto_guilherme_sircili_30-1068x712-1.jpg?fit=1068%2C712&ssl=1&resize=525%2C300 1.5x, https:\/\/i0.wp.com\/noticiasribeiraopreto.com.br\/wp-content\/uploads\/2024\/01\/obras_bosque_-_foto_guilherme_sircili_30-1068x712-1.jpg?fit=1068%2C712&ssl=1&resize=700%2C400 2x, https:\/\/i0.wp.com\/noticiasribeiraopreto.com.br\/wp-content\/uploads\/2024\/01\/obras_bosque_-_foto_guilherme_sircili_30-1068x712-1.jpg?fit=1068%2C712&ssl=1&resize=1050%2C600 3x"},"classes":[]},{"id":77830,"url":"https:\/\/noticiasribeiraopreto.com.br\/index.php\/2025\/09\/26\/trilha-do-jequitiba-em-ribeirao-preto-e-aberta-ao-publico-nesta-sexta-feira\/","url_meta":{"origin":47797,"position":1},"title":"Trilha do Jequitib\u00e1, em Ribeir\u00e3o Preto, \u00e9 aberta ao p\u00fablico nesta sexta-feira","author":"noticiasribeiraopreto.com.br","date":"26 de September de 2025","format":false,"excerpt":"A Trilha do Jequitib\u00e1, localizada no Bosque e Zool\u00f3gico F\u00e1bio Barreto, em Ribeir\u00e3o Preto, ser\u00e1 aberta ao p\u00fablico nesta sexta-feira (26). A atividade acontece em meio \u00e0 Semana da \u00c1rvore e, para participar do circuito, n\u00e3o ser\u00e1 necess\u00e1rio agendamento pr\u00e9vio. As visitas acontecer\u00e3o em tr\u00eas hor\u00e1rios no per\u00edodo da tarde:\u2026","rel":"","context":"In &quot;Not\u00edcias de Ribeir\u00e3o Preto-SP e Regi\u00e3o&quot;","block_context":{"text":"Not\u00edcias de Ribeir\u00e3o Preto-SP e Regi\u00e3o","link":"https:\/\/noticiasribeiraopreto.com.br\/index.php\/category\/noticias-de-ribeirao-preto-sp-e-regiao-ismael-colosi\/"},"img":{"alt_text":"","src":"https:\/\/i0.wp.com\/noticiasribeiraopreto.com.br\/wp-content\/uploads\/2025\/09\/trilha-do-jequitiba_2025-09-26_12-52-15.webp.webp?fit=1200%2C800&ssl=1&resize=350%2C200","width":350,"height":200,"srcset":"https:\/\/i0.wp.com\/noticiasribeiraopreto.com.br\/wp-content\/uploads\/2025\/09\/trilha-do-jequitiba_2025-09-26_12-52-15.webp.webp?fit=1200%2C800&ssl=1&resize=350%2C200 1x, https:\/\/i0.wp.com\/noticiasribeiraopreto.com.br\/wp-content\/uploads\/2025\/09\/trilha-do-jequitiba_2025-09-26_12-52-15.webp.webp?fit=1200%2C800&ssl=1&resize=525%2C300 1.5x, https:\/\/i0.wp.com\/noticiasribeiraopreto.com.br\/wp-content\/uploads\/2025\/09\/trilha-do-jequitiba_2025-09-26_12-52-15.webp.webp?fit=1200%2C800&ssl=1&resize=700%2C400 2x, https:\/\/i0.wp.com\/noticiasribeiraopreto.com.br\/wp-content\/uploads\/2025\/09\/trilha-do-jequitiba_2025-09-26_12-52-15.webp.webp?fit=1200%2C800&ssl=1&resize=1050%2C600 3x"},"classes":[]},{"id":65025,"url":"https:\/\/noticiasribeiraopreto.com.br\/index.php\/2025\/03\/14\/bosque-de-ribeirao-preto-oferece-atividades-ludicas-neste-final-de-semana\/","url_meta":{"origin":47797,"position":2},"title":"Bosque de Ribeir\u00e3o Preto oferece atividades l\u00fadicas neste final de semana","author":"noticiasribeiraopreto.com.br","date":"14 de March de 2025","format":false,"excerpt":"O Bosque Zoo Dr. F\u00e1bio Barreto realiza neste s\u00e1bado (14), uma atividade gratuita com jogos l\u00fadicos e interativos para os moradores de Ribeir\u00e3o Preto, com foco em gamb\u00e1s. O projeto \u201cAprecia\u00e7\u00e3o de Animais Silvestres\u201d tem como objetivo informar os participantes sobre o habitat dos gamb\u00e1s, seus comportamentos e formas de\u2026","rel":"","context":"In &quot;Not\u00edcias de Ribeir\u00e3o Preto-SP e Regi\u00e3o&quot;","block_context":{"text":"Not\u00edcias de Ribeir\u00e3o Preto-SP e Regi\u00e3o","link":"https:\/\/noticiasribeiraopreto.com.br\/index.php\/category\/noticias-de-ribeirao-preto-sp-e-regiao-ismael-colosi\/"},"img":{"alt_text":"","src":"https:\/\/i0.wp.com\/noticiasribeiraopreto.com.br\/wp-content\/uploads\/2025\/03\/obras_bosque_-_foto_guilherme_sircili_30-1068x712-1.jpg?fit=1068%2C712&ssl=1&resize=350%2C200","width":350,"height":200,"srcset":"https:\/\/i0.wp.com\/noticiasribeiraopreto.com.br\/wp-content\/uploads\/2025\/03\/obras_bosque_-_foto_guilherme_sircili_30-1068x712-1.jpg?fit=1068%2C712&ssl=1&resize=350%2C200 1x, https:\/\/i0.wp.com\/noticiasribeiraopreto.com.br\/wp-content\/uploads\/2025\/03\/obras_bosque_-_foto_guilherme_sircili_30-1068x712-1.jpg?fit=1068%2C712&ssl=1&resize=525%2C300 1.5x, https:\/\/i0.wp.com\/noticiasribeiraopreto.com.br\/wp-content\/uploads\/2025\/03\/obras_bosque_-_foto_guilherme_sircili_30-1068x712-1.jpg?fit=1068%2C712&ssl=1&resize=700%2C400 2x, https:\/\/i0.wp.com\/noticiasribeiraopreto.com.br\/wp-content\/uploads\/2025\/03\/obras_bosque_-_foto_guilherme_sircili_30-1068x712-1.jpg?fit=1068%2C712&ssl=1&resize=1050%2C600 3x"},"classes":[]},{"id":44663,"url":"https:\/\/noticiasribeiraopreto.com.br\/index.php\/2024\/03\/29\/bosque-abre-na-semana-santa\/","url_meta":{"origin":47797,"position":3},"title":"Bosque abre na\u00a0\u2018Semana Santa\u2019\u00a0 &#8211; Jornal Tribuna Ribeir\u00e3o","author":"noticiasribeiraopreto.com.br","date":"29 de March de 2024","format":false,"excerpt":"29 de mar\u00e7o de 2024 | 10:0028 de mar\u00e7o de 2024 | 21:04 0 O Bosque e Zool\u00f3gico Municipal Doutor F\u00e1bio de S\u00e1 Barreto vai permanecer aberto ao p\u00fablico no feriad\u00e3o da Semana Santa, entre a Sexta-Feira da Paix\u00e3o (29) e o Domingo de P\u00e1scoa, 31 de mar\u00e7o. Abrir\u00e1 normalmente,\u2026","rel":"","context":"In &quot;Not\u00edcias de Ribeir\u00e3o Preto-SP e Regi\u00e3o&quot;","block_context":{"text":"Not\u00edcias de Ribeir\u00e3o Preto-SP e Regi\u00e3o","link":"https:\/\/noticiasribeiraopreto.com.br\/index.php\/category\/noticias-de-ribeirao-preto-sp-e-regiao-ismael-colosi\/"},"img":{"alt_text":"","src":"https:\/\/i0.wp.com\/noticiasribeiraopreto.com.br\/wp-content\/uploads\/2024\/03\/BosqueRP-Detalhe-Alfredo-Risk-Arquivo-1-scaled.jpg?fit=1200%2C800&ssl=1&resize=350%2C200","width":350,"height":200,"srcset":"https:\/\/i0.wp.com\/noticiasribeiraopreto.com.br\/wp-content\/uploads\/2024\/03\/BosqueRP-Detalhe-Alfredo-Risk-Arquivo-1-scaled.jpg?fit=1200%2C800&ssl=1&resize=350%2C200 1x, https:\/\/i0.wp.com\/noticiasribeiraopreto.com.br\/wp-content\/uploads\/2024\/03\/BosqueRP-Detalhe-Alfredo-Risk-Arquivo-1-scaled.jpg?fit=1200%2C800&ssl=1&resize=525%2C300 1.5x, https:\/\/i0.wp.com\/noticiasribeiraopreto.com.br\/wp-content\/uploads\/2024\/03\/BosqueRP-Detalhe-Alfredo-Risk-Arquivo-1-scaled.jpg?fit=1200%2C800&ssl=1&resize=700%2C400 2x, https:\/\/i0.wp.com\/noticiasribeiraopreto.com.br\/wp-content\/uploads\/2024\/03\/BosqueRP-Detalhe-Alfredo-Risk-Arquivo-1-scaled.jpg?fit=1200%2C800&ssl=1&resize=1050%2C600 3x"},"classes":[]},{"id":61647,"url":"https:\/\/noticiasribeiraopreto.com.br\/index.php\/2024\/12\/18\/bosque-zoologico-de-ribeirao-preto-e-opcao-gratuita-de-lazer-nas-ferias-veja-horario\/","url_meta":{"origin":47797,"position":4},"title":"Bosque Zool\u00f3gico de Ribeir\u00e3o Preto \u00e9 op\u00e7\u00e3o gratuita de lazer nas f\u00e9rias; Veja hor\u00e1rio","author":"noticiasribeiraopreto.com.br","date":"18 de December de 2024","format":false,"excerpt":"O Bosque Zool\u00f3gico F\u00e1bio Barreto, em Ribeir\u00e3o Preto, est\u00e1 entre as op\u00e7\u00f5es de lazer gratuitas para aproveitar durante as f\u00e9rias na cidade. O espa\u00e7o, localizado na rua Liberdade, s\/n\u00ba, no bairro Campos El\u00edseos, zona Norte, abre para visita\u00e7\u00e3o de quarta-feira a domingo, das 9h \u00e0s 16h30. Para o Natal e\u2026","rel":"","context":"In &quot;Not\u00edcias de Ribeir\u00e3o Preto-SP e Regi\u00e3o&quot;","block_context":{"text":"Not\u00edcias de Ribeir\u00e3o Preto-SP e Regi\u00e3o","link":"https:\/\/noticiasribeiraopreto.com.br\/index.php\/category\/noticias-de-ribeirao-preto-sp-e-regiao-ismael-colosi\/"},"img":{"alt_text":"","src":"https:\/\/i0.wp.com\/noticiasribeiraopreto.com.br\/wp-content\/uploads\/2024\/12\/bosque_1_-_foto_guilherme_sircili.jpg?fit=1200%2C799&ssl=1&resize=350%2C200","width":350,"height":200,"srcset":"https:\/\/i0.wp.com\/noticiasribeiraopreto.com.br\/wp-content\/uploads\/2024\/12\/bosque_1_-_foto_guilherme_sircili.jpg?fit=1200%2C799&ssl=1&resize=350%2C200 1x, https:\/\/i0.wp.com\/noticiasribeiraopreto.com.br\/wp-content\/uploads\/2024\/12\/bosque_1_-_foto_guilherme_sircili.jpg?fit=1200%2C799&ssl=1&resize=525%2C300 1.5x, https:\/\/i0.wp.com\/noticiasribeiraopreto.com.br\/wp-content\/uploads\/2024\/12\/bosque_1_-_foto_guilherme_sircili.jpg?fit=1200%2C799&ssl=1&resize=700%2C400 2x, https:\/\/i0.wp.com\/noticiasribeiraopreto.com.br\/wp-content\/uploads\/2024\/12\/bosque_1_-_foto_guilherme_sircili.jpg?fit=1200%2C799&ssl=1&resize=1050%2C600 3x"},"classes":[]},{"id":57353,"url":"https:\/\/noticiasribeiraopreto.com.br\/index.php\/2024\/08\/29\/bosque-de-ribeirao-preto-realiza-semana-uma-so-saude-veja-como-participar\/","url_meta":{"origin":47797,"position":5},"title":"Bosque de Ribeir\u00e3o Preto realiza semana &#8216;Uma S\u00f3 Sa\u00fade&#8217;; Veja como participar","author":"noticiasribeiraopreto.com.br","date":"29 de August de 2024","format":false,"excerpt":"Durante uma semana, o projeto \u201cUma S\u00f3 Sa\u00fade\u201d ir\u00e1 apresentar a import\u00e2ncia do trabalho dos profissionais do Bosque F\u00e1bio Barreto, localizado na zona Norte de Ribeir\u00e3o Preto. As visitas foram iniciadas ontem, na quinta-feira (28) e seguem at\u00e9 a pr\u00f3xima quinta-feira (5). No evento, os visitantes ser\u00e3o guiados pela rotina\u2026","rel":"","context":"In &quot;Not\u00edcias de Ribeir\u00e3o Preto-SP e Regi\u00e3o&quot;","block_context":{"text":"Not\u00edcias de Ribeir\u00e3o Preto-SP e Regi\u00e3o","link":"https:\/\/noticiasribeiraopreto.com.br\/index.php\/category\/noticias-de-ribeirao-preto-sp-e-regiao-ismael-colosi\/"},"img":{"alt_text":"","src":"https:\/\/i0.wp.com\/noticiasribeiraopreto.com.br\/wp-content\/uploads\/2024\/08\/obras_bosque_-_foto_guilherme_sircili_30-1068x712-1.jpg?fit=1068%2C712&ssl=1&resize=350%2C200","width":350,"height":200,"srcset":"https:\/\/i0.wp.com\/noticiasribeiraopreto.com.br\/wp-content\/uploads\/2024\/08\/obras_bosque_-_foto_guilherme_sircili_30-1068x712-1.jpg?fit=1068%2C712&ssl=1&resize=350%2C200 1x, https:\/\/i0.wp.com\/noticiasribeiraopreto.com.br\/wp-content\/uploads\/2024\/08\/obras_bosque_-_foto_guilherme_sircili_30-1068x712-1.jpg?fit=1068%2C712&ssl=1&resize=525%2C300 1.5x, https:\/\/i0.wp.com\/noticiasribeiraopreto.com.br\/wp-content\/uploads\/2024\/08\/obras_bosque_-_foto_guilherme_sircili_30-1068x712-1.jpg?fit=1068%2C712&ssl=1&resize=700%2C400 2x, https:\/\/i0.wp.com\/noticiasribeiraopreto.com.br\/wp-content\/uploads\/2024\/08\/obras_bosque_-_foto_guilherme_sircili_30-1068x712-1.jpg?fit=1068%2C712&ssl=1&resize=1050%2C600 3x"},"classes":[]}],"jetpack_sharing_enabled":true,"jetpack_shortlink":"https:\/\/wp.me\/peQAOb-cqV","_links":{"self":[{"href":"https:\/\/noticiasribeiraopreto.com.br\/index.php\/wp-json\/wp\/v2\/posts\/47797","targetHints":{"allow":["GET"]}}],"collection":[{"href":"https:\/\/noticiasribeiraopreto.com.br\/index.php\/wp-json\/wp\/v2\/posts"}],"about":[{"href":"https:\/\/noticiasribeiraopreto.com.br\/index.php\/wp-json\/wp\/v2\/types\/post"}],"author":[{"embeddable":true,"href":"https:\/\/noticiasribeiraopreto.com.br\/index.php\/wp-json\/wp\/v2\/users\/1"}],"replies":[{"embeddable":true,"href":"https:\/\/noticiasribeiraopreto.com.br\/index.php\/wp-json\/wp\/v2\/comments?post=47797"}],"version-history":[{"count":0,"href":"https:\/\/noticiasribeiraopreto.com.br\/index.php\/wp-json\/wp\/v2\/posts\/47797\/revisions"}],"wp:featuredmedia":[{"embeddable":true,"href":"https:\/\/noticiasribeiraopreto.com.br\/index.php\/wp-json\/wp\/v2\/media\/47798"}],"wp:attachment":[{"href":"https:\/\/noticiasribeiraopreto.com.br\/index.php\/wp-json\/wp\/v2\/media?parent=47797"}],"wp:term":[{"taxonomy":"category","embeddable":true,"href":"https:\/\/noticiasribeiraopreto.com.br\/index.php\/wp-json\/wp\/v2\/categories?post=47797"},{"taxonomy":"post_tag","embeddable":true,"href":"https:\/\/noticiasribeiraopreto.com.br\/index.php\/wp-json\/wp\/v2\/tags?post=47797"}],"curies":[{"name":"wp","href":"https:\/\/api.w.org\/{rel}","templated":true}]}}