{"id":4819,"date":"2023-11-22T11:00:00","date_gmt":"2023-11-22T14:00:00","guid":{"rendered":"https:\/\/noticiasribeiraopreto.com.br\/index.php\/2023\/11\/22\/sandy-faz-show-em-ribeirao-preto-nesta-sexta-restam-poucos-ingressos\/"},"modified":"2023-11-22T11:00:00","modified_gmt":"2023-11-22T14:00:00","slug":"sandy-faz-show-em-ribeirao-preto-nesta-sexta-restam-poucos-ingressos","status":"publish","type":"post","link":"https:\/\/noticiasribeiraopreto.com.br\/index.php\/2023\/11\/22\/sandy-faz-show-em-ribeirao-preto-nesta-sexta-restam-poucos-ingressos\/","title":{"rendered":"Sandy faz show em Ribeir\u00e3o Preto nesta sexta; Restam poucos ingressos"},"content":{"rendered":"<div class='code-block code-block-1' style='margin: 8px 0 8px auto; text-align: right; display: block; clear: both;'>\n<p><a href=\"https:\/\/wa.link\/vpicfd\"><img data-recalc-dims=\"1\" class=\"wp-image-4922\" style=\"aspect-ratio: 2.0253164556962027; width: 561px; height: auto;\" src=\"https:\/\/i0.wp.com\/ismaelcolosi.com.br\/wp-content\/uploads\/2023\/11\/grupo-de-empregos-whatsapp-e-facebook-ismael-colosi-vagas.jpg?ssl=1\" alt=\"\" \/><\/a><\/p>\n<!-- \/wp:image -->\n<\/div>\n<p> <br \/>\n<\/p>\n<div data-td-block-uid=\"tdi_104\">\n<div class=\"tdb-block-inner td-fix-index\">\n<p>A cantora e compositora<strong> Sandy Leah<\/strong> vem a Ribeir\u00e3o Preto com a \u2018<strong>Turn\u00ea Sandy 2023<\/strong>\u2019, a partir das 19h, no <strong>Centro de Eventos do Ribeir\u00e3o Shopping<\/strong>, zona Sul de Ribeir\u00e3o Preto. H\u00e1 poucos ingressos dispon\u00edveis.\u00a0<\/p>\n<p>As can\u00e7\u00f5es \u2018Me Espera\u2019, \u2018Aquela dos 30\u2019, \u2018P\u00e9s Cansados\u2019 fazem parte da carreira da cantora e \u2018Para me refazer\u2019 e \u2018Areai\u2019 comp\u00f5em o \u00e1lbum que da nome a turn\u00ea. \u00a0 \u00a0<\/p>\n<h4 class=\"wp-block-heading\"><strong>Ingressos<\/strong>\u00a0<\/h4>\n<p>Os <strong>ingressos <\/strong>ainda podem ser adquiridos on-line (<a href=\"https:\/\/www.ticket360.com.br\/ingressos\/27681\/ingressos-para-sandy\" target=\"_blank\" rel=\"noreferrer noopener\">aqui<\/a>) e variam entre:\u00a0<\/p>\n<ul>\n<li>R$ 350 \u2013 Premium Extra\u00a0<\/li>\n<\/ul>\n<p><strong>SERVI\u00c7O\u00a0<br \/>Sandy\u00a0<\/strong><br \/>Data: 24\/11 \u2013 sexta-feira\u00a0<br \/>Hor\u00e1rio: 19h\u00a0<br \/>Ingressos: <a href=\"https:\/\/www.ticket360.com.br\/ingressos\/27681\/ingressos-para-sandy\" target=\"_blank\" rel=\"noreferrer noopener\">aqui \u00a0<\/a><br \/>Local: Centro de Eventos do Ribeir\u00e3o Shopping \u2013 Av. Cel. Fernando Ferreira Leite, 1540 \u2013 Jardim Nova Alian\u00e7a\u00a0 \u00a0<\/p>\n<p>VEJA TAMB\u00c9M<br \/>Iguatemi Ribeir\u00e3o Preto tem desconto de at\u00e9 80% na Black Friday 2023<\/p>\n<h4 class=\"wp-block-heading\"><strong><span style=\"background-color:#f7cc62\" class=\"td_text_highlight_marker\">FIQUE ON<\/span><\/strong><\/h4>\n<p>Fique ligado em tudo que acontece em Ribeir\u00e3o Preto e regi\u00e3o. Siga os perfis do\u00a0<strong>acidade on<\/strong>\u00a0no\u00a0<a href=\"https:\/\/www.instagram.com\/acidadeonribeirao\" target=\"_blank\" rel=\"noreferrer noopener\">Instagram\u00a0<\/a>e no<a href=\"https:\/\/www.facebook.com\/acidadeonribeirao\" target=\"_blank\" rel=\"noreferrer noopener\">\u00a0Facebook.<\/a><\/p>\n<p>Receba not\u00edcias do\u00a0<strong>acidade on\u00a0<\/strong>no WhatsApp.\u00a0<a href=\"https:\/\/chat.whatsapp.com\/Bnv2w66ZT4VDyZW3oiZ69n\" target=\"_blank\" rel=\"noreferrer noopener\">Para entrar no grupo, basta clicar aqui.<\/a><\/p>\n<p>Fa\u00e7a uma den\u00fancia ou sugira uma reportagem sobre Ribeir\u00e3o Preto e regi\u00e3o pelo WhatsApp:\u00a0<strong>(16) 99117 7802.<\/strong><\/p>\n<p><a href=\"https:\/\/www.tudoep.com\/tudo-receitas\/NOT,0,0,1868069,donut-aprenda-a-fazer-essa-popular-receita-de-uma-forma-simples.aspx\" target=\"_blank\" rel=\"noreferrer noopener\">LEIA MAIS<br \/>Donut: aprenda a fazer essa popular receita de uma forma simples<\/a><\/p>\n<p><!-- AI CONTENT END 1 -->\n<\/div>\n<\/div>\n<p><script async src=\"\/\/www.instagram.com\/embed.js\"><\/script><br \/>\n<br \/><br \/>\n<br \/><a href=\"https:\/\/www.acidadeon.com\/ribeiraopreto\/lazer-e-cultura\/sandy-faz-show-em-ribeirao-preto-nesta-sexta-restam-poucos-ingressos\/\">Source link <\/a><\/p>\n<!-- CONTENT END 1 -->\n","protected":false},"excerpt":{"rendered":"<p>A cantora e compositora Sandy Leah vem a Ribeir\u00e3o Preto com a \u2018Turn\u00ea Sandy 2023\u2019, a partir das 19h, no Centro de Eventos do Ribeir\u00e3o&#8230;<\/p>\n","protected":false},"author":1,"featured_media":4820,"comment_status":"open","ping_status":"open","sticky":false,"template":"","format":"standard","meta":{"advanced_seo_description":"","jetpack_seo_html_title":"","jetpack_seo_noindex":false,"jetpack_post_was_ever_published":false,"_jetpack_newsletter_access":"","_jetpack_dont_email_post_to_subs":false,"_jetpack_newsletter_tier_id":0,"_jetpack_memberships_contains_paywalled_content":false,"_jetpack_memberships_contains_paid_content":false,"footnotes":"","jetpack_publicize_message":"","jetpack_publicize_feature_enabled":true,"jetpack_social_post_already_shared":true,"jetpack_social_options":{"image_generator_settings":{"template":"highway","default_image_id":0,"font":"","enabled":false},"version":2}},"categories":[11],"tags":[365,370,207,515,27,514,26,512,513,360],"class_list":["post-4819","post","type-post","status-publish","format-standard","has-post-thumbnail","hentry","category-noticias-de-ribeirao-preto-sp-e-regiao-ismael-colosi","tag-faz","tag-ingressos","tag-nesta","tag-poucos","tag-preto","tag-restam","tag-ribeirao","tag-sandy","tag-sexta","tag-show"],"jetpack_publicize_connections":[],"jetpack_featured_media_url":"https:\/\/i0.wp.com\/noticiasribeiraopreto.com.br\/wp-content\/uploads\/2023\/11\/WhatsApp-Image-2023-11-22-at-11.10.35.jpeg?fit=1080%2C804&ssl=1","jetpack-related-posts":[{"id":5926,"url":"https:\/\/noticiasribeiraopreto.com.br\/index.php\/2023\/11\/24\/daniel-sandy-e-amazing-tenors-veja-o-que-curtir-no-fim-de-semana-em-ribeirao\/","url_meta":{"origin":4819,"position":0},"title":"Daniel, Sandy e Amazing Tenors:\u00a0Veja o que curtir no fim de semana em Ribeir\u00e3o","author":"noticiasribeiraopreto.com.br","date":"24 de November de 2023","format":false,"excerpt":"O fim de semana em Ribeir\u00e3o Preto est\u00e1 repleto de op\u00e7\u00f5es musicais para todos os gostos e todas as idades.\u00a0 Tem show sertanejo, espet\u00e1culo de Natal, festivais de m\u00fasica, orquestra em igreja, apresenta\u00e7\u00f5es em teatros e, al\u00e9m disso, feira gratuita com troca de livro. \u00a0 Confira a programa\u00e7\u00e3o FESTIVAL SUPERNOVA\u00a0\u2026","rel":"","context":"In &quot;Not\u00edcias de Ribeir\u00e3o Preto-SP e Regi\u00e3o&quot;","block_context":{"text":"Not\u00edcias de Ribeir\u00e3o Preto-SP e Regi\u00e3o","link":"https:\/\/noticiasribeiraopreto.com.br\/index.php\/category\/noticias-de-ribeirao-preto-sp-e-regiao-ismael-colosi\/"},"img":{"alt_text":"","src":"https:\/\/i0.wp.com\/noticiasribeiraopreto.com.br\/wp-content\/uploads\/2023\/11\/393998239_18392266828052536_6057001647339248478_n.jpg?fit=1080%2C722&ssl=1&resize=350%2C200","width":350,"height":200,"srcset":"https:\/\/i0.wp.com\/noticiasribeiraopreto.com.br\/wp-content\/uploads\/2023\/11\/393998239_18392266828052536_6057001647339248478_n.jpg?fit=1080%2C722&ssl=1&resize=350%2C200 1x, https:\/\/i0.wp.com\/noticiasribeiraopreto.com.br\/wp-content\/uploads\/2023\/11\/393998239_18392266828052536_6057001647339248478_n.jpg?fit=1080%2C722&ssl=1&resize=525%2C300 1.5x, https:\/\/i0.wp.com\/noticiasribeiraopreto.com.br\/wp-content\/uploads\/2023\/11\/393998239_18392266828052536_6057001647339248478_n.jpg?fit=1080%2C722&ssl=1&resize=700%2C400 2x, https:\/\/i0.wp.com\/noticiasribeiraopreto.com.br\/wp-content\/uploads\/2023\/11\/393998239_18392266828052536_6057001647339248478_n.jpg?fit=1080%2C722&ssl=1&resize=1050%2C600 3x"},"classes":[]},{"id":63025,"url":"https:\/\/noticiasribeiraopreto.com.br\/index.php\/2025\/01\/31\/musica-e-teatro-confira-o-que-acontece-em-ribeirao-preto-no-fim-de-semana\/","url_meta":{"origin":4819,"position":1},"title":"M\u00fasica e teatro: Confira o que acontece em Ribeir\u00e3o Preto no fim de semana","author":"noticiasribeiraopreto.com.br","date":"31 de January de 2025","format":false,"excerpt":"Este fim de semana Ribeir\u00e3o Preto conta com uma programa\u00e7\u00e3o diversificada para quem quiser sair de casa. As atividades culturais incluem m\u00fasica e apresenta\u00e7\u00f5es de teatro. Confira o que acontece no fim de semana na cidade: Baile Shake com Afreekhassia A rapper Afreekhassia sobe ao palco do Armaz\u00e9m Baixada na\u2026","rel":"","context":"In &quot;Not\u00edcias de Ribeir\u00e3o Preto-SP e Regi\u00e3o&quot;","block_context":{"text":"Not\u00edcias de Ribeir\u00e3o Preto-SP e Regi\u00e3o","link":"https:\/\/noticiasribeiraopreto.com.br\/index.php\/category\/noticias-de-ribeirao-preto-sp-e-regiao-ismael-colosi\/"},"img":{"alt_text":"","src":"https:\/\/i0.wp.com\/noticiasribeiraopreto.com.br\/wp-content\/uploads\/2025\/01\/shows-ribeirao-preto-2_2025-01-31_14-36-21_jpeg_2025-01-31_14-36-21.webp.webp?fit=1200%2C675&ssl=1&resize=350%2C200","width":350,"height":200,"srcset":"https:\/\/i0.wp.com\/noticiasribeiraopreto.com.br\/wp-content\/uploads\/2025\/01\/shows-ribeirao-preto-2_2025-01-31_14-36-21_jpeg_2025-01-31_14-36-21.webp.webp?fit=1200%2C675&ssl=1&resize=350%2C200 1x, https:\/\/i0.wp.com\/noticiasribeiraopreto.com.br\/wp-content\/uploads\/2025\/01\/shows-ribeirao-preto-2_2025-01-31_14-36-21_jpeg_2025-01-31_14-36-21.webp.webp?fit=1200%2C675&ssl=1&resize=525%2C300 1.5x, https:\/\/i0.wp.com\/noticiasribeiraopreto.com.br\/wp-content\/uploads\/2025\/01\/shows-ribeirao-preto-2_2025-01-31_14-36-21_jpeg_2025-01-31_14-36-21.webp.webp?fit=1200%2C675&ssl=1&resize=700%2C400 2x, https:\/\/i0.wp.com\/noticiasribeiraopreto.com.br\/wp-content\/uploads\/2025\/01\/shows-ribeirao-preto-2_2025-01-31_14-36-21_jpeg_2025-01-31_14-36-21.webp.webp?fit=1200%2C675&ssl=1&resize=1050%2C600 3x"},"classes":[]},{"id":63248,"url":"https:\/\/noticiasribeiraopreto.com.br\/index.php\/2025\/02\/07\/teatro-festival-e-sarau-veja-opcoes-para-curtir-o-fim-de-semana-em-ribeirao-preto\/","url_meta":{"origin":4819,"position":2},"title":"Teatro, festival e sarau: Veja op\u00e7\u00f5es para curtir o fim de semana em Ribeir\u00e3o Preto","author":"noticiasribeiraopreto.com.br","date":"7 de February de 2025","format":false,"excerpt":"O fim de semana chegou e Ribeir\u00e3o Preto conta com atividades pagas e gratuitas para quem quiser aproveitar. Entre os destaques est\u00e3o pe\u00e7as de teatro, em destaque para o espet\u00e1culo \u201cTom na Fazenda\u201d, o festival \u201cA Uni\u00e3o Faz o Encontro\u201d e o \u201cSarau da Biblioteca\u201d, na biblioteca do Sesc Ribeir\u00e3o\u2026","rel":"","context":"In &quot;Not\u00edcias de Ribeir\u00e3o Preto-SP e Regi\u00e3o&quot;","block_context":{"text":"Not\u00edcias de Ribeir\u00e3o Preto-SP e Regi\u00e3o","link":"https:\/\/noticiasribeiraopreto.com.br\/index.php\/category\/noticias-de-ribeirao-preto-sp-e-regiao-ismael-colosi\/"},"img":{"alt_text":"","src":"https:\/\/i0.wp.com\/noticiasribeiraopreto.com.br\/wp-content\/uploads\/2025\/01\/3-Tom-na-Fazenda-_2025-01-06_13-07-40_jpg_2025-01-06_13-07-40.webp.webp?fit=900%2C664&ssl=1&resize=350%2C200","width":350,"height":200,"srcset":"https:\/\/i0.wp.com\/noticiasribeiraopreto.com.br\/wp-content\/uploads\/2025\/01\/3-Tom-na-Fazenda-_2025-01-06_13-07-40_jpg_2025-01-06_13-07-40.webp.webp?fit=900%2C664&ssl=1&resize=350%2C200 1x, https:\/\/i0.wp.com\/noticiasribeiraopreto.com.br\/wp-content\/uploads\/2025\/01\/3-Tom-na-Fazenda-_2025-01-06_13-07-40_jpg_2025-01-06_13-07-40.webp.webp?fit=900%2C664&ssl=1&resize=525%2C300 1.5x, https:\/\/i0.wp.com\/noticiasribeiraopreto.com.br\/wp-content\/uploads\/2025\/01\/3-Tom-na-Fazenda-_2025-01-06_13-07-40_jpg_2025-01-06_13-07-40.webp.webp?fit=900%2C664&ssl=1&resize=700%2C400 2x"},"classes":[]},{"id":27516,"url":"https:\/\/noticiasribeiraopreto.com.br\/index.php\/2024\/01\/12\/circo-do-patati-patata-estreia-nesta-sexta-feira-em-ribeirao-preto-veja-como-comprar-ingressos\/","url_meta":{"origin":4819,"position":3},"title":"Circo do Patati Patat\u00e1 estreia nesta sexta-feira em Ribeir\u00e3o Preto; Veja como comprar ingressos","author":"noticiasribeiraopreto.com.br","date":"12 de January de 2024","format":false,"excerpt":"O circo dos palha\u00e7os Patati e Patat\u00e1 estreia, nesta sexta-feira (12), no estacionamento do Ribeir\u00e3o Shopping, na zona Sul de Ribeir\u00e3o Preto. As apresenta\u00e7\u00f5es ocorrem \u00e0s sextas-feiras, s\u00e1bados, domingos e feriados, com n\u00fameros circenses e can\u00e7\u00f5es de sucesso dos palha\u00e7os. Os ingressos podem ser adquiridos de forma on-line (clique aqui).\u2026","rel":"","context":"In &quot;Not\u00edcias de Ribeir\u00e3o Preto-SP e Regi\u00e3o&quot;","block_context":{"text":"Not\u00edcias de Ribeir\u00e3o Preto-SP e Regi\u00e3o","link":"https:\/\/noticiasribeiraopreto.com.br\/index.php\/category\/noticias-de-ribeirao-preto-sp-e-regiao-ismael-colosi\/"},"img":{"alt_text":"","src":"https:\/\/i0.wp.com\/noticiasribeiraopreto.com.br\/wp-content\/uploads\/2024\/01\/PATATI-PATATA-2.jpg?fit=1200%2C966&ssl=1&resize=350%2C200","width":350,"height":200,"srcset":"https:\/\/i0.wp.com\/noticiasribeiraopreto.com.br\/wp-content\/uploads\/2024\/01\/PATATI-PATATA-2.jpg?fit=1200%2C966&ssl=1&resize=350%2C200 1x, https:\/\/i0.wp.com\/noticiasribeiraopreto.com.br\/wp-content\/uploads\/2024\/01\/PATATI-PATATA-2.jpg?fit=1200%2C966&ssl=1&resize=525%2C300 1.5x, https:\/\/i0.wp.com\/noticiasribeiraopreto.com.br\/wp-content\/uploads\/2024\/01\/PATATI-PATATA-2.jpg?fit=1200%2C966&ssl=1&resize=700%2C400 2x, https:\/\/i0.wp.com\/noticiasribeiraopreto.com.br\/wp-content\/uploads\/2024\/01\/PATATI-PATATA-2.jpg?fit=1200%2C966&ssl=1&resize=1050%2C600 3x"},"classes":[]},{"id":62061,"url":"https:\/\/noticiasribeiraopreto.com.br\/index.php\/2025\/01\/02\/ribeirao-preto-recebe-shows-da-banda-vanguart-e-da-cantora-melly\/","url_meta":{"origin":4819,"position":4},"title":"Ribeir\u00e3o Preto recebe shows da banda Vanguart e da cantora Melly","author":"noticiasribeiraopreto.com.br","date":"2 de January de 2025","format":false,"excerpt":"O ano de 2025 chegou e a agenda de shows de Ribeir\u00e3o Preto para o primeiro m\u00eas do ano conta com apresenta\u00e7\u00f5es da banda Vanguart e da cantora Melly, artista revela\u00e7\u00e3o do Pr\u00eamio Multishow, em 2023. Vanguart \u2013 Demorou Pra Ser Ap\u00f3s seis anos, a banda Vanguart, forma em 2002\u2026","rel":"","context":"In &quot;Not\u00edcias de Ribeir\u00e3o Preto-SP e Regi\u00e3o&quot;","block_context":{"text":"Not\u00edcias de Ribeir\u00e3o Preto-SP e Regi\u00e3o","link":"https:\/\/noticiasribeiraopreto.com.br\/index.php\/category\/noticias-de-ribeirao-preto-sp-e-regiao-ismael-colosi\/"},"img":{"alt_text":"","src":"https:\/\/i0.wp.com\/noticiasribeiraopreto.com.br\/wp-content\/uploads\/2025\/01\/vanguart_2025-01-02_13-28-15_jpeg_2025-01-02_13-28-15.webp.webp?fit=960%2C500&ssl=1&resize=350%2C200","width":350,"height":200,"srcset":"https:\/\/i0.wp.com\/noticiasribeiraopreto.com.br\/wp-content\/uploads\/2025\/01\/vanguart_2025-01-02_13-28-15_jpeg_2025-01-02_13-28-15.webp.webp?fit=960%2C500&ssl=1&resize=350%2C200 1x, https:\/\/i0.wp.com\/noticiasribeiraopreto.com.br\/wp-content\/uploads\/2025\/01\/vanguart_2025-01-02_13-28-15_jpeg_2025-01-02_13-28-15.webp.webp?fit=960%2C500&ssl=1&resize=525%2C300 1.5x, https:\/\/i0.wp.com\/noticiasribeiraopreto.com.br\/wp-content\/uploads\/2025\/01\/vanguart_2025-01-02_13-28-15_jpeg_2025-01-02_13-28-15.webp.webp?fit=960%2C500&ssl=1&resize=700%2C400 2x"},"classes":[]},{"id":57355,"url":"https:\/\/noticiasribeiraopreto.com.br\/index.php\/2024\/08\/29\/ira-folk-faz-show-em-ribeirao-preto-nesta-sexta-ainda-ha-ingressos\/","url_meta":{"origin":4819,"position":5},"title":"Ira! Folk faz show em Ribeir\u00e3o Preto nesta sexta; ainda h\u00e1 ingressos","author":"noticiasribeiraopreto.com.br","date":"29 de August de 2024","format":false,"excerpt":"A dupla Nasi e Edgard Scandurra trazem para Ribeir\u00e3o Preto, em \u00fanica apresenta\u00e7\u00e3o, o projeto \u201cIra! Folk\u201d nesta sexta-feira (30), \u00e0s 19 horas, no Theatro Pedro II. Os ingressos est\u00e3o \u00e0 venda pela internet e os pre\u00e7os variam entre R$ 100 e R$ 320. O show promete um clima intimista\u2026","rel":"","context":"In &quot;Not\u00edcias de Ribeir\u00e3o Preto-SP e Regi\u00e3o&quot;","block_context":{"text":"Not\u00edcias de Ribeir\u00e3o Preto-SP e Regi\u00e3o","link":"https:\/\/noticiasribeiraopreto.com.br\/index.php\/category\/noticias-de-ribeirao-preto-sp-e-regiao-ismael-colosi\/"},"img":{"alt_text":"","src":"https:\/\/i0.wp.com\/noticiasribeiraopreto.com.br\/wp-content\/uploads\/2024\/08\/ira-folk.jpg?fit=1193%2C663&ssl=1&resize=350%2C200","width":350,"height":200,"srcset":"https:\/\/i0.wp.com\/noticiasribeiraopreto.com.br\/wp-content\/uploads\/2024\/08\/ira-folk.jpg?fit=1193%2C663&ssl=1&resize=350%2C200 1x, https:\/\/i0.wp.com\/noticiasribeiraopreto.com.br\/wp-content\/uploads\/2024\/08\/ira-folk.jpg?fit=1193%2C663&ssl=1&resize=525%2C300 1.5x, https:\/\/i0.wp.com\/noticiasribeiraopreto.com.br\/wp-content\/uploads\/2024\/08\/ira-folk.jpg?fit=1193%2C663&ssl=1&resize=700%2C400 2x, https:\/\/i0.wp.com\/noticiasribeiraopreto.com.br\/wp-content\/uploads\/2024\/08\/ira-folk.jpg?fit=1193%2C663&ssl=1&resize=1050%2C600 3x"},"classes":[]}],"jetpack_sharing_enabled":true,"jetpack_shortlink":"https:\/\/wp.me\/peQAOb-1fJ","_links":{"self":[{"href":"https:\/\/noticiasribeiraopreto.com.br\/index.php\/wp-json\/wp\/v2\/posts\/4819","targetHints":{"allow":["GET"]}}],"collection":[{"href":"https:\/\/noticiasribeiraopreto.com.br\/index.php\/wp-json\/wp\/v2\/posts"}],"about":[{"href":"https:\/\/noticiasribeiraopreto.com.br\/index.php\/wp-json\/wp\/v2\/types\/post"}],"author":[{"embeddable":true,"href":"https:\/\/noticiasribeiraopreto.com.br\/index.php\/wp-json\/wp\/v2\/users\/1"}],"replies":[{"embeddable":true,"href":"https:\/\/noticiasribeiraopreto.com.br\/index.php\/wp-json\/wp\/v2\/comments?post=4819"}],"version-history":[{"count":0,"href":"https:\/\/noticiasribeiraopreto.com.br\/index.php\/wp-json\/wp\/v2\/posts\/4819\/revisions"}],"wp:featuredmedia":[{"embeddable":true,"href":"https:\/\/noticiasribeiraopreto.com.br\/index.php\/wp-json\/wp\/v2\/media\/4820"}],"wp:attachment":[{"href":"https:\/\/noticiasribeiraopreto.com.br\/index.php\/wp-json\/wp\/v2\/media?parent=4819"}],"wp:term":[{"taxonomy":"category","embeddable":true,"href":"https:\/\/noticiasribeiraopreto.com.br\/index.php\/wp-json\/wp\/v2\/categories?post=4819"},{"taxonomy":"post_tag","embeddable":true,"href":"https:\/\/noticiasribeiraopreto.com.br\/index.php\/wp-json\/wp\/v2\/tags?post=4819"}],"curies":[{"name":"wp","href":"https:\/\/api.w.org\/{rel}","templated":true}]}}