{"id":4841,"date":"2023-11-22T12:08:18","date_gmt":"2023-11-22T15:08:18","guid":{"rendered":"https:\/\/noticiasribeiraopreto.com.br\/index.php\/2023\/11\/22\/ricks-burguer-e-nova-opcao-gastronomica-em-ribeirao-pires\/"},"modified":"2023-11-22T12:08:18","modified_gmt":"2023-11-22T15:08:18","slug":"ricks-burguer-e-nova-opcao-gastronomica-em-ribeirao-pires","status":"publish","type":"post","link":"https:\/\/noticiasribeiraopreto.com.br\/index.php\/2023\/11\/22\/ricks-burguer-e-nova-opcao-gastronomica-em-ribeirao-pires\/","title":{"rendered":"Rick\u00b4s Burguer \u00e9 nova op\u00e7\u00e3o gastron\u00f4mica em Ribeir\u00e3o Pires"},"content":{"rendered":"<div class='code-block code-block-1' style='margin: 8px 0 8px auto; text-align: right; display: block; clear: both;'>\n<p><a href=\"https:\/\/wa.link\/vpicfd\"><img data-recalc-dims=\"1\" class=\"wp-image-4922\" style=\"aspect-ratio: 2.0253164556962027; width: 561px; height: auto;\" src=\"https:\/\/i0.wp.com\/ismaelcolosi.com.br\/wp-content\/uploads\/2023\/11\/grupo-de-empregos-whatsapp-e-facebook-ismael-colosi-vagas.jpg?ssl=1\" alt=\"\" \/><\/a><\/p>\n<!-- \/wp:image -->\n<\/div>\n<p> <br \/>\n<\/p>\n<div>\n<p>A Vila do Doce, um dos pontos tur\u00edsticos mais movimentados de Ribeir\u00e3o Pires, ganhou neste m\u00eas empreendimento que promete atrair consumidores com card\u00e1pio diversificado e pre\u00e7os acess\u00edveis. Antigo sonho de tradicional fam\u00edlia da cidade, o Rick\u00b4s Burguer apresenta oito op\u00e7\u00f5es de lanches que v\u00e3o agu\u00e7ar a curiosidade do p\u00fablico, entre eles o Rick Abacaxi, aposta ousada que combina peda\u00e7o da fruta tropical com hamb\u00farguer de carne bovina, queijo prato e molho especial da casa.<\/p>\n<p>Por\u00e7\u00f5es de batata frita, polenta, an\u00e9is de cebola, sobremesas \u2013 entre as quais torta brownie \u2013 variedade de chopps, sucos e soda italiana completam a lista de op\u00e7\u00f5es do Rick\u00b4s Burguer. \u201cO card\u00e1pio foi preparado a partir de experi\u00eancias gastron\u00f4micas que tivemos em muitos lugares por onde nossa fam\u00edlia passou. Decidimos apresentar ao p\u00fablico boas op\u00e7\u00f5es, utilizando refer\u00eancias que conhecemos, mas adaptadas a nosso gosto, e garantindo pre\u00e7os mais acess\u00edveis para quem vier curtir com a gente\u201d, explicou Rodrigo Duarte, propriet\u00e1rio.<\/p>\n<p>As portas do Rick\u00b4s Burguer abriram oficialmente no feriado de 15 de novembro. Na primeira semana de funcionamento, o carro-chefe da hamburgueria foi o Rick Costela, que leva, al\u00e9m da carne, mussarela, tomate e alface. O visitante pode, ainda, montar o lanche com os ingredientes que constam no card\u00e1pio, seguindo sua prefer\u00eancia.<\/p>\n<p>O espa\u00e7o funciona de ter\u00e7a-feira a domingo, al\u00e9m de feriados, das 14h \u00e0s 23h. O card\u00e1pio e informa\u00e7\u00f5es sobre funcionamento est\u00e3o dispon\u00edveis nas redes da hamburgueria \u2013 @ricksburguers2023.<\/p>\n<div class=\"d-flex justify-content-center\" data-attachment-id=\"2313202\">\n<div class=\"position-relative d-inline-block\"><img data-recalc-dims=\"1\" data-portal-copyright=\"Foto: Divulga\u00e7\u00e3o.\" decoding=\"async\" fetchpriority=\"high\" class=\"aligncenter size-large wp-image-2313202\" src=\"https:\/\/i0.wp.com\/catracalivre.com.br\/wp-content\/uploads\/2023\/11\/c0eeb0d4-7592-4c31-b193-463620720844-910x589.jpg?resize=910%2C589&#038;ssl=1\" alt=\"\" width=\"910\" height=\"589\" srcset=\"https:\/\/catracalivre.com.br\/wp-content\/uploads\/2023\/11\/c0eeb0d4-7592-4c31-b193-463620720844-910x589.jpg 910w, https:\/\/catracalivre.com.br\/wp-content\/uploads\/2023\/11\/c0eeb0d4-7592-4c31-b193-463620720844-450x291.jpg 450w, https:\/\/catracalivre.com.br\/wp-content\/uploads\/2023\/11\/c0eeb0d4-7592-4c31-b193-463620720844-768x497.jpg 768w\" sizes=\"(max-width: 910px) 100vw, 910px\"\/><\/p>\n<p>Cr\u00e9ditos: Foto: Divulga\u00e7\u00e3o.<\/p>\n<\/div>\n<\/div>\n<\/div>\n<p><script>\n\t\t! function(f, b, e, v, n, t, s) {\n\t\t\tif (f.fbq) return;\n\t\t\tn = f.fbq = function() {\n\t\t\t\tn.callMethod ?\n\t\t\t\t\tn.callMethod.apply(n, arguments) : n.queue.push(arguments)\n\t\t\t};\n\t\t\tif (!f._fbq) f._fbq = n;\n\t\t\tn.push = n;\n\t\t\tn.loaded = !0;\n\t\t\tn.version = '2.0';\n\t\t\tn.queue = [];\n\t\t\tt = b.createElement(e);\n\t\t\tt.async = !0;\n\t\t\tt.src = v;\n\t\t\ts = b.getElementsByTagName(e)[0];\n\t\t\ts.parentNode.insertBefore(t, s)\n\t\t}(window, document, 'script',\n\t\t\t'https:\/\/connect.facebook.net\/en_US\/fbevents.js');\n\t\tfbq('init', '338315473262380');\n\t\tfbq('track', 'PageView');\n\t<\/script><br \/>\n<br \/><br \/>\n<br \/><a href=\"https:\/\/catracalivre.com.br\/vila-mundo\/ricks-burguer-e-nova-opcao-gastronomica-em-ribeirao-pires\/\">Source link <\/a><\/p>\n<!-- CONTENT END 1 -->\n","protected":false},"excerpt":{"rendered":"<p>A Vila do Doce, um dos pontos tur\u00edsticos mais movimentados de Ribeir\u00e3o Pires, ganhou neste m\u00eas empreendimento que promete atrair consumidores com card\u00e1pio diversificado e&#8230;<\/p>\n","protected":false},"author":1,"featured_media":4842,"comment_status":"open","ping_status":"open","sticky":false,"template":"","format":"standard","meta":{"advanced_seo_description":"","jetpack_seo_html_title":"","jetpack_seo_noindex":false,"jetpack_post_was_ever_published":false,"_jetpack_newsletter_access":"","_jetpack_dont_email_post_to_subs":false,"_jetpack_newsletter_tier_id":0,"_jetpack_memberships_contains_paywalled_content":false,"_jetpack_memberships_contains_paid_content":false,"footnotes":"","jetpack_publicize_message":"","jetpack_publicize_feature_enabled":true,"jetpack_social_post_already_shared":true,"jetpack_social_options":{"image_generator_settings":{"template":"highway","default_image_id":0,"font":"","enabled":false},"version":2}},"categories":[19],"tags":[],"class_list":["post-4841","post","type-post","status-publish","format-standard","has-post-thumbnail","hentry","category-variedades"],"jetpack_publicize_connections":[],"jetpack_featured_media_url":"https:\/\/i0.wp.com\/noticiasribeiraopreto.com.br\/wp-content\/uploads\/2023\/11\/c0eeb0d4-7592-4c31-b193-463620720844.jpg?fit=1200%2C638&ssl=1","jetpack-related-posts":[{"id":60596,"url":"https:\/\/noticiasribeiraopreto.com.br\/index.php\/2024\/11\/19\/novo-combo-do-burger-king-vem-com-gloss-mari-maria-de-brinde-veja-as-lojas-participantes-em-ribeirao\/","url_meta":{"origin":4841,"position":0},"title":"Novo combo do Burger King vem com gloss Mari Maria de brinde; veja as lojas participantes em Ribeir\u00e3o","author":"noticiasribeiraopreto.com.br","date":"19 de November de 2024","format":false,"excerpt":"Eleita a marca mais criativa do mundo, a Burguer King sempre apostou em collabs para aumentar o engajamento e atingir novos p\u00fablicos. A mais recente parceria \u00e9 com a marca de maquiagem Mari Maria MakeUp, fundada pela influenciadora Mari Maria. A influenciadora e a empresa lan\u00e7aram, nesta ter\u00e7a-feira (19), tr\u00eas\u2026","rel":"","context":"In &quot;Not\u00edcias de Ribeir\u00e3o Preto-SP e Regi\u00e3o&quot;","block_context":{"text":"Not\u00edcias de Ribeir\u00e3o Preto-SP e Regi\u00e3o","link":"https:\/\/noticiasribeiraopreto.com.br\/index.php\/category\/noticias-de-ribeirao-preto-sp-e-regiao-ismael-colosi\/"},"img":{"alt_text":"","src":"https:\/\/i0.wp.com\/noticiasribeiraopreto.com.br\/wp-content\/uploads\/2024\/11\/Copia-de-Copia-de-Copia-de-TAMANHO-EXATO-PARA-FOTOS-NO-SISTEMA-NOVO-99_2024-11-19_15-54-08_png_2024-11-19_15-54-08.webp.webp?fit=1200%2C675&ssl=1&resize=350%2C200","width":350,"height":200,"srcset":"https:\/\/i0.wp.com\/noticiasribeiraopreto.com.br\/wp-content\/uploads\/2024\/11\/Copia-de-Copia-de-Copia-de-TAMANHO-EXATO-PARA-FOTOS-NO-SISTEMA-NOVO-99_2024-11-19_15-54-08_png_2024-11-19_15-54-08.webp.webp?fit=1200%2C675&ssl=1&resize=350%2C200 1x, https:\/\/i0.wp.com\/noticiasribeiraopreto.com.br\/wp-content\/uploads\/2024\/11\/Copia-de-Copia-de-Copia-de-TAMANHO-EXATO-PARA-FOTOS-NO-SISTEMA-NOVO-99_2024-11-19_15-54-08_png_2024-11-19_15-54-08.webp.webp?fit=1200%2C675&ssl=1&resize=525%2C300 1.5x, https:\/\/i0.wp.com\/noticiasribeiraopreto.com.br\/wp-content\/uploads\/2024\/11\/Copia-de-Copia-de-Copia-de-TAMANHO-EXATO-PARA-FOTOS-NO-SISTEMA-NOVO-99_2024-11-19_15-54-08_png_2024-11-19_15-54-08.webp.webp?fit=1200%2C675&ssl=1&resize=700%2C400 2x, https:\/\/i0.wp.com\/noticiasribeiraopreto.com.br\/wp-content\/uploads\/2024\/11\/Copia-de-Copia-de-Copia-de-TAMANHO-EXATO-PARA-FOTOS-NO-SISTEMA-NOVO-99_2024-11-19_15-54-08_png_2024-11-19_15-54-08.webp.webp?fit=1200%2C675&ssl=1&resize=1050%2C600 3x"},"classes":[]},{"id":79427,"url":"https:\/\/noticiasribeiraopreto.com.br\/index.php\/2025\/10\/31\/burguer-king-oferece-lanche-gratis-no-halloween-em-troca-de-boleto-veja-como-participar-em-ribeirao\/","url_meta":{"origin":4841,"position":1},"title":"Burguer King oferece lanche gr\u00e1tis no Halloween em troca de boleto; Veja como participar em Ribeir\u00e3o","author":"noticiasribeiraopreto.com.br","date":"31 de October de 2025","format":false,"excerpt":"O Burguer King est\u00e1 distribuindo lanches de gra\u00e7a nesta sexta-feira (31), Halloween, para aqueles que apresentarem um boleto em pedidos realizados no drive-thru da rede de fast food. A a\u00e7\u00e3o, realizada em parceria com a Serasa, faz parte de uma nova campanha de marketing das empresas e \u00e9 v\u00e1lida para\u2026","rel":"","context":"In &quot;Not\u00edcias de Ribeir\u00e3o Preto-SP e Regi\u00e3o&quot;","block_context":{"text":"Not\u00edcias de Ribeir\u00e3o Preto-SP e Regi\u00e3o","link":"https:\/\/noticiasribeiraopreto.com.br\/index.php\/category\/noticias-de-ribeirao-preto-sp-e-regiao-ismael-colosi\/"},"img":{"alt_text":"","src":"https:\/\/i0.wp.com\/noticiasribeiraopreto.com.br\/wp-content\/uploads\/2025\/10\/terror-13_2025-10-31_14-32-07.webp.webp?fit=1200%2C675&ssl=1&resize=350%2C200","width":350,"height":200,"srcset":"https:\/\/i0.wp.com\/noticiasribeiraopreto.com.br\/wp-content\/uploads\/2025\/10\/terror-13_2025-10-31_14-32-07.webp.webp?fit=1200%2C675&ssl=1&resize=350%2C200 1x, https:\/\/i0.wp.com\/noticiasribeiraopreto.com.br\/wp-content\/uploads\/2025\/10\/terror-13_2025-10-31_14-32-07.webp.webp?fit=1200%2C675&ssl=1&resize=525%2C300 1.5x, https:\/\/i0.wp.com\/noticiasribeiraopreto.com.br\/wp-content\/uploads\/2025\/10\/terror-13_2025-10-31_14-32-07.webp.webp?fit=1200%2C675&ssl=1&resize=700%2C400 2x, https:\/\/i0.wp.com\/noticiasribeiraopreto.com.br\/wp-content\/uploads\/2025\/10\/terror-13_2025-10-31_14-32-07.webp.webp?fit=1200%2C675&ssl=1&resize=1050%2C600 3x"},"classes":[]},{"id":42990,"url":"https:\/\/noticiasribeiraopreto.com.br\/index.php\/2024\/03\/18\/burguer-king-oferece-vagas-para-jovem-aprendiz-no-interior-de-sp-confira\/","url_meta":{"origin":4841,"position":2},"title":"Burguer King oferece vagas para jovem aprendiz no interior de SP; Confira","author":"noticiasribeiraopreto.com.br","date":"18 de March de 2024","format":false,"excerpt":"O restaurante especializado em fast-food, Burguer King, est\u00e1 com vagas abertas para jovem aprendiz de 18 a 22 anos de idade em diversas lojas espalhadas pelo pa\u00eds. No interior de S\u00e3o Paulo, as oportunidades s\u00e3o para Ribeir\u00e3o Preto, Rio Claro, Limeira, Guaruj\u00e1, S\u00e3o Jos\u00e9 dos Campos, Mogi-Gua\u00e7u e Mogi-Mirim. A\u2026","rel":"","context":"In &quot;Not\u00edcias de Ribeir\u00e3o Preto-SP e Regi\u00e3o&quot;","block_context":{"text":"Not\u00edcias de Ribeir\u00e3o Preto-SP e Regi\u00e3o","link":"https:\/\/noticiasribeiraopreto.com.br\/index.php\/category\/noticias-de-ribeirao-preto-sp-e-regiao-ismael-colosi\/"},"img":{"alt_text":"","src":"https:\/\/i0.wp.com\/noticiasribeiraopreto.com.br\/wp-content\/uploads\/2024\/03\/Copia-de-Copia-de-TAMANHO-EXATO-PARA-FOTOS-NO-SISTEMA-NOVO-62.jpg?fit=1200%2C675&ssl=1&resize=350%2C200","width":350,"height":200,"srcset":"https:\/\/i0.wp.com\/noticiasribeiraopreto.com.br\/wp-content\/uploads\/2024\/03\/Copia-de-Copia-de-TAMANHO-EXATO-PARA-FOTOS-NO-SISTEMA-NOVO-62.jpg?fit=1200%2C675&ssl=1&resize=350%2C200 1x, https:\/\/i0.wp.com\/noticiasribeiraopreto.com.br\/wp-content\/uploads\/2024\/03\/Copia-de-Copia-de-TAMANHO-EXATO-PARA-FOTOS-NO-SISTEMA-NOVO-62.jpg?fit=1200%2C675&ssl=1&resize=525%2C300 1.5x, https:\/\/i0.wp.com\/noticiasribeiraopreto.com.br\/wp-content\/uploads\/2024\/03\/Copia-de-Copia-de-TAMANHO-EXATO-PARA-FOTOS-NO-SISTEMA-NOVO-62.jpg?fit=1200%2C675&ssl=1&resize=700%2C400 2x, https:\/\/i0.wp.com\/noticiasribeiraopreto.com.br\/wp-content\/uploads\/2024\/03\/Copia-de-Copia-de-TAMANHO-EXATO-PARA-FOTOS-NO-SISTEMA-NOVO-62.jpg?fit=1200%2C675&ssl=1&resize=1050%2C600 3x"},"classes":[]},{"id":18568,"url":"https:\/\/noticiasribeiraopreto.com.br\/index.php\/2023\/12\/20\/pausa-durante-as-compras-de-final-de-ano-dicas-de-onde-confraternizar-com-a-familia-e-amigos-para-todos-os-gostos\/","url_meta":{"origin":4841,"position":3},"title":"Pausa durante as compras de final de ano? Dicas de onde confraternizar com a fam\u00edlia e amigos para todos os gostos","author":"noticiasribeiraopreto.com.br","date":"20 de December de 2023","format":false,"excerpt":"O m\u00eas de dezembro \u00e9 marcado pela procura de locais prop\u00edcios para confraterniza\u00e7\u00f5es entre amigos, bem como pela corrida em busca do presente ideal para aquele amigo ou parente querido. Uma pausa durante as compras \u00e9 sempre um \u00f3timo momento para recuperar as energias e desfrutar de restaurantes que proporcionem\u2026","rel":"","context":"In &quot;Variedades&quot;","block_context":{"text":"Variedades","link":"https:\/\/noticiasribeiraopreto.com.br\/index.php\/category\/variedades\/"},"img":{"alt_text":"","src":"https:\/\/i0.wp.com\/noticiasribeiraopreto.com.br\/wp-content\/uploads\/2023\/12\/imagem1.jpg?fit=1200%2C638&ssl=1&resize=350%2C200","width":350,"height":200,"srcset":"https:\/\/i0.wp.com\/noticiasribeiraopreto.com.br\/wp-content\/uploads\/2023\/12\/imagem1.jpg?fit=1200%2C638&ssl=1&resize=350%2C200 1x, https:\/\/i0.wp.com\/noticiasribeiraopreto.com.br\/wp-content\/uploads\/2023\/12\/imagem1.jpg?fit=1200%2C638&ssl=1&resize=525%2C300 1.5x, https:\/\/i0.wp.com\/noticiasribeiraopreto.com.br\/wp-content\/uploads\/2023\/12\/imagem1.jpg?fit=1200%2C638&ssl=1&resize=700%2C400 2x, https:\/\/i0.wp.com\/noticiasribeiraopreto.com.br\/wp-content\/uploads\/2023\/12\/imagem1.jpg?fit=1200%2C638&ssl=1&resize=1050%2C600 3x"},"classes":[]},{"id":84633,"url":"https:\/\/noticiasribeiraopreto.com.br\/index.php\/2026\/04\/13\/festa-do-morango-e-pudim-chega-a-ribeirao-preto-com-entrada-gratuita\/","url_meta":{"origin":4841,"position":4},"title":"&#8216;Festa do Morango e Pudim&#8217; chega a Ribeir\u00e3o Preto com entrada gratuita","author":"noticiasribeiraopreto.com.br","date":"13 de April de 2026","format":false,"excerpt":"Ler o resumo da not\u00edcia \"Festa do Morango \u2013 Edi\u00e7\u00e3o Pudim\" ocorre em Ribeir\u00e3o Preto de sexta (17) a ter\u00e7a-feira (21), no estacionamento do Novo Shopping. O evento tem entrada gratuita e oferece pudins de diversos sabores, como leite condensado, morango, chocolate, milho, maracuj\u00e1 e leite em p\u00f3. Card\u00e1pio inclui\u2026","rel":"","context":"In &quot;Not\u00edcias de Ribeir\u00e3o Preto-SP e Regi\u00e3o&quot;","block_context":{"text":"Not\u00edcias de Ribeir\u00e3o Preto-SP e Regi\u00e3o","link":"https:\/\/noticiasribeiraopreto.com.br\/index.php\/category\/noticias-de-ribeirao-preto-sp-e-regiao-ismael-colosi\/"},"img":{"alt_text":"","src":"https:\/\/i0.wp.com\/noticiasribeiraopreto.com.br\/wp-content\/uploads\/2026\/04\/FESTA-MORANGO-PUDIM-1_2026-04-13_17-11-44.webp.webp?fit=1200%2C672&ssl=1&resize=350%2C200","width":350,"height":200,"srcset":"https:\/\/i0.wp.com\/noticiasribeiraopreto.com.br\/wp-content\/uploads\/2026\/04\/FESTA-MORANGO-PUDIM-1_2026-04-13_17-11-44.webp.webp?fit=1200%2C672&ssl=1&resize=350%2C200 1x, https:\/\/i0.wp.com\/noticiasribeiraopreto.com.br\/wp-content\/uploads\/2026\/04\/FESTA-MORANGO-PUDIM-1_2026-04-13_17-11-44.webp.webp?fit=1200%2C672&ssl=1&resize=525%2C300 1.5x, https:\/\/i0.wp.com\/noticiasribeiraopreto.com.br\/wp-content\/uploads\/2026\/04\/FESTA-MORANGO-PUDIM-1_2026-04-13_17-11-44.webp.webp?fit=1200%2C672&ssl=1&resize=700%2C400 2x, https:\/\/i0.wp.com\/noticiasribeiraopreto.com.br\/wp-content\/uploads\/2026\/04\/FESTA-MORANGO-PUDIM-1_2026-04-13_17-11-44.webp.webp?fit=1200%2C672&ssl=1&resize=1050%2C600 3x"},"classes":[]},{"id":16838,"url":"https:\/\/noticiasribeiraopreto.com.br\/index.php\/2023\/12\/16\/sodie-amplia-sua-linha-de-salgados\/","url_meta":{"origin":4841,"position":5},"title":"Sodi\u00ea amplia sua linha de salgados","author":"noticiasribeiraopreto.com.br","date":"16 de December de 2023","format":false,"excerpt":"A Sodi\u00ea, com um card\u00e1pio j\u00e1 conhecido por seus deliciosos bolos e doces, est\u00e1 expandindo sua linha de salgados, oferecendo aos clientes ainda mais op\u00e7\u00f5es para diversos momentos de consumo. Todas as lojas da franquia ampliaram seu portf\u00f3lio de sabores com a chegada do minipastel de frango com requeij\u00e3o, minipastel\u2026","rel":"","context":"In &quot;Variedades&quot;","block_context":{"text":"Variedades","link":"https:\/\/noticiasribeiraopreto.com.br\/index.php\/category\/variedades\/"},"img":{"alt_text":"","src":"https:\/\/i0.wp.com\/noticiasribeiraopreto.com.br\/wp-content\/uploads\/2023\/12\/whatsapp-image-2023-12-14-at-102420.jpeg?fit=1200%2C638&ssl=1&resize=350%2C200","width":350,"height":200,"srcset":"https:\/\/i0.wp.com\/noticiasribeiraopreto.com.br\/wp-content\/uploads\/2023\/12\/whatsapp-image-2023-12-14-at-102420.jpeg?fit=1200%2C638&ssl=1&resize=350%2C200 1x, https:\/\/i0.wp.com\/noticiasribeiraopreto.com.br\/wp-content\/uploads\/2023\/12\/whatsapp-image-2023-12-14-at-102420.jpeg?fit=1200%2C638&ssl=1&resize=525%2C300 1.5x, https:\/\/i0.wp.com\/noticiasribeiraopreto.com.br\/wp-content\/uploads\/2023\/12\/whatsapp-image-2023-12-14-at-102420.jpeg?fit=1200%2C638&ssl=1&resize=700%2C400 2x, https:\/\/i0.wp.com\/noticiasribeiraopreto.com.br\/wp-content\/uploads\/2023\/12\/whatsapp-image-2023-12-14-at-102420.jpeg?fit=1200%2C638&ssl=1&resize=1050%2C600 3x"},"classes":[]}],"jetpack_sharing_enabled":true,"jetpack_shortlink":"https:\/\/wp.me\/peQAOb-1g5","_links":{"self":[{"href":"https:\/\/noticiasribeiraopreto.com.br\/index.php\/wp-json\/wp\/v2\/posts\/4841","targetHints":{"allow":["GET"]}}],"collection":[{"href":"https:\/\/noticiasribeiraopreto.com.br\/index.php\/wp-json\/wp\/v2\/posts"}],"about":[{"href":"https:\/\/noticiasribeiraopreto.com.br\/index.php\/wp-json\/wp\/v2\/types\/post"}],"author":[{"embeddable":true,"href":"https:\/\/noticiasribeiraopreto.com.br\/index.php\/wp-json\/wp\/v2\/users\/1"}],"replies":[{"embeddable":true,"href":"https:\/\/noticiasribeiraopreto.com.br\/index.php\/wp-json\/wp\/v2\/comments?post=4841"}],"version-history":[{"count":0,"href":"https:\/\/noticiasribeiraopreto.com.br\/index.php\/wp-json\/wp\/v2\/posts\/4841\/revisions"}],"wp:featuredmedia":[{"embeddable":true,"href":"https:\/\/noticiasribeiraopreto.com.br\/index.php\/wp-json\/wp\/v2\/media\/4842"}],"wp:attachment":[{"href":"https:\/\/noticiasribeiraopreto.com.br\/index.php\/wp-json\/wp\/v2\/media?parent=4841"}],"wp:term":[{"taxonomy":"category","embeddable":true,"href":"https:\/\/noticiasribeiraopreto.com.br\/index.php\/wp-json\/wp\/v2\/categories?post=4841"},{"taxonomy":"post_tag","embeddable":true,"href":"https:\/\/noticiasribeiraopreto.com.br\/index.php\/wp-json\/wp\/v2\/tags?post=4841"}],"curies":[{"name":"wp","href":"https:\/\/api.w.org\/{rel}","templated":true}]}}