{"id":4860,"date":"2023-11-22T12:31:19","date_gmt":"2023-11-22T15:31:19","guid":{"rendered":"https:\/\/noticiasribeiraopreto.com.br\/index.php\/2023\/11\/22\/casal-e-crianca-de-10-anos-perdem-a-vida-apos-carro-ser-esmagado-entre-carretas\/"},"modified":"2023-11-22T12:31:19","modified_gmt":"2023-11-22T15:31:19","slug":"casal-e-crianca-de-10-anos-perdem-a-vida-apos-carro-ser-esmagado-entre-carretas","status":"publish","type":"post","link":"https:\/\/noticiasribeiraopreto.com.br\/index.php\/2023\/11\/22\/casal-e-crianca-de-10-anos-perdem-a-vida-apos-carro-ser-esmagado-entre-carretas\/","title":{"rendered":"Casal e crian\u00e7a de 10 anos perdem a vida ap\u00f3s carro ser esmagado entre carretas"},"content":{"rendered":"<div class='code-block code-block-1' style='margin: 8px 0 8px auto; text-align: right; display: block; clear: both;'>\n<p><a href=\"https:\/\/wa.link\/vpicfd\"><img data-recalc-dims=\"1\" class=\"wp-image-4922\" style=\"aspect-ratio: 2.0253164556962027; width: 561px; height: auto;\" src=\"https:\/\/i0.wp.com\/ismaelcolosi.com.br\/wp-content\/uploads\/2023\/11\/grupo-de-empregos-whatsapp-e-facebook-ismael-colosi-vagas.jpg?ssl=1\" alt=\"\" \/><\/a><\/p>\n<!-- \/wp:image -->\n<\/div>\n<p> <br \/>\n<\/p>\n<div itemprop=\"text\">\n<p>Um acidente envolveu duas carretas e um Chevrolet Corsa em uma trag\u00e9dia na madrugada desta quarta, dia 22 de novembro, na rodovia Presidente Dutra, pr\u00f3xima a Taubat\u00e9 (SP) e Pindamonhangaba (SP).<\/p>\n<p>No acidente, ocorrido por volta das 0h40 no sentido Rio de Janeiro, foi constatado a morte de um casal e de uma crian\u00e7a, que estavam no ve\u00edculo de passeio.<\/p>\n<p>O motorista do Chevrolet Corsa Wind, identificado como Felipe dos Santos Junior, de 31 anos, foi uma das v\u00edtimas fatais.<\/p>\n<p>A identidade da mulher e da crian\u00e7a, com aproximadamente 10 anos, ainda n\u00e3o foi divulgada pelas autoridades. O carro em que estava foi prensado entre as duas carretas, em um impacto que chocou a todos que passavam pela rodovia.<\/p>\n<p>As condi\u00e7\u00f5es clim\u00e1ticas na hora do acidente indicavam chuva, o que pode ter contribu\u00eddo para o desfecho tr\u00e1gico. De acordo com o relato do caminhoneiro Elton Moreira Gon\u00e7alves, um dos envolvidos no acidente, ele se deparou com ve\u00edculos parados na pista, tentou frear, mas n\u00e3o conseguiu evitar as colis\u00f5es com o Chevrolet Corsa, empurrando-o contra o outro caminh\u00e3o conduzido por Nilson Barbosa Guedes.<\/p>\n<p>Elton afirmou que as lanternas do Corsa estavam, desligadas, dificultando a visualiza\u00e7\u00e3o do ve\u00edculo no momento da colis\u00e3o.<\/p>\n<p>Ap\u00f3s o impacto, descubriu-se que o carro estava esmagado entre as carretas, o que dificultou ainda mais o resgate das v\u00edtimas.<\/p>\n<p><img data-recalc-dims=\"1\" decoding=\"async\" src=\"https:\/\/i0.wp.com\/fnmais.com\/wp-content\/uploads\/2023\/11\/postiimg-655e1c0808afd2716.jpg?ssl=1\" alt=\"Casal e criana morrem aps carro ser prensado entre carretas em acidente na Dutra Foto BombeirosDivulgao\"\/><\/p>\n<p>A pista ficou interditada por aproximadamente duas horas, causando lentid\u00e3o no trecho durante a manh\u00e3. O ve\u00edculo envolvido no acidente estava com documenta\u00e7\u00e3o vencida e foi apreendido, enquanto as carretas possu\u00edam documenta\u00e7\u00e3o regularizada.<\/p>\n<\/div>\n<p><br \/>\n<br \/><a href=\"https:\/\/fnmais.com\/casal-crianca-10-anos-perdem-vida-apos-carro-ser-esmagado-entre-carretas\/\">Source link <\/a><\/p>\n<!-- CONTENT END 1 -->\n","protected":false},"excerpt":{"rendered":"<p>Um acidente envolveu duas carretas e um Chevrolet Corsa em uma trag\u00e9dia na madrugada desta quarta, dia 22 de novembro, na rodovia Presidente Dutra, pr\u00f3xima&#8230;<\/p>\n","protected":false},"author":1,"featured_media":4861,"comment_status":"open","ping_status":"open","sticky":false,"template":"","format":"standard","meta":{"advanced_seo_description":"","jetpack_seo_html_title":"","jetpack_seo_noindex":false,"jetpack_post_was_ever_published":false,"_jetpack_newsletter_access":"","_jetpack_dont_email_post_to_subs":false,"_jetpack_newsletter_tier_id":0,"_jetpack_memberships_contains_paywalled_content":false,"_jetpack_memberships_contains_paid_content":false,"footnotes":"","jetpack_publicize_message":"","jetpack_publicize_feature_enabled":true,"jetpack_social_post_already_shared":true,"jetpack_social_options":{"image_generator_settings":{"template":"highway","default_image_id":0,"font":"","enabled":false},"version":2}},"categories":[1],"tags":[],"class_list":["post-4860","post","type-post","status-publish","format-standard","has-post-thumbnail","hentry","category-blog"],"jetpack_publicize_connections":[],"jetpack_featured_media_url":"https:\/\/i0.wp.com\/noticiasribeiraopreto.com.br\/wp-content\/uploads\/2023\/11\/postimg-655e1c0b189548969.jpg?fit=1200%2C628&ssl=1","jetpack-related-posts":[{"id":31550,"url":"https:\/\/noticiasribeiraopreto.com.br\/index.php\/2024\/01\/22\/carro-bate-em-carreta-destroi-familia-pai-mae-e-bebe-perderam-a-vida-crianca-foi-ejetada-do-carro\/","url_meta":{"origin":4860,"position":0},"title":"Carro bate em carreta, destr\u00f3i fam\u00edlia, pai, m\u00e3e e beb\u00ea perderam a vida, crian\u00e7a foi ejetada do carro","author":"noticiasribeiraopreto.com.br","date":"22 de January de 2024","format":false,"excerpt":"Uma colis\u00e3o frontal entre um carro e uma carreta destruiu uma fam\u00edlia, o acidente teve como cen\u00e1rio a rodovia BR-25 e aconteceu na tarde deste domingo (21). No final da tarde deste \u00faltimo domingo, um tr\u00e1gico acidente na BR-251, pr\u00f3ximo a localidade de Curral de Dentro, que fica no interior\u2026","rel":"","context":"In &quot;Blog&quot;","block_context":{"text":"Blog","link":"https:\/\/noticiasribeiraopreto.com.br\/index.php\/category\/blog\/"},"img":{"alt_text":"","src":"https:\/\/i0.wp.com\/noticiasribeiraopreto.com.br\/wp-content\/uploads\/2024\/01\/postimg-65aeb8e91dccd9738.jpg?fit=1200%2C628&ssl=1&resize=350%2C200","width":350,"height":200,"srcset":"https:\/\/i0.wp.com\/noticiasribeiraopreto.com.br\/wp-content\/uploads\/2024\/01\/postimg-65aeb8e91dccd9738.jpg?fit=1200%2C628&ssl=1&resize=350%2C200 1x, https:\/\/i0.wp.com\/noticiasribeiraopreto.com.br\/wp-content\/uploads\/2024\/01\/postimg-65aeb8e91dccd9738.jpg?fit=1200%2C628&ssl=1&resize=525%2C300 1.5x, https:\/\/i0.wp.com\/noticiasribeiraopreto.com.br\/wp-content\/uploads\/2024\/01\/postimg-65aeb8e91dccd9738.jpg?fit=1200%2C628&ssl=1&resize=700%2C400 2x, https:\/\/i0.wp.com\/noticiasribeiraopreto.com.br\/wp-content\/uploads\/2024\/01\/postimg-65aeb8e91dccd9738.jpg?fit=1200%2C628&ssl=1&resize=1050%2C600 3x"},"classes":[]},{"id":29436,"url":"https:\/\/noticiasribeiraopreto.com.br\/index.php\/2024\/01\/18\/colisao-entre-carreta-e-carro-na-br-116-tira-a-vida-de-9-pessoas-de-uma-mesma-familia-que-iriam-comemorar-aniversario\/","url_meta":{"origin":4860,"position":1},"title":"Colis\u00e3o entre carreta e carro na BR-116 tira a vida de 9 pessoas de uma mesma fam\u00edlia que iriam comemorar anivers\u00e1rio","author":"noticiasribeiraopreto.com.br","date":"18 de January de 2024","format":false,"excerpt":"Uma trag\u00e9dia ocorrida na Rodovia Santos Dumont, na BR-116, resultou na perda de nove vidas na noite desta quarta-feira, dia 17 de janeiro. O caso aconteceu na Bahia.O incidente envolveu uma carreta e um VW Gol, e todas as pessoas a bordo do carro n\u00e3o resistiram. Foi apontado que as\u2026","rel":"","context":"In &quot;Blog&quot;","block_context":{"text":"Blog","link":"https:\/\/noticiasribeiraopreto.com.br\/index.php\/category\/blog\/"},"img":{"alt_text":"","src":"https:\/\/i0.wp.com\/noticiasribeiraopreto.com.br\/wp-content\/uploads\/2024\/01\/postimg-65a930648b8da3154.jpg?fit=1200%2C628&ssl=1&resize=350%2C200","width":350,"height":200,"srcset":"https:\/\/i0.wp.com\/noticiasribeiraopreto.com.br\/wp-content\/uploads\/2024\/01\/postimg-65a930648b8da3154.jpg?fit=1200%2C628&ssl=1&resize=350%2C200 1x, https:\/\/i0.wp.com\/noticiasribeiraopreto.com.br\/wp-content\/uploads\/2024\/01\/postimg-65a930648b8da3154.jpg?fit=1200%2C628&ssl=1&resize=525%2C300 1.5x, https:\/\/i0.wp.com\/noticiasribeiraopreto.com.br\/wp-content\/uploads\/2024\/01\/postimg-65a930648b8da3154.jpg?fit=1200%2C628&ssl=1&resize=700%2C400 2x, https:\/\/i0.wp.com\/noticiasribeiraopreto.com.br\/wp-content\/uploads\/2024\/01\/postimg-65a930648b8da3154.jpg?fit=1200%2C628&ssl=1&resize=1050%2C600 3x"},"classes":[]},{"id":28606,"url":"https:\/\/noticiasribeiraopreto.com.br\/index.php\/2024\/01\/16\/gravissimo-acidente-entre-carro-e-caminhoes-deixa-tres-mortos-incluindo-duas-criancas\/","url_meta":{"origin":4860,"position":2},"title":"Grav\u00edssimo acidente entre carro e caminh\u00f5es deixa tr\u00eas mortos, incluindo duas crian\u00e7as","author":"noticiasribeiraopreto.com.br","date":"16 de January de 2024","format":false,"excerpt":"Um acidente devastador ocorreu na noite da \u00faltima segunda, dia 15 de janeiro, na Via Dutra, em S\u00e3o Paulo, resultando na morte de tr\u00eas pessoas, incluindo duas crian\u00e7as.O incidente, que aconteceu por volta das 22h, envolveu um ve\u00edculo de passeio e dois caminh\u00f5es, deixando tamb\u00e9m dois feridos.Durante um congestionamento na\u2026","rel":"","context":"In &quot;Blog&quot;","block_context":{"text":"Blog","link":"https:\/\/noticiasribeiraopreto.com.br\/index.php\/category\/blog\/"},"img":{"alt_text":"","src":"https:\/\/i0.wp.com\/noticiasribeiraopreto.com.br\/wp-content\/uploads\/2024\/01\/postimg-65a671d5e813c8893.jpg?fit=1200%2C628&ssl=1&resize=350%2C200","width":350,"height":200,"srcset":"https:\/\/i0.wp.com\/noticiasribeiraopreto.com.br\/wp-content\/uploads\/2024\/01\/postimg-65a671d5e813c8893.jpg?fit=1200%2C628&ssl=1&resize=350%2C200 1x, https:\/\/i0.wp.com\/noticiasribeiraopreto.com.br\/wp-content\/uploads\/2024\/01\/postimg-65a671d5e813c8893.jpg?fit=1200%2C628&ssl=1&resize=525%2C300 1.5x, https:\/\/i0.wp.com\/noticiasribeiraopreto.com.br\/wp-content\/uploads\/2024\/01\/postimg-65a671d5e813c8893.jpg?fit=1200%2C628&ssl=1&resize=700%2C400 2x, https:\/\/i0.wp.com\/noticiasribeiraopreto.com.br\/wp-content\/uploads\/2024\/01\/postimg-65a671d5e813c8893.jpg?fit=1200%2C628&ssl=1&resize=1050%2C600 3x"},"classes":[]},{"id":20144,"url":"https:\/\/noticiasribeiraopreto.com.br\/index.php\/2023\/12\/24\/casal-e-duas-criancas-perderm-a-vida-em-acidente-entre-carro-e-caminhao-no-interior-de-minas-gerais\/","url_meta":{"origin":4860,"position":3},"title":"Casal e duas crian\u00e7as perderm a vida em acidente entre carro e caminh\u00e3o no interior de Minas Gerais","author":"noticiasribeiraopreto.com.br","date":"24 de December de 2023","format":false,"excerpt":"Neste \u00faltimo s\u00e1bado (23), a rodovia BR-251, foi o cen\u00e1rio de uma trag\u00e9dia que ceifou quatro vidas, entre as v\u00edtimas fatais est\u00e3o duas crian\u00e7as.De acordo com as primeiras informa\u00e7\u00f5es repassadas pelas autoridades respons\u00e1veis por atenderem a ocorr\u00eancia, um carro de passeio, modelo Prisma, colidiu com um caminh\u00e3o tanque, na altura\u2026","rel":"","context":"In &quot;Blog&quot;","block_context":{"text":"Blog","link":"https:\/\/noticiasribeiraopreto.com.br\/index.php\/category\/blog\/"},"img":{"alt_text":"","src":"https:\/\/i0.wp.com\/noticiasribeiraopreto.com.br\/wp-content\/uploads\/2023\/12\/postimg-658842bdc9d1a1233.jpg?fit=1200%2C628&ssl=1&resize=350%2C200","width":350,"height":200,"srcset":"https:\/\/i0.wp.com\/noticiasribeiraopreto.com.br\/wp-content\/uploads\/2023\/12\/postimg-658842bdc9d1a1233.jpg?fit=1200%2C628&ssl=1&resize=350%2C200 1x, https:\/\/i0.wp.com\/noticiasribeiraopreto.com.br\/wp-content\/uploads\/2023\/12\/postimg-658842bdc9d1a1233.jpg?fit=1200%2C628&ssl=1&resize=525%2C300 1.5x, https:\/\/i0.wp.com\/noticiasribeiraopreto.com.br\/wp-content\/uploads\/2023\/12\/postimg-658842bdc9d1a1233.jpg?fit=1200%2C628&ssl=1&resize=700%2C400 2x, https:\/\/i0.wp.com\/noticiasribeiraopreto.com.br\/wp-content\/uploads\/2023\/12\/postimg-658842bdc9d1a1233.jpg?fit=1200%2C628&ssl=1&resize=1050%2C600 3x"},"classes":[]},{"id":20218,"url":"https:\/\/noticiasribeiraopreto.com.br\/index.php\/2023\/12\/24\/pai-mae-e-namorado-da-filha-morrem-em-acidente-na-br-101-a-caminho-da-bahia-vitimas-sao-identificadas\/","url_meta":{"origin":4860,"position":4},"title":"Pai, m\u00e3e e namorado da filha morrem em acidente na BR-101 a caminho da Bahia; v\u00edtimas s\u00e3o identificadas","author":"noticiasribeiraopreto.com.br","date":"24 de December de 2023","format":false,"excerpt":"Tr\u00eas pessoas acabaram perdendo a vida nesta fim de semana ap\u00f3s serem v\u00edtimas de um grave acidente de tr\u00e2nsito. O fato ocorreu no Km 55 da BR 101, que fica em Concei\u00e7\u00e3o da Barra, no Norte do Esp\u00edrito Santo.O acidente foi registrado por volta das 20h15 do \u00faltimo s\u00e1bado (23\/12)\u2026","rel":"","context":"In &quot;Blog&quot;","block_context":{"text":"Blog","link":"https:\/\/noticiasribeiraopreto.com.br\/index.php\/category\/blog\/"},"img":{"alt_text":"","src":"https:\/\/i0.wp.com\/noticiasribeiraopreto.com.br\/wp-content\/uploads\/2023\/12\/postimg-65886faa2606a5047.jpg?fit=1200%2C628&ssl=1&resize=350%2C200","width":350,"height":200,"srcset":"https:\/\/i0.wp.com\/noticiasribeiraopreto.com.br\/wp-content\/uploads\/2023\/12\/postimg-65886faa2606a5047.jpg?fit=1200%2C628&ssl=1&resize=350%2C200 1x, https:\/\/i0.wp.com\/noticiasribeiraopreto.com.br\/wp-content\/uploads\/2023\/12\/postimg-65886faa2606a5047.jpg?fit=1200%2C628&ssl=1&resize=525%2C300 1.5x, https:\/\/i0.wp.com\/noticiasribeiraopreto.com.br\/wp-content\/uploads\/2023\/12\/postimg-65886faa2606a5047.jpg?fit=1200%2C628&ssl=1&resize=700%2C400 2x, https:\/\/i0.wp.com\/noticiasribeiraopreto.com.br\/wp-content\/uploads\/2023\/12\/postimg-65886faa2606a5047.jpg?fit=1200%2C628&ssl=1&resize=1050%2C600 3x"},"classes":[]},{"id":36526,"url":"https:\/\/noticiasribeiraopreto.com.br\/index.php\/2024\/02\/10\/casal-de-rp-morre-apos-acidente-em-pirassununga\/","url_meta":{"origin":4860,"position":5},"title":"Casal de RP morre ap\u00f3s acidente em Pirassununga","author":"noticiasribeiraopreto.com.br","date":"10 de February de 2024","format":false,"excerpt":"Ve\u00edculo onde estavam bateu de frente contra carreta que vinha no sentido contr\u00e1rio e caiu de pontilh\u00e3o 9 de fevereiro de 2024 | 15:229 de fevereiro de 2024 | 15:28 2Por: Adalberto LuqueUm casal de Ribeir\u00e3o Preto morreu, no final da tarde desta quinta-feira (08), ap\u00f3s um acidente ocorrido na\u2026","rel":"","context":"In &quot;Not\u00edcias de Ribeir\u00e3o Preto-SP e Regi\u00e3o&quot;","block_context":{"text":"Not\u00edcias de Ribeir\u00e3o Preto-SP e Regi\u00e3o","link":"https:\/\/noticiasribeiraopreto.com.br\/index.php\/category\/noticias-de-ribeirao-preto-sp-e-regiao-ismael-colosi\/"},"img":{"alt_text":"","src":"https:\/\/i0.wp.com\/noticiasribeiraopreto.com.br\/wp-content\/uploads\/2024\/02\/00-09-fev-2024-acidente-pirassununga-00-foto-redes-sociais.jpg?fit=870%2C645&ssl=1&resize=350%2C200","width":350,"height":200,"srcset":"https:\/\/i0.wp.com\/noticiasribeiraopreto.com.br\/wp-content\/uploads\/2024\/02\/00-09-fev-2024-acidente-pirassununga-00-foto-redes-sociais.jpg?fit=870%2C645&ssl=1&resize=350%2C200 1x, https:\/\/i0.wp.com\/noticiasribeiraopreto.com.br\/wp-content\/uploads\/2024\/02\/00-09-fev-2024-acidente-pirassununga-00-foto-redes-sociais.jpg?fit=870%2C645&ssl=1&resize=525%2C300 1.5x, https:\/\/i0.wp.com\/noticiasribeiraopreto.com.br\/wp-content\/uploads\/2024\/02\/00-09-fev-2024-acidente-pirassununga-00-foto-redes-sociais.jpg?fit=870%2C645&ssl=1&resize=700%2C400 2x"},"classes":[]}],"jetpack_sharing_enabled":true,"jetpack_shortlink":"https:\/\/wp.me\/peQAOb-1go","_links":{"self":[{"href":"https:\/\/noticiasribeiraopreto.com.br\/index.php\/wp-json\/wp\/v2\/posts\/4860","targetHints":{"allow":["GET"]}}],"collection":[{"href":"https:\/\/noticiasribeiraopreto.com.br\/index.php\/wp-json\/wp\/v2\/posts"}],"about":[{"href":"https:\/\/noticiasribeiraopreto.com.br\/index.php\/wp-json\/wp\/v2\/types\/post"}],"author":[{"embeddable":true,"href":"https:\/\/noticiasribeiraopreto.com.br\/index.php\/wp-json\/wp\/v2\/users\/1"}],"replies":[{"embeddable":true,"href":"https:\/\/noticiasribeiraopreto.com.br\/index.php\/wp-json\/wp\/v2\/comments?post=4860"}],"version-history":[{"count":0,"href":"https:\/\/noticiasribeiraopreto.com.br\/index.php\/wp-json\/wp\/v2\/posts\/4860\/revisions"}],"wp:featuredmedia":[{"embeddable":true,"href":"https:\/\/noticiasribeiraopreto.com.br\/index.php\/wp-json\/wp\/v2\/media\/4861"}],"wp:attachment":[{"href":"https:\/\/noticiasribeiraopreto.com.br\/index.php\/wp-json\/wp\/v2\/media?parent=4860"}],"wp:term":[{"taxonomy":"category","embeddable":true,"href":"https:\/\/noticiasribeiraopreto.com.br\/index.php\/wp-json\/wp\/v2\/categories?post=4860"},{"taxonomy":"post_tag","embeddable":true,"href":"https:\/\/noticiasribeiraopreto.com.br\/index.php\/wp-json\/wp\/v2\/tags?post=4860"}],"curies":[{"name":"wp","href":"https:\/\/api.w.org\/{rel}","templated":true}]}}