{"id":4872,"date":"2023-11-22T12:45:13","date_gmt":"2023-11-22T15:45:13","guid":{"rendered":"https:\/\/noticiasribeiraopreto.com.br\/index.php\/2023\/11\/22\/briga-ao-vivo-ganha-proporcoes-maiores-e-segurancas-precisam-intervir\/"},"modified":"2023-11-22T12:45:13","modified_gmt":"2023-11-22T15:45:13","slug":"briga-ao-vivo-ganha-proporcoes-maiores-e-segurancas-precisam-intervir","status":"publish","type":"post","link":"https:\/\/noticiasribeiraopreto.com.br\/index.php\/2023\/11\/22\/briga-ao-vivo-ganha-proporcoes-maiores-e-segurancas-precisam-intervir\/","title":{"rendered":"Briga ao vivo ganha propor\u00e7\u00f5es maiores e seguran\u00e7as precisam intervir"},"content":{"rendered":"<div class='code-block code-block-1' style='margin: 8px 0 8px auto; text-align: right; display: block; clear: both;'>\n<p><a href=\"https:\/\/wa.link\/vpicfd\"><img data-recalc-dims=\"1\" class=\"wp-image-4922\" style=\"aspect-ratio: 2.0253164556962027; width: 561px; height: auto;\" src=\"https:\/\/i0.wp.com\/ismaelcolosi.com.br\/wp-content\/uploads\/2023\/11\/grupo-de-empregos-whatsapp-e-facebook-ismael-colosi-vagas.jpg?ssl=1\" alt=\"\" \/><\/a><\/p>\n<!-- \/wp:image -->\n<\/div>\n<p> <br \/>\n<\/p>\n<div itemprop=\"text\">\n<p>A Fazenda 15 t\u00e1 rendendo tantas brigas que ultimamente, algumas delas, tem chegado a passar do ponto. \u00c9 expuls\u00e3o, puni\u00e7\u00e3o e agora os seguran\u00e7as da sede precisam estar no meio.<\/p>\n<p>Os pe\u00f5es Lucas Souza e C\u00e9zar Black continuam as trocas de farpas entre eles e isso foi parar no ao vivo. Alguns pe\u00f5es tentaram ajudar conter a briga, sem sucesso, os ninjas seguran\u00e7as tiveram de participar do programa ao vivo.<\/p>\n<p><a href=\"https:\/\/twitter.com\/falamuka\/status\/1727152555074187384?ref_src=twsrc%5Etfw%7Ctwcamp%5Etweetembed%7Ctwterm%5E1727152555074187384%7Ctwgr%5Ea82fb1aa928169c53e251dc61b19e385da9c7e04%7Ctwcon%5Es1_&amp;ref_url=https%3A%2F%2Fcaras.uol.com.br%2Fa-fazenda%2Fa-fazenda-15-segurancas-entram-ao-vivo-no-reality-show.phtml\" target=\"_blank\" rel=\"nofollow noopener\">https:\/\/twitter.com\/falamuka\/status\/1727152555074187384?ref_src=twsrc%5Etfw%7Ctwcamp%5Etweetembed%7C\u2026<\/a><\/p>\n<p>Tudo come\u00e7ou porque Jaqueline indicou Black \u00e0 ro\u00e7a. Durante seu momento de fala, ele usou para falar da briga que teve anteriormente com Lucas, causando f\u00faria no ex militar.<\/p>\n<p>Isso foi motivo suficiente para tirar Lucas do s\u00e9rio que fez quest\u00e3o de se levantar e ir at\u00e9 bem pr\u00f3ximo de C\u00e9zar para gritar frente a frente um com o outro at\u00e9 sair do controle.<\/p>\n<p>No meio da confus\u00e3o, estava a voz da apresentadora Adriane Galisteu que tentava acalmar os \u00e2nimos pedindo que Lucas sa\u00edsse de perto de Black e tentasse se acalmar.<\/p>\n<p>O ex de Jojo entrou em crise de choro querendo desistir da participa\u00e7\u00e3o da forma\u00e7\u00e3o da ro\u00e7a. A apresentadora tomou a atitude de tamb\u00e9m tentar acalmar o pe\u00e3o.<\/p>\n<p>\u201cVoc\u00eas est\u00e3o me ouvindo? Deixa eu falar agora. Lucas, faz parte do game. Voc\u00ea est\u00e1 em um game. Respira, toma uma \u00e1gua, vamos seguir\u201d foram as recomenda\u00e7\u00f5es da loira. Lucas e Black tem emplacado brigas memor\u00e1veis no programa regrados a gritaria e xingamentos precisando ser separados pelos colegas.<\/p>\n<\/div>\n<p><script async src=\"\/\/platform.twitter.com\/widgets.js\" charset=\"utf-8\"><\/script><br \/>\n<br \/><br \/>\n<br \/><a href=\"https:\/\/fnmais.com\/video-fazenda-15-briga-ao-vivo-ganha-proporcoes-maiores-segurancas-precisam-intervir\/\">Source link <\/a><\/p>\n<!-- CONTENT END 1 -->\n","protected":false},"excerpt":{"rendered":"<p>A Fazenda 15 t\u00e1 rendendo tantas brigas que ultimamente, algumas delas, tem chegado a passar do ponto. \u00c9 expuls\u00e3o, puni\u00e7\u00e3o e agora os seguran\u00e7as da&#8230;<\/p>\n","protected":false},"author":1,"featured_media":4873,"comment_status":"open","ping_status":"open","sticky":false,"template":"","format":"standard","meta":{"advanced_seo_description":"","jetpack_seo_html_title":"","jetpack_seo_noindex":false,"jetpack_post_was_ever_published":false,"_jetpack_newsletter_access":"","_jetpack_dont_email_post_to_subs":false,"_jetpack_newsletter_tier_id":0,"_jetpack_memberships_contains_paywalled_content":false,"_jetpack_memberships_contains_paid_content":false,"footnotes":"","jetpack_publicize_message":"","jetpack_publicize_feature_enabled":true,"jetpack_social_post_already_shared":true,"jetpack_social_options":{"image_generator_settings":{"template":"highway","default_image_id":0,"font":"","enabled":false},"version":2}},"categories":[1],"tags":[],"class_list":["post-4872","post","type-post","status-publish","format-standard","has-post-thumbnail","hentry","category-blog"],"jetpack_publicize_connections":[],"jetpack_featured_media_url":"https:\/\/i0.wp.com\/noticiasribeiraopreto.com.br\/wp-content\/uploads\/2023\/11\/postimg-655e1581345252683.jpg?fit=1200%2C713&ssl=1","jetpack-related-posts":[{"id":4510,"url":"https:\/\/noticiasribeiraopreto.com.br\/index.php\/2023\/11\/21\/de-salto-alto-jaqueline-toma-atitude-em-meio-a-briga-de-cezar-black-e-lucas-souza\/","url_meta":{"origin":4872,"position":0},"title":"De salto alto, Jaqueline toma atitude em meio a briga de C\u00e9zar Black e Lucas Souza","author":"noticiasribeiraopreto.com.br","date":"21 de November de 2023","format":false,"excerpt":"Fogo no feno! Se \u00e9 de pol\u00eamicas que o p\u00fablico gosta, A Fazenda d\u00e1 de sobra. As brigas di\u00e1rias no reality s\u00e3o um ingrediente especial para transformar a sede num grande bolo de confus\u00e3o.A briga entre os participantes C\u00e9zar Black e Lucas Souza rendeu uma confus\u00e3o generalizada, mas quem chamou\u2026","rel":"","context":"In &quot;Blog&quot;","block_context":{"text":"Blog","link":"https:\/\/noticiasribeiraopreto.com.br\/index.php\/category\/blog\/"},"img":{"alt_text":"","src":"https:\/\/i0.wp.com\/noticiasribeiraopreto.com.br\/wp-content\/uploads\/2023\/11\/postimg-655cf214eb6b84745.jpg?fit=1200%2C628&ssl=1&resize=350%2C200","width":350,"height":200,"srcset":"https:\/\/i0.wp.com\/noticiasribeiraopreto.com.br\/wp-content\/uploads\/2023\/11\/postimg-655cf214eb6b84745.jpg?fit=1200%2C628&ssl=1&resize=350%2C200 1x, https:\/\/i0.wp.com\/noticiasribeiraopreto.com.br\/wp-content\/uploads\/2023\/11\/postimg-655cf214eb6b84745.jpg?fit=1200%2C628&ssl=1&resize=525%2C300 1.5x, https:\/\/i0.wp.com\/noticiasribeiraopreto.com.br\/wp-content\/uploads\/2023\/11\/postimg-655cf214eb6b84745.jpg?fit=1200%2C628&ssl=1&resize=700%2C400 2x, https:\/\/i0.wp.com\/noticiasribeiraopreto.com.br\/wp-content\/uploads\/2023\/11\/postimg-655cf214eb6b84745.jpg?fit=1200%2C628&ssl=1&resize=1050%2C600 3x"},"classes":[]},{"id":5011,"url":"https:\/\/noticiasribeiraopreto.com.br\/index.php\/2023\/11\/22\/peoes-recebem-a-noticia-de-que-lucas-souza-desistiu-do-programa-e-jaqueline-surta\/","url_meta":{"origin":4872,"position":1},"title":"Pe\u00f5es Recebem a Not\u00edcia de que Lucas Souza Desistiu do Programa e Jaqueline Surta","author":"noticiasribeiraopreto.com.br","date":"22 de November de 2023","format":false,"excerpt":"O ex-militar Lucas Souza, envolvido em pol\u00eamicas recentes, optou por abandonar oficialmente a competi\u00e7\u00e3o em \u201cA Fazenda 15\u201d. Segundo informa\u00e7\u00f5es do jornalista Gabriel Perline, do IG, a equipe de Lucas confirmou sua decis\u00e3o de deixar o reality show, mesmo diante das tentativas do diretor Rodrigo Carelli de persuadi-lo a permanecer.A\u2026","rel":"","context":"In &quot;Blog&quot;","block_context":{"text":"Blog","link":"https:\/\/noticiasribeiraopreto.com.br\/index.php\/category\/blog\/"},"img":{"alt_text":"","src":"https:\/\/i0.wp.com\/noticiasribeiraopreto.com.br\/wp-content\/uploads\/2023\/11\/postimg-655e6d35ce4cf1411.jpg?fit=1200%2C628&ssl=1&resize=350%2C200","width":350,"height":200,"srcset":"https:\/\/i0.wp.com\/noticiasribeiraopreto.com.br\/wp-content\/uploads\/2023\/11\/postimg-655e6d35ce4cf1411.jpg?fit=1200%2C628&ssl=1&resize=350%2C200 1x, https:\/\/i0.wp.com\/noticiasribeiraopreto.com.br\/wp-content\/uploads\/2023\/11\/postimg-655e6d35ce4cf1411.jpg?fit=1200%2C628&ssl=1&resize=525%2C300 1.5x, https:\/\/i0.wp.com\/noticiasribeiraopreto.com.br\/wp-content\/uploads\/2023\/11\/postimg-655e6d35ce4cf1411.jpg?fit=1200%2C628&ssl=1&resize=700%2C400 2x, https:\/\/i0.wp.com\/noticiasribeiraopreto.com.br\/wp-content\/uploads\/2023\/11\/postimg-655e6d35ce4cf1411.jpg?fit=1200%2C628&ssl=1&resize=1050%2C600 3x"},"classes":[]},{"id":5822,"url":"https:\/\/noticiasribeiraopreto.com.br\/index.php\/2023\/11\/24\/video-apos-saida-de-lucas-souza-cezar-black-toma-decisao-nunca-mais\/","url_meta":{"origin":4872,"position":2},"title":"V\u00eddeo: Ap\u00f3s sa\u00edda de Lucas Souza, Cez\u00e1r Black toma decis\u00e3o: \u201cNunca mais\u201d","author":"noticiasribeiraopreto.com.br","date":"24 de November de 2023","format":false,"excerpt":"Estar em confinamento influ\u00eancia os participantes a tomarem diversas decis\u00f5es e posicionamentos. As vezes, parte dessas escolhas trazem grandes consequ\u00eancias e grandes impactos.A Fazenda 15 est\u00e1 sendo caracterizada por pol\u00eamicas sucessivas. De puni\u00e7\u00f5es a expuls\u00e3o, o reality chegou a contar tamb\u00e9m com uma desist\u00eancia que chocou os participantes.C\u00e9zar Black e\u2026","rel":"","context":"In &quot;Blog&quot;","block_context":{"text":"Blog","link":"https:\/\/noticiasribeiraopreto.com.br\/index.php\/category\/blog\/"},"img":{"alt_text":"","src":"https:\/\/i0.wp.com\/noticiasribeiraopreto.com.br\/wp-content\/uploads\/2023\/11\/postimg-6560b9d9e69013821.jpg?fit=1200%2C628&ssl=1&resize=350%2C200","width":350,"height":200,"srcset":"https:\/\/i0.wp.com\/noticiasribeiraopreto.com.br\/wp-content\/uploads\/2023\/11\/postimg-6560b9d9e69013821.jpg?fit=1200%2C628&ssl=1&resize=350%2C200 1x, https:\/\/i0.wp.com\/noticiasribeiraopreto.com.br\/wp-content\/uploads\/2023\/11\/postimg-6560b9d9e69013821.jpg?fit=1200%2C628&ssl=1&resize=525%2C300 1.5x, https:\/\/i0.wp.com\/noticiasribeiraopreto.com.br\/wp-content\/uploads\/2023\/11\/postimg-6560b9d9e69013821.jpg?fit=1200%2C628&ssl=1&resize=700%2C400 2x, https:\/\/i0.wp.com\/noticiasribeiraopreto.com.br\/wp-content\/uploads\/2023\/11\/postimg-6560b9d9e69013821.jpg?fit=1200%2C628&ssl=1&resize=1050%2C600 3x"},"classes":[]},{"id":4476,"url":"https:\/\/noticiasribeiraopreto.com.br\/index.php\/2023\/11\/21\/cezar-e-lucas-brigam-feio-e-producao-precisa-intervir-para-acalmar-os-animos\/","url_meta":{"origin":4872,"position":3},"title":"Cezar e Lucas brigam feio e produ\u00e7\u00e3o precisa intervir para acalmar os \u00e2nimos","author":"noticiasribeiraopreto.com.br","date":"21 de November de 2023","format":false,"excerpt":"O reality show A Fazenda 15, exibido na Record, pegou fogo durante uma din\u00e2mica acirrada, que aconteceu na tarde da \u00faltima segunda,\u00a0dia\u00a020 de\u00a0novembro, resultando em um confronto intenso entre os pe\u00f5es Cezar Black e Lucas Souza.A confus\u00e3o teve in\u00edcio ap\u00f3s a vit\u00f3ria do grupo liderado por Jaquelline, desencadeando a disc\u00f3rdia\u2026","rel":"","context":"In &quot;Blog&quot;","block_context":{"text":"Blog","link":"https:\/\/noticiasribeiraopreto.com.br\/index.php\/category\/blog\/"},"img":{"alt_text":"","src":"https:\/\/i0.wp.com\/noticiasribeiraopreto.com.br\/wp-content\/uploads\/2023\/11\/postimg-655cd5d55f9f61524.jpg?fit=1200%2C628&ssl=1&resize=350%2C200","width":350,"height":200,"srcset":"https:\/\/i0.wp.com\/noticiasribeiraopreto.com.br\/wp-content\/uploads\/2023\/11\/postimg-655cd5d55f9f61524.jpg?fit=1200%2C628&ssl=1&resize=350%2C200 1x, https:\/\/i0.wp.com\/noticiasribeiraopreto.com.br\/wp-content\/uploads\/2023\/11\/postimg-655cd5d55f9f61524.jpg?fit=1200%2C628&ssl=1&resize=525%2C300 1.5x, https:\/\/i0.wp.com\/noticiasribeiraopreto.com.br\/wp-content\/uploads\/2023\/11\/postimg-655cd5d55f9f61524.jpg?fit=1200%2C628&ssl=1&resize=700%2C400 2x, https:\/\/i0.wp.com\/noticiasribeiraopreto.com.br\/wp-content\/uploads\/2023\/11\/postimg-655cd5d55f9f61524.jpg?fit=1200%2C628&ssl=1&resize=1050%2C600 3x"},"classes":[]},{"id":52334,"url":"https:\/\/noticiasribeiraopreto.com.br\/index.php\/2024\/06\/06\/brigas-entre-adolescentes-da-fundacao-casa-de-ribeirao-preto-deixam-feridos\/","url_meta":{"origin":4872,"position":4},"title":"Brigas entre adolescentes da Funda\u00e7\u00e3o Casa de Ribeir\u00e3o Preto deixam feridos","author":"noticiasribeiraopreto.com.br","date":"6 de June de 2024","format":false,"excerpt":"Adolescentes da Funda\u00e7\u00e3o Casa Ribeir\u00e3o Preto se envolveram em brigas, na tarde de quarta-feira (5), em unidades distintas do complexo. Ao menos tr\u00eas pessoas ficaram feridas, entre elas, um agente de apoio socioeducativo. Foram registrados dois boletins de ocorr\u00eancia como les\u00e3o corporal em um intervalo de uma hora entre eles.\u2026","rel":"","context":"In &quot;Not\u00edcias de Ribeir\u00e3o Preto-SP e Regi\u00e3o&quot;","block_context":{"text":"Not\u00edcias de Ribeir\u00e3o Preto-SP e Regi\u00e3o","link":"https:\/\/noticiasribeiraopreto.com.br\/index.php\/category\/noticias-de-ribeirao-preto-sp-e-regiao-ismael-colosi\/"},"img":{"alt_text":"","src":"https:\/\/i0.wp.com\/noticiasribeiraopreto.com.br\/wp-content\/uploads\/2024\/06\/Copia-de-Copia-de-TAMANHO-EXATO-PARA-FOTOS-NO-SISTEMA-NOVO-12_2024-06-06_14-40-01_jpg_2024-06-06_14-40-01.webp.webp?fit=1200%2C675&ssl=1&resize=350%2C200","width":350,"height":200,"srcset":"https:\/\/i0.wp.com\/noticiasribeiraopreto.com.br\/wp-content\/uploads\/2024\/06\/Copia-de-Copia-de-TAMANHO-EXATO-PARA-FOTOS-NO-SISTEMA-NOVO-12_2024-06-06_14-40-01_jpg_2024-06-06_14-40-01.webp.webp?fit=1200%2C675&ssl=1&resize=350%2C200 1x, https:\/\/i0.wp.com\/noticiasribeiraopreto.com.br\/wp-content\/uploads\/2024\/06\/Copia-de-Copia-de-TAMANHO-EXATO-PARA-FOTOS-NO-SISTEMA-NOVO-12_2024-06-06_14-40-01_jpg_2024-06-06_14-40-01.webp.webp?fit=1200%2C675&ssl=1&resize=525%2C300 1.5x, https:\/\/i0.wp.com\/noticiasribeiraopreto.com.br\/wp-content\/uploads\/2024\/06\/Copia-de-Copia-de-TAMANHO-EXATO-PARA-FOTOS-NO-SISTEMA-NOVO-12_2024-06-06_14-40-01_jpg_2024-06-06_14-40-01.webp.webp?fit=1200%2C675&ssl=1&resize=700%2C400 2x, https:\/\/i0.wp.com\/noticiasribeiraopreto.com.br\/wp-content\/uploads\/2024\/06\/Copia-de-Copia-de-TAMANHO-EXATO-PARA-FOTOS-NO-SISTEMA-NOVO-12_2024-06-06_14-40-01_jpg_2024-06-06_14-40-01.webp.webp?fit=1200%2C675&ssl=1&resize=1050%2C600 3x"},"classes":[]},{"id":64631,"url":"https:\/\/noticiasribeiraopreto.com.br\/index.php\/2025\/03\/10\/veja-video-briga-de-casal-em-patrocinio-paulista-termina-com-carro-incendiado-perto-de-cemiterio\/","url_meta":{"origin":4872,"position":5},"title":"Veja v\u00eddeo: Briga de casal em Patroc\u00ednio Paulista termina com carro incendiado perto de cemit\u00e9rio","author":"noticiasribeiraopreto.com.br","date":"10 de March de 2025","format":false,"excerpt":"Um Volkswagen Fox foi incendiado na noite de domingo, no in\u00edcio da Avenida Marina Chaves Barcellos, pr\u00f3ximo ao cemit\u00e9rio, em Patroc\u00ednio Paulista. O carro ficou em chamas at\u00e9 a chegada de um caminh\u00e3o da Prefeitura de Patroc\u00ednio Paulista, que apagou o fogo. Segundo a Pol\u00edcia Militar, o inc\u00eandio ocorreu por\u2026","rel":"","context":"In &quot;Not\u00edcias de Franca-SP&quot;","block_context":{"text":"Not\u00edcias de Franca-SP","link":"https:\/\/noticiasribeiraopreto.com.br\/index.php\/category\/noticias-de-ribeirao-preto-sp-e-regiao-ismael-colosi\/noticias-franca-sp\/"},"img":{"alt_text":"","src":"https:\/\/i0.wp.com\/noticiasribeiraopreto.com.br\/wp-content\/uploads\/2025\/03\/3e576a16ad3ba84c69fa63c4e814c5dc4c41260e.webp.webp?fit=1000%2C750&ssl=1&resize=350%2C200","width":350,"height":200,"srcset":"https:\/\/i0.wp.com\/noticiasribeiraopreto.com.br\/wp-content\/uploads\/2025\/03\/3e576a16ad3ba84c69fa63c4e814c5dc4c41260e.webp.webp?fit=1000%2C750&ssl=1&resize=350%2C200 1x, https:\/\/i0.wp.com\/noticiasribeiraopreto.com.br\/wp-content\/uploads\/2025\/03\/3e576a16ad3ba84c69fa63c4e814c5dc4c41260e.webp.webp?fit=1000%2C750&ssl=1&resize=525%2C300 1.5x, https:\/\/i0.wp.com\/noticiasribeiraopreto.com.br\/wp-content\/uploads\/2025\/03\/3e576a16ad3ba84c69fa63c4e814c5dc4c41260e.webp.webp?fit=1000%2C750&ssl=1&resize=700%2C400 2x"},"classes":[]}],"jetpack_sharing_enabled":true,"jetpack_shortlink":"https:\/\/wp.me\/peQAOb-1gA","_links":{"self":[{"href":"https:\/\/noticiasribeiraopreto.com.br\/index.php\/wp-json\/wp\/v2\/posts\/4872","targetHints":{"allow":["GET"]}}],"collection":[{"href":"https:\/\/noticiasribeiraopreto.com.br\/index.php\/wp-json\/wp\/v2\/posts"}],"about":[{"href":"https:\/\/noticiasribeiraopreto.com.br\/index.php\/wp-json\/wp\/v2\/types\/post"}],"author":[{"embeddable":true,"href":"https:\/\/noticiasribeiraopreto.com.br\/index.php\/wp-json\/wp\/v2\/users\/1"}],"replies":[{"embeddable":true,"href":"https:\/\/noticiasribeiraopreto.com.br\/index.php\/wp-json\/wp\/v2\/comments?post=4872"}],"version-history":[{"count":0,"href":"https:\/\/noticiasribeiraopreto.com.br\/index.php\/wp-json\/wp\/v2\/posts\/4872\/revisions"}],"wp:featuredmedia":[{"embeddable":true,"href":"https:\/\/noticiasribeiraopreto.com.br\/index.php\/wp-json\/wp\/v2\/media\/4873"}],"wp:attachment":[{"href":"https:\/\/noticiasribeiraopreto.com.br\/index.php\/wp-json\/wp\/v2\/media?parent=4872"}],"wp:term":[{"taxonomy":"category","embeddable":true,"href":"https:\/\/noticiasribeiraopreto.com.br\/index.php\/wp-json\/wp\/v2\/categories?post=4872"},{"taxonomy":"post_tag","embeddable":true,"href":"https:\/\/noticiasribeiraopreto.com.br\/index.php\/wp-json\/wp\/v2\/tags?post=4872"}],"curies":[{"name":"wp","href":"https:\/\/api.w.org\/{rel}","templated":true}]}}