{"id":4878,"date":"2023-11-22T13:01:11","date_gmt":"2023-11-22T16:01:11","guid":{"rendered":"https:\/\/noticiasribeiraopreto.com.br\/index.php\/2023\/11\/22\/amigos-e-religiosos-fazem-comovente-despedida-e-homenagem-a-jornalista-gravida-que-perdeu-a-vida-aos-38-anos\/"},"modified":"2023-11-22T13:01:11","modified_gmt":"2023-11-22T16:01:11","slug":"amigos-e-religiosos-fazem-comovente-despedida-e-homenagem-a-jornalista-gravida-que-perdeu-a-vida-aos-38-anos","status":"publish","type":"post","link":"https:\/\/noticiasribeiraopreto.com.br\/index.php\/2023\/11\/22\/amigos-e-religiosos-fazem-comovente-despedida-e-homenagem-a-jornalista-gravida-que-perdeu-a-vida-aos-38-anos\/","title":{"rendered":"Amigos e religiosos fazem comovente despedida e homenagem a jornalista gr\u00e1vida que perdeu a vida aos 38 anos"},"content":{"rendered":"<div class='code-block code-block-1' style='margin: 8px 0 8px auto; text-align: right; display: block; clear: both;'>\n<p><a href=\"https:\/\/wa.link\/vpicfd\"><img data-recalc-dims=\"1\" class=\"wp-image-4922\" style=\"aspect-ratio: 2.0253164556962027; width: 561px; height: auto;\" src=\"https:\/\/i0.wp.com\/ismaelcolosi.com.br\/wp-content\/uploads\/2023\/11\/grupo-de-empregos-whatsapp-e-facebook-ismael-colosi-vagas.jpg?ssl=1\" alt=\"\" \/><\/a><\/p>\n<!-- \/wp:image -->\n<\/div>\n<p> <br \/>\n<\/p>\n<div itemprop=\"text\">\n<p>A comunidade cat\u00f3lica Can\u00e7\u00e3o Nova enfrentou um momento de luto e como\u00e7\u00e3o ap\u00f3s o falecimento precoce da jornalista Elaine Santos, aos 38 anos de idade.<\/p>\n<p>Elaine, uma figura querida e respeitada, foi v\u00edtima de uma batalha contra uma pneumonia e uma infec\u00e7\u00e3o generalizada que resultou em sua partida. Ainda mais doloroso foi o fato de ela estar gr\u00e1vida de 23 semanas, perdendo tamb\u00e9m o beb\u00ea que esperava.<\/p>\n<p>Personalidades influentes dentro da comunidade expressaram seus sentimentos e pesaram pela perda. O Padre Bruno Costa, administrador da Can\u00e7\u00e3o Nova, publicou uma imagem emocionante de Elaine, relembrando sua passagem terrena e expressando a cren\u00e7a na vida eterna.<\/p>\n<p><img data-recalc-dims=\"1\" decoding=\"async\" src=\"https:\/\/i0.wp.com\/fnmais.com\/wp-content\/uploads\/2023\/11\/postiimg-655e1edc9237d2977.png?ssl=1\" alt=\"Religiosos de comunidade catlica e colegas se despedem de jornalista grvida que morreu vtima de pneumonia e infeco Foto Reproduo\"\/><\/p>\n<p>Paula Guimar\u00e3es, mission\u00e1ria e apresentadora, emocionada, descreveu Elaine como uma amiga amada por todos na Can\u00e7\u00e3o Nova desde 2008, pedindo ora\u00e7\u00f5es para a fam\u00edlia enlutada.<\/p>\n<p>Outros como Padre Evandro Lima e o m\u00fasico Brais Oss tamb\u00e9m manifestaram suas condol\u00eancias, relembrando momentos especiais ao lado da jornalista e real\u00e7ando a falta que ela far\u00e1 na vida da comunidade.<\/p>\n<p><img data-recalc-dims=\"1\" decoding=\"async\" src=\"https:\/\/i0.wp.com\/fnmais.com\/wp-content\/uploads\/2023\/11\/postiimg-655e1ee03961e2018.png?ssl=1\" alt=\"Religiosos de comunidade catlica e colegas se despedem de jornalista grvida que morreu vtima de pneumonia e infeco Foto Reproduo\"\/><\/p>\n<p>Elaine Santos deixou um legado marcante na Can\u00e7\u00e3o Nova, atuando por mais de 15 anos na emissora, onde apresentou um telejornal. Ela deixa seu marido e um filho de um ano e oito meses.<\/p>\n<p><img data-recalc-dims=\"1\" decoding=\"async\" src=\"https:\/\/i0.wp.com\/fnmais.com\/wp-content\/uploads\/2023\/11\/postiimg-655e1ee3894346637.png?ssl=1\" alt=\"Religiosos de comunidade catlica e colegas se despedem de jornalista grvida que morreu vtima de pneumonia e infeco Foto Reproduo\"\/><\/p>\n<p>Os familiares e amigos se re\u00fanem para prestar as \u00faltimas homenagens a Elaine e ao seu beb\u00ea, com o vel\u00f3rio acontecendo na casa da fam\u00edlia em Guaratinguet\u00e1 e o sepultamento agendado para a manh\u00e3 de quarta-feira, \u00e0s 10h.<\/p>\n<p>O legado de Elaine permaneceu n\u00e3o apenas na Can\u00e7\u00e3o Nova, mas nos cora\u00e7\u00f5es de todos que tiveram a vantagem de conhec\u00ea-la e compartilhar momentos preciosos ao seu lado.<\/p>\n<\/div>\n<p><br \/>\n<br \/><a href=\"https:\/\/fnmais.com\/amigos-religiosos-fazem-comovente-despedida-homenagem-jornalista-gravida-que-perdeu-vida-aos-38-anos\/\">Source link <\/a><\/p>\n<!-- CONTENT END 1 -->\n","protected":false},"excerpt":{"rendered":"<p>A comunidade cat\u00f3lica Can\u00e7\u00e3o Nova enfrentou um momento de luto e como\u00e7\u00e3o ap\u00f3s o falecimento precoce da jornalista Elaine Santos, aos 38 anos de idade&#8230;.<\/p>\n","protected":false},"author":1,"featured_media":4879,"comment_status":"open","ping_status":"open","sticky":false,"template":"","format":"standard","meta":{"advanced_seo_description":"","jetpack_seo_html_title":"","jetpack_seo_noindex":false,"jetpack_post_was_ever_published":false,"_jetpack_newsletter_access":"","_jetpack_dont_email_post_to_subs":false,"_jetpack_newsletter_tier_id":0,"_jetpack_memberships_contains_paywalled_content":false,"_jetpack_memberships_contains_paid_content":false,"footnotes":"","jetpack_publicize_message":"","jetpack_publicize_feature_enabled":true,"jetpack_social_post_already_shared":true,"jetpack_social_options":{"image_generator_settings":{"template":"highway","default_image_id":0,"font":"","enabled":false},"version":2}},"categories":[1],"tags":[],"class_list":["post-4878","post","type-post","status-publish","format-standard","has-post-thumbnail","hentry","category-blog"],"jetpack_publicize_connections":[],"jetpack_featured_media_url":"https:\/\/i0.wp.com\/noticiasribeiraopreto.com.br\/wp-content\/uploads\/2023\/11\/postimg-655e1ee5ec8272642.jpg?fit=1200%2C628&ssl=1","jetpack-related-posts":[{"id":4518,"url":"https:\/\/noticiasribeiraopreto.com.br\/index.php\/2023\/11\/21\/causa-do-obito-de-ancora-da-cancao-nova-e-exposto-aos-38-anos-ela-estava-gravida-de-23-semanas\/","url_meta":{"origin":4878,"position":0},"title":"Causa do \u00f3bito de \u00e2ncora da Can\u00e7\u00e3o Nova \u00e9 exposto; aos 38 anos, ela estava gr\u00e1vida de 23 semanas","author":"noticiasribeiraopreto.com.br","date":"21 de November de 2023","format":false,"excerpt":"Nesta ter\u00e7a-feira, 21 de novembro, o mundo do jornalismo e da televis\u00e3o cat\u00f3lica est\u00e1 de luto com a triste not\u00edcia do falecimento de Elaine Cristina da Silva Santos, aos 38 anos de idade.Elaine desempenhava o papel de \u00e2ncora no telejornal Can\u00e7\u00e3o Nova Not\u00edcias, transmitido pela emissora cat\u00f3lica Can\u00e7\u00e3o Nova.Elaine, que\u2026","rel":"","context":"In &quot;Blog&quot;","block_context":{"text":"Blog","link":"https:\/\/noticiasribeiraopreto.com.br\/index.php\/category\/blog\/"},"img":{"alt_text":"","src":"https:\/\/i0.wp.com\/noticiasribeiraopreto.com.br\/wp-content\/uploads\/2023\/11\/postimg-655cdf58546a24735.jpg?fit=1200%2C628&ssl=1&resize=350%2C200","width":350,"height":200,"srcset":"https:\/\/i0.wp.com\/noticiasribeiraopreto.com.br\/wp-content\/uploads\/2023\/11\/postimg-655cdf58546a24735.jpg?fit=1200%2C628&ssl=1&resize=350%2C200 1x, https:\/\/i0.wp.com\/noticiasribeiraopreto.com.br\/wp-content\/uploads\/2023\/11\/postimg-655cdf58546a24735.jpg?fit=1200%2C628&ssl=1&resize=525%2C300 1.5x, https:\/\/i0.wp.com\/noticiasribeiraopreto.com.br\/wp-content\/uploads\/2023\/11\/postimg-655cdf58546a24735.jpg?fit=1200%2C628&ssl=1&resize=700%2C400 2x, https:\/\/i0.wp.com\/noticiasribeiraopreto.com.br\/wp-content\/uploads\/2023\/11\/postimg-655cdf58546a24735.jpg?fit=1200%2C628&ssl=1&resize=1050%2C600 3x"},"classes":[]},{"id":25618,"url":"https:\/\/noticiasribeiraopreto.com.br\/index.php\/2024\/01\/07\/motivacao-do-crime-que-ceifou-a-vida-de-casal-e-exposta-e-identificacao-dos-suspeitos-gera-perplexidade-na-comunidade-local\/","url_meta":{"origin":4878,"position":1},"title":"Motiva\u00e7\u00e3o do crime que ceifou a vida de casal \u00e9 exposta e identifica\u00e7\u00e3o dos suspeitos gera perplexidade na comunidade local","author":"noticiasribeiraopreto.com.br","date":"7 de January de 2024","format":false,"excerpt":"A Pol\u00edcia Civil elucidou os motivos por tr\u00e1s da morte de um casal residente na cidade de Treze T\u00edlias, localizada na regi\u00e3o do Meio-Oeste de Santa Catarina.As v\u00edtimas fatais s\u00e3o Marisa Mergener, uma professora de 42 anos, e seu esposo Reginaldo Tonet, de 41 anos, que atuava como empres\u00e1rio.O homic\u00eddio\u2026","rel":"","context":"In &quot;Blog&quot;","block_context":{"text":"Blog","link":"https:\/\/noticiasribeiraopreto.com.br\/index.php\/category\/blog\/"},"img":{"alt_text":"","src":"https:\/\/i0.wp.com\/noticiasribeiraopreto.com.br\/wp-content\/uploads\/2024\/01\/postimg-659b59f06c17a6736.jpg?fit=1200%2C628&ssl=1&resize=350%2C200","width":350,"height":200,"srcset":"https:\/\/i0.wp.com\/noticiasribeiraopreto.com.br\/wp-content\/uploads\/2024\/01\/postimg-659b59f06c17a6736.jpg?fit=1200%2C628&ssl=1&resize=350%2C200 1x, https:\/\/i0.wp.com\/noticiasribeiraopreto.com.br\/wp-content\/uploads\/2024\/01\/postimg-659b59f06c17a6736.jpg?fit=1200%2C628&ssl=1&resize=525%2C300 1.5x, https:\/\/i0.wp.com\/noticiasribeiraopreto.com.br\/wp-content\/uploads\/2024\/01\/postimg-659b59f06c17a6736.jpg?fit=1200%2C628&ssl=1&resize=700%2C400 2x, https:\/\/i0.wp.com\/noticiasribeiraopreto.com.br\/wp-content\/uploads\/2024\/01\/postimg-659b59f06c17a6736.jpg?fit=1200%2C628&ssl=1&resize=1050%2C600 3x"},"classes":[]},{"id":22130,"url":"https:\/\/noticiasribeiraopreto.com.br\/index.php\/2023\/12\/29\/la-vem-o-sol\/","url_meta":{"origin":4878,"position":2},"title":"L\u00e1 vem o sol\u00a0 &#8211; Jornal Tribuna Ribeir\u00e3o","author":"noticiasribeiraopreto.com.br","date":"29 de December de 2023","format":false,"excerpt":"Luiz Paulo Tupynamb\u00e1Jornalista e Fot\u00f3grafo de Rua\u00a0[email\u00a0protected]\u00a0\u00a0Here comes the sun \/ Here comes the sun, and I say, \/ It\u00b4s all right \/\u00a0Little darlin\u2019, it\u2019s been a long, cold, lonely winter \/ Little darlin\u2019, it feels like years since it\u2019s been here.\u00a0L\u00e1 vem o sol \/L\u00e1 vem o sol, e\u2026","rel":"","context":"In &quot;Not\u00edcias de Ribeir\u00e3o Preto-SP e Regi\u00e3o&quot;","block_context":{"text":"Not\u00edcias de Ribeir\u00e3o Preto-SP e Regi\u00e3o","link":"https:\/\/noticiasribeiraopreto.com.br\/index.php\/category\/noticias-de-ribeirao-preto-sp-e-regiao-ismael-colosi\/"},"img":{"alt_text":"","src":"https:\/\/i0.wp.com\/noticiasribeiraopreto.com.br\/wp-content\/uploads\/2023\/12\/1703850347_luizpaulotupynamba-1-scaled.jpg?fit=1000%2C625&ssl=1&resize=350%2C200","width":350,"height":200,"srcset":"https:\/\/i0.wp.com\/noticiasribeiraopreto.com.br\/wp-content\/uploads\/2023\/12\/1703850347_luizpaulotupynamba-1-scaled.jpg?fit=1000%2C625&ssl=1&resize=350%2C200 1x, https:\/\/i0.wp.com\/noticiasribeiraopreto.com.br\/wp-content\/uploads\/2023\/12\/1703850347_luizpaulotupynamba-1-scaled.jpg?fit=1000%2C625&ssl=1&resize=525%2C300 1.5x, https:\/\/i0.wp.com\/noticiasribeiraopreto.com.br\/wp-content\/uploads\/2023\/12\/1703850347_luizpaulotupynamba-1-scaled.jpg?fit=1000%2C625&ssl=1&resize=700%2C400 2x"},"classes":[]},{"id":8532,"url":"https:\/\/noticiasribeiraopreto.com.br\/index.php\/2023\/11\/30\/suspeito-de-ceifar-a-vida-e-abusar-da-mae-e-tres-filhas-no-mt-atacou-e-tirou-a-vida-jornalista-justica-expoe-detalhes-sombrios\/","url_meta":{"origin":4878,"position":3},"title":"Suspeito de ceifar a vida e abusar da m\u00e3e e tr\u00eas filhas no MT, atacou e tirou a vida jornalista, Justi\u00e7a exp\u00f5e detalhes sombrios","author":"noticiasribeiraopreto.com.br","date":"30 de November de 2023","format":false,"excerpt":"O passado macabro do suspeito que cometeu um triplo homic\u00eddio al\u00e9m de abusar de duas de suas v\u00edtimas come\u00e7a a vir \u00e0 tona. O trabalhador da constru\u00e7\u00e3o civil, detido sob suspeita de envolvimento em um massacre que resultou na morte de uma m\u00e3e e suas tr\u00eas filhas na cidade de\u2026","rel":"","context":"In &quot;Blog&quot;","block_context":{"text":"Blog","link":"https:\/\/noticiasribeiraopreto.com.br\/index.php\/category\/blog\/"},"img":{"alt_text":"","src":"https:\/\/i0.wp.com\/noticiasribeiraopreto.com.br\/wp-content\/uploads\/2023\/11\/postimg-65688e99b74283559.jpg?fit=1200%2C628&ssl=1&resize=350%2C200","width":350,"height":200,"srcset":"https:\/\/i0.wp.com\/noticiasribeiraopreto.com.br\/wp-content\/uploads\/2023\/11\/postimg-65688e99b74283559.jpg?fit=1200%2C628&ssl=1&resize=350%2C200 1x, https:\/\/i0.wp.com\/noticiasribeiraopreto.com.br\/wp-content\/uploads\/2023\/11\/postimg-65688e99b74283559.jpg?fit=1200%2C628&ssl=1&resize=525%2C300 1.5x, https:\/\/i0.wp.com\/noticiasribeiraopreto.com.br\/wp-content\/uploads\/2023\/11\/postimg-65688e99b74283559.jpg?fit=1200%2C628&ssl=1&resize=700%2C400 2x, https:\/\/i0.wp.com\/noticiasribeiraopreto.com.br\/wp-content\/uploads\/2023\/11\/postimg-65688e99b74283559.jpg?fit=1200%2C628&ssl=1&resize=1050%2C600 3x"},"classes":[]},{"id":19459,"url":"https:\/\/noticiasribeiraopreto.com.br\/index.php\/2023\/12\/22\/equipe-medica-gravida-e-marido-sofrem-acidente-e-ambulancia-fica-destruida-eles-nao-resistiram-na-br-040-video\/","url_meta":{"origin":4878,"position":4},"title":"Equipe m\u00e9dica, gr\u00e1vida e marido sofrem acidente e ambul\u00e2ncia fica destru\u00edda; eles n\u00e3o resistiram na BR-040; v\u00eddeo","author":"noticiasribeiraopreto.com.br","date":"22 de December de 2023","format":false,"excerpt":"Nesta \u00faltima quinta-feira, dia 21 de dezembro, na BR-040, pr\u00f3ximo a Santos Dumont, em Minas Gerais, cinco v\u00edtimas naturais de Juiz de Fora perderam suas vidas.O incidente ocorreu ap\u00f3s uma ambul\u00e2ncia e uma carreta colidirem. A situa\u00e7\u00e3o gerou a morte de uma m\u00e9dica, uma enfermeira, o motorista, uma gr\u00e1vida de\u2026","rel":"","context":"In &quot;Blog&quot;","block_context":{"text":"Blog","link":"https:\/\/noticiasribeiraopreto.com.br\/index.php\/category\/blog\/"},"img":{"alt_text":"","src":"https:\/\/i0.wp.com\/noticiasribeiraopreto.com.br\/wp-content\/uploads\/2023\/12\/postimg-6585b3ccbad3f1854.jpg?fit=1200%2C628&ssl=1&resize=350%2C200","width":350,"height":200,"srcset":"https:\/\/i0.wp.com\/noticiasribeiraopreto.com.br\/wp-content\/uploads\/2023\/12\/postimg-6585b3ccbad3f1854.jpg?fit=1200%2C628&ssl=1&resize=350%2C200 1x, https:\/\/i0.wp.com\/noticiasribeiraopreto.com.br\/wp-content\/uploads\/2023\/12\/postimg-6585b3ccbad3f1854.jpg?fit=1200%2C628&ssl=1&resize=525%2C300 1.5x, https:\/\/i0.wp.com\/noticiasribeiraopreto.com.br\/wp-content\/uploads\/2023\/12\/postimg-6585b3ccbad3f1854.jpg?fit=1200%2C628&ssl=1&resize=700%2C400 2x, https:\/\/i0.wp.com\/noticiasribeiraopreto.com.br\/wp-content\/uploads\/2023\/12\/postimg-6585b3ccbad3f1854.jpg?fit=1200%2C628&ssl=1&resize=1050%2C600 3x"},"classes":[]},{"id":28649,"url":"https:\/\/noticiasribeiraopreto.com.br\/index.php\/2024\/01\/16\/quem-era-a-enfermeira-gravida-de-8-meses-que-foi-morta-no-es\/","url_meta":{"origin":4878,"position":5},"title":"Quem era a enfermeira gr\u00e1vida de 8 meses que foi morta no ES","author":"noticiasribeiraopreto.com.br","date":"16 de January de 2024","format":false,"excerpt":"A comunidade de Alfredo Chaves, no Sul do Esp\u00edrito Santo, est\u00e1 de luto e em estado de choque ap\u00f3s o assassinato brutal de \u00cdris Rocha, uma enfermeira de 30 anos, gr\u00e1vida de oito meses.O corpo de \u00cdris foi encontrado na \u00faltima quinta, dia 11 de janeiro \u00e0s margens da ES-383,\u2026","rel":"","context":"In &quot;Blog&quot;","block_context":{"text":"Blog","link":"https:\/\/noticiasribeiraopreto.com.br\/index.php\/category\/blog\/"},"img":{"alt_text":"","src":"https:\/\/i0.wp.com\/noticiasribeiraopreto.com.br\/wp-content\/uploads\/2024\/01\/postimg-65a691f432cf65814.jpg?fit=1200%2C628&ssl=1&resize=350%2C200","width":350,"height":200,"srcset":"https:\/\/i0.wp.com\/noticiasribeiraopreto.com.br\/wp-content\/uploads\/2024\/01\/postimg-65a691f432cf65814.jpg?fit=1200%2C628&ssl=1&resize=350%2C200 1x, https:\/\/i0.wp.com\/noticiasribeiraopreto.com.br\/wp-content\/uploads\/2024\/01\/postimg-65a691f432cf65814.jpg?fit=1200%2C628&ssl=1&resize=525%2C300 1.5x, https:\/\/i0.wp.com\/noticiasribeiraopreto.com.br\/wp-content\/uploads\/2024\/01\/postimg-65a691f432cf65814.jpg?fit=1200%2C628&ssl=1&resize=700%2C400 2x, https:\/\/i0.wp.com\/noticiasribeiraopreto.com.br\/wp-content\/uploads\/2024\/01\/postimg-65a691f432cf65814.jpg?fit=1200%2C628&ssl=1&resize=1050%2C600 3x"},"classes":[]}],"jetpack_sharing_enabled":true,"jetpack_shortlink":"https:\/\/wp.me\/peQAOb-1gG","_links":{"self":[{"href":"https:\/\/noticiasribeiraopreto.com.br\/index.php\/wp-json\/wp\/v2\/posts\/4878","targetHints":{"allow":["GET"]}}],"collection":[{"href":"https:\/\/noticiasribeiraopreto.com.br\/index.php\/wp-json\/wp\/v2\/posts"}],"about":[{"href":"https:\/\/noticiasribeiraopreto.com.br\/index.php\/wp-json\/wp\/v2\/types\/post"}],"author":[{"embeddable":true,"href":"https:\/\/noticiasribeiraopreto.com.br\/index.php\/wp-json\/wp\/v2\/users\/1"}],"replies":[{"embeddable":true,"href":"https:\/\/noticiasribeiraopreto.com.br\/index.php\/wp-json\/wp\/v2\/comments?post=4878"}],"version-history":[{"count":0,"href":"https:\/\/noticiasribeiraopreto.com.br\/index.php\/wp-json\/wp\/v2\/posts\/4878\/revisions"}],"wp:featuredmedia":[{"embeddable":true,"href":"https:\/\/noticiasribeiraopreto.com.br\/index.php\/wp-json\/wp\/v2\/media\/4879"}],"wp:attachment":[{"href":"https:\/\/noticiasribeiraopreto.com.br\/index.php\/wp-json\/wp\/v2\/media?parent=4878"}],"wp:term":[{"taxonomy":"category","embeddable":true,"href":"https:\/\/noticiasribeiraopreto.com.br\/index.php\/wp-json\/wp\/v2\/categories?post=4878"},{"taxonomy":"post_tag","embeddable":true,"href":"https:\/\/noticiasribeiraopreto.com.br\/index.php\/wp-json\/wp\/v2\/tags?post=4878"}],"curies":[{"name":"wp","href":"https:\/\/api.w.org\/{rel}","templated":true}]}}