{"id":49108,"date":"2024-05-08T15:33:19","date_gmt":"2024-05-08T18:33:19","guid":{"rendered":"https:\/\/noticiasribeiraopreto.com.br\/index.php\/2024\/05\/08\/paroquia-de-ribeirao-preto-tem-quermesse-com-comidas-tipicas-jogos-e-bingo-veja-quando\/"},"modified":"2024-05-08T15:33:19","modified_gmt":"2024-05-08T18:33:19","slug":"paroquia-de-ribeirao-preto-tem-quermesse-com-comidas-tipicas-jogos-e-bingo-veja-quando","status":"publish","type":"post","link":"https:\/\/noticiasribeiraopreto.com.br\/index.php\/2024\/05\/08\/paroquia-de-ribeirao-preto-tem-quermesse-com-comidas-tipicas-jogos-e-bingo-veja-quando\/","title":{"rendered":"Par\u00f3quia de Ribeir\u00e3o Preto tem quermesse com comidas t\u00edpicas, jogos e bingo; Veja quando"},"content":{"rendered":"<div class='code-block code-block-1' style='margin: 8px 0 8px auto; text-align: right; display: block; clear: both;'>\n<p><a href=\"https:\/\/wa.link\/vpicfd\"><img data-recalc-dims=\"1\" class=\"wp-image-4922\" style=\"aspect-ratio: 2.0253164556962027; width: 561px; height: auto;\" src=\"https:\/\/i0.wp.com\/ismaelcolosi.com.br\/wp-content\/uploads\/2023\/11\/grupo-de-empregos-whatsapp-e-facebook-ismael-colosi-vagas.jpg?ssl=1\" alt=\"\" \/><\/a><\/p>\n<!-- \/wp:image -->\n<\/div>\n<p> <br \/>\n<\/p>\n<div data-td-block-uid=\"tdi_101\">\n<div class=\"tdb-block-inner td-fix-index\">\n<p>A <strong>Festa da Padroeira<\/strong> da <strong>Par\u00f3quia Nossa Senhora de F\u00e1tima (Estigmatinos)<\/strong>, no Jardim Sumar\u00e9, zona Sul de <strong>Ribeir\u00e3o Preto<\/strong>, acontece entre os dias 4 e 13 de maio.<\/p>\n<p>Al\u00e9m da novena e da solenidade a Santa, a programa\u00e7\u00e3o da festa conta com uma <strong>quermesse <\/strong>nos dias <strong>10<\/strong>, <strong>11 <\/strong>e <strong>12 de maio<\/strong>, sempre ap\u00f3s as missas.<\/p>\n<p>Segundo a par\u00f3quia, o evento contar\u00e1 com <strong>comidas e bebidas t\u00edpicas, al\u00e9m de jogos e bingos<\/strong> com diversas premia\u00e7\u00f5es durante todos os dias. <mark style=\"background-color:#fcb900\" class=\"has-inline-color\">De acordo com a entidade, entre os pr\u00eamios est\u00e3o eletrodom\u00e9sticos, bicicleta, notebook entre outros.<\/mark><\/p>\n<h2 class=\"wp-block-heading\"><strong>Confira a programa\u00e7\u00e3o da Festa da Padroeira:<\/strong><\/h2>\n<ul>\n<li><strong>Quermesse<\/strong>: 10, 11 e 12 de maio (ap\u00f3s a missa)<\/li>\n<\/ul>\n<ul>\n<li><strong>Solenidade <\/strong>Nossa Senhora de F\u00e1tima: 13 de maio (missas)<\/li>\n<\/ul>\n<p>Capela: 7h30<\/p>\n<p>Matriz: 12h (Missa e Consagra\u00e7\u00e3o)<\/p>\n<p>Matriz: 15h (Missa e B\u00ean\u00e7\u00e3o do Sant\u00edssimo)<\/p>\n<p>Matriz: 19h (Missa Solene)<\/p>\n<p><a href=\"https:\/\/arquidioceserp.org.br\/eventos\/festa-da-padroeira-nossa-senhora-de-fatima-em-ribeirao-preto-2024\/\" target=\"_blank\" rel=\"noreferrer noopener\">Clique aqui para mais informa\u00e7\u00f5es.<\/a><\/p>\n<hr class=\"wp-block-separator has-alpha-channel-opacity\"\/>\n<p>SAIBA MAIS<\/p>\n<p>Ribeir\u00e3o Preto tem quermesse especial para celebrar o Dia das M\u00e3es; Veja quando<\/p>\n<h4 class=\"wp-block-heading\"><strong>FIQUE ON<\/strong><\/h4>\n<p>Fique ligado em tudo que acontece em Ribeir\u00e3o Preto e regi\u00e3o. Siga os perfis do\u00a0<strong>acidade on\u00a0<\/strong>no\u00a0<a href=\"https:\/\/www.instagram.com\/acidadeonribeirao\" target=\"_blank\" rel=\"noreferrer noopener\">Instagram<\/a>\u00a0e no\u00a0<a href=\"https:\/\/www.facebook.com\/acidadeonribeirao\" target=\"_blank\" rel=\"noreferrer noopener\">Facebook<\/a>.<\/p>\n<p>Receba not\u00edcias do acidade on no WhatsApp. Para entrar no grupo, basta\u00a0<a href=\"https:\/\/chat.whatsapp.com\/GFH9HUMUTHNFJdnyEd0xxq\" target=\"_blank\" rel=\"noreferrer noopener\">clicar aqui<\/a>.<\/p>\n<p>Fa\u00e7a uma den\u00fancia ou sugira uma reportagem sobre Ribeir\u00e3o Preto e regi\u00e3o pelo WhatsApp: 16 99117 7802.<\/p>\n<p>VEJA TAMB\u00c9M<\/p>\n<p>Sandy: quando e onde ser\u00e3o os shows de despedida da cantora?<\/p>\n<p><!-- AI CONTENT END 1 -->\n<\/div>\n<\/div>\n<p><script async src=\"\/\/www.instagram.com\/embed.js\"><\/script><br \/>\n<br \/><br \/>\n<br \/><a href=\"https:\/\/www.acidadeon.com\/ribeiraopreto\/lazer-e-cultura\/paroquia-de-ribeirao-preto-tem-quermesse-com-comidas-tipicas-jogos-e-bingo-veja-quando\/\">Source link <\/a><\/p>\n<!-- CONTENT END 1 -->\n","protected":false},"excerpt":{"rendered":"<p>A Festa da Padroeira da Par\u00f3quia Nossa Senhora de F\u00e1tima (Estigmatinos), no Jardim Sumar\u00e9, zona Sul de Ribeir\u00e3o Preto, acontece entre os dias 4 e&#8230;<\/p>\n","protected":false},"author":1,"featured_media":49109,"comment_status":"open","ping_status":"open","sticky":false,"template":"","format":"standard","meta":{"advanced_seo_description":"","jetpack_seo_html_title":"","jetpack_seo_noindex":false,"jetpack_post_was_ever_published":false,"_jetpack_newsletter_access":"","_jetpack_dont_email_post_to_subs":false,"_jetpack_newsletter_tier_id":0,"_jetpack_memberships_contains_paywalled_content":false,"_jetpack_memberships_contains_paid_content":false,"footnotes":"","jetpack_publicize_message":"","jetpack_publicize_feature_enabled":true,"jetpack_social_post_already_shared":true,"jetpack_social_options":{"image_generator_settings":{"template":"highway","default_image_id":0,"font":"","enabled":false},"version":2}},"categories":[11],"tags":[],"class_list":["post-49108","post","type-post","status-publish","format-standard","has-post-thumbnail","hentry","category-noticias-de-ribeirao-preto-sp-e-regiao-ismael-colosi"],"jetpack_publicize_connections":[],"jetpack_featured_media_url":"https:\/\/i0.wp.com\/noticiasribeiraopreto.com.br\/wp-content\/uploads\/2024\/05\/ShoppingdeRibeiroPretopromovefestajuninaejulinacombalonismo_Tamanho_2_image.jpg?fit=1200%2C900&ssl=1","jetpack-related-posts":[{"id":70061,"url":"https:\/\/noticiasribeiraopreto.com.br\/index.php\/2025\/05\/22\/quermesse-celebra-dia-de-santa-rita-em-ribeirao-preto-veja-a-programacao\/","url_meta":{"origin":49108,"position":0},"title":"Quermesse celebra dia de Santa Rita em Ribeir\u00e3o Preto; Veja a programa\u00e7\u00e3o","author":"noticiasribeiraopreto.com.br","date":"22 de May de 2025","format":false,"excerpt":"O dia de Santa Rita de C\u00e1ssia \u00e9 celebrado nesta quinta-feira (22) com missas e quermesse na Par\u00f3quia Santa Rita de C\u00e1ssia, no Jardim Independ\u00eancia, em Ribeir\u00e3o Preto. A entrada \u00e9 gratuita. LEIA TAMB\u00c9MConfira todas as quermesses de Ribeir\u00e3o Preto e regi\u00e3o Santa Rita de C\u00e1ssia nasceu na It\u00e1lia, em\u2026","rel":"","context":"In &quot;Not\u00edcias de Ribeir\u00e3o Preto-SP e Regi\u00e3o&quot;","block_context":{"text":"Not\u00edcias de Ribeir\u00e3o Preto-SP e Regi\u00e3o","link":"https:\/\/noticiasribeiraopreto.com.br\/index.php\/category\/noticias-de-ribeirao-preto-sp-e-regiao-ismael-colosi\/"},"img":{"alt_text":"","src":"https:\/\/i0.wp.com\/noticiasribeiraopreto.com.br\/wp-content\/uploads\/2025\/05\/ShoppingdeRibeiroPretopromovefestajuninaejulinacombalonismo_Tamanho_2_image.jpg?fit=1200%2C900&ssl=1&resize=350%2C200","width":350,"height":200,"srcset":"https:\/\/i0.wp.com\/noticiasribeiraopreto.com.br\/wp-content\/uploads\/2025\/05\/ShoppingdeRibeiroPretopromovefestajuninaejulinacombalonismo_Tamanho_2_image.jpg?fit=1200%2C900&ssl=1&resize=350%2C200 1x, https:\/\/i0.wp.com\/noticiasribeiraopreto.com.br\/wp-content\/uploads\/2025\/05\/ShoppingdeRibeiroPretopromovefestajuninaejulinacombalonismo_Tamanho_2_image.jpg?fit=1200%2C900&ssl=1&resize=525%2C300 1.5x, https:\/\/i0.wp.com\/noticiasribeiraopreto.com.br\/wp-content\/uploads\/2025\/05\/ShoppingdeRibeiroPretopromovefestajuninaejulinacombalonismo_Tamanho_2_image.jpg?fit=1200%2C900&ssl=1&resize=700%2C400 2x, https:\/\/i0.wp.com\/noticiasribeiraopreto.com.br\/wp-content\/uploads\/2025\/05\/ShoppingdeRibeiroPretopromovefestajuninaejulinacombalonismo_Tamanho_2_image.jpg?fit=1200%2C900&ssl=1&resize=1050%2C600 3x"},"classes":[]},{"id":70882,"url":"https:\/\/noticiasribeiraopreto.com.br\/index.php\/2025\/05\/30\/festa-musica-e-comidas-tipicas-rota-do-arraia-reune-as-quermesses-que-agitam-ribeirao-e-regiao\/","url_meta":{"origin":49108,"position":1},"title":"Festa, m\u00fasica e comidas t\u00edpicas: Rota do Arrai\u00e1 re\u00fane as quermesses que agitam Ribeir\u00e3o e regi\u00e3o","author":"noticiasribeiraopreto.com.br","date":"30 de May de 2025","format":false,"excerpt":"Entre os dias 30 de maio e 1\u00ba de junho, Ribeir\u00e3o Preto e cidades da regi\u00e3o entram no clima das festas juninas com uma programa\u00e7\u00e3o recheada de quermesses. A Rota do Arrai\u00e1 re\u00fane as celebra\u00e7\u00f5es que acontecem em diferentes bairros e distritos, trazendo comidas t\u00edpicas, m\u00fasica ao vivo, brincadeiras tradicionais\u2026","rel":"","context":"In &quot;Not\u00edcias de Ribeir\u00e3o Preto-SP e Regi\u00e3o&quot;","block_context":{"text":"Not\u00edcias de Ribeir\u00e3o Preto-SP e Regi\u00e3o","link":"https:\/\/noticiasribeiraopreto.com.br\/index.php\/category\/noticias-de-ribeirao-preto-sp-e-regiao-ismael-colosi\/"},"img":{"alt_text":"","src":"https:\/\/i0.wp.com\/noticiasribeiraopreto.com.br\/wp-content\/uploads\/2024\/05\/arraia_mio_di_bao_01_2024-05-31_23-08-24_jpeg_2024-05-31_23-08-24.webp.webp?fit=1200%2C776&ssl=1&resize=350%2C200","width":350,"height":200,"srcset":"https:\/\/i0.wp.com\/noticiasribeiraopreto.com.br\/wp-content\/uploads\/2024\/05\/arraia_mio_di_bao_01_2024-05-31_23-08-24_jpeg_2024-05-31_23-08-24.webp.webp?fit=1200%2C776&ssl=1&resize=350%2C200 1x, https:\/\/i0.wp.com\/noticiasribeiraopreto.com.br\/wp-content\/uploads\/2024\/05\/arraia_mio_di_bao_01_2024-05-31_23-08-24_jpeg_2024-05-31_23-08-24.webp.webp?fit=1200%2C776&ssl=1&resize=525%2C300 1.5x, https:\/\/i0.wp.com\/noticiasribeiraopreto.com.br\/wp-content\/uploads\/2024\/05\/arraia_mio_di_bao_01_2024-05-31_23-08-24_jpeg_2024-05-31_23-08-24.webp.webp?fit=1200%2C776&ssl=1&resize=700%2C400 2x, https:\/\/i0.wp.com\/noticiasribeiraopreto.com.br\/wp-content\/uploads\/2024\/05\/arraia_mio_di_bao_01_2024-05-31_23-08-24_jpeg_2024-05-31_23-08-24.webp.webp?fit=1200%2C776&ssl=1&resize=1050%2C600 3x"},"classes":[]},{"id":48888,"url":"https:\/\/noticiasribeiraopreto.com.br\/index.php\/2024\/05\/07\/paroquia-de-ribeirao-tem-quermesse-com-comidas-tipicas-e-brincadeiras-veja-quando\/","url_meta":{"origin":49108,"position":2},"title":"Par\u00f3quia de Ribeir\u00e3o tem quermesse com comidas t\u00edpicas e brincadeiras; Veja quando","author":"noticiasribeiraopreto.com.br","date":"7 de May de 2024","format":false,"excerpt":"A Par\u00f3quia S\u00e3o Judas Tadeu, no Parque das Andorinhas, na zona Oeste de Ribeir\u00e3o Preto, realiza quermesse nos dias 10, 11 e 12 de maio. A festa vai contar com barriquinhas de comidas t\u00edpicas e brincadeiras. A quermesse acontece na par\u00f3quia, que fica na avenida Lu\u00eds Galv\u00e3o C\u00e9sar, 1355. Nos\u2026","rel":"","context":"In &quot;Not\u00edcias de Ribeir\u00e3o Preto-SP e Regi\u00e3o&quot;","block_context":{"text":"Not\u00edcias de Ribeir\u00e3o Preto-SP e Regi\u00e3o","link":"https:\/\/noticiasribeiraopreto.com.br\/index.php\/category\/noticias-de-ribeirao-preto-sp-e-regiao-ismael-colosi\/"},"img":{"alt_text":"","src":"https:\/\/i0.wp.com\/noticiasribeiraopreto.com.br\/wp-content\/uploads\/2024\/05\/quermesse_2024-05-07_13-34-01_jpg_2024-05-07_13-34-01.webp.webp?fit=582%2C393&ssl=1&resize=350%2C200","width":350,"height":200,"srcset":"https:\/\/i0.wp.com\/noticiasribeiraopreto.com.br\/wp-content\/uploads\/2024\/05\/quermesse_2024-05-07_13-34-01_jpg_2024-05-07_13-34-01.webp.webp?fit=582%2C393&ssl=1&resize=350%2C200 1x, https:\/\/i0.wp.com\/noticiasribeiraopreto.com.br\/wp-content\/uploads\/2024\/05\/quermesse_2024-05-07_13-34-01_jpg_2024-05-07_13-34-01.webp.webp?fit=582%2C393&ssl=1&resize=525%2C300 1.5x"},"classes":[]},{"id":48076,"url":"https:\/\/noticiasribeiraopreto.com.br\/index.php\/2024\/04\/30\/ribeirao-preto-tem-quermesse-especial-para-celebrar-o-dia-das-maes-veja-quando\/","url_meta":{"origin":49108,"position":3},"title":"Ribeir\u00e3o Preto tem quermesse especial para celebrar o Dia das M\u00e3es; Veja quando","author":"noticiasribeiraopreto.com.br","date":"30 de April de 2024","format":false,"excerpt":"As Par\u00f3quias S\u00e3o Mateus Ap\u00f3stolo e Santa Teresinha do Menino Jesus, em Ribeir\u00e3o Preto, est\u00e3o organizando quermesses especiais para celebrar o Dia das M\u00e3es. Os eventos ter\u00e3o comidas e bebidas t\u00edpicas, al\u00e9m de sorteios de pr\u00eamios em dinheiro. Confira a programa\u00e7\u00e3o: Par\u00f3quia S\u00e3o Mateus Ap\u00f3stolo O evento acontece nos dias\u2026","rel":"","context":"In &quot;Not\u00edcias de Ribeir\u00e3o Preto-SP e Regi\u00e3o&quot;","block_context":{"text":"Not\u00edcias de Ribeir\u00e3o Preto-SP e Regi\u00e3o","link":"https:\/\/noticiasribeiraopreto.com.br\/index.php\/category\/noticias-de-ribeirao-preto-sp-e-regiao-ismael-colosi\/"},"img":{"alt_text":"","src":"https:\/\/i0.wp.com\/noticiasribeiraopreto.com.br\/wp-content\/uploads\/2024\/04\/esta_aberta_500x320_01062018112058.jpg?fit=500%2C322&ssl=1&resize=350%2C200","width":350,"height":200},"classes":[]},{"id":84775,"url":"https:\/\/noticiasribeiraopreto.com.br\/index.php\/2026\/04\/15\/quermesse-de-santa-rita-sera-realizada-em-10-dias-de-maio-em-paroquia-de-ribeirao-preto\/","url_meta":{"origin":49108,"position":4},"title":"Quermesse de Santa Rita ser\u00e1 realizada em 10 dias de maio em par\u00f3quia de Ribeir\u00e3o Preto","author":"noticiasribeiraopreto.com.br","date":"15 de April de 2026","format":false,"excerpt":"00:00 A+ A- Ler o resumo da not\u00edcia \r Par\u00f3quia Santa Rita de C\u00e1ssia promove quermesse em louvor \u00e0 padroeira de 8 a 24 de maio, em Ribeir\u00e3o Preto.\r Evento ocorre na Rua Primo Furquim, 18, no Jardim Independ\u00eancia, zona Norte da cidade.\r No dia 22 de maio, data de\u2026","rel":"","context":"In &quot;Not\u00edcias de Ribeir\u00e3o Preto-SP e Regi\u00e3o&quot;","block_context":{"text":"Not\u00edcias de Ribeir\u00e3o Preto-SP e Regi\u00e3o","link":"https:\/\/noticiasribeiraopreto.com.br\/index.php\/category\/noticias-de-ribeirao-preto-sp-e-regiao-ismael-colosi\/"},"img":{"alt_text":"","src":"https:\/\/i0.wp.com\/noticiasribeiraopreto.com.br\/wp-content\/uploads\/2026\/04\/santaritacassiaribeirao_2026-04-15_14-50-55.webp.webp?fit=804%2C534&ssl=1&resize=350%2C200","width":350,"height":200,"srcset":"https:\/\/i0.wp.com\/noticiasribeiraopreto.com.br\/wp-content\/uploads\/2026\/04\/santaritacassiaribeirao_2026-04-15_14-50-55.webp.webp?fit=804%2C534&ssl=1&resize=350%2C200 1x, https:\/\/i0.wp.com\/noticiasribeiraopreto.com.br\/wp-content\/uploads\/2026\/04\/santaritacassiaribeirao_2026-04-15_14-50-55.webp.webp?fit=804%2C534&ssl=1&resize=525%2C300 1.5x, https:\/\/i0.wp.com\/noticiasribeiraopreto.com.br\/wp-content\/uploads\/2026\/04\/santaritacassiaribeirao_2026-04-15_14-50-55.webp.webp?fit=804%2C534&ssl=1&resize=700%2C400 2x"},"classes":[]},{"id":69828,"url":"https:\/\/noticiasribeiraopreto.com.br\/index.php\/2025\/05\/09\/quermesse-de-santa-rita-comeca-nesta-sexta-em-paroquia-de-ribeirao-preto\/","url_meta":{"origin":49108,"position":5},"title":"Quermesse de Santa Rita come\u00e7a nesta sexta em par\u00f3quia de Ribeir\u00e3o Preto","author":"noticiasribeiraopreto.com.br","date":"9 de May de 2025","format":false,"excerpt":"A Par\u00f3quia Santa Rita de C\u00e1ssia d\u00e1 in\u00edcio a uma festa em louvor \u00e0 padroeira neste fim de semana, no Jardim Independ\u00eancia, zona Norte de Ribeir\u00e3o Preto. A quermesse acontecer\u00e1 nos dias 9, 10, 11, 16, 17, 18, 21, 22, 23, 24 e 25 de maio, a partir das 19h,\u2026","rel":"","context":"In &quot;Not\u00edcias de Ribeir\u00e3o Preto-SP e Regi\u00e3o&quot;","block_context":{"text":"Not\u00edcias de Ribeir\u00e3o Preto-SP e Regi\u00e3o","link":"https:\/\/noticiasribeiraopreto.com.br\/index.php\/category\/noticias-de-ribeirao-preto-sp-e-regiao-ismael-colosi\/"},"img":{"alt_text":"","src":"https:\/\/i0.wp.com\/noticiasribeiraopreto.com.br\/wp-content\/uploads\/2024\/06\/post_thumbnail-1f63411e2262f51983f7f45de9cc2a4f_2024-06-11_13-22-17_jpeg_2024-06-11_13-22-19.webp.webp?fit=1200%2C800&ssl=1&resize=350%2C200","width":350,"height":200,"srcset":"https:\/\/i0.wp.com\/noticiasribeiraopreto.com.br\/wp-content\/uploads\/2024\/06\/post_thumbnail-1f63411e2262f51983f7f45de9cc2a4f_2024-06-11_13-22-17_jpeg_2024-06-11_13-22-19.webp.webp?fit=1200%2C800&ssl=1&resize=350%2C200 1x, https:\/\/i0.wp.com\/noticiasribeiraopreto.com.br\/wp-content\/uploads\/2024\/06\/post_thumbnail-1f63411e2262f51983f7f45de9cc2a4f_2024-06-11_13-22-17_jpeg_2024-06-11_13-22-19.webp.webp?fit=1200%2C800&ssl=1&resize=525%2C300 1.5x, https:\/\/i0.wp.com\/noticiasribeiraopreto.com.br\/wp-content\/uploads\/2024\/06\/post_thumbnail-1f63411e2262f51983f7f45de9cc2a4f_2024-06-11_13-22-17_jpeg_2024-06-11_13-22-19.webp.webp?fit=1200%2C800&ssl=1&resize=700%2C400 2x, https:\/\/i0.wp.com\/noticiasribeiraopreto.com.br\/wp-content\/uploads\/2024\/06\/post_thumbnail-1f63411e2262f51983f7f45de9cc2a4f_2024-06-11_13-22-17_jpeg_2024-06-11_13-22-19.webp.webp?fit=1200%2C800&ssl=1&resize=1050%2C600 3x"},"classes":[]}],"jetpack_sharing_enabled":true,"jetpack_shortlink":"https:\/\/wp.me\/peQAOb-cM4","_links":{"self":[{"href":"https:\/\/noticiasribeiraopreto.com.br\/index.php\/wp-json\/wp\/v2\/posts\/49108","targetHints":{"allow":["GET"]}}],"collection":[{"href":"https:\/\/noticiasribeiraopreto.com.br\/index.php\/wp-json\/wp\/v2\/posts"}],"about":[{"href":"https:\/\/noticiasribeiraopreto.com.br\/index.php\/wp-json\/wp\/v2\/types\/post"}],"author":[{"embeddable":true,"href":"https:\/\/noticiasribeiraopreto.com.br\/index.php\/wp-json\/wp\/v2\/users\/1"}],"replies":[{"embeddable":true,"href":"https:\/\/noticiasribeiraopreto.com.br\/index.php\/wp-json\/wp\/v2\/comments?post=49108"}],"version-history":[{"count":0,"href":"https:\/\/noticiasribeiraopreto.com.br\/index.php\/wp-json\/wp\/v2\/posts\/49108\/revisions"}],"wp:featuredmedia":[{"embeddable":true,"href":"https:\/\/noticiasribeiraopreto.com.br\/index.php\/wp-json\/wp\/v2\/media\/49109"}],"wp:attachment":[{"href":"https:\/\/noticiasribeiraopreto.com.br\/index.php\/wp-json\/wp\/v2\/media?parent=49108"}],"wp:term":[{"taxonomy":"category","embeddable":true,"href":"https:\/\/noticiasribeiraopreto.com.br\/index.php\/wp-json\/wp\/v2\/categories?post=49108"},{"taxonomy":"post_tag","embeddable":true,"href":"https:\/\/noticiasribeiraopreto.com.br\/index.php\/wp-json\/wp\/v2\/tags?post=49108"}],"curies":[{"name":"wp","href":"https:\/\/api.w.org\/{rel}","templated":true}]}}