{"id":4977,"date":"2023-11-22T16:23:12","date_gmt":"2023-11-22T19:23:12","guid":{"rendered":"https:\/\/noticiasribeiraopreto.com.br\/index.php\/2023\/11\/22\/chega-triste-noticia-sobre-o-ator-carlos-villagran-que-fez-o-quico-no-seriado-chaves\/"},"modified":"2023-11-22T16:23:12","modified_gmt":"2023-11-22T19:23:12","slug":"chega-triste-noticia-sobre-o-ator-carlos-villagran-que-fez-o-quico-no-seriado-chaves","status":"publish","type":"post","link":"https:\/\/noticiasribeiraopreto.com.br\/index.php\/2023\/11\/22\/chega-triste-noticia-sobre-o-ator-carlos-villagran-que-fez-o-quico-no-seriado-chaves\/","title":{"rendered":"Chega triste not\u00edcia sobre o ator Carlos Villagr\u00e1n, que fez o Quico no seriado Chaves"},"content":{"rendered":"<div class='code-block code-block-1' style='margin: 8px 0 8px auto; text-align: right; display: block; clear: both;'>\n<p><a href=\"https:\/\/wa.link\/vpicfd\"><img data-recalc-dims=\"1\" class=\"wp-image-4922\" style=\"aspect-ratio: 2.0253164556962027; width: 561px; height: auto;\" src=\"https:\/\/i0.wp.com\/ismaelcolosi.com.br\/wp-content\/uploads\/2023\/11\/grupo-de-empregos-whatsapp-e-facebook-ismael-colosi-vagas.jpg?ssl=1\" alt=\"\" \/><\/a><\/p>\n<!-- \/wp:image -->\n<\/div>\n<p> <br \/>\n<\/p>\n<div itemprop=\"text\">\n<p>O ator Carlos Villagr\u00e1n, um dos nomes mais conhecidos da TV no mundo inteiro, trouxe uma triste not\u00edcia aos f\u00e3s nesta semana. O artista, que \u00e9 famoso por seu papel de Quico no seriado mexicano Chaves, revelou que foi diagnosticado com um c\u00e2ncer de pr\u00f3stata.<\/p>\n<p>A not\u00edcia foi trazida a p\u00fablico pelo pr\u00f3prio Carlos durante uma entrevista que o ator concedeu \u00e0 revista People espanhola. A revela\u00e7\u00e3o foi divulgada no \u00faltimo domingo (19), e deixou os f\u00e3s do famoso bastante preocupados.<\/p>\n<p>Carlos, que atualmente tem 79 anos, precisou ser submetido a um procedimento cir\u00fargico ap\u00f3s descobrir o c\u00e2ncer. Ainda na entrevista, o ator disse estar decidindo o que deve fazer a seguir, mas deixou claro que j\u00e1 \u00e9 hora de fazer um testamento.<\/p>\n<p>Carlos n\u00e3o est\u00e1 fazendo tratamento e disse estar com medo. A fam\u00edlia do ator j\u00e1 vinha passando por um momento dif\u00edcil, pois a filha mais nova do famoso, Vanesa, havia revelado em julho deste ano que foi diagnosticada com c\u00e2ncer de mama. A herdeira do famoso j\u00e1 passou por dois procedimentos cir\u00fargicos, al\u00e9m de ter come\u00e7ado o tratamento de quimioterapia.<\/p>\n<p>Em meio a essas not\u00edcias, os f\u00e3s de Carlos demonstraram preocupa\u00e7\u00e3o. Contudo, o eterno Quico fez quest\u00e3o de tranquilizar a todo: \u201cEstou bem, me encontro com sa\u00fade e trabalhando\u201d, escreveu. \u201cGra\u00e7as a Deus, tudo j\u00e1 passou\u201d, disse o artista, que \u00e9 um dos poucos ainda vivo do seriado humor\u00edstico Chaves, grande sucesso da TV.<\/p>\n<\/div>\n<p><br \/>\n<br \/><a href=\"https:\/\/fnmais.com\/chega-triste-noticia-sobre-ator-carlos-villagran-que-fez-quico-no-seriado-chaves\/\">Source link <\/a><\/p>\n<!-- CONTENT END 1 -->\n","protected":false},"excerpt":{"rendered":"<p>O ator Carlos Villagr\u00e1n, um dos nomes mais conhecidos da TV no mundo inteiro, trouxe uma triste not\u00edcia aos f\u00e3s nesta semana. O artista, que&#8230;<\/p>\n","protected":false},"author":1,"featured_media":4978,"comment_status":"open","ping_status":"open","sticky":false,"template":"","format":"standard","meta":{"advanced_seo_description":"","jetpack_seo_html_title":"","jetpack_seo_noindex":false,"jetpack_post_was_ever_published":false,"_jetpack_newsletter_access":"","_jetpack_dont_email_post_to_subs":false,"_jetpack_newsletter_tier_id":0,"_jetpack_memberships_contains_paywalled_content":false,"_jetpack_memberships_contains_paid_content":false,"footnotes":"","jetpack_publicize_message":"","jetpack_publicize_feature_enabled":true,"jetpack_social_post_already_shared":true,"jetpack_social_options":{"image_generator_settings":{"template":"highway","default_image_id":0,"font":"","enabled":false},"version":2}},"categories":[1],"tags":[],"class_list":["post-4977","post","type-post","status-publish","format-standard","has-post-thumbnail","hentry","category-blog"],"jetpack_publicize_connections":[],"jetpack_featured_media_url":"https:\/\/i0.wp.com\/noticiasribeiraopreto.com.br\/wp-content\/uploads\/2023\/11\/postimg-655e3d21246144664.jpg?fit=1200%2C628&ssl=1","jetpack-related-posts":[{"id":5035,"url":"https:\/\/noticiasribeiraopreto.com.br\/index.php\/2023\/11\/22\/carlos-villagran-o-quico-do-chaves-revela-diagnostico-de-cancer\/","url_meta":{"origin":4977,"position":0},"title":"Carlos Villagr\u00e1n, o Quico do &#8216;Chaves&#8217;, revela diagn\u00f3stico de c\u00e2ncer","author":"noticiasribeiraopreto.com.br","date":"22 de November de 2023","format":false,"excerpt":"Cr\u00e9ditos: Reprodu\u00e7\u00e3o\/InstagramCarlos Villagr\u00e1n revela diagn\u00f3stico de c\u00e2ncer de pr\u00f3stata O amado ator Carlos Villagr\u00e1n, famoso por sua inesquec\u00edvel interpreta\u00e7\u00e3o do Quico no seriado \u201cChaves\u201d, revelou \u00e0 revista People que teve c\u00e2ncer de pr\u00f3stata. Segundo a publica\u00e7\u00e3o do portal no \u00faltimo domingo, 19, ele realizou os tratamentos dispon\u00edveis para combater a\u2026","rel":"","context":"In &quot;Variedades&quot;","block_context":{"text":"Variedades","link":"https:\/\/noticiasribeiraopreto.com.br\/index.php\/category\/variedades\/"},"img":{"alt_text":"","src":"https:\/\/i0.wp.com\/noticiasribeiraopreto.com.br\/wp-content\/uploads\/2023\/11\/tamanho-catraca-13.png?fit=1200%2C638&ssl=1&resize=350%2C200","width":350,"height":200,"srcset":"https:\/\/i0.wp.com\/noticiasribeiraopreto.com.br\/wp-content\/uploads\/2023\/11\/tamanho-catraca-13.png?fit=1200%2C638&ssl=1&resize=350%2C200 1x, https:\/\/i0.wp.com\/noticiasribeiraopreto.com.br\/wp-content\/uploads\/2023\/11\/tamanho-catraca-13.png?fit=1200%2C638&ssl=1&resize=525%2C300 1.5x, https:\/\/i0.wp.com\/noticiasribeiraopreto.com.br\/wp-content\/uploads\/2023\/11\/tamanho-catraca-13.png?fit=1200%2C638&ssl=1&resize=700%2C400 2x, https:\/\/i0.wp.com\/noticiasribeiraopreto.com.br\/wp-content\/uploads\/2023\/11\/tamanho-catraca-13.png?fit=1200%2C638&ssl=1&resize=1050%2C600 3x"},"classes":[]},{"id":21014,"url":"https:\/\/noticiasribeiraopreto.com.br\/index.php\/2023\/12\/26\/ator-de-novelas-de-sucesso-perde-a-vida-apos-lutar-contra-doenca-infelizmente\/","url_meta":{"origin":4977,"position":1},"title":"Ator de novelas de sucesso perde a vida ap\u00f3s lutar contra doen\u00e7a: &#8216;Infelizmente&#8217;","author":"noticiasribeiraopreto.com.br","date":"26 de December de 2023","format":false,"excerpt":"Os f\u00e3s de um querido artista foram surpreendidos com a triste not\u00edcia de sua morte nesta semana. Foi a \u00f3bito o ator Richar Franklin, que ficou conhecido em todo o mundo por sua atua\u00e7\u00e3o na s\u00e9rie Doctor Who.O comunicado da morte de Richard foi feito em seu perfil oficial do\u2026","rel":"","context":"In &quot;Blog&quot;","block_context":{"text":"Blog","link":"https:\/\/noticiasribeiraopreto.com.br\/index.php\/category\/blog\/"},"img":{"alt_text":"","src":"https:\/\/i0.wp.com\/noticiasribeiraopreto.com.br\/wp-content\/uploads\/2023\/12\/postimg-658b857cecc973015.jpg?fit=1200%2C628&ssl=1&resize=350%2C200","width":350,"height":200,"srcset":"https:\/\/i0.wp.com\/noticiasribeiraopreto.com.br\/wp-content\/uploads\/2023\/12\/postimg-658b857cecc973015.jpg?fit=1200%2C628&ssl=1&resize=350%2C200 1x, https:\/\/i0.wp.com\/noticiasribeiraopreto.com.br\/wp-content\/uploads\/2023\/12\/postimg-658b857cecc973015.jpg?fit=1200%2C628&ssl=1&resize=525%2C300 1.5x, https:\/\/i0.wp.com\/noticiasribeiraopreto.com.br\/wp-content\/uploads\/2023\/12\/postimg-658b857cecc973015.jpg?fit=1200%2C628&ssl=1&resize=700%2C400 2x, https:\/\/i0.wp.com\/noticiasribeiraopreto.com.br\/wp-content\/uploads\/2023\/12\/postimg-658b857cecc973015.jpg?fit=1200%2C628&ssl=1&resize=1050%2C600 3x"},"classes":[]},{"id":31235,"url":"https:\/\/noticiasribeiraopreto.com.br\/index.php\/2024\/01\/21\/ator-lazaro-ramos-passa-mal-e-noticia-triste-e-confirmada-ele-teve-uma-ver-mais\/","url_meta":{"origin":4977,"position":2},"title":"Ator L\u00e1zaro Ramos PASSA MAL e not\u00edcia TRISTE \u00e9 confirmada: &#8220;Ele teve uma&#8230;Ver mais","author":"noticiasribeiraopreto.com.br","date":"21 de January de 2024","format":false,"excerpt":"Uma not\u00edcia preocupante deixou muitos brasileiros em alerta neste domingo (21), causando como\u00e7\u00e3o entre os f\u00e3s do artista L\u00e1zaro Ramos. O ator foi levado \u00e0s pressas a uma unidade de sa\u00fade pela sua esposa Ta\u00eds Ara\u00fajo depois de passar mal em sua casa na sexta (19) em sua cidade natal,\u2026","rel":"","context":"In &quot;Variedades&quot;","block_context":{"text":"Variedades","link":"https:\/\/noticiasribeiraopreto.com.br\/index.php\/category\/variedades\/"},"img":{"alt_text":"","src":"https:\/\/i0.wp.com\/noticiasribeiraopreto.com.br\/wp-content\/uploads\/2024\/01\/Apresentacao-sem-titulo-2.png?fit=960%2C540&ssl=1&resize=350%2C200","width":350,"height":200,"srcset":"https:\/\/i0.wp.com\/noticiasribeiraopreto.com.br\/wp-content\/uploads\/2024\/01\/Apresentacao-sem-titulo-2.png?fit=960%2C540&ssl=1&resize=350%2C200 1x, https:\/\/i0.wp.com\/noticiasribeiraopreto.com.br\/wp-content\/uploads\/2024\/01\/Apresentacao-sem-titulo-2.png?fit=960%2C540&ssl=1&resize=525%2C300 1.5x, https:\/\/i0.wp.com\/noticiasribeiraopreto.com.br\/wp-content\/uploads\/2024\/01\/Apresentacao-sem-titulo-2.png?fit=960%2C540&ssl=1&resize=700%2C400 2x"},"classes":[]},{"id":27806,"url":"https:\/\/noticiasribeiraopreto.com.br\/index.php\/2024\/01\/13\/falece-ator-que-fez-papel-queridinho-dos-fas-e-esposa-vem-a-publico-comunicar-a-triste-noticia\/","url_meta":{"origin":4977,"position":3},"title":"Falece ator que fez papel &#8220;queridinho dos f\u00e3s&#8221; e esposa vem a p\u00fablico comunicar a triste not\u00edcia","author":"noticiasribeiraopreto.com.br","date":"13 de January de 2024","format":false,"excerpt":"Quem acompanhou os trabalhos de um amado ator recebeu com imenso pesar a not\u00edcia de sua morte. Peter Crombie, que tinha 71 anos de idade, teve falecimento constatado na \u00faltima quarta-feira (10\/01) ap\u00f3s um problema de sa\u00fade.Peter se tornou conhecido por atuar na s\u00e9rie americana Seinfield, que fez muito sucesso\u2026","rel":"","context":"In &quot;Blog&quot;","block_context":{"text":"Blog","link":"https:\/\/noticiasribeiraopreto.com.br\/index.php\/category\/blog\/"},"img":{"alt_text":"","src":"https:\/\/i0.wp.com\/noticiasribeiraopreto.com.br\/wp-content\/uploads\/2024\/01\/postimg-65a2a785e29686832.jpg?fit=1200%2C628&ssl=1&resize=350%2C200","width":350,"height":200,"srcset":"https:\/\/i0.wp.com\/noticiasribeiraopreto.com.br\/wp-content\/uploads\/2024\/01\/postimg-65a2a785e29686832.jpg?fit=1200%2C628&ssl=1&resize=350%2C200 1x, https:\/\/i0.wp.com\/noticiasribeiraopreto.com.br\/wp-content\/uploads\/2024\/01\/postimg-65a2a785e29686832.jpg?fit=1200%2C628&ssl=1&resize=525%2C300 1.5x, https:\/\/i0.wp.com\/noticiasribeiraopreto.com.br\/wp-content\/uploads\/2024\/01\/postimg-65a2a785e29686832.jpg?fit=1200%2C628&ssl=1&resize=700%2C400 2x, https:\/\/i0.wp.com\/noticiasribeiraopreto.com.br\/wp-content\/uploads\/2024\/01\/postimg-65a2a785e29686832.jpg?fit=1200%2C628&ssl=1&resize=1050%2C600 3x"},"classes":[]},{"id":5624,"url":"https:\/\/noticiasribeiraopreto.com.br\/index.php\/2023\/11\/24\/zeze-di-camargo-se-envolve-em-polemica-por-fala-sobre-gays-encara-tetra-com-ator-carmo-dalla-vecchia-e-duras-criticas-nas-web\/","url_meta":{"origin":4977,"position":4},"title":"Zez\u00e9 Di Camargo se envolve em pol\u00eamica por fala sobre gays encara tetra com ator Carmo Dalla Vecchia e duras cr\u00edticas nas web","author":"noticiasribeiraopreto.com.br","date":"24 de November de 2023","format":false,"excerpt":"O cantor sertanejo Zez\u00e9 Di Camargo acabou se envolvendo em um pol\u00eamica ap\u00f3s fazer um coment\u00e1rio considerado preconceituoso a respeito dos homossexuais.A fala de Zez\u00e9 Di Camargo atingiu em cheio o ator Carmo Dalla Vecchia, de 52 anos, que resolveu se pronunciar a respeito o que acabou chamando a aten\u00e7\u00e3o\u2026","rel":"","context":"In &quot;Blog&quot;","block_context":{"text":"Blog","link":"https:\/\/noticiasribeiraopreto.com.br\/index.php\/category\/blog\/"},"img":{"alt_text":"","src":"https:\/\/i0.wp.com\/noticiasribeiraopreto.com.br\/wp-content\/uploads\/2023\/11\/postimg-6560257e476477136.jpg?fit=1200%2C628&ssl=1&resize=350%2C200","width":350,"height":200,"srcset":"https:\/\/i0.wp.com\/noticiasribeiraopreto.com.br\/wp-content\/uploads\/2023\/11\/postimg-6560257e476477136.jpg?fit=1200%2C628&ssl=1&resize=350%2C200 1x, https:\/\/i0.wp.com\/noticiasribeiraopreto.com.br\/wp-content\/uploads\/2023\/11\/postimg-6560257e476477136.jpg?fit=1200%2C628&ssl=1&resize=525%2C300 1.5x, https:\/\/i0.wp.com\/noticiasribeiraopreto.com.br\/wp-content\/uploads\/2023\/11\/postimg-6560257e476477136.jpg?fit=1200%2C628&ssl=1&resize=700%2C400 2x, https:\/\/i0.wp.com\/noticiasribeiraopreto.com.br\/wp-content\/uploads\/2023\/11\/postimg-6560257e476477136.jpg?fit=1200%2C628&ssl=1&resize=1050%2C600 3x"},"classes":[]},{"id":21204,"url":"https:\/\/noticiasribeiraopreto.com.br\/index.php\/2023\/12\/27\/famoso-ator-acaba-de-ser-encontrado-sem-vida-aos-48-anos-dentro-de-seu-carro\/","url_meta":{"origin":4977,"position":5},"title":"Famoso ator acaba de ser encontrado sem vida aos 48 anos, dentro de seu carro","author":"noticiasribeiraopreto.com.br","date":"27 de December de 2023","format":false,"excerpt":"O caso aconteceu no in\u00edcio da manh\u00e3 desta quarta-feira, dia 27 de dezembro, segundo informa\u00e7\u00f5es anunciadas e confirmadas na m\u00eddia e diversos sites de not\u00edcias no mundo todo.Segundo informa\u00e7\u00f5es, chegou a carreira e passagem por esse plano terrestre, o ator sul-coreano que fez grande sucesso no filme \u2018Parasita\u2019, Lee Sun-kyun,\u2026","rel":"","context":"In &quot;Blog&quot;","block_context":{"text":"Blog","link":"https:\/\/noticiasribeiraopreto.com.br\/index.php\/category\/blog\/"},"img":{"alt_text":"","src":"https:\/\/i0.wp.com\/noticiasribeiraopreto.com.br\/wp-content\/uploads\/2023\/12\/postimg-658c278d0abcd3266.jpg?fit=1200%2C628&ssl=1&resize=350%2C200","width":350,"height":200,"srcset":"https:\/\/i0.wp.com\/noticiasribeiraopreto.com.br\/wp-content\/uploads\/2023\/12\/postimg-658c278d0abcd3266.jpg?fit=1200%2C628&ssl=1&resize=350%2C200 1x, https:\/\/i0.wp.com\/noticiasribeiraopreto.com.br\/wp-content\/uploads\/2023\/12\/postimg-658c278d0abcd3266.jpg?fit=1200%2C628&ssl=1&resize=525%2C300 1.5x, https:\/\/i0.wp.com\/noticiasribeiraopreto.com.br\/wp-content\/uploads\/2023\/12\/postimg-658c278d0abcd3266.jpg?fit=1200%2C628&ssl=1&resize=700%2C400 2x, https:\/\/i0.wp.com\/noticiasribeiraopreto.com.br\/wp-content\/uploads\/2023\/12\/postimg-658c278d0abcd3266.jpg?fit=1200%2C628&ssl=1&resize=1050%2C600 3x"},"classes":[]}],"jetpack_sharing_enabled":true,"jetpack_shortlink":"https:\/\/wp.me\/peQAOb-1ih","_links":{"self":[{"href":"https:\/\/noticiasribeiraopreto.com.br\/index.php\/wp-json\/wp\/v2\/posts\/4977","targetHints":{"allow":["GET"]}}],"collection":[{"href":"https:\/\/noticiasribeiraopreto.com.br\/index.php\/wp-json\/wp\/v2\/posts"}],"about":[{"href":"https:\/\/noticiasribeiraopreto.com.br\/index.php\/wp-json\/wp\/v2\/types\/post"}],"author":[{"embeddable":true,"href":"https:\/\/noticiasribeiraopreto.com.br\/index.php\/wp-json\/wp\/v2\/users\/1"}],"replies":[{"embeddable":true,"href":"https:\/\/noticiasribeiraopreto.com.br\/index.php\/wp-json\/wp\/v2\/comments?post=4977"}],"version-history":[{"count":0,"href":"https:\/\/noticiasribeiraopreto.com.br\/index.php\/wp-json\/wp\/v2\/posts\/4977\/revisions"}],"wp:featuredmedia":[{"embeddable":true,"href":"https:\/\/noticiasribeiraopreto.com.br\/index.php\/wp-json\/wp\/v2\/media\/4978"}],"wp:attachment":[{"href":"https:\/\/noticiasribeiraopreto.com.br\/index.php\/wp-json\/wp\/v2\/media?parent=4977"}],"wp:term":[{"taxonomy":"category","embeddable":true,"href":"https:\/\/noticiasribeiraopreto.com.br\/index.php\/wp-json\/wp\/v2\/categories?post=4977"},{"taxonomy":"post_tag","embeddable":true,"href":"https:\/\/noticiasribeiraopreto.com.br\/index.php\/wp-json\/wp\/v2\/tags?post=4977"}],"curies":[{"name":"wp","href":"https:\/\/api.w.org\/{rel}","templated":true}]}}