{"id":4989,"date":"2023-11-22T13:00:00","date_gmt":"2023-11-22T16:00:00","guid":{"rendered":"https:\/\/noticiasribeiraopreto.com.br\/index.php\/2023\/11\/22\/cerveja-fermentada-com-mandioca-sera-lancada-em-ribeirao-preto\/"},"modified":"2023-11-22T13:00:00","modified_gmt":"2023-11-22T16:00:00","slug":"cerveja-fermentada-com-mandioca-sera-lancada-em-ribeirao-preto","status":"publish","type":"post","link":"https:\/\/noticiasribeiraopreto.com.br\/index.php\/2023\/11\/22\/cerveja-fermentada-com-mandioca-sera-lancada-em-ribeirao-preto\/","title":{"rendered":"Cerveja fermentada com mandioca ser\u00e1 lan\u00e7ada em Ribeir\u00e3o Preto"},"content":{"rendered":"<div class='code-block code-block-1' style='margin: 8px 0 8px auto; text-align: right; display: block; clear: both;'>\n<p><a href=\"https:\/\/wa.link\/vpicfd\"><img data-recalc-dims=\"1\" class=\"wp-image-4922\" style=\"aspect-ratio: 2.0253164556962027; width: 561px; height: auto;\" src=\"https:\/\/i0.wp.com\/ismaelcolosi.com.br\/wp-content\/uploads\/2023\/11\/grupo-de-empregos-whatsapp-e-facebook-ismael-colosi-vagas.jpg?ssl=1\" alt=\"\" \/><\/a><\/p>\n<!-- \/wp:image -->\n<\/div>\n<p> <br \/>\n<\/p>\n<div>\n<p>O Centro Multidisciplinar de Tecnologia Cervejeira e a OPA Comunica\u00e7\u00e3o apresentam, <strong>dia 23 de novembro, \u00e0s 18h30, no Bar do Dabi Business Park, a primeira safra da cerveja Manipueira Selvagem.<\/strong><\/p>\n<p>O evento tem ingresso gratuito ou com custo de R$ 15 que inclui degusta\u00e7\u00e3o da cerveja. As vagas s\u00e3o limitadas e as inscri\u00e7\u00f5es devem ser feitas no <a href=\"https:\/\/www.sympla.com.br\/evento\/lancamento-cerveja-manipueira-selvagem-ifsp\/2216299?share_id=copiarlink\" target=\"_blank\" rel=\"noreferrer noopener\">link (clique aqui).<\/a><\/p>\n<p>A bebida, produzida na cervejaria laborat\u00f3rio do Instituto Federal de S\u00e3o Paulo, campus de Sert\u00e3ozinho, comp\u00f5e o Projeto Manipueira da Associa\u00e7\u00e3o Brasileira de Cerveja Artesanal (Abracerva) que utiliza micro-organismos da mandioca para levar a experi\u00eancia de terroir ao consumidor de cervejas.<\/p>\n<p>\u201cVamos compartilhar os resultados cient\u00edficos do Projeto Manipueira e apresentar essa primeira safra produzida na regi\u00e3o, que fermentou e maturou por 12 meses em barril de madeira\u201d, explica Jean Rodrigues, coordenador do curso T\u00e9cnico em Cervejaria do IFSP.<\/p>\n<p><strong>Como seguem uma mesma receita base, as cervejas do projeto Manipueira compartilham caracter\u00edsticas em comum como a cor amarelo palha, carbonata\u00e7\u00e3o elevada, pouca presen\u00e7a de l\u00fapulo e final seco.<\/strong><\/p>\n<p>Por outro lado, tamb\u00e9m expressam caracter\u00edsticas que s\u00e3o reflexo do terroir como n\u00edveis diferentes de acidez e aromas al\u00e9m de sabores que lembram frutas amarelas e brancas que resultam da fermenta\u00e7\u00e3o e matura\u00e7\u00e3o em condi\u00e7\u00f5es clim\u00e1ticas diferentes e principalmente por micro-organismos t\u00edpicos de cada local.<\/p>\n<figure class=\"wp-block-image size-large\"><figcaption class=\"wp-element-caption\">Cerveja fermentou e maturou por um ano em barril de madeira (Foto: Daniel Navarro)<\/figcaption><\/figure>\n<h4 class=\"wp-block-heading\"><strong>O nome<\/strong><\/h4>\n<p>A cerveja \u00e9 classificada como Selvagem por ser fermentada por micro-organismos da natureza e n\u00e3o por fermentos selecionados em laborat\u00f3rio.<\/p>\n<p>J\u00e1 o termo Manipueira vem do Tupi Antigo e pode ser traduzido como aquilo que j\u00e1 foi mandioca. Em Portugu\u00eas, manipueira \u00e9 o nome que se d\u00e1 ao l\u00edquido resultante da prensagem da mandioca depois de ralada para produ\u00e7\u00e3o de farinhas e tapioca.<\/p>\n<p>A inspira\u00e7\u00e3o para o uso da mandioca na cerveja foi o cauim, fermentado produzido pelos povos origin\u00e1rios em todo o territ\u00f3rio brasileiro e Am\u00e9rica do Sul.<\/p>\n<p>Na regi\u00e3o de Ribeir\u00e3o Preto, um dos desafios do projeto foi conseguir a manipueira que foi adquirida de um produtor do Assentamento M\u00e1rio Lago, em Ribeir\u00e3o Preto.<\/p>\n<p>VEJA TAMB\u00c9M<br \/>Clube tradicional de Ribeir\u00e3o Preto vai a leil\u00e3o novamente; Entenda<\/p>\n<h4 class=\"wp-block-heading\"><strong><span style=\"background-color:#f7cc62\" class=\"td_text_highlight_marker\">FIQUE ON<\/span><\/strong><\/h4>\n<p>Fique ligado em tudo que acontece em Ribeir\u00e3o Preto e regi\u00e3o. Siga os perfis do\u00a0<strong>acidade on<\/strong>\u00a0no\u00a0<a href=\"https:\/\/www.instagram.com\/acidadeonribeirao\" target=\"_blank\" rel=\"noreferrer noopener\">Instagram\u00a0<\/a>e no<a href=\"https:\/\/www.facebook.com\/acidadeonribeirao\" target=\"_blank\" rel=\"noreferrer noopener\">\u00a0Facebook.<\/a><\/p>\n<p>Receba not\u00edcias do\u00a0<strong>acidade on\u00a0<\/strong>no WhatsApp.\u00a0<a href=\"https:\/\/chat.whatsapp.com\/Bnv2w66ZT4VDyZW3oiZ69n\" target=\"_blank\" rel=\"noreferrer noopener\">Para entrar no grupo, basta clicar aqui.<\/a><\/p>\n<p>Fa\u00e7a uma den\u00fancia ou sugira uma reportagem sobre Ribeir\u00e3o Preto e regi\u00e3o pelo WhatsApp:\u00a0<strong>(16) 99117 7802.<\/strong><\/p>\n<p><a href=\"https:\/\/www.tudoep.com\/tudo-receitas\/NOT,0,0,1868069,donut-aprenda-a-fazer-essa-popular-receita-de-uma-forma-simples.aspx\" target=\"_blank\" rel=\"noreferrer noopener\">LEIA MAIS<br \/>Donut: aprenda a fazer essa popular receita de uma forma simples<\/a><\/p>\n<p><!-- AI CONTENT END 1 -->\n<\/div>\n<p><script async src=\"\/\/www.instagram.com\/embed.js\"><\/script><br \/>\n<br \/><br \/>\n<br \/><a href=\"https:\/\/www.acidadeon.com\/ribeiraopreto\/lazer-e-cultura\/giro-lazer-e-cultura\/cerveja-fermentada-com-mandioca-sera-lancada-em-ribeirao-preto\/\">Source link <\/a><\/p>\n<!-- CONTENT END 1 -->\n","protected":false},"excerpt":{"rendered":"<p>O Centro Multidisciplinar de Tecnologia Cervejeira e a OPA Comunica\u00e7\u00e3o apresentam, dia 23 de novembro, \u00e0s 18h30, no Bar do Dabi Business Park, a primeira&#8230;<\/p>\n","protected":false},"author":1,"featured_media":4990,"comment_status":"open","ping_status":"open","sticky":false,"template":"","format":"standard","meta":{"advanced_seo_description":"","jetpack_seo_html_title":"","jetpack_seo_noindex":false,"jetpack_post_was_ever_published":false,"_jetpack_newsletter_access":"","_jetpack_dont_email_post_to_subs":false,"_jetpack_newsletter_tier_id":0,"_jetpack_memberships_contains_paywalled_content":false,"_jetpack_memberships_contains_paid_content":false,"footnotes":"","jetpack_publicize_message":"","jetpack_publicize_feature_enabled":true,"jetpack_social_post_already_shared":true,"jetpack_social_options":{"image_generator_settings":{"template":"highway","default_image_id":0,"font":"","enabled":false},"version":2}},"categories":[11],"tags":[534,535,537,536,27,26,172],"class_list":["post-4989","post","type-post","status-publish","format-standard","has-post-thumbnail","hentry","category-noticias-de-ribeirao-preto-sp-e-regiao-ismael-colosi","tag-cerveja","tag-fermentada","tag-lancada","tag-mandioca","tag-preto","tag-ribeirao","tag-sera"],"jetpack_publicize_connections":[],"jetpack_featured_media_url":"https:\/\/i0.wp.com\/noticiasribeiraopreto.com.br\/wp-content\/uploads\/2023\/11\/IMG-20230907-WA0025.jpg?fit=1600%2C1200&ssl=1","jetpack-related-posts":[{"id":75009,"url":"https:\/\/noticiasribeiraopreto.com.br\/index.php\/2025\/08\/01\/dia-da-cerveja-ribeirao-preto-e-a-capital-do-chope-e-das-artesanais\/","url_meta":{"origin":4989,"position":0},"title":"Dia da Cerveja: Ribeir\u00e3o Preto \u00e9 a Capital do Chope e das Artesanais","author":"noticiasribeiraopreto.com.br","date":"1 de August de 2025","format":false,"excerpt":"O Dia da Cerveja \u00e9 comemorado nesta sexta-feira (1\u00ba de agosto) e, Ribeir\u00e3o Preto \u00e9 desde o ano passado a Capital do Chope e das Cervejas Artesanais. O t\u00edtulo foi concedido por meio de um projeto de lei aprovado pela Alesp (Assembleia Legislativa de S\u00e3o Paulo) e sancionado pelo governador\u2026","rel":"","context":"In &quot;Not\u00edcias de Ribeir\u00e3o Preto-SP e Regi\u00e3o&quot;","block_context":{"text":"Not\u00edcias de Ribeir\u00e3o Preto-SP e Regi\u00e3o","link":"https:\/\/noticiasribeiraopreto.com.br\/index.php\/category\/noticias-de-ribeirao-preto-sp-e-regiao-ismael-colosi\/"},"img":{"alt_text":"","src":"https:\/\/i0.wp.com\/noticiasribeiraopreto.com.br\/wp-content\/uploads\/2025\/06\/cerveja-artesanal_2025-06-17_14-49-37.webp.webp?fit=1200%2C675&ssl=1&resize=350%2C200","width":350,"height":200,"srcset":"https:\/\/i0.wp.com\/noticiasribeiraopreto.com.br\/wp-content\/uploads\/2025\/06\/cerveja-artesanal_2025-06-17_14-49-37.webp.webp?fit=1200%2C675&ssl=1&resize=350%2C200 1x, https:\/\/i0.wp.com\/noticiasribeiraopreto.com.br\/wp-content\/uploads\/2025\/06\/cerveja-artesanal_2025-06-17_14-49-37.webp.webp?fit=1200%2C675&ssl=1&resize=525%2C300 1.5x, https:\/\/i0.wp.com\/noticiasribeiraopreto.com.br\/wp-content\/uploads\/2025\/06\/cerveja-artesanal_2025-06-17_14-49-37.webp.webp?fit=1200%2C675&ssl=1&resize=700%2C400 2x, https:\/\/i0.wp.com\/noticiasribeiraopreto.com.br\/wp-content\/uploads\/2025\/06\/cerveja-artesanal_2025-06-17_14-49-37.webp.webp?fit=1200%2C675&ssl=1&resize=1050%2C600 3x"},"classes":[]},{"id":75363,"url":"https:\/\/noticiasribeiraopreto.com.br\/index.php\/2025\/08\/07\/ribeirao-preto-sobe-no-ranking-das-cervejas-confira-o-top-10\/","url_meta":{"origin":4989,"position":1},"title":"Ribeir\u00e3o Preto sobe no ranking das cervejas; Confira o top 10","author":"noticiasribeiraopreto.com.br","date":"7 de August de 2025","format":false,"excerpt":"Ribeir\u00e3o Preto subiu duas posi\u00e7\u00f5es no ranking de cervejas registradas, segundo o Anu\u00e1rio da Cerveja 2025*, divulgado pelo Minist\u00e9rio da Agricultura e Pecu\u00e1ria na \u00faltima ter\u00e7a-feira (5). De acordo com o levantamento, Ribeir\u00e3o Preto \u00e9 a oitava cidade com mais r\u00f3tulos registrados (755 no total), e subiu duas posi\u00e7\u00f5es em\u2026","rel":"","context":"In &quot;Not\u00edcias de Ribeir\u00e3o Preto-SP e Regi\u00e3o&quot;","block_context":{"text":"Not\u00edcias de Ribeir\u00e3o Preto-SP e Regi\u00e3o","link":"https:\/\/noticiasribeiraopreto.com.br\/index.php\/category\/noticias-de-ribeirao-preto-sp-e-regiao-ismael-colosi\/"},"img":{"alt_text":"","src":"https:\/\/i0.wp.com\/noticiasribeiraopreto.com.br\/wp-content\/uploads\/2025\/08\/cerveja_2025-08-07_14-50-54.webp.webp?fit=1200%2C800&ssl=1&resize=350%2C200","width":350,"height":200,"srcset":"https:\/\/i0.wp.com\/noticiasribeiraopreto.com.br\/wp-content\/uploads\/2025\/08\/cerveja_2025-08-07_14-50-54.webp.webp?fit=1200%2C800&ssl=1&resize=350%2C200 1x, https:\/\/i0.wp.com\/noticiasribeiraopreto.com.br\/wp-content\/uploads\/2025\/08\/cerveja_2025-08-07_14-50-54.webp.webp?fit=1200%2C800&ssl=1&resize=525%2C300 1.5x, https:\/\/i0.wp.com\/noticiasribeiraopreto.com.br\/wp-content\/uploads\/2025\/08\/cerveja_2025-08-07_14-50-54.webp.webp?fit=1200%2C800&ssl=1&resize=700%2C400 2x, https:\/\/i0.wp.com\/noticiasribeiraopreto.com.br\/wp-content\/uploads\/2025\/08\/cerveja_2025-08-07_14-50-54.webp.webp?fit=1200%2C800&ssl=1&resize=1050%2C600 3x"},"classes":[]},{"id":69405,"url":"https:\/\/noticiasribeiraopreto.com.br\/index.php\/2025\/05\/05\/cerveja-produzida-no-interior-de-sp-esta-entre-as-melhores-do-mundo\/","url_meta":{"origin":4989,"position":2},"title":"Cerveja produzida no interior de SP est\u00e1 entre as melhores do mundo","author":"noticiasribeiraopreto.com.br","date":"5 de May de 2025","format":false,"excerpt":"Uma cerveja produzida em Campinas, no interior de S\u00e3o Paulo, foi premiada na edi\u00e7\u00e3o de 2025 da World Beer Cup, principal competi\u00e7\u00e3o internacional do setor. O r\u00f3tulo Melancia SOUR\u2019n Salt, da Sim! Cerveja, levou medalha de ouro na categoria Specialty Non-Alcohol Beer. A Sim! Cerveja \u00e9 a primeira cervejaria do\u2026","rel":"","context":"In &quot;Not\u00edcias de Ribeir\u00e3o Preto-SP e Regi\u00e3o&quot;","block_context":{"text":"Not\u00edcias de Ribeir\u00e3o Preto-SP e Regi\u00e3o","link":"https:\/\/noticiasribeiraopreto.com.br\/index.php\/category\/noticias-de-ribeirao-preto-sp-e-regiao-ismael-colosi\/"},"img":{"alt_text":"","src":"https:\/\/i0.wp.com\/noticiasribeiraopreto.com.br\/wp-content\/uploads\/2025\/05\/Copia-de-Copia-de-Copia-de-TAMANHO-EXATO-PARA-FOTOS-NO-SISTEMA-NOVO-43_2025-05-06_00-32-13.webp.webp?fit=1200%2C675&ssl=1&resize=350%2C200","width":350,"height":200,"srcset":"https:\/\/i0.wp.com\/noticiasribeiraopreto.com.br\/wp-content\/uploads\/2025\/05\/Copia-de-Copia-de-Copia-de-TAMANHO-EXATO-PARA-FOTOS-NO-SISTEMA-NOVO-43_2025-05-06_00-32-13.webp.webp?fit=1200%2C675&ssl=1&resize=350%2C200 1x, https:\/\/i0.wp.com\/noticiasribeiraopreto.com.br\/wp-content\/uploads\/2025\/05\/Copia-de-Copia-de-Copia-de-TAMANHO-EXATO-PARA-FOTOS-NO-SISTEMA-NOVO-43_2025-05-06_00-32-13.webp.webp?fit=1200%2C675&ssl=1&resize=525%2C300 1.5x, https:\/\/i0.wp.com\/noticiasribeiraopreto.com.br\/wp-content\/uploads\/2025\/05\/Copia-de-Copia-de-Copia-de-TAMANHO-EXATO-PARA-FOTOS-NO-SISTEMA-NOVO-43_2025-05-06_00-32-13.webp.webp?fit=1200%2C675&ssl=1&resize=700%2C400 2x, https:\/\/i0.wp.com\/noticiasribeiraopreto.com.br\/wp-content\/uploads\/2025\/05\/Copia-de-Copia-de-Copia-de-TAMANHO-EXATO-PARA-FOTOS-NO-SISTEMA-NOVO-43_2025-05-06_00-32-13.webp.webp?fit=1200%2C675&ssl=1&resize=1050%2C600 3x"},"classes":[]},{"id":32745,"url":"https:\/\/noticiasribeiraopreto.com.br\/index.php\/2024\/01\/26\/exposicao-centenario-da-cerveja-niger-e-prorrogada-ate-fevereiro\/","url_meta":{"origin":4989,"position":3},"title":"Exposi\u00e7\u00e3o \u201cCenten\u00e1rio da Cerveja Niger\u201d \u00e9 prorrogada at\u00e9 fevereiro \u2013 Folha de Ribeir\u00e3o","author":"noticiasribeiraopreto.com.br","date":"26 de January de 2024","format":false,"excerpt":"A exposi\u00e7\u00e3o \u201cCenten\u00e1rio da Cerveja Niger\u201d que estreou em dezembro e teve a sua temporada no Centro Cultural Palace de Ribeir\u00e3o Preto, foi prorrogada at\u00e9 o pr\u00f3ximo dia 03 de fevereiro. Ela apresenta e celebra a centen\u00e1ria trajet\u00f3ria da Cerveja Niger, uma marca emblem\u00e1tica da hist\u00f3rica Cervejaria Paulista. Ao lado\u2026","rel":"","context":"In &quot;Not\u00edcias de Ribeir\u00e3o Preto-SP e Regi\u00e3o&quot;","block_context":{"text":"Not\u00edcias de Ribeir\u00e3o Preto-SP e Regi\u00e3o","link":"https:\/\/noticiasribeiraopreto.com.br\/index.php\/category\/noticias-de-ribeirao-preto-sp-e-regiao-ismael-colosi\/"},"img":{"alt_text":"","src":"https:\/\/i0.wp.com\/noticiasribeiraopreto.com.br\/wp-content\/uploads\/2024\/01\/exposicao_niger_1.jpeg?fit=1200%2C900&ssl=1&resize=350%2C200","width":350,"height":200,"srcset":"https:\/\/i0.wp.com\/noticiasribeiraopreto.com.br\/wp-content\/uploads\/2024\/01\/exposicao_niger_1.jpeg?fit=1200%2C900&ssl=1&resize=350%2C200 1x, https:\/\/i0.wp.com\/noticiasribeiraopreto.com.br\/wp-content\/uploads\/2024\/01\/exposicao_niger_1.jpeg?fit=1200%2C900&ssl=1&resize=525%2C300 1.5x, https:\/\/i0.wp.com\/noticiasribeiraopreto.com.br\/wp-content\/uploads\/2024\/01\/exposicao_niger_1.jpeg?fit=1200%2C900&ssl=1&resize=700%2C400 2x, https:\/\/i0.wp.com\/noticiasribeiraopreto.com.br\/wp-content\/uploads\/2024\/01\/exposicao_niger_1.jpeg?fit=1200%2C900&ssl=1&resize=1050%2C600 3x"},"classes":[]},{"id":78007,"url":"https:\/\/noticiasribeiraopreto.com.br\/index.php\/2025\/09\/30\/venda-de-cerveja-em-estadios-de-futebol-deve-ser-liberada-em-sp-entenda\/","url_meta":{"origin":4989,"position":4},"title":"Venda de cerveja em est\u00e1dios de futebol deve ser liberada em SP; Entenda","author":"noticiasribeiraopreto.com.br","date":"30 de September de 2025","format":false,"excerpt":"A venda de cerveja com \u00e1lcool nos est\u00e1dios de futebol deve ser liberada em S\u00e3o Paulo. O Governo de S\u00e3o Paulo, o MP-SP (Minist\u00e9rio P\u00fablico de S\u00e3o Paulo), a Pol\u00edcia Militar e a Defensoria P\u00fablica chegaram um acordo para que o com\u00e9rcio de cerveja seja liberado. A informa\u00e7\u00e3o foi confirmada\u2026","rel":"","context":"In &quot;Not\u00edcias de Ribeir\u00e3o Preto-SP e Regi\u00e3o&quot;","block_context":{"text":"Not\u00edcias de Ribeir\u00e3o Preto-SP e Regi\u00e3o","link":"https:\/\/noticiasribeiraopreto.com.br\/index.php\/category\/noticias-de-ribeirao-preto-sp-e-regiao-ismael-colosi\/"},"img":{"alt_text":"","src":"https:\/\/i0.wp.com\/noticiasribeiraopreto.com.br\/wp-content\/uploads\/2025\/06\/Copia-de-Copia-de-Copia-de-TAMANHO-EXATO-PARA-FOTOS-NO-SISTEMA-NOVO-2024-12-23T124251.755_2024-12-23_15-42-58_png_2024-12-23_15-42-58.webp.webp?fit=1200%2C675&ssl=1&resize=350%2C200","width":350,"height":200,"srcset":"https:\/\/i0.wp.com\/noticiasribeiraopreto.com.br\/wp-content\/uploads\/2025\/06\/Copia-de-Copia-de-Copia-de-TAMANHO-EXATO-PARA-FOTOS-NO-SISTEMA-NOVO-2024-12-23T124251.755_2024-12-23_15-42-58_png_2024-12-23_15-42-58.webp.webp?fit=1200%2C675&ssl=1&resize=350%2C200 1x, https:\/\/i0.wp.com\/noticiasribeiraopreto.com.br\/wp-content\/uploads\/2025\/06\/Copia-de-Copia-de-Copia-de-TAMANHO-EXATO-PARA-FOTOS-NO-SISTEMA-NOVO-2024-12-23T124251.755_2024-12-23_15-42-58_png_2024-12-23_15-42-58.webp.webp?fit=1200%2C675&ssl=1&resize=525%2C300 1.5x, https:\/\/i0.wp.com\/noticiasribeiraopreto.com.br\/wp-content\/uploads\/2025\/06\/Copia-de-Copia-de-Copia-de-TAMANHO-EXATO-PARA-FOTOS-NO-SISTEMA-NOVO-2024-12-23T124251.755_2024-12-23_15-42-58_png_2024-12-23_15-42-58.webp.webp?fit=1200%2C675&ssl=1&resize=700%2C400 2x, https:\/\/i0.wp.com\/noticiasribeiraopreto.com.br\/wp-content\/uploads\/2025\/06\/Copia-de-Copia-de-Copia-de-TAMANHO-EXATO-PARA-FOTOS-NO-SISTEMA-NOVO-2024-12-23T124251.755_2024-12-23_15-42-58_png_2024-12-23_15-42-58.webp.webp?fit=1200%2C675&ssl=1&resize=1050%2C600 3x"},"classes":[]},{"id":53602,"url":"https:\/\/noticiasribeiraopreto.com.br\/index.php\/2024\/06\/21\/ribeirao-recebe-festival-de-cerveja-artesanal-com-shows-de-rock-entrada-e-gratuita\/","url_meta":{"origin":4989,"position":5},"title":"Ribeir\u00e3o recebe festival de cerveja artesanal com shows de rock; entrada \u00e9 gratuita","author":"noticiasribeiraopreto.com.br","date":"21 de June de 2024","format":false,"excerpt":"O Palco Orgulho RP, no estacionamento do Teatro Municipal, no Morro do S\u00e3o Bento, recebe neste s\u00e1bado (22), a partir das 14h, o \u201cRibeir\u00e3o Beer Festival\u201d, um festival de cerveja artesanal com shows de rock ao vivo e com entrada gratuita. O evento celebra os 168 anos de Ribeir\u00e3o Preto.\u2026","rel":"","context":"In &quot;Not\u00edcias de Ribeir\u00e3o Preto-SP e Regi\u00e3o&quot;","block_context":{"text":"Not\u00edcias de Ribeir\u00e3o Preto-SP e Regi\u00e3o","link":"https:\/\/noticiasribeiraopreto.com.br\/index.php\/category\/noticias-de-ribeirao-preto-sp-e-regiao-ismael-colosi\/"},"img":{"alt_text":"","src":"https:\/\/i0.wp.com\/noticiasribeiraopreto.com.br\/wp-content\/uploads\/2024\/06\/pexels-elevate-1269043_2024-06-21_14-40-13_jpg_2024-06-21_14-40-16-scaled.webp.webp?fit=1200%2C801&ssl=1&resize=350%2C200","width":350,"height":200,"srcset":"https:\/\/i0.wp.com\/noticiasribeiraopreto.com.br\/wp-content\/uploads\/2024\/06\/pexels-elevate-1269043_2024-06-21_14-40-13_jpg_2024-06-21_14-40-16-scaled.webp.webp?fit=1200%2C801&ssl=1&resize=350%2C200 1x, https:\/\/i0.wp.com\/noticiasribeiraopreto.com.br\/wp-content\/uploads\/2024\/06\/pexels-elevate-1269043_2024-06-21_14-40-13_jpg_2024-06-21_14-40-16-scaled.webp.webp?fit=1200%2C801&ssl=1&resize=525%2C300 1.5x, https:\/\/i0.wp.com\/noticiasribeiraopreto.com.br\/wp-content\/uploads\/2024\/06\/pexels-elevate-1269043_2024-06-21_14-40-13_jpg_2024-06-21_14-40-16-scaled.webp.webp?fit=1200%2C801&ssl=1&resize=700%2C400 2x, https:\/\/i0.wp.com\/noticiasribeiraopreto.com.br\/wp-content\/uploads\/2024\/06\/pexels-elevate-1269043_2024-06-21_14-40-13_jpg_2024-06-21_14-40-16-scaled.webp.webp?fit=1200%2C801&ssl=1&resize=1050%2C600 3x"},"classes":[]}],"jetpack_sharing_enabled":true,"jetpack_shortlink":"https:\/\/wp.me\/peQAOb-1it","_links":{"self":[{"href":"https:\/\/noticiasribeiraopreto.com.br\/index.php\/wp-json\/wp\/v2\/posts\/4989","targetHints":{"allow":["GET"]}}],"collection":[{"href":"https:\/\/noticiasribeiraopreto.com.br\/index.php\/wp-json\/wp\/v2\/posts"}],"about":[{"href":"https:\/\/noticiasribeiraopreto.com.br\/index.php\/wp-json\/wp\/v2\/types\/post"}],"author":[{"embeddable":true,"href":"https:\/\/noticiasribeiraopreto.com.br\/index.php\/wp-json\/wp\/v2\/users\/1"}],"replies":[{"embeddable":true,"href":"https:\/\/noticiasribeiraopreto.com.br\/index.php\/wp-json\/wp\/v2\/comments?post=4989"}],"version-history":[{"count":0,"href":"https:\/\/noticiasribeiraopreto.com.br\/index.php\/wp-json\/wp\/v2\/posts\/4989\/revisions"}],"wp:featuredmedia":[{"embeddable":true,"href":"https:\/\/noticiasribeiraopreto.com.br\/index.php\/wp-json\/wp\/v2\/media\/4990"}],"wp:attachment":[{"href":"https:\/\/noticiasribeiraopreto.com.br\/index.php\/wp-json\/wp\/v2\/media?parent=4989"}],"wp:term":[{"taxonomy":"category","embeddable":true,"href":"https:\/\/noticiasribeiraopreto.com.br\/index.php\/wp-json\/wp\/v2\/categories?post=4989"},{"taxonomy":"post_tag","embeddable":true,"href":"https:\/\/noticiasribeiraopreto.com.br\/index.php\/wp-json\/wp\/v2\/tags?post=4989"}],"curies":[{"name":"wp","href":"https:\/\/api.w.org\/{rel}","templated":true}]}}