{"id":50044,"date":"2024-05-14T14:36:54","date_gmt":"2024-05-14T17:36:54","guid":{"rendered":"https:\/\/noticiasribeiraopreto.com.br\/index.php\/2024\/05\/14\/mia-goth-vive-estrela-em-ascensao-no-primeiro-trailer-de-maxxxine\/"},"modified":"2024-05-14T14:36:54","modified_gmt":"2024-05-14T17:36:54","slug":"mia-goth-vive-estrela-em-ascensao-no-primeiro-trailer-de-maxxxine","status":"publish","type":"post","link":"https:\/\/noticiasribeiraopreto.com.br\/index.php\/2024\/05\/14\/mia-goth-vive-estrela-em-ascensao-no-primeiro-trailer-de-maxxxine\/","title":{"rendered":"Mia Goth vive estrela em ascens\u00e3o no primeiro trailer de MaXXXine"},"content":{"rendered":"<div class='code-block code-block-1' style='margin: 8px 0 8px auto; text-align: right; display: block; clear: both;'>\n<p><a href=\"https:\/\/wa.link\/vpicfd\"><img data-recalc-dims=\"1\" class=\"wp-image-4922\" style=\"aspect-ratio: 2.0253164556962027; width: 561px; height: auto;\" src=\"https:\/\/i0.wp.com\/ismaelcolosi.com.br\/wp-content\/uploads\/2023\/11\/grupo-de-empregos-whatsapp-e-facebook-ismael-colosi-vagas.jpg?ssl=1\" alt=\"\" \/><\/a><\/p>\n<!-- \/wp:image -->\n<\/div>\n<p> <br \/>\n<\/p>\n<div>\n<h3 class=\"fn__maintitle\"><span>Mia Goth vive estrela em ascens\u00e3o no primeiro trailer de MaXXXine<\/span><\/h3>\n<\/div>\n<div>\n<p style=\"text-align: center;\"><strong><i>No terceiro cap\u00edtulo da franquia criada por Ti West, atriz retorna ao papel de Maxine Minx, que parte em busca da fama ap\u00f3s os acontecimentos de X \u2013 A Marca da Morte<\/i>\u00a0<\/strong><\/p>\n<p>A Universal Pictures divulgou nesta segunda-feira (13) o primeiro trailer de\u00a0<i><strong>MaXXXine<\/strong><\/i>, terceira e \u00faltima parte da trilogia idealizada por Ti West que conta com\u00a0<i>X \u2013 A Marca da Mort<\/i>e e\u00a0<i>Pearl<\/i>.<\/p>\n<p>No derradeiro cap\u00edtulo, ambientado nos anos 1980, Mia Goth est\u00e1 de volta como Maxine Minx, personagem que sobreviveu aos acontecimentos do primeiro filme da s\u00e9rie, e que agora est\u00e1 em busca da t\u00e3o sonhada carreira como atriz em Hollywood. Mas al\u00e9m dos testes de elenco, a protagonista desta vez ter\u00e1 que se esfor\u00e7ar para resistir \u00e0s amea\u00e7as de ataque do Perseguidor Noturno, assassino em s\u00e9rie que est\u00e1 aterrorizando a regi\u00e3o.<\/p>\n<p>Com roteiro e dire\u00e7\u00e3o de Ti West,\u00a0<i><strong>MaXXXine<\/strong><\/i>\u00a0tamb\u00e9m conta com Halsey, Lily Collins, Elizabeth Debicki, Kevin Bacon e Giancarlo Esposito no elenco. O filme est\u00e1 programado para estrear em breve nos cinemas brasileiros. Para mais informa\u00e7\u00f5es, consulte o cinema de sua cidade.<\/p>\n<p>\u00a0<\/p>\n<div class=\"popito_fn_votewrap\">\n<h3 class=\"vote_title\">Como voc\u00ea vota? <\/h3>\n<div class=\"popito_fn_votes \" data-id=\"2666\">\n<p>0 People voted this article. 0 Upvotes &#8211; 0 Downvotes.<\/p>\n<\/div>\n<\/div>\n<\/div>\n<p><br \/>\n<br \/><a href=\"https:\/\/popito.com.br\/mia-goth-vive-estrela-em-ascensao-no-primeiro-trailer-de-maxxxine\/\">Source link <\/a><\/p>\n<!-- CONTENT END 1 -->\n","protected":false},"excerpt":{"rendered":"<p>Mia Goth vive estrela em ascens\u00e3o no primeiro trailer de MaXXXine No terceiro cap\u00edtulo da franquia criada por Ti West, atriz retorna ao papel de&#8230;<\/p>\n","protected":false},"author":1,"featured_media":50045,"comment_status":"open","ping_status":"open","sticky":false,"template":"","format":"standard","meta":{"advanced_seo_description":"","jetpack_seo_html_title":"","jetpack_seo_noindex":false,"jetpack_post_was_ever_published":false,"_jetpack_newsletter_access":"","_jetpack_dont_email_post_to_subs":false,"_jetpack_newsletter_tier_id":0,"_jetpack_memberships_contains_paywalled_content":false,"_jetpack_memberships_contains_paid_content":false,"footnotes":"","jetpack_publicize_message":"","jetpack_publicize_feature_enabled":true,"jetpack_social_post_already_shared":true,"jetpack_social_options":{"image_generator_settings":{"template":"highway","default_image_id":0,"font":"","enabled":false},"version":2}},"categories":[11],"tags":[5814,5603,5813,5815,5812,2279,5328,2022],"class_list":["post-50044","post","type-post","status-publish","format-standard","has-post-thumbnail","hentry","category-noticias-de-ribeirao-preto-sp-e-regiao-ismael-colosi","tag-ascensao","tag-estrela","tag-goth","tag-maxxxine","tag-mia","tag-primeiro","tag-trailer","tag-vive"],"jetpack_publicize_connections":[],"jetpack_featured_media_url":"https:\/\/i0.wp.com\/noticiasribeiraopreto.com.br\/wp-content\/uploads\/2024\/05\/maxxxine-mia-goth-halsey.jpg?fit=1800%2C1200&ssl=1","jetpack-related-posts":[{"id":54464,"url":"https:\/\/noticiasribeiraopreto.com.br\/index.php\/2024\/07\/11\/como-vender-a-lua-e-twisters-estao-entre-os-lancamentos-nos-cinemas-confira\/","url_meta":{"origin":50044,"position":0},"title":"\u2018Como Vender a Lua\u2019 e \u2018Twisters\u2019 est\u00e3o entre os lan\u00e7amentos nos cinemas; Confira","author":"noticiasribeiraopreto.com.br","date":"11 de July de 2024","format":false,"excerpt":"Os cinemas de Ribeir\u00e3o Preto recebem novidades nesta quinta-feira (11). Os lan\u00e7amentos trazem divers\u00e3o para todas as idades, com filmes de aventura infantil e terror. \u201cComo Vender a Lua\u201d e \u201cTwisters\u201d est\u00e3o entre os destaques. Confira: Ribeir\u00e3o Preto conta com quatro cinemas, o UCI localizado no Ribeir\u00e3o Shopping, o Cinep\u00f3lis,\u2026","rel":"","context":"In &quot;Not\u00edcias de Ribeir\u00e3o Preto-SP e Regi\u00e3o&quot;","block_context":{"text":"Not\u00edcias de Ribeir\u00e3o Preto-SP e Regi\u00e3o","link":"https:\/\/noticiasribeiraopreto.com.br\/index.php\/category\/noticias-de-ribeirao-preto-sp-e-regiao-ismael-colosi\/"},"img":{"alt_text":"","src":"https:\/\/i0.wp.com\/noticiasribeiraopreto.com.br\/wp-content\/uploads\/2024\/07\/Como-Vender-a-Lua-veja-o-trailer-do-novo-filme-com-Channing-Tatum-e-Scarlett-Johanson_2024-07-11_12-25-12_jpg_2024-07-11_12-25-12.webp.webp?fit=1200%2C750&ssl=1&resize=350%2C200","width":350,"height":200,"srcset":"https:\/\/i0.wp.com\/noticiasribeiraopreto.com.br\/wp-content\/uploads\/2024\/07\/Como-Vender-a-Lua-veja-o-trailer-do-novo-filme-com-Channing-Tatum-e-Scarlett-Johanson_2024-07-11_12-25-12_jpg_2024-07-11_12-25-12.webp.webp?fit=1200%2C750&ssl=1&resize=350%2C200 1x, https:\/\/i0.wp.com\/noticiasribeiraopreto.com.br\/wp-content\/uploads\/2024\/07\/Como-Vender-a-Lua-veja-o-trailer-do-novo-filme-com-Channing-Tatum-e-Scarlett-Johanson_2024-07-11_12-25-12_jpg_2024-07-11_12-25-12.webp.webp?fit=1200%2C750&ssl=1&resize=525%2C300 1.5x, https:\/\/i0.wp.com\/noticiasribeiraopreto.com.br\/wp-content\/uploads\/2024\/07\/Como-Vender-a-Lua-veja-o-trailer-do-novo-filme-com-Channing-Tatum-e-Scarlett-Johanson_2024-07-11_12-25-12_jpg_2024-07-11_12-25-12.webp.webp?fit=1200%2C750&ssl=1&resize=700%2C400 2x, https:\/\/i0.wp.com\/noticiasribeiraopreto.com.br\/wp-content\/uploads\/2024\/07\/Como-Vender-a-Lua-veja-o-trailer-do-novo-filme-com-Channing-Tatum-e-Scarlett-Johanson_2024-07-11_12-25-12_jpg_2024-07-11_12-25-12.webp.webp?fit=1200%2C750&ssl=1&resize=1050%2C600 3x"},"classes":[]},{"id":49116,"url":"https:\/\/noticiasribeiraopreto.com.br\/index.php\/2024\/05\/08\/o-taro-da-morte-ganha-trailer-ao-som-de-escrito-nas-estrelas-hit-de-tete-espindola\/","url_meta":{"origin":50044,"position":1},"title":"\u2018O Tar\u00f4 da Morte\u2019 ganha trailer ao som de \u2018Escrito Nas Estrelas\u2019, hit de Tet\u00ea Esp\u00edndola","author":"noticiasribeiraopreto.com.br","date":"8 de May de 2024","format":false,"excerpt":"Casa \/ Cinema \/ \u2018O Tar\u00f4 da Morte\u2019 ganha trailer ao som de \u2018Escrito Nas Estrelas\u2019, hit de Tet\u00ea Esp\u00edndola\u2018O Tar\u00f4 da Morte\u2019 ganha trailer ao som de \u2018Escrito Nas Estrelas\u2019, hit de Tet\u00ea Esp\u00edndolaTerror chega aos cinemas brasileiros em 16 de maio trazendo previs\u00f5es assustadoras Tet\u00ea Esp\u00edndola cantava nos\u2026","rel":"","context":"In &quot;Not\u00edcias de Ribeir\u00e3o Preto-SP e Regi\u00e3o&quot;","block_context":{"text":"Not\u00edcias de Ribeir\u00e3o Preto-SP e Regi\u00e3o","link":"https:\/\/noticiasribeiraopreto.com.br\/index.php\/category\/noticias-de-ribeirao-preto-sp-e-regiao-ismael-colosi\/"},"img":{"alt_text":"","src":"https:\/\/i0.wp.com\/noticiasribeiraopreto.com.br\/wp-content\/uploads\/2024\/05\/taro-da-morte.jpg?fit=1200%2C675&ssl=1&resize=350%2C200","width":350,"height":200,"srcset":"https:\/\/i0.wp.com\/noticiasribeiraopreto.com.br\/wp-content\/uploads\/2024\/05\/taro-da-morte.jpg?fit=1200%2C675&ssl=1&resize=350%2C200 1x, https:\/\/i0.wp.com\/noticiasribeiraopreto.com.br\/wp-content\/uploads\/2024\/05\/taro-da-morte.jpg?fit=1200%2C675&ssl=1&resize=525%2C300 1.5x, https:\/\/i0.wp.com\/noticiasribeiraopreto.com.br\/wp-content\/uploads\/2024\/05\/taro-da-morte.jpg?fit=1200%2C675&ssl=1&resize=700%2C400 2x, https:\/\/i0.wp.com\/noticiasribeiraopreto.com.br\/wp-content\/uploads\/2024\/05\/taro-da-morte.jpg?fit=1200%2C675&ssl=1&resize=1050%2C600 3x"},"classes":[]},{"id":59201,"url":"https:\/\/noticiasribeiraopreto.com.br\/index.php\/2024\/10\/17\/sorria-2-e-o-aprendiz-veja-as-estreias-dos-cinemas-de-ribeirao-preto\/","url_meta":{"origin":50044,"position":2},"title":"\u2018Sorria 2\u2019 e \u2018O Aprendiz\u2019: Veja as estreias dos cinemas de Ribeir\u00e3o Preto","author":"noticiasribeiraopreto.com.br","date":"17 de October de 2024","format":false,"excerpt":"Os cinemas de Ribeir\u00e3o Preto contam com cinco novos filmes na programa\u00e7\u00e3o a partir desta quinta-feira (17). Entre os g\u00eaneros, est\u00e3o anima\u00e7\u00e3o, terror e document\u00e1rio. Os destaques s\u00e3o os filmes \u201cSorria 2\u201d e \u201cO Aprendiz\u201c, que conta a hist\u00f3ria de Donald Trump. Ribeir\u00e3o Preto tem quatro cinemas nos shoppings, o\u2026","rel":"","context":"In &quot;Not\u00edcias de Ribeir\u00e3o Preto-SP e Regi\u00e3o&quot;","block_context":{"text":"Not\u00edcias de Ribeir\u00e3o Preto-SP e Regi\u00e3o","link":"https:\/\/noticiasribeiraopreto.com.br\/index.php\/category\/noticias-de-ribeirao-preto-sp-e-regiao-ismael-colosi\/"},"img":{"alt_text":"","src":"https:\/\/i0.wp.com\/noticiasribeiraopreto.com.br\/wp-content\/uploads\/2024\/10\/1728910365670d141dc469b_1728910365_3x2_md_2024-10-17_13-44-37_jpg_2024-10-17_13-44-37.webp.webp?fit=768%2C512&ssl=1&resize=350%2C200","width":350,"height":200,"srcset":"https:\/\/i0.wp.com\/noticiasribeiraopreto.com.br\/wp-content\/uploads\/2024\/10\/1728910365670d141dc469b_1728910365_3x2_md_2024-10-17_13-44-37_jpg_2024-10-17_13-44-37.webp.webp?fit=768%2C512&ssl=1&resize=350%2C200 1x, https:\/\/i0.wp.com\/noticiasribeiraopreto.com.br\/wp-content\/uploads\/2024\/10\/1728910365670d141dc469b_1728910365_3x2_md_2024-10-17_13-44-37_jpg_2024-10-17_13-44-37.webp.webp?fit=768%2C512&ssl=1&resize=525%2C300 1.5x, https:\/\/i0.wp.com\/noticiasribeiraopreto.com.br\/wp-content\/uploads\/2024\/10\/1728910365670d141dc469b_1728910365_3x2_md_2024-10-17_13-44-37_jpg_2024-10-17_13-44-37.webp.webp?fit=768%2C512&ssl=1&resize=700%2C400 2x"},"classes":[]},{"id":45465,"url":"https:\/\/noticiasribeiraopreto.com.br\/index.php\/2024\/04\/04\/confira-os-lancamentos-dos-cinemas-em-ribeirao-preto-assista-aos-trailers\/","url_meta":{"origin":50044,"position":3},"title":"Confira os lan\u00e7amentos dos cinemas em Ribeir\u00e3o Preto; Assista aos trailers","author":"noticiasribeiraopreto.com.br","date":"4 de April de 2024","format":false,"excerpt":"Os cinemas de Ribeir\u00e3o Preto t\u00eam estreias de filmes nacionais e internacionais de diferentes g\u00eaneros: \u201cUma Fam\u00edlia Feliz\u201d, \u201cUma Prova de Coragem\u201d e \u201cA Primeira Profecia\u201d s\u00e3o alguns dos nomes que chegam \u00e0s telas nesta quinta-feira (4). Confira: Uma Fam\u00edlia Feliz O drama brasileiro dirigido por Jos\u00e9 Eduardo Belmonte conta\u2026","rel":"","context":"In &quot;Not\u00edcias de Ribeir\u00e3o Preto-SP e Regi\u00e3o&quot;","block_context":{"text":"Not\u00edcias de Ribeir\u00e3o Preto-SP e Regi\u00e3o","link":"https:\/\/noticiasribeiraopreto.com.br\/index.php\/category\/noticias-de-ribeirao-preto-sp-e-regiao-ismael-colosi\/"},"img":{"alt_text":"","src":"https:\/\/i0.wp.com\/noticiasribeiraopreto.com.br\/wp-content\/uploads\/2024\/04\/uma-familia-perfeita-reynaldo-gianecchini-e-grazi-massafera_8432.jpeg?fit=1200%2C675&ssl=1&resize=350%2C200","width":350,"height":200,"srcset":"https:\/\/i0.wp.com\/noticiasribeiraopreto.com.br\/wp-content\/uploads\/2024\/04\/uma-familia-perfeita-reynaldo-gianecchini-e-grazi-massafera_8432.jpeg?fit=1200%2C675&ssl=1&resize=350%2C200 1x, https:\/\/i0.wp.com\/noticiasribeiraopreto.com.br\/wp-content\/uploads\/2024\/04\/uma-familia-perfeita-reynaldo-gianecchini-e-grazi-massafera_8432.jpeg?fit=1200%2C675&ssl=1&resize=525%2C300 1.5x, https:\/\/i0.wp.com\/noticiasribeiraopreto.com.br\/wp-content\/uploads\/2024\/04\/uma-familia-perfeita-reynaldo-gianecchini-e-grazi-massafera_8432.jpeg?fit=1200%2C675&ssl=1&resize=700%2C400 2x, https:\/\/i0.wp.com\/noticiasribeiraopreto.com.br\/wp-content\/uploads\/2024\/04\/uma-familia-perfeita-reynaldo-gianecchini-e-grazi-massafera_8432.jpeg?fit=1200%2C675&ssl=1&resize=1050%2C600 3x"},"classes":[]},{"id":45473,"url":"https:\/\/noticiasribeiraopreto.com.br\/index.php\/2024\/04\/04\/confira-os-lancamentos-nos-cinemas-em-ribeirao-preto-assista-aos-trailers\/","url_meta":{"origin":50044,"position":4},"title":"Confira os lan\u00e7amentos nos cinemas em Ribeir\u00e3o Preto; Assista aos trailers","author":"noticiasribeiraopreto.com.br","date":"4 de April de 2024","format":false,"excerpt":"Os cinemas de Ribeir\u00e3o Preto t\u00eam estreias de filmes nacionais e internacionais de diferentes g\u00eaneros: \u201cUma Fam\u00edlia Feliz\u201d, \u201cUma Prova de Coragem\u201d e \u201cA Primeira Profecia\u201d s\u00e3o alguns dos nomes que chegam \u00e0s telas nesta quinta-feira (4). Confira: Uma Fam\u00edlia Feliz O drama brasileiro dirigido por Jos\u00e9 Eduardo Belmonte conta\u2026","rel":"","context":"In &quot;Not\u00edcias de Ribeir\u00e3o Preto-SP e Regi\u00e3o&quot;","block_context":{"text":"Not\u00edcias de Ribeir\u00e3o Preto-SP e Regi\u00e3o","link":"https:\/\/noticiasribeiraopreto.com.br\/index.php\/category\/noticias-de-ribeirao-preto-sp-e-regiao-ismael-colosi\/"},"img":{"alt_text":"","src":"https:\/\/i0.wp.com\/noticiasribeiraopreto.com.br\/wp-content\/uploads\/2024\/04\/1712253796_uma-familia-perfeita-reynaldo-gianecchini-e-grazi-massafera_8432.jpeg?fit=1200%2C675&ssl=1&resize=350%2C200","width":350,"height":200,"srcset":"https:\/\/i0.wp.com\/noticiasribeiraopreto.com.br\/wp-content\/uploads\/2024\/04\/1712253796_uma-familia-perfeita-reynaldo-gianecchini-e-grazi-massafera_8432.jpeg?fit=1200%2C675&ssl=1&resize=350%2C200 1x, https:\/\/i0.wp.com\/noticiasribeiraopreto.com.br\/wp-content\/uploads\/2024\/04\/1712253796_uma-familia-perfeita-reynaldo-gianecchini-e-grazi-massafera_8432.jpeg?fit=1200%2C675&ssl=1&resize=525%2C300 1.5x, https:\/\/i0.wp.com\/noticiasribeiraopreto.com.br\/wp-content\/uploads\/2024\/04\/1712253796_uma-familia-perfeita-reynaldo-gianecchini-e-grazi-massafera_8432.jpeg?fit=1200%2C675&ssl=1&resize=700%2C400 2x, https:\/\/i0.wp.com\/noticiasribeiraopreto.com.br\/wp-content\/uploads\/2024\/04\/1712253796_uma-familia-perfeita-reynaldo-gianecchini-e-grazi-massafera_8432.jpeg?fit=1200%2C675&ssl=1&resize=1050%2C600 3x"},"classes":[]},{"id":45960,"url":"https:\/\/noticiasribeiraopreto.com.br\/index.php\/2024\/04\/08\/zendaya-e-uma-atriz-vibrante-afirma-luca-guadagnino-sobre-protagonismo-da-artista-em-rivais\/","url_meta":{"origin":50044,"position":5},"title":"&#8220;Zendaya \u00e9 uma atriz vibrante&#8221;, afirma Luca Guadagnino sobre protagonismo da artista em Rivais","author":"noticiasribeiraopreto.com.br","date":"8 de April de 2024","format":false,"excerpt":"\u201cZendaya \u00e9 uma atriz vibrante\u201d, afirma Luca Guadagnino sobre protagonismo da artista em RivaisFilme que estreia em 25 de abril nos cinemas brasileiros marca o primeiro trabalho do diretor italiano com a vencedora do Emmy de Melhor Atriz Em reta final para a estreia de\u00a0Rivais, que chega aos cinemas no\u2026","rel":"","context":"In &quot;Not\u00edcias de Ribeir\u00e3o Preto-SP e Regi\u00e3o&quot;","block_context":{"text":"Not\u00edcias de Ribeir\u00e3o Preto-SP e Regi\u00e3o","link":"https:\/\/noticiasribeiraopreto.com.br\/index.php\/category\/noticias-de-ribeirao-preto-sp-e-regiao-ismael-colosi\/"},"img":{"alt_text":"","src":"https:\/\/i0.wp.com\/noticiasribeiraopreto.com.br\/wp-content\/uploads\/2024\/04\/Zendaya.webp.webp?fit=1200%2C676&ssl=1&resize=350%2C200","width":350,"height":200,"srcset":"https:\/\/i0.wp.com\/noticiasribeiraopreto.com.br\/wp-content\/uploads\/2024\/04\/Zendaya.webp.webp?fit=1200%2C676&ssl=1&resize=350%2C200 1x, https:\/\/i0.wp.com\/noticiasribeiraopreto.com.br\/wp-content\/uploads\/2024\/04\/Zendaya.webp.webp?fit=1200%2C676&ssl=1&resize=525%2C300 1.5x, https:\/\/i0.wp.com\/noticiasribeiraopreto.com.br\/wp-content\/uploads\/2024\/04\/Zendaya.webp.webp?fit=1200%2C676&ssl=1&resize=700%2C400 2x, https:\/\/i0.wp.com\/noticiasribeiraopreto.com.br\/wp-content\/uploads\/2024\/04\/Zendaya.webp.webp?fit=1200%2C676&ssl=1&resize=1050%2C600 3x"},"classes":[]}],"jetpack_sharing_enabled":true,"jetpack_shortlink":"https:\/\/wp.me\/peQAOb-d1a","_links":{"self":[{"href":"https:\/\/noticiasribeiraopreto.com.br\/index.php\/wp-json\/wp\/v2\/posts\/50044","targetHints":{"allow":["GET"]}}],"collection":[{"href":"https:\/\/noticiasribeiraopreto.com.br\/index.php\/wp-json\/wp\/v2\/posts"}],"about":[{"href":"https:\/\/noticiasribeiraopreto.com.br\/index.php\/wp-json\/wp\/v2\/types\/post"}],"author":[{"embeddable":true,"href":"https:\/\/noticiasribeiraopreto.com.br\/index.php\/wp-json\/wp\/v2\/users\/1"}],"replies":[{"embeddable":true,"href":"https:\/\/noticiasribeiraopreto.com.br\/index.php\/wp-json\/wp\/v2\/comments?post=50044"}],"version-history":[{"count":0,"href":"https:\/\/noticiasribeiraopreto.com.br\/index.php\/wp-json\/wp\/v2\/posts\/50044\/revisions"}],"wp:featuredmedia":[{"embeddable":true,"href":"https:\/\/noticiasribeiraopreto.com.br\/index.php\/wp-json\/wp\/v2\/media\/50045"}],"wp:attachment":[{"href":"https:\/\/noticiasribeiraopreto.com.br\/index.php\/wp-json\/wp\/v2\/media?parent=50044"}],"wp:term":[{"taxonomy":"category","embeddable":true,"href":"https:\/\/noticiasribeiraopreto.com.br\/index.php\/wp-json\/wp\/v2\/categories?post=50044"},{"taxonomy":"post_tag","embeddable":true,"href":"https:\/\/noticiasribeiraopreto.com.br\/index.php\/wp-json\/wp\/v2\/tags?post=50044"}],"curies":[{"name":"wp","href":"https:\/\/api.w.org\/{rel}","templated":true}]}}