{"id":50048,"date":"2024-05-14T14:45:30","date_gmt":"2024-05-14T17:45:30","guid":{"rendered":"https:\/\/noticiasribeiraopreto.com.br\/index.php\/2024\/05\/14\/incendio-atinge-area-de-vegetacao-e-provoca-muita-fumaca-na-regiao-de-ribeirao-video\/"},"modified":"2024-05-14T14:45:30","modified_gmt":"2024-05-14T17:45:30","slug":"incendio-atinge-area-de-vegetacao-e-provoca-muita-fumaca-na-regiao-de-ribeirao-video","status":"publish","type":"post","link":"https:\/\/noticiasribeiraopreto.com.br\/index.php\/2024\/05\/14\/incendio-atinge-area-de-vegetacao-e-provoca-muita-fumaca-na-regiao-de-ribeirao-video\/","title":{"rendered":"Inc\u00eandio atinge \u00e1rea de vegeta\u00e7\u00e3o e provoca muita fuma\u00e7a na regi\u00e3o de Ribeir\u00e3o; V\u00eddeo"},"content":{"rendered":"<div class='code-block code-block-1' style='margin: 8px 0 8px auto; text-align: right; display: block; clear: both;'>\n<p><a href=\"https:\/\/wa.link\/vpicfd\"><img data-recalc-dims=\"1\" class=\"wp-image-4922\" style=\"aspect-ratio: 2.0253164556962027; width: 561px; height: auto;\" src=\"https:\/\/i0.wp.com\/ismaelcolosi.com.br\/wp-content\/uploads\/2023\/11\/grupo-de-empregos-whatsapp-e-facebook-ismael-colosi-vagas.jpg?ssl=1\" alt=\"\" \/><\/a><\/p>\n<!-- \/wp:image -->\n<\/div>\n<p> <br \/>\n<\/p>\n<div data-td-block-uid=\"tdi_101\">\n<div class=\"tdb-block-inner td-fix-index\">\n<p>Um inc\u00eandio de grandes propor\u00e7\u00f5es atingiu uma \u00e1rea de vegeta\u00e7\u00e3o, em <strong>Franca<\/strong>, na regi\u00e3o de Ribeir\u00e3o Preto, na tarde desta ter\u00e7a-feira (14) \u2013 veja o v\u00eddeo abaixo.<\/p>\n<p>O caso foi registrado na Vila Imperador, na zona Norte de Franca. N\u00e3o h\u00e1 informa\u00e7\u00f5es sobre feridos. De acordo com a <strong>EPTV<\/strong>, o<strong> Corpo de Bombeiros<\/strong> foi acionado at\u00e9 o local, que fica na rua Ir\u00eanio Greco.<\/p>\n<h2 class=\"wp-block-heading\"><strong>VEJA O V\u00cdDEO<\/strong><\/h2>\n<blockquote class=\"instagram-media\" data-instgrm-permalink=\"https:\/\/www.instagram.com\/reel\/C69PJ5qM5_o\/?utm_source=ig_embed&amp;utm_campaign=loading\" data-instgrm-version=\"14\" style=\" background:#FFF; border:0; border-radius:3px; box-shadow:0 0 1px 0 rgba(0,0,0,0.5),0 1px 10px 0 rgba(0,0,0,0.15); margin: 1px; max-width:540px; min-width:326px; padding:0; width:99.375%; width:-webkit-calc(100% - 2px); width:calc(100% - 2px);\"\/>\n<p>Segundo os Bombeiros, este \u00e9 o segundo inc\u00eandio no local em menos de um m\u00eas. <mark style=\"background-color:#fcb900\" class=\"has-inline-color has-black-color\">A fuma\u00e7a cobriu o c\u00e9u da cidade e era poss\u00edvel ver as imagens da zona Sul de Franca.<\/mark><\/p>\n<p>De acordo com a Climatempo, a umidade do ar em Franca neste momento \u00e9 de 47%. J\u00e1 os term\u00f4metros atingiram 29\u00b0C (Com informa\u00e7\u00f5es Kaique Castro\/EPTV).<\/p>\n<p>SAIBA MAIS<br \/>H\u00e1 30 anos: Tempestade provocou mortes e destrui\u00e7\u00e3o em Ribeir\u00e3o Preto<\/p>\n<h4 class=\"wp-block-heading\"><strong>FIQUE ON<\/strong><\/h4>\n<p>Fique ligado em tudo que acontece em Ribeir\u00e3o Preto e regi\u00e3o. Siga os perfis do <strong>acidade on<\/strong> no<a href=\"https:\/\/www.instagram.com\/acidadeonribeirao\" target=\"_blank\" rel=\"noreferrer noopener nofollow\"> Instagram<\/a> e no <a href=\"https:\/\/www.facebook.com\/acidadeonribeirao\/\" target=\"_blank\" rel=\"noreferrer noopener nofollow\">Facebook<\/a>.<\/p>\n<p>Receba not\u00edcias do<strong> acidade on <\/strong>no WhatsApp. <a href=\"https:\/\/chat.whatsapp.com\/CdrZ6xrf7quD44Vw3WlPuZ\" target=\"_blank\" rel=\"noreferrer noopener nofollow\">Para entrar no grupo, basta clicar aqui.<\/a><\/p>\n<p>Fa\u00e7a uma den\u00fancia ou sugira uma reportagem sobre Ribeir\u00e3o Preto e regi\u00e3o pelo WhatsApp: 16 99117 7802.<\/p>\n<p>VEJA TAMB\u00c9M<br \/>Como est\u00e1 Gramado? Rua desmorona ap\u00f3s fortes chuvas<\/p>\n<p><!-- AI CONTENT END 1 -->\n<\/div>\n<\/div>\n<p><script async src=\"\/\/www.instagram.com\/embed.js\"><\/script><br \/>\n<br \/><br \/>\n<br \/><a href=\"https:\/\/www.acidadeon.com\/ribeiraopreto\/cotidiano\/incendio-atinge-area-de-vegetacao-e-provoca-muita-fumaca-na-regiao-de-ribeirao-video\/\">Source link <\/a><\/p>\n<!-- CONTENT END 1 -->\n","protected":false},"excerpt":{"rendered":"<p>Um inc\u00eandio de grandes propor\u00e7\u00f5es atingiu uma \u00e1rea de vegeta\u00e7\u00e3o, em Franca, na regi\u00e3o de Ribeir\u00e3o Preto, na tarde desta ter\u00e7a-feira (14) \u2013 veja o&#8230;<\/p>\n","protected":false},"author":1,"featured_media":50049,"comment_status":"open","ping_status":"open","sticky":false,"template":"","format":"standard","meta":{"advanced_seo_description":"","jetpack_seo_html_title":"","jetpack_seo_noindex":false,"jetpack_post_was_ever_published":false,"_jetpack_newsletter_access":"","_jetpack_dont_email_post_to_subs":false,"_jetpack_newsletter_tier_id":0,"_jetpack_memberships_contains_paywalled_content":false,"_jetpack_memberships_contains_paid_content":false,"footnotes":"","jetpack_publicize_message":"","jetpack_publicize_feature_enabled":true,"jetpack_social_post_already_shared":true,"jetpack_social_options":{"image_generator_settings":{"template":"highway","default_image_id":0,"font":"","enabled":false},"version":2}},"categories":[11],"tags":[],"class_list":["post-50048","post","type-post","status-publish","format-standard","has-post-thumbnail","hentry","category-noticias-de-ribeirao-preto-sp-e-regiao-ismael-colosi"],"jetpack_publicize_connections":[],"jetpack_featured_media_url":"https:\/\/i0.wp.com\/noticiasribeiraopreto.com.br\/wp-content\/uploads\/2024\/05\/AnyConv.com__incendio-franca_2024-05-14_17-27-10.webp.webp?fit=1272%2C712&ssl=1","jetpack-related-posts":[{"id":48620,"url":"https:\/\/noticiasribeiraopreto.com.br\/index.php\/2024\/05\/04\/incendio-atinge-area-com-vegetacao-ao-lado-de-casas-na-regiao-de-ribeirao-veja-video\/","url_meta":{"origin":50048,"position":0},"title":"Inc\u00eandio atinge \u00e1rea com vegeta\u00e7\u00e3o ao lado de casas na regi\u00e3o de Ribeir\u00e3o; Veja v\u00eddeo","author":"noticiasribeiraopreto.com.br","date":"4 de May de 2024","format":false,"excerpt":"Um inc\u00eandio atinge uma \u00e1rea com vegeta\u00e7\u00e3o pr\u00f3xima de casas neste s\u00e1bado (4), no bairro City Petr\u00f3polis, em Franca, cidade a aproximadamente 80 quil\u00f4metros de Ribeir\u00e3o Preto. Assista ao v\u00eddeo abaixo. O Corpo de Bombeiros informou que faz o combate ao fogo no in\u00edcio desta tarde e que n\u00e3o h\u00e1\u2026","rel":"","context":"In &quot;Not\u00edcias de Ribeir\u00e3o Preto-SP e Regi\u00e3o&quot;","block_context":{"text":"Not\u00edcias de Ribeir\u00e3o Preto-SP e Regi\u00e3o","link":"https:\/\/noticiasribeiraopreto.com.br\/index.php\/category\/noticias-de-ribeirao-preto-sp-e-regiao-ismael-colosi\/"},"img":{"alt_text":"","src":"https:\/\/i0.wp.com\/noticiasribeiraopreto.com.br\/wp-content\/uploads\/2024\/05\/WhatsApp-Image-2024-05-04-at-13.29.30_2024-05-04_16-31-00_jpeg_2024-05-04_16-31-00.webp.webp?fit=1200%2C675&ssl=1&resize=350%2C200","width":350,"height":200,"srcset":"https:\/\/i0.wp.com\/noticiasribeiraopreto.com.br\/wp-content\/uploads\/2024\/05\/WhatsApp-Image-2024-05-04-at-13.29.30_2024-05-04_16-31-00_jpeg_2024-05-04_16-31-00.webp.webp?fit=1200%2C675&ssl=1&resize=350%2C200 1x, https:\/\/i0.wp.com\/noticiasribeiraopreto.com.br\/wp-content\/uploads\/2024\/05\/WhatsApp-Image-2024-05-04-at-13.29.30_2024-05-04_16-31-00_jpeg_2024-05-04_16-31-00.webp.webp?fit=1200%2C675&ssl=1&resize=525%2C300 1.5x, https:\/\/i0.wp.com\/noticiasribeiraopreto.com.br\/wp-content\/uploads\/2024\/05\/WhatsApp-Image-2024-05-04-at-13.29.30_2024-05-04_16-31-00_jpeg_2024-05-04_16-31-00.webp.webp?fit=1200%2C675&ssl=1&resize=700%2C400 2x, https:\/\/i0.wp.com\/noticiasribeiraopreto.com.br\/wp-content\/uploads\/2024\/05\/WhatsApp-Image-2024-05-04-at-13.29.30_2024-05-04_16-31-00_jpeg_2024-05-04_16-31-00.webp.webp?fit=1200%2C675&ssl=1&resize=1050%2C600 3x"},"classes":[]},{"id":77117,"url":"https:\/\/noticiasribeiraopreto.com.br\/index.php\/2025\/09\/11\/aguia-da-pm-atua-no-combate-a-incendio-na-regiao-de-ribeirao-preto-veja-o-video\/","url_meta":{"origin":50048,"position":1},"title":"\u00c1guia da PM atua no combate a inc\u00eandio na regi\u00e3o de Ribeir\u00e3o Preto; Veja o v\u00eddeo","author":"noticiasribeiraopreto.com.br","date":"11 de September de 2025","format":false,"excerpt":"A Defesa Civil de S\u00e3o Paulo atua no combate aos inc\u00eandios que atingem \u00e1reas de vegeta\u00e7\u00e3o na regi\u00e3o de Ribeir\u00e3o Preto nesta quinta-feira (11)- veja o v\u00eddeo abaixo. Os agentes atuam em C\u00e1ssia dos Coqueiros e Cajuru, inclusive com o aux\u00edlio de aeronaves, como o helic\u00f3ptero \u00c1guia, da Pol\u00edcia Militar.\u2026","rel":"","context":"In &quot;Not\u00edcias de Ribeir\u00e3o Preto-SP e Regi\u00e3o&quot;","block_context":{"text":"Not\u00edcias de Ribeir\u00e3o Preto-SP e Regi\u00e3o","link":"https:\/\/noticiasribeiraopreto.com.br\/index.php\/category\/noticias-de-ribeirao-preto-sp-e-regiao-ismael-colosi\/"},"img":{"alt_text":"","src":"https:\/\/i0.wp.com\/noticiasribeiraopreto.com.br\/wp-content\/uploads\/2025\/09\/aguia-cassia-dos-coqueiros_2025-09-11_19-44-24.webp.webp?fit=840%2C471&ssl=1&resize=350%2C200","width":350,"height":200,"srcset":"https:\/\/i0.wp.com\/noticiasribeiraopreto.com.br\/wp-content\/uploads\/2025\/09\/aguia-cassia-dos-coqueiros_2025-09-11_19-44-24.webp.webp?fit=840%2C471&ssl=1&resize=350%2C200 1x, https:\/\/i0.wp.com\/noticiasribeiraopreto.com.br\/wp-content\/uploads\/2025\/09\/aguia-cassia-dos-coqueiros_2025-09-11_19-44-24.webp.webp?fit=840%2C471&ssl=1&resize=525%2C300 1.5x, https:\/\/i0.wp.com\/noticiasribeiraopreto.com.br\/wp-content\/uploads\/2025\/09\/aguia-cassia-dos-coqueiros_2025-09-11_19-44-24.webp.webp?fit=840%2C471&ssl=1&resize=700%2C400 2x"},"classes":[]},{"id":78341,"url":"https:\/\/noticiasribeiraopreto.com.br\/index.php\/2025\/10\/08\/incendio-atinge-vegetacao-e-provoca-muita-fumaca-em-rotatoria-da-zona-leste-de-ribeirao-video\/","url_meta":{"origin":50048,"position":2},"title":"Inc\u00eandio atinge vegeta\u00e7\u00e3o e provoca muita fuma\u00e7a em rotat\u00f3ria da zona Leste de Ribeir\u00e3o; V\u00eddeo","author":"noticiasribeiraopreto.com.br","date":"8 de October de 2025","format":false,"excerpt":"Um inc\u00eandio atinge uma \u00e1rea de vegeta\u00e7\u00e3o na rotat\u00f3ria entre as avenidas Presidente Castelo Branco e Treze de Maio, na zona Leste de Ribeir\u00e3o Preto, na tarde desta quarta-feira (8). Nas imagens, \u00e9 poss\u00edvel ver uma grande quantidade de vegeta\u00e7\u00e3o queimada e algumas chamas. Al\u00e9m disso, a fuma\u00e7a se espalhou\u2026","rel":"","context":"In &quot;Not\u00edcias de Ribeir\u00e3o Preto-SP e Regi\u00e3o&quot;","block_context":{"text":"Not\u00edcias de Ribeir\u00e3o Preto-SP e Regi\u00e3o","link":"https:\/\/noticiasribeiraopreto.com.br\/index.php\/category\/noticias-de-ribeirao-preto-sp-e-regiao-ismael-colosi\/"},"img":{"alt_text":"","src":"https:\/\/i0.wp.com\/noticiasribeiraopreto.com.br\/wp-content\/uploads\/2025\/10\/WhatsApp-Image-2025-10-08-at-16.54.26_2025-10-08_20-22-29.webp.webp?fit=1200%2C900&ssl=1&resize=350%2C200","width":350,"height":200,"srcset":"https:\/\/i0.wp.com\/noticiasribeiraopreto.com.br\/wp-content\/uploads\/2025\/10\/WhatsApp-Image-2025-10-08-at-16.54.26_2025-10-08_20-22-29.webp.webp?fit=1200%2C900&ssl=1&resize=350%2C200 1x, https:\/\/i0.wp.com\/noticiasribeiraopreto.com.br\/wp-content\/uploads\/2025\/10\/WhatsApp-Image-2025-10-08-at-16.54.26_2025-10-08_20-22-29.webp.webp?fit=1200%2C900&ssl=1&resize=525%2C300 1.5x, https:\/\/i0.wp.com\/noticiasribeiraopreto.com.br\/wp-content\/uploads\/2025\/10\/WhatsApp-Image-2025-10-08-at-16.54.26_2025-10-08_20-22-29.webp.webp?fit=1200%2C900&ssl=1&resize=700%2C400 2x, https:\/\/i0.wp.com\/noticiasribeiraopreto.com.br\/wp-content\/uploads\/2025\/10\/WhatsApp-Image-2025-10-08-at-16.54.26_2025-10-08_20-22-29.webp.webp?fit=1200%2C900&ssl=1&resize=1050%2C600 3x"},"classes":[]},{"id":76178,"url":"https:\/\/noticiasribeiraopreto.com.br\/index.php\/2025\/08\/23\/incendio-atinge-area-de-vegetacao-na-zona-sul-de-ribeirao-preto-veja-video\/","url_meta":{"origin":50048,"position":3},"title":"Inc\u00eandio atinge \u00e1rea de vegeta\u00e7\u00e3o na zona Sul de Ribeir\u00e3o Preto; veja v\u00eddeo","author":"noticiasribeiraopreto.com.br","date":"23 de August de 2025","format":false,"excerpt":"Um inc\u00eandio atinge uma \u00e1rea de vegeta\u00e7\u00e3o pr\u00f3xima ao bairro Quinta da Primavera, na zona Sul de Ribeir\u00e3o Preto, na tarde deste s\u00e1bado (23). O Corpo de Bombeiros atua no combate \u00e0s chamas desde, ap\u00f3s receber alerta de fuma\u00e7a no local, perto da rodovia Ant\u00f4nio Machado Santana (SP-255). De acordo\u2026","rel":"","context":"In &quot;Not\u00edcias de Ribeir\u00e3o Preto-SP e Regi\u00e3o&quot;","block_context":{"text":"Not\u00edcias de Ribeir\u00e3o Preto-SP e Regi\u00e3o","link":"https:\/\/noticiasribeiraopreto.com.br\/index.php\/category\/noticias-de-ribeirao-preto-sp-e-regiao-ismael-colosi\/"},"img":{"alt_text":"","src":"https:\/\/i0.wp.com\/noticiasribeiraopreto.com.br\/wp-content\/uploads\/2025\/08\/Copia-de-Copia-de-Copia-de-TAMANHO-EXATO-PARA-FOTOS-NO-SISTEMA-NOVO-2025-08-23T160400.273_2025-08-23_19-04-14.webp.webp?fit=1200%2C675&ssl=1&resize=350%2C200","width":350,"height":200,"srcset":"https:\/\/i0.wp.com\/noticiasribeiraopreto.com.br\/wp-content\/uploads\/2025\/08\/Copia-de-Copia-de-Copia-de-TAMANHO-EXATO-PARA-FOTOS-NO-SISTEMA-NOVO-2025-08-23T160400.273_2025-08-23_19-04-14.webp.webp?fit=1200%2C675&ssl=1&resize=350%2C200 1x, https:\/\/i0.wp.com\/noticiasribeiraopreto.com.br\/wp-content\/uploads\/2025\/08\/Copia-de-Copia-de-Copia-de-TAMANHO-EXATO-PARA-FOTOS-NO-SISTEMA-NOVO-2025-08-23T160400.273_2025-08-23_19-04-14.webp.webp?fit=1200%2C675&ssl=1&resize=525%2C300 1.5x, https:\/\/i0.wp.com\/noticiasribeiraopreto.com.br\/wp-content\/uploads\/2025\/08\/Copia-de-Copia-de-Copia-de-TAMANHO-EXATO-PARA-FOTOS-NO-SISTEMA-NOVO-2025-08-23T160400.273_2025-08-23_19-04-14.webp.webp?fit=1200%2C675&ssl=1&resize=700%2C400 2x, https:\/\/i0.wp.com\/noticiasribeiraopreto.com.br\/wp-content\/uploads\/2025\/08\/Copia-de-Copia-de-Copia-de-TAMANHO-EXATO-PARA-FOTOS-NO-SISTEMA-NOVO-2025-08-23T160400.273_2025-08-23_19-04-14.webp.webp?fit=1200%2C675&ssl=1&resize=1050%2C600 3x"},"classes":[]},{"id":77561,"url":"https:\/\/noticiasribeiraopreto.com.br\/index.php\/2025\/09\/21\/incendio-atinge-area-ao-lado-de-rodovia-na-regiao-de-ribeirao-preto-video\/","url_meta":{"origin":50048,"position":4},"title":"Inc\u00eandio atinge \u00e1rea ao lado de rodovia na regi\u00e3o de Ribeir\u00e3o Preto; V\u00eddeo","author":"noticiasribeiraopreto.com.br","date":"21 de September de 2025","format":false,"excerpt":"ATUALIZA\u00c7\u00c3O \u2013 Um inc\u00eandio atingiu na tarde deste domingo (21) uma \u00e1rea ao lado da rodovia Conde Francisco Matarazzo (SP-253), entre S\u00e3o Sim\u00e3o e Santa Rosa de Viterbo, na regi\u00e3o de Ribeir\u00e3o Preto. Assista ao v\u00eddeo abaixo. Segundo informa\u00e7\u00f5es, motoristas pararam na rodovia, nas proximidades do acesso a um pesqueiro.\u2026","rel":"","context":"In &quot;Not\u00edcias de Ribeir\u00e3o Preto-SP e Regi\u00e3o&quot;","block_context":{"text":"Not\u00edcias de Ribeir\u00e3o Preto-SP e Regi\u00e3o","link":"https:\/\/noticiasribeiraopreto.com.br\/index.php\/category\/noticias-de-ribeirao-preto-sp-e-regiao-ismael-colosi\/"},"img":{"alt_text":"","src":"https:\/\/i0.wp.com\/noticiasribeiraopreto.com.br\/wp-content\/uploads\/2025\/09\/WhatsApp-Image-2025-09-21-at-14.58.29_2025-09-21_18-02-28.webp.webp?fit=1200%2C675&ssl=1&resize=350%2C200","width":350,"height":200,"srcset":"https:\/\/i0.wp.com\/noticiasribeiraopreto.com.br\/wp-content\/uploads\/2025\/09\/WhatsApp-Image-2025-09-21-at-14.58.29_2025-09-21_18-02-28.webp.webp?fit=1200%2C675&ssl=1&resize=350%2C200 1x, https:\/\/i0.wp.com\/noticiasribeiraopreto.com.br\/wp-content\/uploads\/2025\/09\/WhatsApp-Image-2025-09-21-at-14.58.29_2025-09-21_18-02-28.webp.webp?fit=1200%2C675&ssl=1&resize=525%2C300 1.5x, https:\/\/i0.wp.com\/noticiasribeiraopreto.com.br\/wp-content\/uploads\/2025\/09\/WhatsApp-Image-2025-09-21-at-14.58.29_2025-09-21_18-02-28.webp.webp?fit=1200%2C675&ssl=1&resize=700%2C400 2x, https:\/\/i0.wp.com\/noticiasribeiraopreto.com.br\/wp-content\/uploads\/2025\/09\/WhatsApp-Image-2025-09-21-at-14.58.29_2025-09-21_18-02-28.webp.webp?fit=1200%2C675&ssl=1&resize=1050%2C600 3x"},"classes":[]},{"id":78206,"url":"https:\/\/noticiasribeiraopreto.com.br\/index.php\/2025\/10\/04\/incendio-em-vegetacao-atinge-area-proxima-a-rodovia-em-ribeirao-preto\/","url_meta":{"origin":50048,"position":5},"title":"Inc\u00eandio em vegeta\u00e7\u00e3o atinge \u00e1rea pr\u00f3xima \u00e0 rodovia em Ribeir\u00e3o Preto","author":"noticiasribeiraopreto.com.br","date":"4 de October de 2025","format":false,"excerpt":"Um inc\u00eandio atingiu uma \u00e1rea de vegeta\u00e7\u00e3o pr\u00f3xima \u00e0 rodovia Abr\u00e3o Assed (SP-333), em Ribeir\u00e3o Preto, na tarde deste s\u00e1bado (4). De acordo com o Corpo de Bombeiros, o inc\u00eandio teve in\u00edcio por volta das 12h30. Equipes da corpora\u00e7\u00e3o e de usinas da regi\u00e3o trabalham no combate \u00e0s chamas. Nas\u2026","rel":"","context":"In &quot;Not\u00edcias de Ribeir\u00e3o Preto-SP e Regi\u00e3o&quot;","block_context":{"text":"Not\u00edcias de Ribeir\u00e3o Preto-SP e Regi\u00e3o","link":"https:\/\/noticiasribeiraopreto.com.br\/index.php\/category\/noticias-de-ribeirao-preto-sp-e-regiao-ismael-colosi\/"},"img":{"alt_text":"","src":"https:\/\/i0.wp.com\/noticiasribeiraopreto.com.br\/wp-content\/uploads\/2025\/10\/Copia-de-Copia-de-Copia-de-TAMANHO-EXATO-PARA-FOTOS-NO-SISTEMA-NOVO-2025-10-04T133617.479_2025-10-04_16-36-24.webp.webp?fit=1200%2C675&ssl=1&resize=350%2C200","width":350,"height":200,"srcset":"https:\/\/i0.wp.com\/noticiasribeiraopreto.com.br\/wp-content\/uploads\/2025\/10\/Copia-de-Copia-de-Copia-de-TAMANHO-EXATO-PARA-FOTOS-NO-SISTEMA-NOVO-2025-10-04T133617.479_2025-10-04_16-36-24.webp.webp?fit=1200%2C675&ssl=1&resize=350%2C200 1x, https:\/\/i0.wp.com\/noticiasribeiraopreto.com.br\/wp-content\/uploads\/2025\/10\/Copia-de-Copia-de-Copia-de-TAMANHO-EXATO-PARA-FOTOS-NO-SISTEMA-NOVO-2025-10-04T133617.479_2025-10-04_16-36-24.webp.webp?fit=1200%2C675&ssl=1&resize=525%2C300 1.5x, https:\/\/i0.wp.com\/noticiasribeiraopreto.com.br\/wp-content\/uploads\/2025\/10\/Copia-de-Copia-de-Copia-de-TAMANHO-EXATO-PARA-FOTOS-NO-SISTEMA-NOVO-2025-10-04T133617.479_2025-10-04_16-36-24.webp.webp?fit=1200%2C675&ssl=1&resize=700%2C400 2x, https:\/\/i0.wp.com\/noticiasribeiraopreto.com.br\/wp-content\/uploads\/2025\/10\/Copia-de-Copia-de-Copia-de-TAMANHO-EXATO-PARA-FOTOS-NO-SISTEMA-NOVO-2025-10-04T133617.479_2025-10-04_16-36-24.webp.webp?fit=1200%2C675&ssl=1&resize=1050%2C600 3x"},"classes":[]}],"jetpack_sharing_enabled":true,"jetpack_shortlink":"https:\/\/wp.me\/peQAOb-d1e","_links":{"self":[{"href":"https:\/\/noticiasribeiraopreto.com.br\/index.php\/wp-json\/wp\/v2\/posts\/50048","targetHints":{"allow":["GET"]}}],"collection":[{"href":"https:\/\/noticiasribeiraopreto.com.br\/index.php\/wp-json\/wp\/v2\/posts"}],"about":[{"href":"https:\/\/noticiasribeiraopreto.com.br\/index.php\/wp-json\/wp\/v2\/types\/post"}],"author":[{"embeddable":true,"href":"https:\/\/noticiasribeiraopreto.com.br\/index.php\/wp-json\/wp\/v2\/users\/1"}],"replies":[{"embeddable":true,"href":"https:\/\/noticiasribeiraopreto.com.br\/index.php\/wp-json\/wp\/v2\/comments?post=50048"}],"version-history":[{"count":0,"href":"https:\/\/noticiasribeiraopreto.com.br\/index.php\/wp-json\/wp\/v2\/posts\/50048\/revisions"}],"wp:featuredmedia":[{"embeddable":true,"href":"https:\/\/noticiasribeiraopreto.com.br\/index.php\/wp-json\/wp\/v2\/media\/50049"}],"wp:attachment":[{"href":"https:\/\/noticiasribeiraopreto.com.br\/index.php\/wp-json\/wp\/v2\/media?parent=50048"}],"wp:term":[{"taxonomy":"category","embeddable":true,"href":"https:\/\/noticiasribeiraopreto.com.br\/index.php\/wp-json\/wp\/v2\/categories?post=50048"},{"taxonomy":"post_tag","embeddable":true,"href":"https:\/\/noticiasribeiraopreto.com.br\/index.php\/wp-json\/wp\/v2\/tags?post=50048"}],"curies":[{"name":"wp","href":"https:\/\/api.w.org\/{rel}","templated":true}]}}