{"id":50052,"date":"2024-05-14T14:59:22","date_gmt":"2024-05-14T17:59:22","guid":{"rendered":"https:\/\/noticiasribeiraopreto.com.br\/index.php\/2024\/05\/14\/comedia-priscilla-a-rainha-do-sertao-chega-ao-teatro-municipal-de-ribeirao-preto\/"},"modified":"2024-05-14T14:59:22","modified_gmt":"2024-05-14T17:59:22","slug":"comedia-priscilla-a-rainha-do-sertao-chega-ao-teatro-municipal-de-ribeirao-preto","status":"publish","type":"post","link":"https:\/\/noticiasribeiraopreto.com.br\/index.php\/2024\/05\/14\/comedia-priscilla-a-rainha-do-sertao-chega-ao-teatro-municipal-de-ribeirao-preto\/","title":{"rendered":"Com\u00e9dia &#8216;Priscilla, a Rainha do Sert\u00e3o&#8217; chega ao Teatro Municipal de Ribeir\u00e3o Preto"},"content":{"rendered":"<div class='code-block code-block-1' style='margin: 8px 0 8px auto; text-align: right; display: block; clear: both;'>\n<p><a href=\"https:\/\/wa.link\/vpicfd\"><img data-recalc-dims=\"1\" class=\"wp-image-4922\" style=\"aspect-ratio: 2.0253164556962027; width: 561px; height: auto;\" src=\"https:\/\/i0.wp.com\/ismaelcolosi.com.br\/wp-content\/uploads\/2023\/11\/grupo-de-empregos-whatsapp-e-facebook-ismael-colosi-vagas.jpg?ssl=1\" alt=\"\" \/><\/a><\/p>\n<!-- \/wp:image -->\n<\/div>\n<p> <br \/>\n<\/p>\n<div data-td-block-uid=\"tdi_101\">\n<div class=\"tdb-block-inner td-fix-index\">\n<p>Neste <strong>s\u00e1bado (18)<\/strong>, o <strong>Teatro Municipal de Ribeir\u00e3o Preto<\/strong> recebe a com\u00e9dia <strong>\u201cPriscilla, a Rainha do Sert\u00e3o\u201d<\/strong>. Os ingressos podem ser adquiridos online.<\/p>\n<p>O espet\u00e1culo mostra quando as <em>drag queens<\/em>, <strong>Chanel Glamour, Teresa, Lylenol e Sheila Monroe<\/strong> embarcam em uma aventura para reencontrar o filho de uma delas no interior do <strong>agreste<\/strong>.<\/p>\n<p>Cada uma tem um perfil e personalidade diferentes da outra. O trajeto \u00e9 embalado por revela\u00e7\u00f5es, discuss\u00f5es e muitas m\u00fasicas. O show \u00e9 repleto de par\u00f3dias das divas do pop mundial.<\/p>\n<h4 class=\"wp-block-heading\"><strong>Ingressos<\/strong><\/h4>\n<p>Os ingressos podem ser adquiridos online atrav\u00e9s do site da Mega Bilheteria (<a href=\"https:\/\/www.megabilheteria.com\/evento?id=20240311134430\" target=\"_blank\" rel=\"noreferrer noopener\">clique aqui<\/a>). Confira valores:<\/p>\n<ul>\n<li>Meia | R$ 30<\/li>\n<li>Antecipado | R$ 40<\/li>\n<li>Inteira | R$ 60<\/li>\n<\/ul>\n<p>O <strong>Teatro Municipal<\/strong> fica localizado na <strong>pra\u00e7a Alto do S\u00e3o Bento<\/strong>. A <strong>classifica\u00e7\u00e3o indicativa<\/strong> do espet\u00e1culo \u00e9 <strong>livre<\/strong>.<\/p>\n<h3 class=\"wp-block-heading\">Servi\u00e7o<\/h3>\n<p><em>Priscilla, a Rainha do Sert\u00e3o<\/em><\/p>\n<p>Quando: Dia 18 de maio, s\u00e1bado <br \/>Hor\u00e1rio: 20h30<br \/>Local: Teatro Municipal de Ribeir\u00e3o Preto <br \/>Endere\u00e7o: Pra\u00e7a Alto do S\u00e3o Bento <br \/>Ingressos: A partir de R$ 30 no site Mega Bilheteria (<a href=\"https:\/\/www.megabilheteria.com\/evento?id=20240311134430\" target=\"_blank\" rel=\"noreferrer noopener\">clique aqui<\/a>)<\/p>\n<p>SAIBA MAIS<br \/>Veja como comprar a meia-entrada solid\u00e1ria para o circo em Ribeir\u00e3o Preto<\/p>\n<h4 class=\"wp-block-heading\"><strong>FIQUE ON<\/strong><\/h4>\n<p>Fique ligado em tudo que acontece em Ribeir\u00e3o Preto e regi\u00e3o. Siga os perfis do <strong>acidade on <\/strong>no <a href=\"https:\/\/www.instagram.com\/acidadeonribeirao\" target=\"_blank\" rel=\"noreferrer noopener\">Instagram<\/a> e no <a href=\"https:\/\/www.facebook.com\/acidadeonribeirao\" target=\"_blank\" rel=\"noreferrer noopener\">Facebook<\/a>.<\/p>\n<p>Receba not\u00edcias do acidade on no WhatsApp. Para entrar no grupo, basta <a href=\"https:\/\/chat.whatsapp.com\/CdrZ6xrf7quD44Vw3WlPuZ\" target=\"_blank\" rel=\"noreferrer noopener\">clicar aqui<\/a>.<\/p>\n<p>Fa\u00e7a uma den\u00fancia ou sugira uma reportagem sobre Ribeir\u00e3o Preto e regi\u00e3o pelo WhatsApp: 16 99117 7802.<\/p>\n<p>VEJA TAMB\u00c9M<br \/>O que \u00e9 demissexual? Guto faz revela\u00e7\u00e3o em \u201cFam\u00edlia \u00c9 Tudo\u201d<\/p>\n<p><!-- AI CONTENT END 1 -->\n<\/div>\n<\/div>\n<p><script async src=\"\/\/www.instagram.com\/embed.js\"><\/script><br \/>\n<br \/><br \/>\n<br \/><a href=\"https:\/\/www.acidadeon.com\/ribeiraopreto\/lazer-e-cultura\/comedia-priscilla-a-rainha-do-sertao-chega-ao-teatro-municipal-de-ribeirao-preto\/\">Source link <\/a><\/p>\n<!-- CONTENT END 1 -->\n","protected":false},"excerpt":{"rendered":"<p>Neste s\u00e1bado (18), o Teatro Municipal de Ribeir\u00e3o Preto recebe a com\u00e9dia \u201cPriscilla, a Rainha do Sert\u00e3o\u201d. Os ingressos podem ser adquiridos online. O espet\u00e1culo&#8230;<\/p>\n","protected":false},"author":1,"featured_media":50053,"comment_status":"open","ping_status":"open","sticky":false,"template":"","format":"standard","meta":{"advanced_seo_description":"","jetpack_seo_html_title":"","jetpack_seo_noindex":false,"jetpack_post_was_ever_published":false,"_jetpack_newsletter_access":"","_jetpack_dont_email_post_to_subs":false,"_jetpack_newsletter_tier_id":0,"_jetpack_memberships_contains_paywalled_content":false,"_jetpack_memberships_contains_paid_content":false,"footnotes":"","jetpack_publicize_message":"","jetpack_publicize_feature_enabled":true,"jetpack_social_post_already_shared":true,"jetpack_social_options":{"image_generator_settings":{"template":"highway","default_image_id":0,"font":"","enabled":false},"version":2}},"categories":[11],"tags":[],"class_list":["post-50052","post","type-post","status-publish","format-standard","has-post-thumbnail","hentry","category-noticias-de-ribeirao-preto-sp-e-regiao-ismael-colosi"],"jetpack_publicize_connections":[],"jetpack_featured_media_url":"https:\/\/i0.wp.com\/noticiasribeiraopreto.com.br\/wp-content\/uploads\/2024\/05\/Copia-de-Copia-de-TAMANHO-EXATO-PARA-FOTOS-NO-SISTEMA-NOVO_2024-05-14_13-51-05_jpg_2024-05-14_13-51-06.webp.webp?fit=1200%2C675&ssl=1","jetpack-related-posts":[{"id":76237,"url":"https:\/\/noticiasribeiraopreto.com.br\/index.php\/2025\/08\/25\/teatro-municipal-de-ribeirao-recebe-comedia-cha-de-caridade\/","url_meta":{"origin":50052,"position":0},"title":"Teatro Municipal de Ribeir\u00e3o recebe com\u00e9dia &#8216;Ch\u00e1 de Caridade&#8217;","author":"noticiasribeiraopreto.com.br","date":"25 de August de 2025","format":false,"excerpt":"O Teatro Municipal de Ribeir\u00e3o Preto recebe o espet\u00e1culo \u201cCh\u00e1 de Caridade\u201d, uma com\u00e9dia afiada sobre a alta sociedade. A apresenta\u00e7\u00e3o acontece no dia 10 de outubro e os ingressos j\u00e1 podem ser adquiridos on-line \u2013 veja como abaixo. A trama se passa em um evento beneficente organizado por senhoras\u2026","rel":"","context":"In &quot;Not\u00edcias de Ribeir\u00e3o Preto-SP e Regi\u00e3o&quot;","block_context":{"text":"Not\u00edcias de Ribeir\u00e3o Preto-SP e Regi\u00e3o","link":"https:\/\/noticiasribeiraopreto.com.br\/index.php\/category\/noticias-de-ribeirao-preto-sp-e-regiao-ismael-colosi\/"},"img":{"alt_text":"","src":"https:\/\/i0.wp.com\/noticiasribeiraopreto.com.br\/wp-content\/uploads\/2025\/08\/cha-de-caridade-2_2025-08-25_12-09-30.webp.webp?fit=1011%2C833&ssl=1&resize=350%2C200","width":350,"height":200,"srcset":"https:\/\/i0.wp.com\/noticiasribeiraopreto.com.br\/wp-content\/uploads\/2025\/08\/cha-de-caridade-2_2025-08-25_12-09-30.webp.webp?fit=1011%2C833&ssl=1&resize=350%2C200 1x, https:\/\/i0.wp.com\/noticiasribeiraopreto.com.br\/wp-content\/uploads\/2025\/08\/cha-de-caridade-2_2025-08-25_12-09-30.webp.webp?fit=1011%2C833&ssl=1&resize=525%2C300 1.5x, https:\/\/i0.wp.com\/noticiasribeiraopreto.com.br\/wp-content\/uploads\/2025\/08\/cha-de-caridade-2_2025-08-25_12-09-30.webp.webp?fit=1011%2C833&ssl=1&resize=700%2C400 2x"},"classes":[]},{"id":50633,"url":"https:\/\/noticiasribeiraopreto.com.br\/index.php\/2024\/05\/17\/agenda-cultural-ribeirao-tem-kl-jay-chorinho-e-diogo-nogueira-neste-final-de-semana\/","url_meta":{"origin":50052,"position":1},"title":"Agenda cultural: Ribeir\u00e3o tem KL Jay, Chorinho e Diogo Nogueira neste final de semana","author":"noticiasribeiraopreto.com.br","date":"17 de May de 2024","format":false,"excerpt":"A agenda cultural deste final de semana em Ribeir\u00e3o Preto conta com DJ KL Jay, chorinho e Diogo Nogueira. A programa\u00e7\u00e3o tem op\u00e7\u00f5es para todos os gostos e idades, com eventos gratuitas e pagos. Chorinho na 7 Evento gratuito na pra\u00e7a 7 de setembro, \u00e0s 19h. A atra\u00e7\u00e3o desta noite\u2026","rel":"","context":"In &quot;Not\u00edcias de Ribeir\u00e3o Preto-SP e Regi\u00e3o&quot;","block_context":{"text":"Not\u00edcias de Ribeir\u00e3o Preto-SP e Regi\u00e3o","link":"https:\/\/noticiasribeiraopreto.com.br\/index.php\/category\/noticias-de-ribeirao-preto-sp-e-regiao-ismael-colosi\/"},"img":{"alt_text":"","src":"https:\/\/i0.wp.com\/noticiasribeiraopreto.com.br\/wp-content\/uploads\/2024\/05\/Copia-de-Copia-de-TAMANHO-EXATO-PARA-FOTOS-NO-SISTEMA-NOVO-3_2024-05-17_11-48-26_jpg_2024-05-17_11-48-26.webp.webp?fit=1200%2C675&ssl=1&resize=350%2C200","width":350,"height":200,"srcset":"https:\/\/i0.wp.com\/noticiasribeiraopreto.com.br\/wp-content\/uploads\/2024\/05\/Copia-de-Copia-de-TAMANHO-EXATO-PARA-FOTOS-NO-SISTEMA-NOVO-3_2024-05-17_11-48-26_jpg_2024-05-17_11-48-26.webp.webp?fit=1200%2C675&ssl=1&resize=350%2C200 1x, https:\/\/i0.wp.com\/noticiasribeiraopreto.com.br\/wp-content\/uploads\/2024\/05\/Copia-de-Copia-de-TAMANHO-EXATO-PARA-FOTOS-NO-SISTEMA-NOVO-3_2024-05-17_11-48-26_jpg_2024-05-17_11-48-26.webp.webp?fit=1200%2C675&ssl=1&resize=525%2C300 1.5x, https:\/\/i0.wp.com\/noticiasribeiraopreto.com.br\/wp-content\/uploads\/2024\/05\/Copia-de-Copia-de-TAMANHO-EXATO-PARA-FOTOS-NO-SISTEMA-NOVO-3_2024-05-17_11-48-26_jpg_2024-05-17_11-48-26.webp.webp?fit=1200%2C675&ssl=1&resize=700%2C400 2x, https:\/\/i0.wp.com\/noticiasribeiraopreto.com.br\/wp-content\/uploads\/2024\/05\/Copia-de-Copia-de-TAMANHO-EXATO-PARA-FOTOS-NO-SISTEMA-NOVO-3_2024-05-17_11-48-26_jpg_2024-05-17_11-48-26.webp.webp?fit=1200%2C675&ssl=1&resize=1050%2C600 3x"},"classes":[]},{"id":57304,"url":"https:\/\/noticiasribeiraopreto.com.br\/index.php\/2024\/08\/28\/andre-mattos-e-lis-luciddi-apresentam-comedia-em-teatro-de-ribeirao-preto\/","url_meta":{"origin":50052,"position":2},"title":"Andr\u00e9 Mattos e Lis Luciddi apresentam com\u00e9dia em teatro de Ribeir\u00e3o Preto","author":"noticiasribeiraopreto.com.br","date":"28 de August de 2024","format":false,"excerpt":"A com\u00e9dia \u201cMinha Futura Ex\u201d, estrelada por Andr\u00e9 Mattos e Lis Luciddi, chega ao Teatro Municipal de Ribeir\u00e3o Preto, no dia 13 de setembro. A apresenta\u00e7\u00e3o acontece \u00e0s 20h. Na hist\u00f3ria, um casal se encontra no hall do pr\u00e9dio do advogado de ambos para a assinatura do div\u00f3rcio. At\u00e9 que,\u2026","rel":"","context":"In &quot;Not\u00edcias de Ribeir\u00e3o Preto-SP e Regi\u00e3o&quot;","block_context":{"text":"Not\u00edcias de Ribeir\u00e3o Preto-SP e Regi\u00e3o","link":"https:\/\/noticiasribeiraopreto.com.br\/index.php\/category\/noticias-de-ribeirao-preto-sp-e-regiao-ismael-colosi\/"},"img":{"alt_text":"","src":"https:\/\/i0.wp.com\/noticiasribeiraopreto.com.br\/wp-content\/uploads\/2024\/08\/Copia-de-Copia-de-Copia-de-TAMANHO-EXATO-PARA-FOTOS-NO-SISTEMA-NOVO-10_2024-08-28_12-59-58_jpg_2024-08-28_12-59-58.webp.webp?fit=1200%2C675&ssl=1&resize=350%2C200","width":350,"height":200,"srcset":"https:\/\/i0.wp.com\/noticiasribeiraopreto.com.br\/wp-content\/uploads\/2024\/08\/Copia-de-Copia-de-Copia-de-TAMANHO-EXATO-PARA-FOTOS-NO-SISTEMA-NOVO-10_2024-08-28_12-59-58_jpg_2024-08-28_12-59-58.webp.webp?fit=1200%2C675&ssl=1&resize=350%2C200 1x, https:\/\/i0.wp.com\/noticiasribeiraopreto.com.br\/wp-content\/uploads\/2024\/08\/Copia-de-Copia-de-Copia-de-TAMANHO-EXATO-PARA-FOTOS-NO-SISTEMA-NOVO-10_2024-08-28_12-59-58_jpg_2024-08-28_12-59-58.webp.webp?fit=1200%2C675&ssl=1&resize=525%2C300 1.5x, https:\/\/i0.wp.com\/noticiasribeiraopreto.com.br\/wp-content\/uploads\/2024\/08\/Copia-de-Copia-de-Copia-de-TAMANHO-EXATO-PARA-FOTOS-NO-SISTEMA-NOVO-10_2024-08-28_12-59-58_jpg_2024-08-28_12-59-58.webp.webp?fit=1200%2C675&ssl=1&resize=700%2C400 2x, https:\/\/i0.wp.com\/noticiasribeiraopreto.com.br\/wp-content\/uploads\/2024\/08\/Copia-de-Copia-de-Copia-de-TAMANHO-EXATO-PARA-FOTOS-NO-SISTEMA-NOVO-10_2024-08-28_12-59-58_jpg_2024-08-28_12-59-58.webp.webp?fit=1200%2C675&ssl=1&resize=1050%2C600 3x"},"classes":[]},{"id":64201,"url":"https:\/\/noticiasribeiraopreto.com.br\/index.php\/2025\/03\/05\/indio-behn-apresenta-espetaculo-de-humor-no-teatro-municipal-de-ribeirao-preto\/","url_meta":{"origin":50052,"position":3},"title":"\u00cdndio Behn apresenta espet\u00e1culo de humor no Teatro Municipal de Ribeir\u00e3o Preto","author":"noticiasribeiraopreto.com.br","date":"5 de March de 2025","format":false,"excerpt":"O humorista \u00cdndio Behn apresenta nesta quinta-feira (6) o espet\u00e1culo \u201cDra Ros\u00e2ngela em: Tratamento de Choque\u201d no Teatro Municipal de Ribeir\u00e3o Preto, a partir das 20h. Os ingressos j\u00e1 podem ser adquiridos on-line. \u2013 veja como abaixo. Neste novo espet\u00e1culo, a personagem \u201cDra Ros\u00e2ngela\u201d, interpretada por \u00cdndio Behn, mistura m\u00fasica,\u2026","rel":"","context":"In &quot;Not\u00edcias de Ribeir\u00e3o Preto-SP e Regi\u00e3o&quot;","block_context":{"text":"Not\u00edcias de Ribeir\u00e3o Preto-SP e Regi\u00e3o","link":"https:\/\/noticiasribeiraopreto.com.br\/index.php\/category\/noticias-de-ribeirao-preto-sp-e-regiao-ismael-colosi\/"},"img":{"alt_text":"","src":"https:\/\/i0.wp.com\/noticiasribeiraopreto.com.br\/wp-content\/uploads\/2025\/03\/gratiluz-dra-rosangela_2025-03-05_11-41-34_jpg_2025-03-05_11-41-34.webp.webp?fit=800%2C534&ssl=1&resize=350%2C200","width":350,"height":200,"srcset":"https:\/\/i0.wp.com\/noticiasribeiraopreto.com.br\/wp-content\/uploads\/2025\/03\/gratiluz-dra-rosangela_2025-03-05_11-41-34_jpg_2025-03-05_11-41-34.webp.webp?fit=800%2C534&ssl=1&resize=350%2C200 1x, https:\/\/i0.wp.com\/noticiasribeiraopreto.com.br\/wp-content\/uploads\/2025\/03\/gratiluz-dra-rosangela_2025-03-05_11-41-34_jpg_2025-03-05_11-41-34.webp.webp?fit=800%2C534&ssl=1&resize=525%2C300 1.5x, https:\/\/i0.wp.com\/noticiasribeiraopreto.com.br\/wp-content\/uploads\/2025\/03\/gratiluz-dra-rosangela_2025-03-05_11-41-34_jpg_2025-03-05_11-41-34.webp.webp?fit=800%2C534&ssl=1&resize=700%2C400 2x"},"classes":[]},{"id":75065,"url":"https:\/\/noticiasribeiraopreto.com.br\/index.php\/2025\/08\/02\/comedia-estrelada-por-bianca-rinaldi-e-rodrigo-phavanello-chega-a-ribeirao-preto\/","url_meta":{"origin":50052,"position":4},"title":"Com\u00e9dia estrelada por Bianca Rinaldi e Rodrigo Phavanello chega a Ribeir\u00e3o Preto","author":"noticiasribeiraopreto.com.br","date":"2 de August de 2025","format":false,"excerpt":"Os atores Rodrigo Phavanello e Bianca Rinaldi apresentam a com\u00e9dia teatral \u201cCasa, Comida e Alma Lavada\u201d no Teatro Municipal de Ribeir\u00e3o Preto, no dia 24 de agosto, \u00e0s 19h. Os atores interpretam o casal T\u00e2nia Mara e Lu\u00eds Alberto e oferecem ao publico uma perspectiva \u00fanica, alternando entre os pontos\u2026","rel":"","context":"In &quot;Not\u00edcias de Ribeir\u00e3o Preto-SP e Regi\u00e3o&quot;","block_context":{"text":"Not\u00edcias de Ribeir\u00e3o Preto-SP e Regi\u00e3o","link":"https:\/\/noticiasribeiraopreto.com.br\/index.php\/category\/noticias-de-ribeirao-preto-sp-e-regiao-ismael-colosi\/"},"img":{"alt_text":"","src":"https:\/\/i0.wp.com\/noticiasribeiraopreto.com.br\/wp-content\/uploads\/2025\/08\/7_2025-08-02_16-02-41.webp.webp?fit=1200%2C800&ssl=1&resize=350%2C200","width":350,"height":200,"srcset":"https:\/\/i0.wp.com\/noticiasribeiraopreto.com.br\/wp-content\/uploads\/2025\/08\/7_2025-08-02_16-02-41.webp.webp?fit=1200%2C800&ssl=1&resize=350%2C200 1x, https:\/\/i0.wp.com\/noticiasribeiraopreto.com.br\/wp-content\/uploads\/2025\/08\/7_2025-08-02_16-02-41.webp.webp?fit=1200%2C800&ssl=1&resize=525%2C300 1.5x, https:\/\/i0.wp.com\/noticiasribeiraopreto.com.br\/wp-content\/uploads\/2025\/08\/7_2025-08-02_16-02-41.webp.webp?fit=1200%2C800&ssl=1&resize=700%2C400 2x, https:\/\/i0.wp.com\/noticiasribeiraopreto.com.br\/wp-content\/uploads\/2025\/08\/7_2025-08-02_16-02-41.webp.webp?fit=1200%2C800&ssl=1&resize=1050%2C600 3x"},"classes":[]},{"id":62236,"url":"https:\/\/noticiasribeiraopreto.com.br\/index.php\/2025\/01\/08\/ribeirao-preto-recebe-comedia-insignificancia-saiba-como-assistir\/","url_meta":{"origin":50052,"position":5},"title":"Ribeir\u00e3o Preto recebe com\u00e9dia \u2018Insignific\u00e2ncia\u2019; Saiba como assistir","author":"noticiasribeiraopreto.com.br","date":"8 de January de 2025","format":false,"excerpt":"A com\u00e9dia \u201cInsignific\u00e2ncia\u201d, que apresenta o texto do dramaturgo e diretor Terry Johnson, desembarca no Teatro Municipal de Ribeir\u00e3o Preto no dia 16 de fevereiro, \u00e0s 18h. Os ingressos j\u00e1 est\u00e3o \u00e0 venda \u2013 saiba mais abaixo. A hist\u00f3ria se passa em um hotel na Nova Iorque de 1953, onde\u2026","rel":"","context":"In &quot;Not\u00edcias de Ribeir\u00e3o Preto-SP e Regi\u00e3o&quot;","block_context":{"text":"Not\u00edcias de Ribeir\u00e3o Preto-SP e Regi\u00e3o","link":"https:\/\/noticiasribeiraopreto.com.br\/index.php\/category\/noticias-de-ribeirao-preto-sp-e-regiao-ismael-colosi\/"},"img":{"alt_text":"","src":"https:\/\/i0.wp.com\/noticiasribeiraopreto.com.br\/wp-content\/uploads\/2025\/01\/insignificancia_2025-01-08_12-29-47_jpg_2025-01-08_12-29-47.webp.webp?fit=877%2C567&ssl=1&resize=350%2C200","width":350,"height":200,"srcset":"https:\/\/i0.wp.com\/noticiasribeiraopreto.com.br\/wp-content\/uploads\/2025\/01\/insignificancia_2025-01-08_12-29-47_jpg_2025-01-08_12-29-47.webp.webp?fit=877%2C567&ssl=1&resize=350%2C200 1x, https:\/\/i0.wp.com\/noticiasribeiraopreto.com.br\/wp-content\/uploads\/2025\/01\/insignificancia_2025-01-08_12-29-47_jpg_2025-01-08_12-29-47.webp.webp?fit=877%2C567&ssl=1&resize=525%2C300 1.5x, https:\/\/i0.wp.com\/noticiasribeiraopreto.com.br\/wp-content\/uploads\/2025\/01\/insignificancia_2025-01-08_12-29-47_jpg_2025-01-08_12-29-47.webp.webp?fit=877%2C567&ssl=1&resize=700%2C400 2x"},"classes":[]}],"jetpack_sharing_enabled":true,"jetpack_shortlink":"https:\/\/wp.me\/peQAOb-d1i","_links":{"self":[{"href":"https:\/\/noticiasribeiraopreto.com.br\/index.php\/wp-json\/wp\/v2\/posts\/50052","targetHints":{"allow":["GET"]}}],"collection":[{"href":"https:\/\/noticiasribeiraopreto.com.br\/index.php\/wp-json\/wp\/v2\/posts"}],"about":[{"href":"https:\/\/noticiasribeiraopreto.com.br\/index.php\/wp-json\/wp\/v2\/types\/post"}],"author":[{"embeddable":true,"href":"https:\/\/noticiasribeiraopreto.com.br\/index.php\/wp-json\/wp\/v2\/users\/1"}],"replies":[{"embeddable":true,"href":"https:\/\/noticiasribeiraopreto.com.br\/index.php\/wp-json\/wp\/v2\/comments?post=50052"}],"version-history":[{"count":0,"href":"https:\/\/noticiasribeiraopreto.com.br\/index.php\/wp-json\/wp\/v2\/posts\/50052\/revisions"}],"wp:featuredmedia":[{"embeddable":true,"href":"https:\/\/noticiasribeiraopreto.com.br\/index.php\/wp-json\/wp\/v2\/media\/50053"}],"wp:attachment":[{"href":"https:\/\/noticiasribeiraopreto.com.br\/index.php\/wp-json\/wp\/v2\/media?parent=50052"}],"wp:term":[{"taxonomy":"category","embeddable":true,"href":"https:\/\/noticiasribeiraopreto.com.br\/index.php\/wp-json\/wp\/v2\/categories?post=50052"},{"taxonomy":"post_tag","embeddable":true,"href":"https:\/\/noticiasribeiraopreto.com.br\/index.php\/wp-json\/wp\/v2\/tags?post=50052"}],"curies":[{"name":"wp","href":"https:\/\/api.w.org\/{rel}","templated":true}]}}