{"id":50056,"date":"2024-05-14T15:12:57","date_gmt":"2024-05-14T18:12:57","guid":{"rendered":"https:\/\/noticiasribeiraopreto.com.br\/index.php\/2024\/05\/14\/ribeirao-preto-tem-encontro-de-carros-antigos-com-chopp-e-area-gourmet\/"},"modified":"2024-05-14T15:12:57","modified_gmt":"2024-05-14T18:12:57","slug":"ribeirao-preto-tem-encontro-de-carros-antigos-com-chopp-e-area-gourmet","status":"publish","type":"post","link":"https:\/\/noticiasribeiraopreto.com.br\/index.php\/2024\/05\/14\/ribeirao-preto-tem-encontro-de-carros-antigos-com-chopp-e-area-gourmet\/","title":{"rendered":"Ribeir\u00e3o Preto tem encontro de carros antigos com chopp e \u00e1rea gourmet"},"content":{"rendered":"<div class='code-block code-block-1' style='margin: 8px 0 8px auto; text-align: right; display: block; clear: both;'>\n<p><a href=\"https:\/\/wa.link\/vpicfd\"><img data-recalc-dims=\"1\" class=\"wp-image-4922\" style=\"aspect-ratio: 2.0253164556962027; width: 561px; height: auto;\" src=\"https:\/\/i0.wp.com\/ismaelcolosi.com.br\/wp-content\/uploads\/2023\/11\/grupo-de-empregos-whatsapp-e-facebook-ismael-colosi-vagas.jpg?ssl=1\" alt=\"\" \/><\/a><\/p>\n<!-- \/wp:image -->\n<\/div>\n<p> <br \/>\n<\/p>\n<p>O <strong>encontro mensal de carros antigos \u201cCalif\u00f3rnia Volks\u201d<\/strong> acontece neste <strong>s\u00e1bado<\/strong> (18) em <strong>Ribeir\u00e3o Preto<\/strong>. Esta edi\u00e7\u00e3o ser\u00e1 na rua Goi\u00e1s, 1.490, no bairro <strong>Campos El\u00edseos<\/strong>, a partir das <strong>13h<\/strong>.<\/p>\n<p>Durante o<strong> evento<\/strong>, que tem <strong>entrada gratuita<\/strong>, ter\u00e1 <strong>venda de chopp e \u00e1rea gourmet<\/strong> com diversas op\u00e7\u00f5es de petiscos. <\/p>\n<p>Al\u00e9m disso, <span style=\"background-color:#f7cc62\" class=\"td_text_highlight_marker\"><strong><mark class=\"has-inline-color has-black-color\">ser\u00e3o arrecadadas garrafas de \u00e1gua mineral para doa\u00e7\u00e3o \u00e0s v\u00edtimas do Rio Grande do Sul.<\/mark><\/strong><\/span><\/p>\n<p>SAIBA MAIS <\/p>\n<p>Inc\u00eandio atinge \u00e1rea de vegeta\u00e7\u00e3o e provoca muita fuma\u00e7a na regi\u00e3o de Ribeir\u00e3o; V\u00eddeo<\/p>\n<p>SAIBA MAIS<br \/>H\u00e1 30 anos: Tempestade provocou mortes e destrui\u00e7\u00e3o em Ribeir\u00e3o Preto<\/p>\n<h4 class=\"wp-block-heading\"><strong>FIQUE ON<\/strong><\/h4>\n<p>Fique ligado em tudo que acontece em Ribeir\u00e3o Preto e regi\u00e3o. Siga os perfis do&nbsp;<strong>acidade on<\/strong>&nbsp;no<a href=\"https:\/\/www.instagram.com\/acidadeonribeirao\" target=\"_blank\" rel=\"noreferrer noopener\">&nbsp;Instagram<\/a>&nbsp;e no&nbsp;<a href=\"https:\/\/www.facebook.com\/acidadeonribeirao\/\" target=\"_blank\" rel=\"noreferrer noopener\">Facebook<\/a>.<\/p>\n<p>Receba not\u00edcias do<strong>&nbsp;acidade on&nbsp;<\/strong>no WhatsApp.&nbsp;<a href=\"https:\/\/chat.whatsapp.com\/CdrZ6xrf7quD44Vw3WlPuZ\" target=\"_blank\" rel=\"noreferrer noopener\">Para entrar no grupo, basta clicar aqui.<\/a><\/p>\n<p>O post Ribeir\u00e3o Preto tem encontro de carros antigos com chopp e \u00e1rea gourmet apareceu primeiro em ACidade ON Ribeir\u00e3o Preto.<\/p>\n<p><script async src=\"\/\/www.instagram.com\/embed.js\"><\/script><br \/>\n<br \/><br \/>\n<br \/><a href=\"https:\/\/www.acidadeon.com\/ribeiraopreto\/lazer-e-cultura\/ribeirao-preto-tem-encontro-de-carros-antigos-com-chopp-e-area-gourmet\/\">Source link <\/a><\/p>\n<!-- CONTENT END 1 -->\n","protected":false},"excerpt":{"rendered":"<p>O encontro mensal de carros antigos \u201cCalif\u00f3rnia Volks\u201d acontece neste s\u00e1bado (18) em Ribeir\u00e3o Preto. Esta edi\u00e7\u00e3o ser\u00e1 na rua Goi\u00e1s, 1.490, no bairro Campos&#8230;<\/p>\n","protected":false},"author":1,"featured_media":50057,"comment_status":"open","ping_status":"open","sticky":false,"template":"","format":"standard","meta":{"advanced_seo_description":"","jetpack_seo_html_title":"","jetpack_seo_noindex":false,"jetpack_post_was_ever_published":false,"_jetpack_newsletter_access":"","_jetpack_dont_email_post_to_subs":false,"_jetpack_newsletter_tier_id":0,"_jetpack_memberships_contains_paywalled_content":false,"_jetpack_memberships_contains_paid_content":false,"footnotes":"","jetpack_publicize_message":"","jetpack_publicize_feature_enabled":true,"jetpack_social_post_already_shared":true,"jetpack_social_options":{"image_generator_settings":{"template":"highway","default_image_id":0,"font":"","enabled":false},"version":2}},"categories":[11],"tags":[],"class_list":["post-50056","post","type-post","status-publish","format-standard","has-post-thumbnail","hentry","category-noticias-de-ribeirao-preto-sp-e-regiao-ismael-colosi"],"jetpack_publicize_connections":[],"jetpack_featured_media_url":"https:\/\/i0.wp.com\/noticiasribeiraopreto.com.br\/wp-content\/uploads\/2024\/05\/AnyConv.com__25395045_2017989705104517_9108011890481911885_o_2024-05-14_17-51-59.webp.webp?fit=2048%2C1152&ssl=1","jetpack-related-posts":[{"id":48336,"url":"https:\/\/noticiasribeiraopreto.com.br\/index.php\/2024\/05\/02\/cidade-na-regiao-de-ribeirao-preto-tem-encontro-de-carros-antigos-no-final-de-semana\/","url_meta":{"origin":50056,"position":0},"title":"Cidade na regi\u00e3o de Ribeir\u00e3o Preto tem encontro de carros antigos no final de semana","author":"noticiasribeiraopreto.com.br","date":"2 de May de 2024","format":false,"excerpt":"Gosta de carros antigos? Ent\u00e3o anota na sua agenda! O 25\u00ba Encontro de Carros Antigos de Monte Alto, cidade na regi\u00e3o de Ribeir\u00e3o Preto, acontece neste s\u00e1bado (4) e domingo (5), no Centro C\u00edvico Cultural da cidade. O evento gratuito faz parte da programa\u00e7\u00e3o de anivers\u00e1rio dos 143 anos de\u2026","rel":"","context":"In &quot;Not\u00edcias de Ribeir\u00e3o Preto-SP e Regi\u00e3o&quot;","block_context":{"text":"Not\u00edcias de Ribeir\u00e3o Preto-SP e Regi\u00e3o","link":"https:\/\/noticiasribeiraopreto.com.br\/index.php\/category\/noticias-de-ribeirao-preto-sp-e-regiao-ismael-colosi\/"},"img":{"alt_text":"","src":"https:\/\/i0.wp.com\/noticiasribeiraopreto.com.br\/wp-content\/uploads\/2024\/05\/AnyConv.com__Copia-de-Copia-de-TAMANHO-EXATO-PARA-FOTOS-NO-SISTEMA-NOVO-24_2024-05-02_15-26-04.webp.webp?fit=1200%2C675&ssl=1&resize=350%2C200","width":350,"height":200,"srcset":"https:\/\/i0.wp.com\/noticiasribeiraopreto.com.br\/wp-content\/uploads\/2024\/05\/AnyConv.com__Copia-de-Copia-de-TAMANHO-EXATO-PARA-FOTOS-NO-SISTEMA-NOVO-24_2024-05-02_15-26-04.webp.webp?fit=1200%2C675&ssl=1&resize=350%2C200 1x, https:\/\/i0.wp.com\/noticiasribeiraopreto.com.br\/wp-content\/uploads\/2024\/05\/AnyConv.com__Copia-de-Copia-de-TAMANHO-EXATO-PARA-FOTOS-NO-SISTEMA-NOVO-24_2024-05-02_15-26-04.webp.webp?fit=1200%2C675&ssl=1&resize=525%2C300 1.5x, https:\/\/i0.wp.com\/noticiasribeiraopreto.com.br\/wp-content\/uploads\/2024\/05\/AnyConv.com__Copia-de-Copia-de-TAMANHO-EXATO-PARA-FOTOS-NO-SISTEMA-NOVO-24_2024-05-02_15-26-04.webp.webp?fit=1200%2C675&ssl=1&resize=700%2C400 2x, https:\/\/i0.wp.com\/noticiasribeiraopreto.com.br\/wp-content\/uploads\/2024\/05\/AnyConv.com__Copia-de-Copia-de-TAMANHO-EXATO-PARA-FOTOS-NO-SISTEMA-NOVO-24_2024-05-02_15-26-04.webp.webp?fit=1200%2C675&ssl=1&resize=1050%2C600 3x"},"classes":[]},{"id":63406,"url":"https:\/\/noticiasribeiraopreto.com.br\/index.php\/2025\/02\/12\/cidade-na-regiao-de-ribeirao-preto-recebe-encontro-de-carros-antigos\/","url_meta":{"origin":50056,"position":1},"title":"Cidade na regi\u00e3o de Ribeir\u00e3o Preto recebe encontro de carros antigos","author":"noticiasribeiraopreto.com.br","date":"12 de February de 2025","format":false,"excerpt":"Nos dias 15 e 16 de fevereiro, o Santa Maria Outlet, em Cravinhos, na regi\u00e3o de Ribeir\u00e3o Preto recebe um encontro de carros antigos que reunir\u00e1 mais de 20 modelos cl\u00e1ssicos. A entrada \u00e9 gratuita e o encontro acontece a partir das 9h. O evento oferece ao p\u00fablico a oportunidade\u2026","rel":"","context":"In &quot;Not\u00edcias de Ribeir\u00e3o Preto-SP e Regi\u00e3o&quot;","block_context":{"text":"Not\u00edcias de Ribeir\u00e3o Preto-SP e Regi\u00e3o","link":"https:\/\/noticiasribeiraopreto.com.br\/index.php\/category\/noticias-de-ribeirao-preto-sp-e-regiao-ismael-colosi\/"},"img":{"alt_text":"","src":"https:\/\/i0.wp.com\/noticiasribeiraopreto.com.br\/wp-content\/uploads\/2025\/02\/impala_2025-02-12_16-51-08_jpg_2025-02-12_16-51-09-scaled.webp.webp?fit=1200%2C900&ssl=1&resize=350%2C200","width":350,"height":200,"srcset":"https:\/\/i0.wp.com\/noticiasribeiraopreto.com.br\/wp-content\/uploads\/2025\/02\/impala_2025-02-12_16-51-08_jpg_2025-02-12_16-51-09-scaled.webp.webp?fit=1200%2C900&ssl=1&resize=350%2C200 1x, https:\/\/i0.wp.com\/noticiasribeiraopreto.com.br\/wp-content\/uploads\/2025\/02\/impala_2025-02-12_16-51-08_jpg_2025-02-12_16-51-09-scaled.webp.webp?fit=1200%2C900&ssl=1&resize=525%2C300 1.5x, https:\/\/i0.wp.com\/noticiasribeiraopreto.com.br\/wp-content\/uploads\/2025\/02\/impala_2025-02-12_16-51-08_jpg_2025-02-12_16-51-09-scaled.webp.webp?fit=1200%2C900&ssl=1&resize=700%2C400 2x, https:\/\/i0.wp.com\/noticiasribeiraopreto.com.br\/wp-content\/uploads\/2025\/02\/impala_2025-02-12_16-51-08_jpg_2025-02-12_16-51-09-scaled.webp.webp?fit=1200%2C900&ssl=1&resize=1050%2C600 3x"},"classes":[]},{"id":41553,"url":"https:\/\/noticiasribeiraopreto.com.br\/index.php\/2024\/03\/08\/ribeirao-preto-tem-encontro-de-carros-antigos-neste-final-de-semana-veja-onde\/","url_meta":{"origin":50056,"position":2},"title":"Ribeir\u00e3o Preto tem encontro de carros antigos neste final de semana; Veja onde","author":"noticiasribeiraopreto.com.br","date":"8 de March de 2024","format":false,"excerpt":"Se voc\u00ea \u00e9 apaixonado por carros cl\u00e1ssicos, reserve um hor\u00e1rio na sua agenda, pois neste domingo (10), Ribeir\u00e3o Preto recebe um encontro de carros antigos, no estacionamento do posto Graal Trevo. O evento gratuito come\u00e7a \u00e0s 8h e n\u00e3o \u00e9 necess\u00e1rio reservar ingressos. Os interessados em expor o seu ve\u00edculo\u2026","rel":"","context":"In &quot;Not\u00edcias de Ribeir\u00e3o Preto-SP e Regi\u00e3o&quot;","block_context":{"text":"Not\u00edcias de Ribeir\u00e3o Preto-SP e Regi\u00e3o","link":"https:\/\/noticiasribeiraopreto.com.br\/index.php\/category\/noticias-de-ribeirao-preto-sp-e-regiao-ismael-colosi\/"},"img":{"alt_text":"","src":"https:\/\/i0.wp.com\/noticiasribeiraopreto.com.br\/wp-content\/uploads\/2024\/03\/1709942306_WhatsApp-Image-2024-03-04-at-08.50.22.jpeg?fit=1200%2C903&ssl=1&resize=350%2C200","width":350,"height":200,"srcset":"https:\/\/i0.wp.com\/noticiasribeiraopreto.com.br\/wp-content\/uploads\/2024\/03\/1709942306_WhatsApp-Image-2024-03-04-at-08.50.22.jpeg?fit=1200%2C903&ssl=1&resize=350%2C200 1x, https:\/\/i0.wp.com\/noticiasribeiraopreto.com.br\/wp-content\/uploads\/2024\/03\/1709942306_WhatsApp-Image-2024-03-04-at-08.50.22.jpeg?fit=1200%2C903&ssl=1&resize=525%2C300 1.5x, https:\/\/i0.wp.com\/noticiasribeiraopreto.com.br\/wp-content\/uploads\/2024\/03\/1709942306_WhatsApp-Image-2024-03-04-at-08.50.22.jpeg?fit=1200%2C903&ssl=1&resize=700%2C400 2x, https:\/\/i0.wp.com\/noticiasribeiraopreto.com.br\/wp-content\/uploads\/2024\/03\/1709942306_WhatsApp-Image-2024-03-04-at-08.50.22.jpeg?fit=1200%2C903&ssl=1&resize=1050%2C600 3x"},"classes":[]},{"id":76506,"url":"https:\/\/noticiasribeiraopreto.com.br\/index.php\/2025\/08\/30\/evento-gratuito-reune-carros-antigos-na-regiao-de-ribeirao-preto\/","url_meta":{"origin":50056,"position":3},"title":"Evento gratuito re\u00fane carros antigos na regi\u00e3o de Ribeir\u00e3o Preto","author":"noticiasribeiraopreto.com.br","date":"30 de August de 2025","format":false,"excerpt":"Os apaixonados por carros poder\u00e3o visitar, neste domingo (31), o 4\u00ba Encontro de Ve\u00edculos Antigos, que ser\u00e1 realizado no Parque Ecol\u00f3gico e de Lazer \u201cGustavo Simioni\u201d, em Sert\u00e3ozinho, cidade localizada a 21 quil\u00f4metros de Ribeir\u00e3o Preto. A visita\u00e7\u00e3o \u00e9 gratuita e come\u00e7a \u00e0s 8h. O encontro re\u00fane diversos modelos de\u2026","rel":"","context":"In &quot;Not\u00edcias de Ribeir\u00e3o Preto-SP e Regi\u00e3o&quot;","block_context":{"text":"Not\u00edcias de Ribeir\u00e3o Preto-SP e Regi\u00e3o","link":"https:\/\/noticiasribeiraopreto.com.br\/index.php\/category\/noticias-de-ribeirao-preto-sp-e-regiao-ismael-colosi\/"},"img":{"alt_text":"","src":"https:\/\/i0.wp.com\/noticiasribeiraopreto.com.br\/wp-content\/uploads\/2025\/08\/WhatsApp-Image-2025-08-25-at-14.20.24_2025-08-30_14-30-27.webp.webp?fit=1160%2C763&ssl=1&resize=350%2C200","width":350,"height":200,"srcset":"https:\/\/i0.wp.com\/noticiasribeiraopreto.com.br\/wp-content\/uploads\/2025\/08\/WhatsApp-Image-2025-08-25-at-14.20.24_2025-08-30_14-30-27.webp.webp?fit=1160%2C763&ssl=1&resize=350%2C200 1x, https:\/\/i0.wp.com\/noticiasribeiraopreto.com.br\/wp-content\/uploads\/2025\/08\/WhatsApp-Image-2025-08-25-at-14.20.24_2025-08-30_14-30-27.webp.webp?fit=1160%2C763&ssl=1&resize=525%2C300 1.5x, https:\/\/i0.wp.com\/noticiasribeiraopreto.com.br\/wp-content\/uploads\/2025\/08\/WhatsApp-Image-2025-08-25-at-14.20.24_2025-08-30_14-30-27.webp.webp?fit=1160%2C763&ssl=1&resize=700%2C400 2x, https:\/\/i0.wp.com\/noticiasribeiraopreto.com.br\/wp-content\/uploads\/2025\/08\/WhatsApp-Image-2025-08-25-at-14.20.24_2025-08-30_14-30-27.webp.webp?fit=1160%2C763&ssl=1&resize=1050%2C600 3x"},"classes":[]},{"id":62597,"url":"https:\/\/noticiasribeiraopreto.com.br\/index.php\/2025\/01\/18\/ribeirao-preto-recebe-encontro-de-carros-antigos-para-celebrar-o-dia-do-fusca\/","url_meta":{"origin":50056,"position":4},"title":"Ribeir\u00e3o Preto recebe encontro de carros antigos para celebrar o dia do Fusca","author":"noticiasribeiraopreto.com.br","date":"18 de January de 2025","format":false,"excerpt":"A primeira edi\u00e7\u00e3o de 2025 do encontro de carros antigos de Ribeir\u00e3o Preto acontece neste domingo (19), a partir das 10h. O encontro acontece em celebra\u00e7\u00e3o ao Dia Nacional do Fusca, comemorado na segunda-feira (20). A entrada no evento \u00e9 gratuita. O evento ser\u00e1 realizado na rua Marcos Markarian, 377,\u2026","rel":"","context":"In &quot;Not\u00edcias de Ribeir\u00e3o Preto-SP e Regi\u00e3o&quot;","block_context":{"text":"Not\u00edcias de Ribeir\u00e3o Preto-SP e Regi\u00e3o","link":"https:\/\/noticiasribeiraopreto.com.br\/index.php\/category\/noticias-de-ribeirao-preto-sp-e-regiao-ismael-colosi\/"},"img":{"alt_text":"","src":"https:\/\/i0.wp.com\/noticiasribeiraopreto.com.br\/wp-content\/uploads\/2025\/01\/IMG-8262_2024-07-10_13-03-13_jpg_2024-07-10_13-03-15-scaled.webp.webp?fit=1200%2C800&ssl=1&resize=350%2C200","width":350,"height":200,"srcset":"https:\/\/i0.wp.com\/noticiasribeiraopreto.com.br\/wp-content\/uploads\/2025\/01\/IMG-8262_2024-07-10_13-03-13_jpg_2024-07-10_13-03-15-scaled.webp.webp?fit=1200%2C800&ssl=1&resize=350%2C200 1x, https:\/\/i0.wp.com\/noticiasribeiraopreto.com.br\/wp-content\/uploads\/2025\/01\/IMG-8262_2024-07-10_13-03-13_jpg_2024-07-10_13-03-15-scaled.webp.webp?fit=1200%2C800&ssl=1&resize=525%2C300 1.5x, https:\/\/i0.wp.com\/noticiasribeiraopreto.com.br\/wp-content\/uploads\/2025\/01\/IMG-8262_2024-07-10_13-03-13_jpg_2024-07-10_13-03-15-scaled.webp.webp?fit=1200%2C800&ssl=1&resize=700%2C400 2x, https:\/\/i0.wp.com\/noticiasribeiraopreto.com.br\/wp-content\/uploads\/2025\/01\/IMG-8262_2024-07-10_13-03-13_jpg_2024-07-10_13-03-15-scaled.webp.webp?fit=1200%2C800&ssl=1&resize=1050%2C600 3x"},"classes":[]},{"id":52808,"url":"https:\/\/noticiasribeiraopreto.com.br\/index.php\/2024\/06\/12\/encontro-de-carros-antigos-tem-musica-ao-vivo-e-brindes-na-regiao-de-ribeirao-veja-quando\/","url_meta":{"origin":50056,"position":5},"title":"Encontro de carros antigos tem m\u00fasica ao vivo e brindes na regi\u00e3o de Ribeir\u00e3o; Veja quando","author":"noticiasribeiraopreto.com.br","date":"12 de June de 2024","format":false,"excerpt":"O \u201c3\u00ba Encontro Anual de Carros Antigos Sert\u00e3o Volks\u201d acontece neste domingo (16), na pra\u00e7a 21 de Abril, em Sert\u00e3ozinho, cidade na regi\u00e3o de Ribeir\u00e3o Preto, a partir das 9h. O evento \u00e9 aberto ao p\u00fablico. Al\u00e9m da exposi\u00e7\u00e3o de ve\u00edculos, o evento tamb\u00e9m contar\u00e1 com DJ e m\u00fasica ao\u2026","rel":"","context":"In &quot;Not\u00edcias de Ribeir\u00e3o Preto-SP e Regi\u00e3o&quot;","block_context":{"text":"Not\u00edcias de Ribeir\u00e3o Preto-SP e Regi\u00e3o","link":"https:\/\/noticiasribeiraopreto.com.br\/index.php\/category\/noticias-de-ribeirao-preto-sp-e-regiao-ismael-colosi\/"},"img":{"alt_text":"","src":"https:\/\/i0.wp.com\/noticiasribeiraopreto.com.br\/wp-content\/uploads\/2024\/06\/Copia-de-Copia-de-TAMANHO-EXATO-PARA-FOTOS-NO-SISTEMA-NOVO-10_2024-06-10_12-20-58_jpg_2024-06-10_12-20-58.webp.webp?fit=1200%2C675&ssl=1&resize=350%2C200","width":350,"height":200,"srcset":"https:\/\/i0.wp.com\/noticiasribeiraopreto.com.br\/wp-content\/uploads\/2024\/06\/Copia-de-Copia-de-TAMANHO-EXATO-PARA-FOTOS-NO-SISTEMA-NOVO-10_2024-06-10_12-20-58_jpg_2024-06-10_12-20-58.webp.webp?fit=1200%2C675&ssl=1&resize=350%2C200 1x, https:\/\/i0.wp.com\/noticiasribeiraopreto.com.br\/wp-content\/uploads\/2024\/06\/Copia-de-Copia-de-TAMANHO-EXATO-PARA-FOTOS-NO-SISTEMA-NOVO-10_2024-06-10_12-20-58_jpg_2024-06-10_12-20-58.webp.webp?fit=1200%2C675&ssl=1&resize=525%2C300 1.5x, https:\/\/i0.wp.com\/noticiasribeiraopreto.com.br\/wp-content\/uploads\/2024\/06\/Copia-de-Copia-de-TAMANHO-EXATO-PARA-FOTOS-NO-SISTEMA-NOVO-10_2024-06-10_12-20-58_jpg_2024-06-10_12-20-58.webp.webp?fit=1200%2C675&ssl=1&resize=700%2C400 2x, https:\/\/i0.wp.com\/noticiasribeiraopreto.com.br\/wp-content\/uploads\/2024\/06\/Copia-de-Copia-de-TAMANHO-EXATO-PARA-FOTOS-NO-SISTEMA-NOVO-10_2024-06-10_12-20-58_jpg_2024-06-10_12-20-58.webp.webp?fit=1200%2C675&ssl=1&resize=1050%2C600 3x"},"classes":[]}],"jetpack_sharing_enabled":true,"jetpack_shortlink":"https:\/\/wp.me\/peQAOb-d1m","_links":{"self":[{"href":"https:\/\/noticiasribeiraopreto.com.br\/index.php\/wp-json\/wp\/v2\/posts\/50056","targetHints":{"allow":["GET"]}}],"collection":[{"href":"https:\/\/noticiasribeiraopreto.com.br\/index.php\/wp-json\/wp\/v2\/posts"}],"about":[{"href":"https:\/\/noticiasribeiraopreto.com.br\/index.php\/wp-json\/wp\/v2\/types\/post"}],"author":[{"embeddable":true,"href":"https:\/\/noticiasribeiraopreto.com.br\/index.php\/wp-json\/wp\/v2\/users\/1"}],"replies":[{"embeddable":true,"href":"https:\/\/noticiasribeiraopreto.com.br\/index.php\/wp-json\/wp\/v2\/comments?post=50056"}],"version-history":[{"count":0,"href":"https:\/\/noticiasribeiraopreto.com.br\/index.php\/wp-json\/wp\/v2\/posts\/50056\/revisions"}],"wp:featuredmedia":[{"embeddable":true,"href":"https:\/\/noticiasribeiraopreto.com.br\/index.php\/wp-json\/wp\/v2\/media\/50057"}],"wp:attachment":[{"href":"https:\/\/noticiasribeiraopreto.com.br\/index.php\/wp-json\/wp\/v2\/media?parent=50056"}],"wp:term":[{"taxonomy":"category","embeddable":true,"href":"https:\/\/noticiasribeiraopreto.com.br\/index.php\/wp-json\/wp\/v2\/categories?post=50056"},{"taxonomy":"post_tag","embeddable":true,"href":"https:\/\/noticiasribeiraopreto.com.br\/index.php\/wp-json\/wp\/v2\/tags?post=50056"}],"curies":[{"name":"wp","href":"https:\/\/api.w.org\/{rel}","templated":true}]}}