{"id":50064,"date":"2024-05-14T15:45:35","date_gmt":"2024-05-14T18:45:35","guid":{"rendered":"https:\/\/noticiasribeiraopreto.com.br\/index.php\/2024\/05\/14\/novo-trailer-de-silvio-apresenta-detalhes-da-vida-e-carreira-do-maior-apresentador-da-historia\/"},"modified":"2024-05-14T15:45:35","modified_gmt":"2024-05-14T18:45:35","slug":"novo-trailer-de-silvio-apresenta-detalhes-da-vida-e-carreira-do-maior-apresentador-da-historia","status":"publish","type":"post","link":"https:\/\/noticiasribeiraopreto.com.br\/index.php\/2024\/05\/14\/novo-trailer-de-silvio-apresenta-detalhes-da-vida-e-carreira-do-maior-apresentador-da-historia\/","title":{"rendered":"Novo trailer de &#8220;SILVIO&#8221; apresenta detalhes da vida e carreira do maior apresentador da hist\u00f3ria"},"content":{"rendered":"<div class='code-block code-block-1' style='margin: 8px 0 8px auto; text-align: right; display: block; clear: both;'>\n<p><a href=\"https:\/\/wa.link\/vpicfd\"><img data-recalc-dims=\"1\" class=\"wp-image-4922\" style=\"aspect-ratio: 2.0253164556962027; width: 561px; height: auto;\" src=\"https:\/\/i0.wp.com\/ismaelcolosi.com.br\/wp-content\/uploads\/2023\/11\/grupo-de-empregos-whatsapp-e-facebook-ismael-colosi-vagas.jpg?ssl=1\" alt=\"\" \/><\/a><\/p>\n<!-- \/wp:image -->\n<\/div>\n<p> <br \/>\n<\/p>\n<div>\n<p style=\"text-align: center;\"><em><strong>Protagonizado por Rodrigo Faro, o filme ser\u00e1 lan\u00e7ado exclusivamente nos cinemas no dia 5 de setembro<\/strong><\/em><\/p>\n<p>Rodrigo Faro volta a atuar ap\u00f3s 16 anos, encarando o desafio de dar vida a um dos maiores \u00edcones da televis\u00e3o brasileira, Silvio Santos, no aguardado filme\u00a0<strong>\u201cSILVIO\u201d<\/strong>. Com estreia marcada nos cinemas para o dia\u00a0<strong>5 de setembro<\/strong>, o longa dirigido por Marcelo Antunes mergulha nos detalhes da vida e carreira do lend\u00e1rio apresentador, e acaba de ganhar um novo trailer oficial.<\/p>\n<p>Para Faro, Silvio sempre foi uma verdadeira inspira\u00e7\u00e3o. \u201cQuando eu era pequeno e visitava o SBT para participar de algum programa, eu me escondia na plateia, observando-o apresentar. Naqueles momentos, eu sonhava em estar no palco como ele, sendo um comunicador\u201d, compartilha o ator, que recebeu a b\u00ean\u00e7\u00e3o pessoal do pr\u00f3prio Silvio Santos para interpret\u00e1-lo. \u2003\u200c<\/p>\n<p>O novo trailer de<strong>\u00a0\u201cSILVIO\u201d<\/strong> se aprofunda nas mem\u00f3rias mais \u00edntimas de Silvio Santos, desde seus dias como camel\u00f4 nas ruas do Rio de Janeiro, o in\u00edcio do seu trabalho na r\u00e1dio, a rela\u00e7\u00e3o com Chico Anysio e Manuel de N\u00f3brega, at\u00e9 momentos decisivos em sua carreira, como a cria\u00e7\u00e3o do famoso bord\u00e3o \u201cquem quer dinheiro?\u201d em meio a uma crise no Ba\u00fa da Felicidade. Al\u00e9m disso, o filme promete revelar aspectos pouco conhecidos da vida do apresentador, como a rela\u00e7\u00e3o com sua filha Cintia Abravanel (interpretada por Adriana Londo\u00f1o) e\u00a0o exato momento em que \u00e9 sequestrado por Fernando Dutra Pinto (Johnnas Oliva).\u2003\u200c<\/p>\n<p>Com dire\u00e7\u00e3o de Marcelo Antunez, produ\u00e7\u00e3o da Moonshot Pictures, Maristela Filmes, FJ Produ\u00e7\u00f5es, DIS Group e coprodu\u00e7\u00e3o da Paramount Pictures, o filme chega aos cinemas de todo o Brasil no dia\u00a0<strong>5 de setembro de 2024.<\/strong><\/p>\n<p><strong>Sinopse<\/strong><\/p>\n<p>Al\u00e9m de felicidade, um ba\u00fa tamb\u00e9m pode guardar muitos segredos. Baseado em fatos reais, Silvio Santos (Rodrigo Faro) relembra sua hist\u00f3ria de vida e revela acontecimentos dos bastidores que nunca foram mostrados. Durante o sequestro que marcou o Brasil, o apresentador precisa lutar para proteger sua fam\u00edlia e seu legado enquanto encara de frente um dos momentos mais desafiadores da sua vida.<\/p>\n<p><strong>Ficha t\u00e9cnica<\/strong><\/p>\n<p>Dura\u00e7\u00e3o: 1h52 minutos<\/p>\n<p>Dire\u00e7\u00e3o: Marcelo Antunez<\/p>\n<p>Produtores: Roberto d\u2019Avila, Marco Audr\u00e1, Fabio Golombek, Ricardo Scalamandr\u00e9<\/p>\n<p>Produ\u00e7\u00e3o Executiva: Suraia Lenktaitis<\/p>\n<p>Roteiro: Anderson Almeida<\/p>\n<p>Colabora\u00e7\u00e3o de roteiro: Ana Luiza Savassi, Cadu Machado, Juliana Koch, Ricardo Inhan<\/p>\n<p>Roteirista: Newton Cannito<\/p>\n<p>Dire\u00e7\u00e3o de Fotografia: Uli Burtin, ABC<\/p>\n<p>Dire\u00e7\u00e3o de Arte: Ant\u00f4nio de Freitas<\/p>\n<p>Dire\u00e7\u00e3o de Produ\u00e7\u00e3o de Elenco: C\u00e1ssia Guindo<\/p>\n<p>Montagem: Renato Lima<\/p>\n<p>Figurino: Francine Marson<\/p>\n<p>Chefe de Caracteriza\u00e7\u00e3o: Mari Figueiredo<\/p>\n<p>Maquiagem: Fabi Akamine<\/p>\n<p>Som direto: Marcelo Raposo<\/p>\n<p>Design de Som: Luiz Adelmo, ABC<\/p>\n<p>Trilha Sonora: Xuxa Levy<\/p>\n<p>Produ\u00e7\u00e3o: Maristela Filmes, Moonshot Pictures, FJ Productions, Dis Group.<\/p>\n<p>Coprodu\u00e7\u00e3o: Paramount Pictures<\/p>\n<p>Distribui\u00e7\u00e3o: Imagem Filmes<\/p>\n<p>Apoiado pelo Programa de Atra\u00e7\u00e3o de Filmagens \u00e0 Cidade e ao Estado de S\u00e3o Paulo<\/p>\n<p>Governo do Estado de S\u00e3o Paulo, por meio da Secretaria de Cultura e Economia Criativa (PROAC)<\/p>\n<p>Apoio: Quanta, Monstercam<\/p>\n<p>Apoio: Spcine, Cidade de S\u00e3o Paulo (turismo), Proac \u2013 CultSP , Secretaria da Cultura, Economia e Ind\u00fastria Criativas SP \u2014 Gov, BRDE, Ancine, Minist\u00e9rio da Cultura.<\/p>\n<p>Patroc\u00ednio: Sabesp, Ra\u00edzen, EMS, Liquig\u00e1s<br \/>\u200c<\/p>\n<p><strong>Elenco:<\/strong>\u00a0Rodrigo Faro, Johnnas Oliva, Vin\u00edcius Ricci, Fellipe Castro, Marjorie Gerardi, Eduardo Reyes, Bruna Aiiso, Duda Mamberti, Lara C\u00f3rdula, Adriana Londo\u00f1o, Polliana Aleixo, Ana Paula Lopez. Ator convidado: Paulo Gorgulho.<\/p>\n<div class=\"popito_fn_votewrap\">\n<h3 class=\"vote_title\">Como voc\u00ea vota? <\/h3>\n<div class=\"popito_fn_votes \" data-id=\"2658\">\n<p>1 People voted this article. 1 Upvotes &#8211; 0 Downvotes.<\/p>\n<\/div>\n<\/div>\n<\/div>\n<p><br \/>\n<br \/><a href=\"https:\/\/popito.com.br\/novo-trailer-de-silvio-apresenta-detalhes-da-vida-e-carreira-do-maior-apresentador-da-historia\/\">Source link <\/a><\/p>\n<!-- CONTENT END 1 -->\n","protected":false},"excerpt":{"rendered":"<p>Protagonizado por Rodrigo Faro, o filme ser\u00e1 lan\u00e7ado exclusivamente nos cinemas no dia 5 de setembro Rodrigo Faro volta a atuar ap\u00f3s 16 anos, encarando&#8230;<\/p>\n","protected":false},"author":1,"featured_media":50065,"comment_status":"open","ping_status":"open","sticky":false,"template":"","format":"standard","meta":{"advanced_seo_description":"","jetpack_seo_html_title":"","jetpack_seo_noindex":false,"jetpack_post_was_ever_published":false,"_jetpack_newsletter_access":"","_jetpack_dont_email_post_to_subs":false,"_jetpack_newsletter_tier_id":0,"_jetpack_memberships_contains_paywalled_content":false,"_jetpack_memberships_contains_paid_content":false,"footnotes":"","jetpack_publicize_message":"","jetpack_publicize_feature_enabled":true,"jetpack_social_post_already_shared":true,"jetpack_social_options":{"image_generator_settings":{"template":"highway","default_image_id":0,"font":"","enabled":false},"version":2}},"categories":[11],"tags":[56,5817,1922,2681,478,201,381,5816,5328,1046],"class_list":["post-50064","post","type-post","status-publish","format-standard","has-post-thumbnail","hentry","category-noticias-de-ribeirao-preto-sp-e-regiao-ismael-colosi","tag-apresenta","tag-apresentador","tag-carreira","tag-detalhes","tag-historia","tag-maior","tag-novo","tag-silvio","tag-trailer","tag-vida"],"jetpack_publicize_connections":[],"jetpack_featured_media_url":"https:\/\/i0.wp.com\/noticiasribeiraopreto.com.br\/wp-content\/uploads\/2024\/05\/Silvio_0822.jpg?fit=1800%2C1200&ssl=1","jetpack-related-posts":[{"id":57866,"url":"https:\/\/noticiasribeiraopreto.com.br\/index.php\/2024\/09\/12\/silvio-e-meu-amigo-pinguim-veja-as-estreias-desta-semana-nos-cinemas\/","url_meta":{"origin":50064,"position":0},"title":"\u201cSilvio\u201d e \u201cMeu Amigo Pinguim\u201d: Veja as estreias desta semana nos cinemas","author":"noticiasribeiraopreto.com.br","date":"12 de September de 2024","format":false,"excerpt":"Nesta quinta-feira (12), quatro novos filmes entram na programa\u00e7\u00e3o dos cinemas de Ribeir\u00e3o Preto, entre elas, a cinebiografia de Silvio Santos, o longa Silvio e um filme sobre a amizade de um pai e um pequeno pinguim, a aventura Meu Amigo Pinguim. Veja todas as estreias: Ribeir\u00e3o Preto conta com\u2026","rel":"","context":"In &quot;Not\u00edcias de Ribeir\u00e3o Preto-SP e Regi\u00e3o&quot;","block_context":{"text":"Not\u00edcias de Ribeir\u00e3o Preto-SP e Regi\u00e3o","link":"https:\/\/noticiasribeiraopreto.com.br\/index.php\/category\/noticias-de-ribeirao-preto-sp-e-regiao-ismael-colosi\/"},"img":{"alt_text":"","src":"https:\/\/i0.wp.com\/noticiasribeiraopreto.com.br\/wp-content\/uploads\/2024\/09\/daniel-enquadramento-capa-2024-09-11t181520073_2024-09-12_12-21-46_jpg_2024-09-12_12-21-46.webp.webp?fit=1100%2C600&ssl=1&resize=350%2C200","width":350,"height":200,"srcset":"https:\/\/i0.wp.com\/noticiasribeiraopreto.com.br\/wp-content\/uploads\/2024\/09\/daniel-enquadramento-capa-2024-09-11t181520073_2024-09-12_12-21-46_jpg_2024-09-12_12-21-46.webp.webp?fit=1100%2C600&ssl=1&resize=350%2C200 1x, https:\/\/i0.wp.com\/noticiasribeiraopreto.com.br\/wp-content\/uploads\/2024\/09\/daniel-enquadramento-capa-2024-09-11t181520073_2024-09-12_12-21-46_jpg_2024-09-12_12-21-46.webp.webp?fit=1100%2C600&ssl=1&resize=525%2C300 1.5x, https:\/\/i0.wp.com\/noticiasribeiraopreto.com.br\/wp-content\/uploads\/2024\/09\/daniel-enquadramento-capa-2024-09-11t181520073_2024-09-12_12-21-46_jpg_2024-09-12_12-21-46.webp.webp?fit=1100%2C600&ssl=1&resize=700%2C400 2x, https:\/\/i0.wp.com\/noticiasribeiraopreto.com.br\/wp-content\/uploads\/2024\/09\/daniel-enquadramento-capa-2024-09-11t181520073_2024-09-12_12-21-46_jpg_2024-09-12_12-21-46.webp.webp?fit=1100%2C600&ssl=1&resize=1050%2C600 3x"},"classes":[]},{"id":56906,"url":"https:\/\/noticiasribeiraopreto.com.br\/index.php\/2024\/08\/17\/entenda-como-escritor-da-regiao-de-ribeirao-ajudou-popularizar-a-historia-de-silvio-santos\/","url_meta":{"origin":50064,"position":1},"title":"Entenda como escritor da regi\u00e3o de Ribeir\u00e3o ajudou popularizar a hist\u00f3ria de Silvio Santos","author":"noticiasribeiraopreto.com.br","date":"17 de August de 2024","format":false,"excerpt":"Uma biografia em hist\u00f3ria em quadrinhos, escrita pelo escritor R.F. Lucchetti, natural da regi\u00e3o de Ribeir\u00e3o Preto, ajudou na populariza\u00e7\u00e3o da hist\u00f3ria da lenda da TV Silvio Santos, que morreu neste s\u00e1bado (17), aos 93 anos, em S\u00e3o Paulo. A biografia \u201cSilvio Santos: vida, luta e gl\u00f3ria\u201d, foi lan\u00e7ada em\u2026","rel":"","context":"In &quot;Not\u00edcias de Ribeir\u00e3o Preto-SP e Regi\u00e3o&quot;","block_context":{"text":"Not\u00edcias de Ribeir\u00e3o Preto-SP e Regi\u00e3o","link":"https:\/\/noticiasribeiraopreto.com.br\/index.php\/category\/noticias-de-ribeirao-preto-sp-e-regiao-ismael-colosi\/"},"img":{"alt_text":"","src":"https:\/\/i0.wp.com\/noticiasribeiraopreto.com.br\/wp-content\/uploads\/2024\/08\/rubens-francisco-lucchetti-e-silvio-santos_2024-08-17_14-45-57_jpg_2024-08-17_14-45-58.webp.webp?fit=1200%2C1065&ssl=1&resize=350%2C200","width":350,"height":200,"srcset":"https:\/\/i0.wp.com\/noticiasribeiraopreto.com.br\/wp-content\/uploads\/2024\/08\/rubens-francisco-lucchetti-e-silvio-santos_2024-08-17_14-45-57_jpg_2024-08-17_14-45-58.webp.webp?fit=1200%2C1065&ssl=1&resize=350%2C200 1x, https:\/\/i0.wp.com\/noticiasribeiraopreto.com.br\/wp-content\/uploads\/2024\/08\/rubens-francisco-lucchetti-e-silvio-santos_2024-08-17_14-45-57_jpg_2024-08-17_14-45-58.webp.webp?fit=1200%2C1065&ssl=1&resize=525%2C300 1.5x, https:\/\/i0.wp.com\/noticiasribeiraopreto.com.br\/wp-content\/uploads\/2024\/08\/rubens-francisco-lucchetti-e-silvio-santos_2024-08-17_14-45-57_jpg_2024-08-17_14-45-58.webp.webp?fit=1200%2C1065&ssl=1&resize=700%2C400 2x, https:\/\/i0.wp.com\/noticiasribeiraopreto.com.br\/wp-content\/uploads\/2024\/08\/rubens-francisco-lucchetti-e-silvio-santos_2024-08-17_14-45-57_jpg_2024-08-17_14-45-58.webp.webp?fit=1200%2C1065&ssl=1&resize=1050%2C600 3x"},"classes":[]},{"id":28759,"url":"https:\/\/noticiasribeiraopreto.com.br\/index.php\/2024\/01\/16\/silvia-abravanel-da-noticias-do-verdadeiro-estado-de-saude-de-silvio-santos\/","url_meta":{"origin":50064,"position":2},"title":"Silvia Abravanel d\u00e1 not\u00edcias do verdadeiro estado de sa\u00fade de Silvio Santos","author":"noticiasribeiraopreto.com.br","date":"16 de January de 2024","format":false,"excerpt":"Um dos mais ic\u00f4nicos apresentadores das telinhas, Silvio Santos segue afastado da sua emissora SBT que est\u00e1 atualmente sob comando da fam\u00edlia, com suas filhas dirigindo e apresentando.O p\u00fablico fiel ao famoso, continua na busca por informa\u00e7\u00f5es n\u00e3o s\u00f3 de um poss\u00edvel retorno a TV, como tamb\u00e9m sentem a preocupa\u00e7\u00e3o\u2026","rel":"","context":"In &quot;Blog&quot;","block_context":{"text":"Blog","link":"https:\/\/noticiasribeiraopreto.com.br\/index.php\/category\/blog\/"},"img":{"alt_text":"","src":"https:\/\/i0.wp.com\/noticiasribeiraopreto.com.br\/wp-content\/uploads\/2024\/01\/silvia.jpg?fit=1200%2C628&ssl=1&resize=350%2C200","width":350,"height":200,"srcset":"https:\/\/i0.wp.com\/noticiasribeiraopreto.com.br\/wp-content\/uploads\/2024\/01\/silvia.jpg?fit=1200%2C628&ssl=1&resize=350%2C200 1x, https:\/\/i0.wp.com\/noticiasribeiraopreto.com.br\/wp-content\/uploads\/2024\/01\/silvia.jpg?fit=1200%2C628&ssl=1&resize=525%2C300 1.5x, https:\/\/i0.wp.com\/noticiasribeiraopreto.com.br\/wp-content\/uploads\/2024\/01\/silvia.jpg?fit=1200%2C628&ssl=1&resize=700%2C400 2x, https:\/\/i0.wp.com\/noticiasribeiraopreto.com.br\/wp-content\/uploads\/2024\/01\/silvia.jpg?fit=1200%2C628&ssl=1&resize=1050%2C600 3x"},"classes":[]},{"id":6461,"url":"https:\/\/noticiasribeiraopreto.com.br\/index.php\/2023\/11\/25\/silvio-santos-faz-rarissima-aparicao-em-momento-descontraido-com-a-familia\/","url_meta":{"origin":50064,"position":3},"title":"Silvio Santos faz rar\u00edssima apari\u00e7\u00e3o em momento descontra\u00eddo com a fam\u00edlia","author":"noticiasribeiraopreto.com.br","date":"25 de November de 2023","format":false,"excerpt":"Silvio Santos \u00e9 uma das figuras mais famosas do pa\u00eds e isso significa que sempre existem pessoas interessadas em saber sobre ele. No entanto, j\u00e1 faz algum tempo que Silvio vinha se mantendo mais afastado dos holofotes.Quem acompanha a carreira de Silvio Santos tem ideia do quanto o apresentador foi\u2026","rel":"","context":"In &quot;Blog&quot;","block_context":{"text":"Blog","link":"https:\/\/noticiasribeiraopreto.com.br\/index.php\/category\/blog\/"},"img":{"alt_text":"","src":"https:\/\/i0.wp.com\/noticiasribeiraopreto.com.br\/wp-content\/uploads\/2023\/11\/postimg-6562a441dfca64197.jpg?fit=1200%2C628&ssl=1&resize=350%2C200","width":350,"height":200,"srcset":"https:\/\/i0.wp.com\/noticiasribeiraopreto.com.br\/wp-content\/uploads\/2023\/11\/postimg-6562a441dfca64197.jpg?fit=1200%2C628&ssl=1&resize=350%2C200 1x, https:\/\/i0.wp.com\/noticiasribeiraopreto.com.br\/wp-content\/uploads\/2023\/11\/postimg-6562a441dfca64197.jpg?fit=1200%2C628&ssl=1&resize=525%2C300 1.5x, https:\/\/i0.wp.com\/noticiasribeiraopreto.com.br\/wp-content\/uploads\/2023\/11\/postimg-6562a441dfca64197.jpg?fit=1200%2C628&ssl=1&resize=700%2C400 2x, https:\/\/i0.wp.com\/noticiasribeiraopreto.com.br\/wp-content\/uploads\/2023\/11\/postimg-6562a441dfca64197.jpg?fit=1200%2C628&ssl=1&resize=1050%2C600 3x"},"classes":[]},{"id":15837,"url":"https:\/\/noticiasribeiraopreto.com.br\/index.php\/2023\/12\/14\/saiba-qual-fortuna-de-silvio-santos-que-lhe-da-o-titulo-de-terceiro-bilionario-mais-velho-do-brasil\/","url_meta":{"origin":50064,"position":4},"title":"Saiba qual fortuna de Silvio Santos, que lhe d\u00e1 o t\u00edtulo de terceiro bilion\u00e1rio mais velho do Brasil","author":"noticiasribeiraopreto.com.br","date":"14 de December de 2023","format":false,"excerpt":"\u2018Quem quer dinheiro?\u2019 \u00e9 uma frase marcante do apresentador Senor Abravanel, popularmente conhecido por Silvio Santos. O famoso completou 93 anos nesta semana.Al\u00e9m de muito famoso, o idoso est\u00e1 no top tr\u00eas do ranking como o terceiro bilion\u00e1rio mais velho do pa\u00eds. A fortuna do apresentador, segundo a revista Forbes,\u2026","rel":"","context":"In &quot;Blog&quot;","block_context":{"text":"Blog","link":"https:\/\/noticiasribeiraopreto.com.br\/index.php\/category\/blog\/"},"img":{"alt_text":"","src":"https:\/\/i0.wp.com\/noticiasribeiraopreto.com.br\/wp-content\/uploads\/2023\/12\/postimg-657b21d2f01dc9345.jpg?fit=1200%2C628&ssl=1&resize=350%2C200","width":350,"height":200,"srcset":"https:\/\/i0.wp.com\/noticiasribeiraopreto.com.br\/wp-content\/uploads\/2023\/12\/postimg-657b21d2f01dc9345.jpg?fit=1200%2C628&ssl=1&resize=350%2C200 1x, https:\/\/i0.wp.com\/noticiasribeiraopreto.com.br\/wp-content\/uploads\/2023\/12\/postimg-657b21d2f01dc9345.jpg?fit=1200%2C628&ssl=1&resize=525%2C300 1.5x, https:\/\/i0.wp.com\/noticiasribeiraopreto.com.br\/wp-content\/uploads\/2023\/12\/postimg-657b21d2f01dc9345.jpg?fit=1200%2C628&ssl=1&resize=700%2C400 2x, https:\/\/i0.wp.com\/noticiasribeiraopreto.com.br\/wp-content\/uploads\/2023\/12\/postimg-657b21d2f01dc9345.jpg?fit=1200%2C628&ssl=1&resize=1050%2C600 3x"},"classes":[]},{"id":56900,"url":"https:\/\/noticiasribeiraopreto.com.br\/index.php\/2024\/08\/17\/morre-silvio-santos-aos-93-anos\/","url_meta":{"origin":50064,"position":5},"title":"Morre Silvio Santos, aos 93 anos","author":"noticiasribeiraopreto.com.br","date":"17 de August de 2024","format":false,"excerpt":"O apresentador Silvio Santos morreu neste s\u00e1bado (17), aos 93 anos. A morte foi anunciada pelo SBT, canal do apresentador. Confira: \u201cHoje o c\u00e9u est\u00e1 alegre com a chegada do nosso amado Silvio Santos. Ele viveu 93 anos para levar felicidade e amor a todos os brasileiros. A fam\u00edlia \u00e9\u2026","rel":"","context":"In &quot;Not\u00edcias de Ribeir\u00e3o Preto-SP e Regi\u00e3o&quot;","block_context":{"text":"Not\u00edcias de Ribeir\u00e3o Preto-SP e Regi\u00e3o","link":"https:\/\/noticiasribeiraopreto.com.br\/index.php\/category\/noticias-de-ribeirao-preto-sp-e-regiao-ismael-colosi\/"},"img":{"alt_text":"","src":"https:\/\/i0.wp.com\/noticiasribeiraopreto.com.br\/wp-content\/uploads\/2024\/08\/silvio-santos_2024-08-17_13-14-10_jpg_2024-08-17_13-14-10.webp.webp?fit=1200%2C731&ssl=1&resize=350%2C200","width":350,"height":200,"srcset":"https:\/\/i0.wp.com\/noticiasribeiraopreto.com.br\/wp-content\/uploads\/2024\/08\/silvio-santos_2024-08-17_13-14-10_jpg_2024-08-17_13-14-10.webp.webp?fit=1200%2C731&ssl=1&resize=350%2C200 1x, https:\/\/i0.wp.com\/noticiasribeiraopreto.com.br\/wp-content\/uploads\/2024\/08\/silvio-santos_2024-08-17_13-14-10_jpg_2024-08-17_13-14-10.webp.webp?fit=1200%2C731&ssl=1&resize=525%2C300 1.5x, https:\/\/i0.wp.com\/noticiasribeiraopreto.com.br\/wp-content\/uploads\/2024\/08\/silvio-santos_2024-08-17_13-14-10_jpg_2024-08-17_13-14-10.webp.webp?fit=1200%2C731&ssl=1&resize=700%2C400 2x, https:\/\/i0.wp.com\/noticiasribeiraopreto.com.br\/wp-content\/uploads\/2024\/08\/silvio-santos_2024-08-17_13-14-10_jpg_2024-08-17_13-14-10.webp.webp?fit=1200%2C731&ssl=1&resize=1050%2C600 3x"},"classes":[]}],"jetpack_sharing_enabled":true,"jetpack_shortlink":"https:\/\/wp.me\/peQAOb-d1u","_links":{"self":[{"href":"https:\/\/noticiasribeiraopreto.com.br\/index.php\/wp-json\/wp\/v2\/posts\/50064","targetHints":{"allow":["GET"]}}],"collection":[{"href":"https:\/\/noticiasribeiraopreto.com.br\/index.php\/wp-json\/wp\/v2\/posts"}],"about":[{"href":"https:\/\/noticiasribeiraopreto.com.br\/index.php\/wp-json\/wp\/v2\/types\/post"}],"author":[{"embeddable":true,"href":"https:\/\/noticiasribeiraopreto.com.br\/index.php\/wp-json\/wp\/v2\/users\/1"}],"replies":[{"embeddable":true,"href":"https:\/\/noticiasribeiraopreto.com.br\/index.php\/wp-json\/wp\/v2\/comments?post=50064"}],"version-history":[{"count":0,"href":"https:\/\/noticiasribeiraopreto.com.br\/index.php\/wp-json\/wp\/v2\/posts\/50064\/revisions"}],"wp:featuredmedia":[{"embeddable":true,"href":"https:\/\/noticiasribeiraopreto.com.br\/index.php\/wp-json\/wp\/v2\/media\/50065"}],"wp:attachment":[{"href":"https:\/\/noticiasribeiraopreto.com.br\/index.php\/wp-json\/wp\/v2\/media?parent=50064"}],"wp:term":[{"taxonomy":"category","embeddable":true,"href":"https:\/\/noticiasribeiraopreto.com.br\/index.php\/wp-json\/wp\/v2\/categories?post=50064"},{"taxonomy":"post_tag","embeddable":true,"href":"https:\/\/noticiasribeiraopreto.com.br\/index.php\/wp-json\/wp\/v2\/tags?post=50064"}],"curies":[{"name":"wp","href":"https:\/\/api.w.org\/{rel}","templated":true}]}}