{"id":5017,"date":"2023-11-22T18:25:40","date_gmt":"2023-11-22T21:25:40","guid":{"rendered":"https:\/\/noticiasribeiraopreto.com.br\/index.php\/2023\/11\/22\/governo-lula-publica-portaria-que-obriga-agua-gratuita-em-shows-no-calor\/"},"modified":"2023-11-22T18:25:40","modified_gmt":"2023-11-22T21:25:40","slug":"governo-lula-publica-portaria-que-obriga-agua-gratuita-em-shows-no-calor","status":"publish","type":"post","link":"https:\/\/noticiasribeiraopreto.com.br\/index.php\/2023\/11\/22\/governo-lula-publica-portaria-que-obriga-agua-gratuita-em-shows-no-calor\/","title":{"rendered":"Governo Lula publica portaria que obriga \u00e1gua gratuita em shows no calor"},"content":{"rendered":"<div class='code-block code-block-1' style='margin: 8px 0 8px auto; text-align: right; display: block; clear: both;'>\n<p><a href=\"https:\/\/wa.link\/vpicfd\"><img data-recalc-dims=\"1\" class=\"wp-image-4922\" style=\"aspect-ratio: 2.0253164556962027; width: 561px; height: auto;\" src=\"https:\/\/i0.wp.com\/ismaelcolosi.com.br\/wp-content\/uploads\/2023\/11\/grupo-de-empregos-whatsapp-e-facebook-ismael-colosi-vagas.jpg?ssl=1\" alt=\"\" \/><\/a><\/p>\n<!-- \/wp:image -->\n<\/div>\n<p> <br \/>\n<\/p>\n<div>\n<div id=\"attachment_2313342\" class=\"wp-caption alignnone\">\n<div class=\"d-flex justify-content-center\" data-attachment-id=\"2313342\">\n<div class=\"position-relative d-inline-block\"><img data-recalc-dims=\"1\" data-portal-copyright=\"Reprodu\u00e7\u00e3o\/Instagram\" decoding=\"async\" fetchpriority=\"high\" class=\"size-full wp-image-2313342\" src=\"https:\/\/i0.wp.com\/catracalivre.com.br\/wp-content\/uploads\/2023\/11\/fotos-catraca-2023-11-22t142753253.png?resize=1200%2C660&#038;ssl=1\" alt=\"Disponibiliza\u00e7\u00e3o gratuita de \u00e1gua passa a ser obrigat\u00f3ria em shows\" width=\"1200\" height=\"660\" srcset=\"https:\/\/catracalivre.com.br\/wp-content\/uploads\/2023\/11\/fotos-catraca-2023-11-22t142753253.png 1200w, https:\/\/catracalivre.com.br\/wp-content\/uploads\/2023\/11\/fotos-catraca-2023-11-22t142753253-450x248.png 450w, https:\/\/catracalivre.com.br\/wp-content\/uploads\/2023\/11\/fotos-catraca-2023-11-22t142753253-768x422.png 768w\" sizes=\"(max-width: 1200px) 100vw, 1200px\"\/><\/p>\n<p>Cr\u00e9ditos: Reprodu\u00e7\u00e3o\/Instagram<\/p>\n<\/div>\n<\/div>\n<p><span class=\"post-imagem__legenda\">Disponibiliza\u00e7\u00e3o gratuita de \u00e1gua passa a ser obrigat\u00f3ria em shows<\/span><\/p>\n<\/div>\n<p>Nesta quarta-feira, 22, a Secretaria Nacional do Consumidor (<a href=\"https:\/\/www.gov.br\/mj\/pt-br\/assuntos\/seus-direitos\/consumidor\" target=\"_blank\" rel=\"noopener\">Senacon<\/a>) tornou p\u00fablico um novo conjunto de normas para garantir a seguran\u00e7a e sa\u00fade dos <a href=\"https:\/\/catracalivre.com.br\/causando\/sua-marca-esta-preparada-para-os-novos-consumidores\/\" target=\"_blank\" rel=\"noopener\">consumidores<\/a> durante grandes eventos musicais, festivais e shows, particularmente nos dias de <a href=\"https:\/\/catracalivre.com.br\/saude-bem-estar\/cuidado-com-o-calor-estes-sao-os-sinais-de-que-voce-precisa-beber-mais-agua\/\" target=\"_blank\" rel=\"noopener\">calor excessivo<\/a>.<\/p>\n<p>A a\u00e7\u00e3o vem como uma resposta \u00e0 tr\u00e1gica morte de Ana Clara Benevides Machado, de 23 anos, que teve uma parada cardiorrespirat\u00f3ria no show da cantora norte-americana Taylor Swift, que aconteceu no Rio de Janeiro, na \u00faltima sexta-feira, 17.<\/p>\n<p>Nas redes sociais, n\u00e3o faltaram den\u00fancias sobre as condi\u00e7\u00f5es do show. Em dado momento da apresenta\u00e7\u00e3o, a pr\u00f3pria Taylor Swift tentou distribuir \u00e1gua para o p\u00fablico que estava na pista.<\/p>\n<h2>Quais s\u00e3o as novas medidas?<\/h2>\n<p>A nova portaria estipula que os organizadores de eventos sejam respons\u00e1veis pela oferta de pontos de hidrata\u00e7\u00e3o e \u00e1gua adequada para o consumo. Os pontos devem estar posicionados de maneira a propiciar f\u00e1cil acesso para todos os espectadores.<\/p>\n<p>Al\u00e9m disso, \u00e9 necess\u00e1rio assegurar a pronta assist\u00eancia e resgate de participantes que precisem de atendimento m\u00e9dico ou estejam em uma situa\u00e7\u00e3o de perigo.<\/p>\n<p>A portaria tamb\u00e9m determina a fiscaliza\u00e7\u00e3o de pre\u00e7os de \u00e1gua mineral vendida durante os eventos. A responsabilidade ficar\u00e1 a cargo de \u00f3rg\u00e3os municipais e estaduais de defesa do consumidor, com o prop\u00f3sito de prevenir pre\u00e7o abusivos.<\/p>\n<p>A vig\u00eancia inicial dessas medidas chegar\u00e1 a 120 dias, mas pode acabar sendo revisada de acordo as condi\u00e7\u00f5es clim\u00e1ticas.<\/p>\n<h2>Publica\u00e7\u00e3o da portaria<\/h2>\n<p>Embora a publica\u00e7\u00e3o tenha sa\u00eddo nesta quarta-feira no Di\u00e1rio Oficial da Uni\u00e3o\u00a0(DOU), a portaria da Senacon foi anunciada no \u00faltimo s\u00e1bado, 18, um dia ap\u00f3s a morte da estudante, quando a cidade do Rio de Janeiro teve sensa\u00e7\u00e3o t\u00e9rmica pr\u00f3xima a 60 \u00baC.<\/p>\n<p>No domingo, 19, o Ministro da Justi\u00e7a, Fl\u00e1vio Dino, que j\u00e1 havia adiantado as novas determina\u00e7\u00f5es, publicou imagens de pontos de hidrata\u00e7\u00e3o j\u00e1 instalados no Est\u00e1dio do Engenh\u00e3o, onde ocorreu o <a href=\"https:\/\/catracalivre.com.br\/viagem-livre\/5-destinos-para-conhecer-inspirados-nas-letras-de-taylor-swift\/\" target=\"_blank\" rel=\"noopener\">show de Taylor<\/a>.<\/p>\n<blockquote class=\"twitter-tweet\">\n<p dir=\"ltr\" lang=\"pt\">A partir de hoje, por determina\u00e7\u00e3o da Secretaria do Consumidor do Minist\u00e9rio da Justi\u00e7a, ser\u00e1 permitida a entrada de garrafas de \u00c1GUA de uso pessoal, em material adequado, em espet\u00e1culos. E as empresas produtoras de espet\u00e1culos com alta exposi\u00e7\u00e3o ao calor dever\u00e3o disponibilizar\u2026<\/p>\n<p>\u2014 Fl\u00e1vio Dino \ud83c\udde7\ud83c\uddf7 (@FlavioDino) <a href=\"https:\/\/twitter.com\/FlavioDino\/status\/1725890665865695252?ref_src=twsrc%5Etfw\">November 18, 2023<\/a><\/p>\n<\/blockquote>\n<blockquote class=\"twitter-tweet\">\n<p dir=\"ltr\" lang=\"pt\">Agrade\u00e7o aos produtores de espet\u00e1culos que compreenderam a import\u00e2ncia das medidas de acesso \u00e0 \u00c1GUA, diante da emerg\u00eancia clim\u00e1tica que estamos atravessando no Brasil.<br \/>A Portaria do Minist\u00e9rio fica em vigor por 120 dias, quando ent\u00e3o haver\u00e1 nova an\u00e1lise t\u00e9cnica. A Secretaria\u2026 <a href=\"https:\/\/t.co\/tbW6oyZCen\">pic.twitter.com\/tbW6oyZCen<\/a><\/p>\n<p>\u2014 Fl\u00e1vio Dino \ud83c\udde7\ud83c\uddf7 (@FlavioDino) <a href=\"https:\/\/twitter.com\/FlavioDino\/status\/1726379876649775127?ref_src=twsrc%5Etfw\">November 19, 2023<\/a><\/p>\n<\/blockquote>\n<\/div>\n<p><script async src=\"\/\/platform.twitter.com\/widgets.js\" charset=\"utf-8\"><\/script><script>\n\t\t! function(f, b, e, v, n, t, s) {\n\t\t\tif (f.fbq) return;\n\t\t\tn = f.fbq = function() {\n\t\t\t\tn.callMethod ?\n\t\t\t\t\tn.callMethod.apply(n, arguments) : n.queue.push(arguments)\n\t\t\t};\n\t\t\tif (!f._fbq) f._fbq = n;\n\t\t\tn.push = n;\n\t\t\tn.loaded = !0;\n\t\t\tn.version = '2.0';\n\t\t\tn.queue = [];\n\t\t\tt = b.createElement(e);\n\t\t\tt.async = !0;\n\t\t\tt.src = v;\n\t\t\ts = b.getElementsByTagName(e)[0];\n\t\t\ts.parentNode.insertBefore(t, s)\n\t\t}(window, document, 'script',\n\t\t\t'https:\/\/connect.facebook.net\/en_US\/fbevents.js');\n\t\tfbq('init', '338315473262380');\n\t\tfbq('track', 'PageView');\n\t<\/script><br \/>\n<br \/><br \/>\n<br \/><a href=\"https:\/\/catracalivre.com.br\/cidadania\/governo-lula-publica-portaria-que-obriga-agua-gratuita-em-shows-no-calor\/\">Source link <\/a><\/p>\n<!-- CONTENT END 1 -->\n","protected":false},"excerpt":{"rendered":"<p>Cr\u00e9ditos: Reprodu\u00e7\u00e3o\/Instagram Disponibiliza\u00e7\u00e3o gratuita de \u00e1gua passa a ser obrigat\u00f3ria em shows Nesta quarta-feira, 22, a Secretaria Nacional do Consumidor (Senacon) tornou p\u00fablico um novo&#8230;<\/p>\n","protected":false},"author":1,"featured_media":5018,"comment_status":"open","ping_status":"open","sticky":false,"template":"","format":"standard","meta":{"advanced_seo_description":"","jetpack_seo_html_title":"","jetpack_seo_noindex":false,"jetpack_post_was_ever_published":false,"_jetpack_newsletter_access":"","_jetpack_dont_email_post_to_subs":false,"_jetpack_newsletter_tier_id":0,"_jetpack_memberships_contains_paywalled_content":false,"_jetpack_memberships_contains_paid_content":false,"footnotes":"","jetpack_publicize_message":"","jetpack_publicize_feature_enabled":true,"jetpack_social_post_already_shared":true,"jetpack_social_options":{"image_generator_settings":{"template":"highway","default_image_id":0,"font":"","enabled":false},"version":2}},"categories":[19],"tags":[],"class_list":["post-5017","post","type-post","status-publish","format-standard","has-post-thumbnail","hentry","category-variedades"],"jetpack_publicize_connections":[],"jetpack_featured_media_url":"https:\/\/i0.wp.com\/noticiasribeiraopreto.com.br\/wp-content\/uploads\/2023\/11\/fotos-catraca-2023-11-22t142753253.png?fit=1200%2C638&ssl=1","jetpack-related-posts":[{"id":65179,"url":"https:\/\/noticiasribeiraopreto.com.br\/index.php\/2025\/03\/17\/jornal-da-franca-franca-tem-programacao-especial-para-o-dia-mundial-da-agua-durante-a-semana\/","url_meta":{"origin":5017,"position":0},"title":"Jornal da Franca &#8211; Franca tem programa\u00e7\u00e3o especial para o Dia Mundial da \u00c1gua durante a semana","author":"noticiasribeiraopreto.com.br","date":"17 de March de 2025","format":false,"excerpt":"compartilhar no whatsapp compartilhar no telegram compartilhar no facebook compartilhar no linkedin Visitas, palestra e plantio de \u00e1rvores fazem parte das atividades gratuitas Franca ter\u00e1 programa\u00e7\u00e3o especial durante toda a semana pelo Dia Mundial da \u00c1gua, celebrado no dia 22 de mar\u00e7o \u00a0 Franca inicia nesta segunda-feira (17) uma programa\u00e7\u00e3o\u2026","rel":"","context":"In &quot;Not\u00edcias de Franca-SP&quot;","block_context":{"text":"Not\u00edcias de Franca-SP","link":"https:\/\/noticiasribeiraopreto.com.br\/index.php\/category\/noticias-de-ribeirao-preto-sp-e-regiao-ismael-colosi\/noticias-franca-sp\/"},"img":{"alt_text":"","src":"https:\/\/i0.wp.com\/noticiasribeiraopreto.com.br\/wp-content\/uploads\/2025\/03\/Franca-aerea-centro-praca.jpeg?fit=1200%2C794&ssl=1&resize=350%2C200","width":350,"height":200,"srcset":"https:\/\/i0.wp.com\/noticiasribeiraopreto.com.br\/wp-content\/uploads\/2025\/03\/Franca-aerea-centro-praca.jpeg?fit=1200%2C794&ssl=1&resize=350%2C200 1x, https:\/\/i0.wp.com\/noticiasribeiraopreto.com.br\/wp-content\/uploads\/2025\/03\/Franca-aerea-centro-praca.jpeg?fit=1200%2C794&ssl=1&resize=525%2C300 1.5x, https:\/\/i0.wp.com\/noticiasribeiraopreto.com.br\/wp-content\/uploads\/2025\/03\/Franca-aerea-centro-praca.jpeg?fit=1200%2C794&ssl=1&resize=700%2C400 2x, https:\/\/i0.wp.com\/noticiasribeiraopreto.com.br\/wp-content\/uploads\/2025\/03\/Franca-aerea-centro-praca.jpeg?fit=1200%2C794&ssl=1&resize=1050%2C600 3x"},"classes":[]},{"id":64183,"url":"https:\/\/noticiasribeiraopreto.com.br\/index.php\/2025\/03\/04\/ribeirao-tera-expedicao-sobre-conservacao-dos-mananciais-e-gestao-da-agua-na-cidade\/","url_meta":{"origin":5017,"position":1},"title":"Ribeir\u00e3o ter\u00e1 expedi\u00e7\u00e3o sobre conserva\u00e7\u00e3o dos mananciais e gest\u00e3o da \u00e1gua na cidade","author":"noticiasribeiraopreto.com.br","date":"4 de March de 2025","format":false,"excerpt":"O Sesc Ribeir\u00e3o Preto realiza no dia 23 de mar\u00e7o, a expedi\u00e7\u00e3o gratuita \u201c\u00c1guas da \u2018nossa\u2019 Ribeir\u00e3o\u201d, que tem o objetivo de mostrar a situa\u00e7\u00e3o de conserva\u00e7\u00e3o dos mananciais e gest\u00e3o da \u00e1gua no munic\u00edpio. A atividade acontece a partir das 8h30 e a concentra\u00e7\u00e3o ser\u00e1 na pr\u00f3pria institui\u00e7\u00e3o, localizada\u2026","rel":"","context":"In &quot;Not\u00edcias de Ribeir\u00e3o Preto-SP e Regi\u00e3o&quot;","block_context":{"text":"Not\u00edcias de Ribeir\u00e3o Preto-SP e Regi\u00e3o","link":"https:\/\/noticiasribeiraopreto.com.br\/index.php\/category\/noticias-de-ribeirao-preto-sp-e-regiao-ismael-colosi\/"},"img":{"alt_text":"","src":"https:\/\/i0.wp.com\/noticiasribeiraopreto.com.br\/wp-content\/uploads\/2025\/03\/Copia-de-Copia-de-Copia-de-TAMANHO-EXATO-PARA-FOTOS-NO-SISTEMA-NOVO-2025-03-04T154506.823_2025-03-04_18-45-22_png_2025-03-04_18-45-22.webp.webp?fit=1200%2C675&ssl=1&resize=350%2C200","width":350,"height":200,"srcset":"https:\/\/i0.wp.com\/noticiasribeiraopreto.com.br\/wp-content\/uploads\/2025\/03\/Copia-de-Copia-de-Copia-de-TAMANHO-EXATO-PARA-FOTOS-NO-SISTEMA-NOVO-2025-03-04T154506.823_2025-03-04_18-45-22_png_2025-03-04_18-45-22.webp.webp?fit=1200%2C675&ssl=1&resize=350%2C200 1x, https:\/\/i0.wp.com\/noticiasribeiraopreto.com.br\/wp-content\/uploads\/2025\/03\/Copia-de-Copia-de-Copia-de-TAMANHO-EXATO-PARA-FOTOS-NO-SISTEMA-NOVO-2025-03-04T154506.823_2025-03-04_18-45-22_png_2025-03-04_18-45-22.webp.webp?fit=1200%2C675&ssl=1&resize=525%2C300 1.5x, https:\/\/i0.wp.com\/noticiasribeiraopreto.com.br\/wp-content\/uploads\/2025\/03\/Copia-de-Copia-de-Copia-de-TAMANHO-EXATO-PARA-FOTOS-NO-SISTEMA-NOVO-2025-03-04T154506.823_2025-03-04_18-45-22_png_2025-03-04_18-45-22.webp.webp?fit=1200%2C675&ssl=1&resize=700%2C400 2x, https:\/\/i0.wp.com\/noticiasribeiraopreto.com.br\/wp-content\/uploads\/2025\/03\/Copia-de-Copia-de-Copia-de-TAMANHO-EXATO-PARA-FOTOS-NO-SISTEMA-NOVO-2025-03-04T154506.823_2025-03-04_18-45-22_png_2025-03-04_18-45-22.webp.webp?fit=1200%2C675&ssl=1&resize=1050%2C600 3x"},"classes":[]},{"id":64226,"url":"https:\/\/noticiasribeiraopreto.com.br\/index.php\/2025\/03\/05\/projeto-oferece-atividades-esportivas-e-recreativas-gratuitas-em-ruas-de-ribeirao-preto\/","url_meta":{"origin":5017,"position":2},"title":"Projeto oferece atividades esportivas e recreativas gratuitas em ruas de Ribeir\u00e3o Preto","author":"noticiasribeiraopreto.com.br","date":"5 de March de 2025","format":false,"excerpt":"Ribeir\u00e3o Preto recebe neste domingo (9), a primeira edi\u00e7\u00e3o \u201cVida Ativa \u2013 Ruas de Lazer\u201d, projeto que busca aproximar a popula\u00e7\u00e3o da pr\u00e1tica esportiva e conscientizar sobre os benef\u00edcios de uma vida ativa. O projeto acontece partir das 8h, na avenida Maestro Herv\u00e9 Cordovil, no bairro Ant\u00f4nio Marincek, em frente\u2026","rel":"","context":"In &quot;Not\u00edcias de Ribeir\u00e3o Preto-SP e Regi\u00e3o&quot;","block_context":{"text":"Not\u00edcias de Ribeir\u00e3o Preto-SP e Regi\u00e3o","link":"https:\/\/noticiasribeiraopreto.com.br\/index.php\/category\/noticias-de-ribeirao-preto-sp-e-regiao-ismael-colosi\/"},"img":{"alt_text":"","src":"https:\/\/i0.wp.com\/noticiasribeiraopreto.com.br\/wp-content\/uploads\/2025\/03\/rua_de_lazer_1-1_2025-03-05_21-40-01_jpeg_2025-03-05_21-40-01.webp.webp?fit=1000%2C666&ssl=1&resize=350%2C200","width":350,"height":200,"srcset":"https:\/\/i0.wp.com\/noticiasribeiraopreto.com.br\/wp-content\/uploads\/2025\/03\/rua_de_lazer_1-1_2025-03-05_21-40-01_jpeg_2025-03-05_21-40-01.webp.webp?fit=1000%2C666&ssl=1&resize=350%2C200 1x, https:\/\/i0.wp.com\/noticiasribeiraopreto.com.br\/wp-content\/uploads\/2025\/03\/rua_de_lazer_1-1_2025-03-05_21-40-01_jpeg_2025-03-05_21-40-01.webp.webp?fit=1000%2C666&ssl=1&resize=525%2C300 1.5x, https:\/\/i0.wp.com\/noticiasribeiraopreto.com.br\/wp-content\/uploads\/2025\/03\/rua_de_lazer_1-1_2025-03-05_21-40-01_jpeg_2025-03-05_21-40-01.webp.webp?fit=1000%2C666&ssl=1&resize=700%2C400 2x"},"classes":[]},{"id":64155,"url":"https:\/\/noticiasribeiraopreto.com.br\/index.php\/2025\/03\/03\/aquifero-guarani-e-aguas-de-ribeirao-preto-sao-temas-de-expedicao-e-oficina\/","url_meta":{"origin":5017,"position":3},"title":"Aqu\u00edfero Guarani e \u00e1guas de Ribeir\u00e3o Preto s\u00e3o temas de expedi\u00e7\u00e3o e oficina","author":"noticiasribeiraopreto.com.br","date":"3 de March de 2025","format":false,"excerpt":"O Aqu\u00edfero Guarani e as \u00e1guas de Ribeir\u00e3o Preto s\u00e3o temas de uma expedi\u00e7\u00e3o e de oficina oferecidas pelo Sesc. As a\u00e7\u00f5es contam especialistas e ser\u00e3o realizadas ao longo do m\u00eas de mar\u00e7o, quando \u00e9 comemorado o Dia Mundial da \u00c1gua. Veja como participar Descobrindo o Aqu\u00edfero Guarani A atividade\u2026","rel":"","context":"In &quot;Not\u00edcias de Ribeir\u00e3o Preto-SP e Regi\u00e3o&quot;","block_context":{"text":"Not\u00edcias de Ribeir\u00e3o Preto-SP e Regi\u00e3o","link":"https:\/\/noticiasribeiraopreto.com.br\/index.php\/category\/noticias-de-ribeirao-preto-sp-e-regiao-ismael-colosi\/"},"img":{"alt_text":"","src":"https:\/\/i0.wp.com\/noticiasribeiraopreto.com.br\/wp-content\/uploads\/2025\/03\/aquifero-guarani.jpg?fit=1068%2C712&ssl=1&resize=350%2C200","width":350,"height":200,"srcset":"https:\/\/i0.wp.com\/noticiasribeiraopreto.com.br\/wp-content\/uploads\/2025\/03\/aquifero-guarani.jpg?fit=1068%2C712&ssl=1&resize=350%2C200 1x, https:\/\/i0.wp.com\/noticiasribeiraopreto.com.br\/wp-content\/uploads\/2025\/03\/aquifero-guarani.jpg?fit=1068%2C712&ssl=1&resize=525%2C300 1.5x, https:\/\/i0.wp.com\/noticiasribeiraopreto.com.br\/wp-content\/uploads\/2025\/03\/aquifero-guarani.jpg?fit=1068%2C712&ssl=1&resize=700%2C400 2x, https:\/\/i0.wp.com\/noticiasribeiraopreto.com.br\/wp-content\/uploads\/2025\/03\/aquifero-guarani.jpg?fit=1068%2C712&ssl=1&resize=1050%2C600 3x"},"classes":[]},{"id":74949,"url":"https:\/\/noticiasribeiraopreto.com.br\/index.php\/2025\/07\/31\/troca-de-bomba-pode-afetar-abastecimento-de-agua-em-bairros-de-ribeirao-preto\/","url_meta":{"origin":5017,"position":4},"title":"Troca de bomba pode afetar abastecimento de \u00e1gua em bairros de Ribeir\u00e3o Preto","author":"noticiasribeiraopreto.com.br","date":"31 de July de 2025","format":false,"excerpt":"A Saerp (Secretaria de \u00c1gua e Esgoto de Ribeir\u00e3o Preto) informou que tr\u00eas bairros da zona Norte de Ribeir\u00e3o Preto podem ficar sem \u00e1gua at\u00e9 a noite desta quinta-feira (31). A secretaria informou que realiza a troca da bomba do Po\u00e7o Vila Albertina. Por conta disso, os bairros Ipiranga, Vila\u2026","rel":"","context":"In &quot;Not\u00edcias de Ribeir\u00e3o Preto-SP e Regi\u00e3o&quot;","block_context":{"text":"Not\u00edcias de Ribeir\u00e3o Preto-SP e Regi\u00e3o","link":"https:\/\/noticiasribeiraopreto.com.br\/index.php\/category\/noticias-de-ribeirao-preto-sp-e-regiao-ismael-colosi\/"},"img":{"alt_text":"","src":"https:\/\/i0.wp.com\/noticiasribeiraopreto.com.br\/wp-content\/uploads\/2025\/07\/falta-de-agua-1_2024-12-03_12-50-33.webp.webp?fit=1024%2C585&ssl=1&resize=350%2C200","width":350,"height":200,"srcset":"https:\/\/i0.wp.com\/noticiasribeiraopreto.com.br\/wp-content\/uploads\/2025\/07\/falta-de-agua-1_2024-12-03_12-50-33.webp.webp?fit=1024%2C585&ssl=1&resize=350%2C200 1x, https:\/\/i0.wp.com\/noticiasribeiraopreto.com.br\/wp-content\/uploads\/2025\/07\/falta-de-agua-1_2024-12-03_12-50-33.webp.webp?fit=1024%2C585&ssl=1&resize=525%2C300 1.5x, https:\/\/i0.wp.com\/noticiasribeiraopreto.com.br\/wp-content\/uploads\/2025\/07\/falta-de-agua-1_2024-12-03_12-50-33.webp.webp?fit=1024%2C585&ssl=1&resize=700%2C400 2x"},"classes":[]},{"id":75573,"url":"https:\/\/noticiasribeiraopreto.com.br\/index.php\/2025\/08\/11\/ribeirao-recebe-apresentacao-do-duo-brasil-em-dois-pianos-entrada-e-gratuita\/","url_meta":{"origin":5017,"position":5},"title":"Ribeir\u00e3o recebe apresenta\u00e7\u00e3o do duo Brasil em Dois Pianos; entrada \u00e9 gratuita","author":"noticiasribeiraopreto.com.br","date":"11 de August de 2025","format":false,"excerpt":"Os pianistas Fabio Caramuru e Marco Bernardo chegam a Ribeir\u00e3o Preto com o duo Brasil em Dois Pianos. A apresenta\u00e7\u00e3o tem entrada gratuita e aconteceu no dia 22 de agosto, no Audit\u00f3rio da Faculdade de Direito de Ribeir\u00e3o Preto da USP, \u00e0s 20h. A turn\u00ea que antecede o lan\u00e7amento do\u2026","rel":"","context":"In &quot;Not\u00edcias de Ribeir\u00e3o Preto-SP e Regi\u00e3o&quot;","block_context":{"text":"Not\u00edcias de Ribeir\u00e3o Preto-SP e Regi\u00e3o","link":"https:\/\/noticiasribeiraopreto.com.br\/index.php\/category\/noticias-de-ribeirao-preto-sp-e-regiao-ismael-colosi\/"},"img":{"alt_text":"","src":"https:\/\/i0.wp.com\/noticiasribeiraopreto.com.br\/wp-content\/uploads\/2025\/08\/duo-dois-pianos_2025-08-11_19-51-01.webp.webp?fit=1200%2C801&ssl=1&resize=350%2C200","width":350,"height":200,"srcset":"https:\/\/i0.wp.com\/noticiasribeiraopreto.com.br\/wp-content\/uploads\/2025\/08\/duo-dois-pianos_2025-08-11_19-51-01.webp.webp?fit=1200%2C801&ssl=1&resize=350%2C200 1x, https:\/\/i0.wp.com\/noticiasribeiraopreto.com.br\/wp-content\/uploads\/2025\/08\/duo-dois-pianos_2025-08-11_19-51-01.webp.webp?fit=1200%2C801&ssl=1&resize=525%2C300 1.5x, https:\/\/i0.wp.com\/noticiasribeiraopreto.com.br\/wp-content\/uploads\/2025\/08\/duo-dois-pianos_2025-08-11_19-51-01.webp.webp?fit=1200%2C801&ssl=1&resize=700%2C400 2x, https:\/\/i0.wp.com\/noticiasribeiraopreto.com.br\/wp-content\/uploads\/2025\/08\/duo-dois-pianos_2025-08-11_19-51-01.webp.webp?fit=1200%2C801&ssl=1&resize=1050%2C600 3x"},"classes":[]}],"jetpack_sharing_enabled":true,"jetpack_shortlink":"https:\/\/wp.me\/peQAOb-1iV","_links":{"self":[{"href":"https:\/\/noticiasribeiraopreto.com.br\/index.php\/wp-json\/wp\/v2\/posts\/5017","targetHints":{"allow":["GET"]}}],"collection":[{"href":"https:\/\/noticiasribeiraopreto.com.br\/index.php\/wp-json\/wp\/v2\/posts"}],"about":[{"href":"https:\/\/noticiasribeiraopreto.com.br\/index.php\/wp-json\/wp\/v2\/types\/post"}],"author":[{"embeddable":true,"href":"https:\/\/noticiasribeiraopreto.com.br\/index.php\/wp-json\/wp\/v2\/users\/1"}],"replies":[{"embeddable":true,"href":"https:\/\/noticiasribeiraopreto.com.br\/index.php\/wp-json\/wp\/v2\/comments?post=5017"}],"version-history":[{"count":0,"href":"https:\/\/noticiasribeiraopreto.com.br\/index.php\/wp-json\/wp\/v2\/posts\/5017\/revisions"}],"wp:featuredmedia":[{"embeddable":true,"href":"https:\/\/noticiasribeiraopreto.com.br\/index.php\/wp-json\/wp\/v2\/media\/5018"}],"wp:attachment":[{"href":"https:\/\/noticiasribeiraopreto.com.br\/index.php\/wp-json\/wp\/v2\/media?parent=5017"}],"wp:term":[{"taxonomy":"category","embeddable":true,"href":"https:\/\/noticiasribeiraopreto.com.br\/index.php\/wp-json\/wp\/v2\/categories?post=5017"},{"taxonomy":"post_tag","embeddable":true,"href":"https:\/\/noticiasribeiraopreto.com.br\/index.php\/wp-json\/wp\/v2\/tags?post=5017"}],"curies":[{"name":"wp","href":"https:\/\/api.w.org\/{rel}","templated":true}]}}