{"id":50225,"date":"2024-05-15T11:09:30","date_gmt":"2024-05-15T14:09:30","guid":{"rendered":"https:\/\/noticiasribeiraopreto.com.br\/index.php\/2024\/05\/15\/ivete-sangalo-cancela-turne-a-festa-com-show-em-ribeirao-preto\/"},"modified":"2024-05-15T11:09:30","modified_gmt":"2024-05-15T14:09:30","slug":"ivete-sangalo-cancela-turne-a-festa-com-show-em-ribeirao-preto","status":"publish","type":"post","link":"https:\/\/noticiasribeiraopreto.com.br\/index.php\/2024\/05\/15\/ivete-sangalo-cancela-turne-a-festa-com-show-em-ribeirao-preto\/","title":{"rendered":"Ivete Sangalo cancela turn\u00ea \u2018A Festa\u2019 com show em Ribeir\u00e3o Preto"},"content":{"rendered":"<div class='code-block code-block-1' style='margin: 8px 0 8px auto; text-align: right; display: block; clear: both;'>\n<p><a href=\"https:\/\/wa.link\/vpicfd\"><img data-recalc-dims=\"1\" class=\"wp-image-4922\" style=\"aspect-ratio: 2.0253164556962027; width: 561px; height: auto;\" src=\"https:\/\/i0.wp.com\/ismaelcolosi.com.br\/wp-content\/uploads\/2023\/11\/grupo-de-empregos-whatsapp-e-facebook-ismael-colosi-vagas.jpg?ssl=1\" alt=\"\" \/><\/a><\/p>\n<!-- \/wp:image -->\n<\/div>\n<p> <br \/>\n<\/p>\n<div data-td-block-uid=\"tdi_101\">\n<div class=\"tdb-block-inner td-fix-index\">\n<p>A cantora <strong>Ivete Sangalo<\/strong> anunciou na manh\u00e3 desta <strong>quarta-feira (15)<\/strong> o <strong>cancelamento<\/strong> de sua <strong>turn\u00ea \u201cA Festa<\/strong>\u201c, que <strong>comemoraria 30 anos de carreira da cantora<\/strong>. A turn\u00ea passaria por <strong>Ribeir\u00e3o Preto<\/strong> no dia <strong>7 de dezembro<\/strong>.<\/p>\n<p>O cancelamento foi anunciado por uma nota nas redes sociais da artista. A decis\u00e3o foi tomada ap\u00f3s a produtora respons\u00e1vel pela realiza\u00e7\u00e3o dos shows afirmar que n\u00e3o conseguiria garantir as condi\u00e7\u00f5es necess\u00e1rias para as apresenta\u00e7\u00f5es.<\/p>\n<p>Nos stories do <strong>Instagram<\/strong>,<strong> Ivete<\/strong> <strong>Sangalo<\/strong> mostrou sua ang\u00fastia em precisar cancelar seu sonho em comemorar os 30 anos de carreira com uma grandiosa turn\u00ea.<\/p>\n<blockquote class=\"wp-block-quote\">\n<p>\u2018Precisa ser bom, precisa ser especial, precisa ser organizado [\u2026] Embora eu esteja muito consternada, eu tomei a decis\u00e3o de n\u00e3o realizar essa turn\u00ea\u2019.<\/p>\n<p><cite>Ivete Sangalo, no Instagram<\/cite><\/p><\/blockquote>\n<p>Aqueles que adquiriram o<strong> ingresso<\/strong> para o show podem entrar em contato com a promotora do evento para buscar as orienta\u00e7\u00f5es sobre o procedimento de <strong>reembolso<\/strong> dos valores pagos.<\/p>\n<blockquote class=\"instagram-media\" data-instgrm-permalink=\"https:\/\/www.instagram.com\/p\/C6_V-j-sNV-\/?utm_source=ig_embed&amp;utm_campaign=loading\" data-instgrm-version=\"14\" style=\" background:#FFF; border:0; border-radius:3px; box-shadow:0 0 1px 0 rgba(0,0,0,0.5),0 1px 10px 0 rgba(0,0,0,0.15); margin: 1px; max-width:540px; min-width:326px; padding:0; width:99.375%; width:-webkit-calc(100% - 2px); width:calc(100% - 2px);\"\/>\n<p>SAIBA MAIS<br \/>Acidente envolvendo \u00f4nibus, carro e moto provoca congestionamento em Ribeir\u00e3o<\/p>\n<h4 class=\"wp-block-heading\"><strong>FIQUE ON<\/strong><\/h4>\n<p>Fique ligado em tudo que acontece em Ribeir\u00e3o Preto e regi\u00e3o. Siga os perfis do <strong>acidade on <\/strong>no <a href=\"https:\/\/www.instagram.com\/acidadeonribeirao\" target=\"_blank\" rel=\"noreferrer noopener\">Instagram<\/a> e no <a href=\"https:\/\/www.facebook.com\/acidadeonribeirao\" target=\"_blank\" rel=\"noreferrer noopener\">Facebook<\/a>.<\/p>\n<p>Receba not\u00edcias do acidade on no WhatsApp. Para entrar no grupo, basta <a href=\"https:\/\/chat.whatsapp.com\/CdrZ6xrf7quD44Vw3WlPuZ\" target=\"_blank\" rel=\"noreferrer noopener\">clicar aqui<\/a>.<\/p>\n<p>Fa\u00e7a uma den\u00fancia ou sugira uma reportagem sobre Ribeir\u00e3o Preto e regi\u00e3o pelo WhatsApp: 16 99117 7802.<\/p>\n<p>VEJA TAMB\u00c9M<br \/>Quem \u00e9 Isis Broken, atriz trans de \u201cNo Rancho Fundo\u201d?<\/p>\n<p><!-- AI CONTENT END 1 -->\n<\/div>\n<\/div>\n<p><script async src=\"\/\/www.instagram.com\/embed.js\"><\/script><br \/>\n<br \/><br \/>\n<br \/><a href=\"https:\/\/www.acidadeon.com\/ribeiraopreto\/lazer-e-cultura\/ivete-sangalo-cancela-turne-a-festa-com-show-em-ribeirao-preto\/\">Source link <\/a><\/p>\n<!-- CONTENT END 1 -->\n","protected":false},"excerpt":{"rendered":"<p>A cantora Ivete Sangalo anunciou na manh\u00e3 desta quarta-feira (15) o cancelamento de sua turn\u00ea \u201cA Festa\u201c, que comemoraria 30 anos de carreira da cantora&#8230;.<\/p>\n","protected":false},"author":1,"featured_media":50226,"comment_status":"open","ping_status":"open","sticky":false,"template":"","format":"standard","meta":{"advanced_seo_description":"","jetpack_seo_html_title":"","jetpack_seo_noindex":false,"jetpack_post_was_ever_published":false,"_jetpack_newsletter_access":"","_jetpack_dont_email_post_to_subs":false,"_jetpack_newsletter_tier_id":0,"_jetpack_memberships_contains_paywalled_content":false,"_jetpack_memberships_contains_paid_content":false,"footnotes":"","jetpack_publicize_message":"","jetpack_publicize_feature_enabled":true,"jetpack_social_post_already_shared":true,"jetpack_social_options":{"image_generator_settings":{"template":"highway","default_image_id":0,"font":"","enabled":false},"version":2}},"categories":[11],"tags":[],"class_list":["post-50225","post","type-post","status-publish","format-standard","has-post-thumbnail","hentry","category-noticias-de-ribeirao-preto-sp-e-regiao-ismael-colosi"],"jetpack_publicize_connections":[],"jetpack_featured_media_url":"https:\/\/i0.wp.com\/noticiasribeiraopreto.com.br\/wp-content\/uploads\/2024\/05\/ivete-sangalo-1.jpg?fit=1377%2C802&ssl=1","jetpack-related-posts":[{"id":35180,"url":"https:\/\/noticiasribeiraopreto.com.br\/index.php\/2024\/02\/05\/ivete-sangalo-anuncia-show-da-turne-a-festa-em-ribeirao-preto\/","url_meta":{"origin":50225,"position":0},"title":"Ivete Sangalo anuncia show da turn\u00ea \u2018A Festa\u2019 em Ribeir\u00e3o Preto","author":"noticiasribeiraopreto.com.br","date":"5 de February de 2024","format":false,"excerpt":"A turn\u00ea \u201cA Festa\u201d, em comemora\u00e7\u00e3o aos 30 anos de carreira da cantora Ivete Sangalo, vai passar por Ribeir\u00e3o Preto. A apresenta\u00e7\u00e3o est\u00e1 prevista para o dia 7 de dezembro. A informa\u00e7\u00e3o tamb\u00e9m foi confirmada pela reportagem do acidade on Ribeir\u00e3o. Ainda n\u00e3o h\u00e1 informa\u00e7\u00f5es sobre a venda de ingressos.\u2026","rel":"","context":"In &quot;Not\u00edcias de Ribeir\u00e3o Preto-SP e Regi\u00e3o&quot;","block_context":{"text":"Not\u00edcias de Ribeir\u00e3o Preto-SP e Regi\u00e3o","link":"https:\/\/noticiasribeiraopreto.com.br\/index.php\/category\/noticias-de-ribeirao-preto-sp-e-regiao-ismael-colosi\/"},"img":{"alt_text":"","src":"https:\/\/i0.wp.com\/noticiasribeiraopreto.com.br\/wp-content\/uploads\/2024\/02\/ivete-sangalo.jpg?fit=1077%2C771&ssl=1&resize=350%2C200","width":350,"height":200,"srcset":"https:\/\/i0.wp.com\/noticiasribeiraopreto.com.br\/wp-content\/uploads\/2024\/02\/ivete-sangalo.jpg?fit=1077%2C771&ssl=1&resize=350%2C200 1x, https:\/\/i0.wp.com\/noticiasribeiraopreto.com.br\/wp-content\/uploads\/2024\/02\/ivete-sangalo.jpg?fit=1077%2C771&ssl=1&resize=525%2C300 1.5x, https:\/\/i0.wp.com\/noticiasribeiraopreto.com.br\/wp-content\/uploads\/2024\/02\/ivete-sangalo.jpg?fit=1077%2C771&ssl=1&resize=700%2C400 2x, https:\/\/i0.wp.com\/noticiasribeiraopreto.com.br\/wp-content\/uploads\/2024\/02\/ivete-sangalo.jpg?fit=1077%2C771&ssl=1&resize=1050%2C600 3x"},"classes":[]},{"id":26230,"url":"https:\/\/noticiasribeiraopreto.com.br\/index.php\/2024\/01\/09\/mae-de-melody-se-irrita-com-sugestao-de-anitta-para-filha-iniciar-romance-com-filho-de-ivete-sangalo\/","url_meta":{"origin":50225,"position":1},"title":"M\u00e3e de Melody se irrita com sugest\u00e3o de Anitta para filha iniciar romance com filho de Ivete Sangalo","author":"noticiasribeiraopreto.com.br","date":"9 de January de 2024","format":false,"excerpt":"Uma das mais estouradas nas plataformas digitais de m\u00fasica e m\u00eddia, o nome da cantora Anitta vira repercuss\u00e3o por diversos motivos. Dentre eles, algumas declara\u00e7\u00f5es dadas pela cantora.Dona de uma personalidade sincerona, Anitta desta vez desagradou uma de suas f\u00e3s. Esta seria Day Lima, a m\u00e3e da cantora Melody. Isso\u2026","rel":"","context":"In &quot;Blog&quot;","block_context":{"text":"Blog","link":"https:\/\/noticiasribeiraopreto.com.br\/index.php\/category\/blog\/"},"img":{"alt_text":"","src":"https:\/\/i0.wp.com\/noticiasribeiraopreto.com.br\/wp-content\/uploads\/2024\/01\/postimg-659d88495a6412250.jpg?fit=1200%2C628&ssl=1&resize=350%2C200","width":350,"height":200,"srcset":"https:\/\/i0.wp.com\/noticiasribeiraopreto.com.br\/wp-content\/uploads\/2024\/01\/postimg-659d88495a6412250.jpg?fit=1200%2C628&ssl=1&resize=350%2C200 1x, https:\/\/i0.wp.com\/noticiasribeiraopreto.com.br\/wp-content\/uploads\/2024\/01\/postimg-659d88495a6412250.jpg?fit=1200%2C628&ssl=1&resize=525%2C300 1.5x, https:\/\/i0.wp.com\/noticiasribeiraopreto.com.br\/wp-content\/uploads\/2024\/01\/postimg-659d88495a6412250.jpg?fit=1200%2C628&ssl=1&resize=700%2C400 2x, https:\/\/i0.wp.com\/noticiasribeiraopreto.com.br\/wp-content\/uploads\/2024\/01\/postimg-659d88495a6412250.jpg?fit=1200%2C628&ssl=1&resize=1050%2C600 3x"},"classes":[]},{"id":35494,"url":"https:\/\/noticiasribeiraopreto.com.br\/index.php\/2024\/02\/06\/ivete-sangalo-abre-venda-de-ingressos-para-show-em-ribeirao-veja-os-valores\/","url_meta":{"origin":50225,"position":2},"title":"Ivete Sangalo abre venda de ingressos para show em Ribeir\u00e3o; Veja os valores","author":"noticiasribeiraopreto.com.br","date":"6 de February de 2024","format":false,"excerpt":"A venda de ingressos para o show da cantora Ivete Sangalo em Ribeir\u00e3o Preto come\u00e7ou nesta ter\u00e7a-feira (6). As entradas para apresenta\u00e7\u00e3o, que acontece na Arena Nicnet\/Est\u00e1dio Santa Cruz, custam entre R$ 150 e R$ 3 mil. O show est\u00e1 marcado para o dia 7 de dezembro. S\u00e3o oito setores\u2026","rel":"","context":"In &quot;Not\u00edcias de Ribeir\u00e3o Preto-SP e Regi\u00e3o&quot;","block_context":{"text":"Not\u00edcias de Ribeir\u00e3o Preto-SP e Regi\u00e3o","link":"https:\/\/noticiasribeiraopreto.com.br\/index.php\/category\/noticias-de-ribeirao-preto-sp-e-regiao-ismael-colosi\/"},"img":{"alt_text":"","src":"https:\/\/i0.wp.com\/noticiasribeiraopreto.com.br\/wp-content\/uploads\/2024\/02\/ivete-sangalo-1.jpg?fit=1200%2C699&ssl=1&resize=350%2C200","width":350,"height":200,"srcset":"https:\/\/i0.wp.com\/noticiasribeiraopreto.com.br\/wp-content\/uploads\/2024\/02\/ivete-sangalo-1.jpg?fit=1200%2C699&ssl=1&resize=350%2C200 1x, https:\/\/i0.wp.com\/noticiasribeiraopreto.com.br\/wp-content\/uploads\/2024\/02\/ivete-sangalo-1.jpg?fit=1200%2C699&ssl=1&resize=525%2C300 1.5x, https:\/\/i0.wp.com\/noticiasribeiraopreto.com.br\/wp-content\/uploads\/2024\/02\/ivete-sangalo-1.jpg?fit=1200%2C699&ssl=1&resize=700%2C400 2x, https:\/\/i0.wp.com\/noticiasribeiraopreto.com.br\/wp-content\/uploads\/2024\/02\/ivete-sangalo-1.jpg?fit=1200%2C699&ssl=1&resize=1050%2C600 3x"},"classes":[]},{"id":36964,"url":"https:\/\/noticiasribeiraopreto.com.br\/index.php\/2024\/02\/13\/apos-brincar-com-apocalipse-trio-de-ivete-sangalo-tem-explosa0-e-triste-noticia-e-confirmada-meu-ver-mais\/","url_meta":{"origin":50225,"position":3},"title":"Ap\u00f3s &#8220;brincar&#8221; com apocalipse, trio de Ivete Sangalo tem EXPLOS\u00c30 e TRISTE NOT\u00cdCIA \u00e9 confirmada: &#8220;Meu&#8230;Ver mais","author":"noticiasribeiraopreto.com.br","date":"13 de February de 2024","format":false,"excerpt":"S\u00e3o dias bastante agitados para a musa do carnaval de Salvador, a cantora Ivete Sangalo. Ap\u00f3s uma pol\u00eamica envolvendo uma profecia do cristianismo, o trio de Ivete sofreu uma explos\u00e3o em um tubo de g\u00e1s deixando feridos e um grande caos se instaurou na avenida depois do acontecimento. Nas imagens,\u2026","rel":"","context":"In &quot;Variedades&quot;","block_context":{"text":"Variedades","link":"https:\/\/noticiasribeiraopreto.com.br\/index.php\/category\/variedades\/"},"img":{"alt_text":"","src":"https:\/\/i0.wp.com\/noticiasribeiraopreto.com.br\/wp-content\/uploads\/2024\/02\/Apresentacao-sem-titulo-6.png?fit=960%2C540&ssl=1&resize=350%2C200","width":350,"height":200,"srcset":"https:\/\/i0.wp.com\/noticiasribeiraopreto.com.br\/wp-content\/uploads\/2024\/02\/Apresentacao-sem-titulo-6.png?fit=960%2C540&ssl=1&resize=350%2C200 1x, https:\/\/i0.wp.com\/noticiasribeiraopreto.com.br\/wp-content\/uploads\/2024\/02\/Apresentacao-sem-titulo-6.png?fit=960%2C540&ssl=1&resize=525%2C300 1.5x, https:\/\/i0.wp.com\/noticiasribeiraopreto.com.br\/wp-content\/uploads\/2024\/02\/Apresentacao-sem-titulo-6.png?fit=960%2C540&ssl=1&resize=700%2C400 2x"},"classes":[]},{"id":81863,"url":"https:\/\/noticiasribeiraopreto.com.br\/index.php\/2026\/01\/28\/ivete-em-ribeirao-preto-show-tem-local-definido-e-ingressos-a-venda\/","url_meta":{"origin":50225,"position":4},"title":"Ivete em Ribeir\u00e3o Preto: show tem local definido e ingressos \u00e0 venda","author":"noticiasribeiraopreto.com.br","date":"28 de January de 2026","format":false,"excerpt":"Iniciou nesta ter\u00e7a-feira (27) a venda de ingressos para a turn\u00ea \u201cClareou\u201d, da cantora Ivete Sangalo, que tem apresenta\u00e7\u00e3o confirmada em Ribeir\u00e3o Preto. O show est\u00e1 marcado para o dia 28 de novembro e ser\u00e1 realizado no Est\u00e1dio Palma Travassos. Os ingressos j\u00e1 est\u00e3o dispon\u00edveis para compra pela plataforma Ingresse,\u2026","rel":"","context":"In &quot;Not\u00edcias de Ribeir\u00e3o Preto-SP e Regi\u00e3o&quot;","block_context":{"text":"Not\u00edcias de Ribeir\u00e3o Preto-SP e Regi\u00e3o","link":"https:\/\/noticiasribeiraopreto.com.br\/index.php\/category\/noticias-de-ribeirao-preto-sp-e-regiao-ismael-colosi\/"},"img":{"alt_text":"","src":"https:\/\/i0.wp.com\/noticiasribeiraopreto.com.br\/wp-content\/uploads\/2026\/01\/domingo-80_2026-01-12_16-21-08.webp.webp?fit=1200%2C675&ssl=1&resize=350%2C200","width":350,"height":200,"srcset":"https:\/\/i0.wp.com\/noticiasribeiraopreto.com.br\/wp-content\/uploads\/2026\/01\/domingo-80_2026-01-12_16-21-08.webp.webp?fit=1200%2C675&ssl=1&resize=350%2C200 1x, https:\/\/i0.wp.com\/noticiasribeiraopreto.com.br\/wp-content\/uploads\/2026\/01\/domingo-80_2026-01-12_16-21-08.webp.webp?fit=1200%2C675&ssl=1&resize=525%2C300 1.5x, https:\/\/i0.wp.com\/noticiasribeiraopreto.com.br\/wp-content\/uploads\/2026\/01\/domingo-80_2026-01-12_16-21-08.webp.webp?fit=1200%2C675&ssl=1&resize=700%2C400 2x, https:\/\/i0.wp.com\/noticiasribeiraopreto.com.br\/wp-content\/uploads\/2026\/01\/domingo-80_2026-01-12_16-21-08.webp.webp?fit=1200%2C675&ssl=1&resize=1050%2C600 3x"},"classes":[]},{"id":31081,"url":"https:\/\/noticiasribeiraopreto.com.br\/index.php\/2024\/01\/20\/top-10-musicas-de-axe-mais-tocadas-em-2024\/","url_meta":{"origin":50225,"position":5},"title":"Top 10 m\u00fasicas de Ax\u00e9 mais tocadas em 2024","author":"noticiasribeiraopreto.com.br","date":"20 de January de 2024","format":false,"excerpt":"Confira quais s\u00e3o as m\u00fasicas de Ax\u00e9 mais tocadas. Ou\u00e7a a playlist das melhores m\u00fasicas de ax\u00e9 mais tocadas nas r\u00e1dios do Brasil. S\u00e3o os maiores sucessos do ax\u00e9 music que os ouvintes mais pedem para tocar. Portanto, aproveite para ouvir a lista do top ax\u00e9 do momento atualizado(2024). Al\u00e9m\u2026","rel":"","context":"In &quot;Blog&quot;","block_context":{"text":"Blog","link":"https:\/\/noticiasribeiraopreto.com.br\/index.php\/category\/blog\/"},"img":{"alt_text":"","src":"https:\/\/i0.wp.com\/noticiasribeiraopreto.com.br\/wp-content\/uploads\/2024\/01\/Musicas-de-Axe-mais-tocadas.jpg?fit=1200%2C848&ssl=1&resize=350%2C200","width":350,"height":200,"srcset":"https:\/\/i0.wp.com\/noticiasribeiraopreto.com.br\/wp-content\/uploads\/2024\/01\/Musicas-de-Axe-mais-tocadas.jpg?fit=1200%2C848&ssl=1&resize=350%2C200 1x, https:\/\/i0.wp.com\/noticiasribeiraopreto.com.br\/wp-content\/uploads\/2024\/01\/Musicas-de-Axe-mais-tocadas.jpg?fit=1200%2C848&ssl=1&resize=525%2C300 1.5x, https:\/\/i0.wp.com\/noticiasribeiraopreto.com.br\/wp-content\/uploads\/2024\/01\/Musicas-de-Axe-mais-tocadas.jpg?fit=1200%2C848&ssl=1&resize=700%2C400 2x, https:\/\/i0.wp.com\/noticiasribeiraopreto.com.br\/wp-content\/uploads\/2024\/01\/Musicas-de-Axe-mais-tocadas.jpg?fit=1200%2C848&ssl=1&resize=1050%2C600 3x"},"classes":[]}],"jetpack_sharing_enabled":true,"jetpack_shortlink":"https:\/\/wp.me\/peQAOb-d45","_links":{"self":[{"href":"https:\/\/noticiasribeiraopreto.com.br\/index.php\/wp-json\/wp\/v2\/posts\/50225","targetHints":{"allow":["GET"]}}],"collection":[{"href":"https:\/\/noticiasribeiraopreto.com.br\/index.php\/wp-json\/wp\/v2\/posts"}],"about":[{"href":"https:\/\/noticiasribeiraopreto.com.br\/index.php\/wp-json\/wp\/v2\/types\/post"}],"author":[{"embeddable":true,"href":"https:\/\/noticiasribeiraopreto.com.br\/index.php\/wp-json\/wp\/v2\/users\/1"}],"replies":[{"embeddable":true,"href":"https:\/\/noticiasribeiraopreto.com.br\/index.php\/wp-json\/wp\/v2\/comments?post=50225"}],"version-history":[{"count":0,"href":"https:\/\/noticiasribeiraopreto.com.br\/index.php\/wp-json\/wp\/v2\/posts\/50225\/revisions"}],"wp:featuredmedia":[{"embeddable":true,"href":"https:\/\/noticiasribeiraopreto.com.br\/index.php\/wp-json\/wp\/v2\/media\/50226"}],"wp:attachment":[{"href":"https:\/\/noticiasribeiraopreto.com.br\/index.php\/wp-json\/wp\/v2\/media?parent=50225"}],"wp:term":[{"taxonomy":"category","embeddable":true,"href":"https:\/\/noticiasribeiraopreto.com.br\/index.php\/wp-json\/wp\/v2\/categories?post=50225"},{"taxonomy":"post_tag","embeddable":true,"href":"https:\/\/noticiasribeiraopreto.com.br\/index.php\/wp-json\/wp\/v2\/tags?post=50225"}],"curies":[{"name":"wp","href":"https:\/\/api.w.org\/{rel}","templated":true}]}}