{"id":50241,"date":"2024-05-15T12:13:08","date_gmt":"2024-05-15T15:13:08","guid":{"rendered":"https:\/\/noticiasribeiraopreto.com.br\/index.php\/2024\/05\/15\/rodovia-na-regiao-de-ribeirao-e-a-primeira-no-interior-de-sp-a-implantar-pedagio-sem-cancela\/"},"modified":"2024-05-15T12:13:08","modified_gmt":"2024-05-15T15:13:08","slug":"rodovia-na-regiao-de-ribeirao-e-a-primeira-no-interior-de-sp-a-implantar-pedagio-sem-cancela","status":"publish","type":"post","link":"https:\/\/noticiasribeiraopreto.com.br\/index.php\/2024\/05\/15\/rodovia-na-regiao-de-ribeirao-e-a-primeira-no-interior-de-sp-a-implantar-pedagio-sem-cancela\/","title":{"rendered":"Rodovia na regi\u00e3o de Ribeir\u00e3o \u00e9 a primeira no interior de SP a implantar ped\u00e1gio sem cancela"},"content":{"rendered":"<div class='code-block code-block-1' style='margin: 8px 0 8px auto; text-align: right; display: block; clear: both;'>\n<p><a href=\"https:\/\/wa.link\/vpicfd\"><img data-recalc-dims=\"1\" class=\"wp-image-4922\" style=\"aspect-ratio: 2.0253164556962027; width: 561px; height: auto;\" src=\"https:\/\/i0.wp.com\/ismaelcolosi.com.br\/wp-content\/uploads\/2023\/11\/grupo-de-empregos-whatsapp-e-facebook-ismael-colosi-vagas.jpg?ssl=1\" alt=\"\" \/><\/a><\/p>\n<!-- \/wp:image -->\n<\/div>\n<p> <br \/>\n<\/p>\n<div>\n<p>A <strong>rodovia Carlos Tonani<\/strong>, Nem\u00e9sio Cadetti e Laurentino Mascari, no <strong>trecho<\/strong> entre It\u00e1polis e<strong> Jaboticabal<\/strong>, cidade a 57 quil\u00f4metros de Ribeir\u00e3o Preto, \u00e9 a <strong>primeira do Estado de S\u00e3o Paulo<\/strong> que ter\u00e1 <strong>o ped\u00e1gio sem cancela<\/strong>, segundo a EcoNoroeste, concession\u00e1ria que administra os trechos.<\/p>\n<p>Chamado <strong>\u201cFree Flow\u201d<\/strong>, o <strong>novo sistema<\/strong> entrar\u00e1 em<strong> funcionamento<\/strong> no <strong>segundo semestre deste ano<\/strong>. Atualmente, est\u00e3o sendo implantados os p\u00f3rticos.<\/p>\n<p>De acordo com a concession\u00e1ria, o <strong>novo sistema funciona por p\u00f3rticos <\/strong>tecnol\u00f3gicos, equipados com c\u00e2meras, sensores e antenas <strong>capazes de identificar todos os tipos de ve\u00edculos pela placa ou TAG<\/strong>, al\u00e9m de especifica\u00e7\u00f5es como <strong>altura, largura, comprimento e quantidade de eixos<\/strong>.<\/p>\n<p>Os <strong>usu\u00e1rios do trecho que possuem TAGs ativas<\/strong> ser\u00e3o <strong>identificados automaticamente<\/strong> nos p\u00f3rticos, conforme <strong>acontece nas pistas autom\u00e1ticas das cabines atuais<\/strong>.<\/p>\n<p><strong>Para quem n\u00e3o possui<\/strong>, o <strong>pagamento da tarifa de ped\u00e1gio <\/strong>deve ser feito em <strong>at\u00e9 15 dias<\/strong> ap\u00f3s a passagem pelo p\u00f3rtico, por meio dos<strong> seguintes canais<\/strong> disponibilizados pela concession\u00e1ria:<\/p>\n<ul>\n<li>site freeflow.econoroeste.com.br<\/li>\n<li>aplicativo de celular<\/li>\n<li>totem de autoatendimento nos postos SAUs das rodovidas<\/li>\n<li>WhatsApp 0800 326 3663<\/li>\n<\/ul>\n<p><span style=\"background-color:#f7cc62\" class=\"td_text_highlight_marker\"><strong><mark style=\"background-color:rgba(0, 0, 0, 0)\" class=\"has-inline-color has-black-color\">No caso de n\u00e3o realizar o pagamento no prazo pode acarretar multa e perda de cinco pontos na CNH (Carteira Nacional de Habilita\u00e7\u00e3o).<\/mark><\/strong><\/span><\/p>\n<p>SAIBA MAIS <\/p>\n<p>Ivete Sangalo cancela turn\u00ea \u2018A Festa\u2019 com show em Ribeir\u00e3o Preto<\/p>\n<h4 class=\"wp-block-heading\"><strong>FIQUE ON<\/strong><\/h4>\n<p>Fique ligado em tudo que acontece em Ribeir\u00e3o Preto e regi\u00e3o. Siga os perfis do\u00a0<strong>acidade on\u00a0<\/strong>no\u00a0<a href=\"https:\/\/www.instagram.com\/acidadeonribeirao\" target=\"_blank\" rel=\"noreferrer noopener\">Instagram<\/a>\u00a0e no\u00a0<a href=\"https:\/\/www.facebook.com\/acidadeonribeirao\" target=\"_blank\" rel=\"noreferrer noopener\">Facebook<\/a>.<\/p>\n<p>Receba not\u00edcias do acidade on no WhatsApp. Para entrar no grupo, basta\u00a0<a href=\"https:\/\/chat.whatsapp.com\/CdrZ6xrf7quD44Vw3WlPuZ\" target=\"_blank\" rel=\"noreferrer noopener\">clicar aqui<\/a>.<\/p>\n<p>Fa\u00e7a uma den\u00fancia ou sugira uma reportagem sobre Ribeir\u00e3o Preto e regi\u00e3o pelo WhatsApp: 16 99117 7802.<\/p>\n<p>VEJA TAMB\u00c9M<br \/>Quem \u00e9 Isis Broken, atriz trans de \u201cNo Rancho Fundo\u201d?<\/p>\n<p><!-- AI CONTENT END 1 -->\n<\/div>\n<p><script async src=\"\/\/www.instagram.com\/embed.js\"><\/script><br \/>\n<br \/><br \/>\n<br \/><a href=\"https:\/\/www.acidadeon.com\/ribeiraopreto\/cotidiano\/rodovia-na-regiao-de-ribeirao-e-a-primeira-no-interior-de-sp-a-implantar-pedagio-sem-cancela\/\">Source link <\/a><\/p>\n<!-- CONTENT END 1 -->\n","protected":false},"excerpt":{"rendered":"<p>A rodovia Carlos Tonani, Nem\u00e9sio Cadetti e Laurentino Mascari, no trecho entre It\u00e1polis e Jaboticabal, cidade a 57 quil\u00f4metros de Ribeir\u00e3o Preto, \u00e9 a primeira&#8230;<\/p>\n","protected":false},"author":1,"featured_media":50242,"comment_status":"open","ping_status":"open","sticky":false,"template":"","format":"standard","meta":{"advanced_seo_description":"","jetpack_seo_html_title":"","jetpack_seo_noindex":false,"jetpack_post_was_ever_published":false,"_jetpack_newsletter_access":"","_jetpack_dont_email_post_to_subs":false,"_jetpack_newsletter_tier_id":0,"_jetpack_memberships_contains_paywalled_content":false,"_jetpack_memberships_contains_paid_content":false,"footnotes":"","jetpack_publicize_message":"","jetpack_publicize_feature_enabled":true,"jetpack_social_post_already_shared":true,"jetpack_social_options":{"image_generator_settings":{"template":"highway","default_image_id":0,"font":"","enabled":false},"version":2}},"categories":[11],"tags":[],"class_list":["post-50241","post","type-post","status-publish","format-standard","has-post-thumbnail","hentry","category-noticias-de-ribeirao-preto-sp-e-regiao-ismael-colosi"],"jetpack_publicize_connections":[],"jetpack_featured_media_url":"https:\/\/i0.wp.com\/noticiasribeiraopreto.com.br\/wp-content\/uploads\/2024\/05\/Copia-de-Copia-de-TAMANHO-EXATO-PARA-FOTOS-NO-SISTEMA-NOVO-5_2024-05-15_14-51-30_jpg_2024-05-15_14-51-30.webp.webp?fit=1200%2C675&ssl=1","jetpack-related-posts":[{"id":50546,"url":"https:\/\/noticiasribeiraopreto.com.br\/index.php\/2024\/05\/16\/entenda-como-funciona-o-pedagio-sem-cancela-em-rodovias-do-interior-de-sp\/","url_meta":{"origin":50241,"position":0},"title":"Entenda como funciona o ped\u00e1gio sem cancela em rodovias do interior de SP","author":"noticiasribeiraopreto.com.br","date":"16 de May de 2024","format":false,"excerpt":"Motoristas de S\u00e3o Paulo devem se livrar da necessidade de parar em pra\u00e7as de ped\u00e1gio em breve. Isso porque algumas rodovias do interior do estado passar\u00e3o a receber o sistema Free Flow, que substituir\u00e1 os ped\u00e1gios de barreiras por p\u00f3rticos de cobran\u00e7a. De acordo com o governo de S\u00e3o Paulo,\u2026","rel":"","context":"In &quot;Not\u00edcias de Ribeir\u00e3o Preto-SP e Regi\u00e3o&quot;","block_context":{"text":"Not\u00edcias de Ribeir\u00e3o Preto-SP e Regi\u00e3o","link":"https:\/\/noticiasribeiraopreto.com.br\/index.php\/category\/noticias-de-ribeirao-preto-sp-e-regiao-ismael-colosi\/"},"img":{"alt_text":"","src":"https:\/\/i0.wp.com\/noticiasribeiraopreto.com.br\/wp-content\/uploads\/2024\/05\/FREE-FLOW.webp.webp?fit=1024%2C682&ssl=1&resize=350%2C200","width":350,"height":200,"srcset":"https:\/\/i0.wp.com\/noticiasribeiraopreto.com.br\/wp-content\/uploads\/2024\/05\/FREE-FLOW.webp.webp?fit=1024%2C682&ssl=1&resize=350%2C200 1x, https:\/\/i0.wp.com\/noticiasribeiraopreto.com.br\/wp-content\/uploads\/2024\/05\/FREE-FLOW.webp.webp?fit=1024%2C682&ssl=1&resize=525%2C300 1.5x, https:\/\/i0.wp.com\/noticiasribeiraopreto.com.br\/wp-content\/uploads\/2024\/05\/FREE-FLOW.webp.webp?fit=1024%2C682&ssl=1&resize=700%2C400 2x"},"classes":[]},{"id":60212,"url":"https:\/\/noticiasribeiraopreto.com.br\/index.php\/2024\/11\/08\/pedagio-free-flow-12-mil-motoristas-sao-multados-por-falta-de-pagamento-no-interior-de-sp\/","url_meta":{"origin":50241,"position":1},"title":"Ped\u00e1gio free flow: 12 mil motoristas s\u00e3o multados por falta de pagamento no interior de SP","author":"noticiasribeiraopreto.com.br","date":"8 de November de 2024","format":false,"excerpt":"Mais de 12 mil motoristas ser\u00e3o multados por n\u00e3o pagar a tarifa do ped\u00e1gio eletr\u00f4nico, o ped\u00e1gio free flow, no primeiro m\u00eas de opera\u00e7\u00e3o no interior de S\u00e3o Paulo. O per\u00edodo considerado pela EcoNoroeste vai de 4 de setembro, quando come\u00e7ou a opera\u00e7\u00e3o com cobran\u00e7a, at\u00e9 4 de outubro. O\u2026","rel":"","context":"In &quot;Not\u00edcias de Ribeir\u00e3o Preto-SP e Regi\u00e3o&quot;","block_context":{"text":"Not\u00edcias de Ribeir\u00e3o Preto-SP e Regi\u00e3o","link":"https:\/\/noticiasribeiraopreto.com.br\/index.php\/category\/noticias-de-ribeirao-preto-sp-e-regiao-ismael-colosi\/"},"img":{"alt_text":"","src":"https:\/\/i0.wp.com\/noticiasribeiraopreto.com.br\/wp-content\/uploads\/2024\/09\/pedagio-free-flow_2024-09-02_16-33-58_jpg_2024-09-02_16-33-58.webp.webp?fit=1079%2C682&ssl=1&resize=350%2C200","width":350,"height":200,"srcset":"https:\/\/i0.wp.com\/noticiasribeiraopreto.com.br\/wp-content\/uploads\/2024\/09\/pedagio-free-flow_2024-09-02_16-33-58_jpg_2024-09-02_16-33-58.webp.webp?fit=1079%2C682&ssl=1&resize=350%2C200 1x, https:\/\/i0.wp.com\/noticiasribeiraopreto.com.br\/wp-content\/uploads\/2024\/09\/pedagio-free-flow_2024-09-02_16-33-58_jpg_2024-09-02_16-33-58.webp.webp?fit=1079%2C682&ssl=1&resize=525%2C300 1.5x, https:\/\/i0.wp.com\/noticiasribeiraopreto.com.br\/wp-content\/uploads\/2024\/09\/pedagio-free-flow_2024-09-02_16-33-58_jpg_2024-09-02_16-33-58.webp.webp?fit=1079%2C682&ssl=1&resize=700%2C400 2x, https:\/\/i0.wp.com\/noticiasribeiraopreto.com.br\/wp-content\/uploads\/2024\/09\/pedagio-free-flow_2024-09-02_16-33-58_jpg_2024-09-02_16-33-58.webp.webp?fit=1079%2C682&ssl=1&resize=1050%2C600 3x"},"classes":[]},{"id":60227,"url":"https:\/\/noticiasribeiraopreto.com.br\/index.php\/2024\/11\/08\/pedagio-free-flow-12-mil-motoristas-sao-multados-por-falta-de-pagamento-no-interior-de-sp-2\/","url_meta":{"origin":50241,"position":2},"title":"Ped\u00e1gio free flow: 12 mil motoristas s\u00e3o multados por falta de pagamento no interior de SP","author":"noticiasribeiraopreto.com.br","date":"8 de November de 2024","format":false,"excerpt":"Mais de 12 mil motoristas ser\u00e3o multados por n\u00e3o pagar a tarifa do ped\u00e1gio eletr\u00f4nico, o ped\u00e1gio free flow, no primeiro m\u00eas de opera\u00e7\u00e3o no interior de S\u00e3o Paulo. O per\u00edodo considerado pela EcoNoroeste vai de 4 de setembro, quando come\u00e7ou a opera\u00e7\u00e3o com cobran\u00e7a, at\u00e9 4 de outubro. O\u2026","rel":"","context":"In &quot;Not\u00edcias de Ribeir\u00e3o Preto-SP e Regi\u00e3o&quot;","block_context":{"text":"Not\u00edcias de Ribeir\u00e3o Preto-SP e Regi\u00e3o","link":"https:\/\/noticiasribeiraopreto.com.br\/index.php\/category\/noticias-de-ribeirao-preto-sp-e-regiao-ismael-colosi\/"},"img":{"alt_text":"","src":"https:\/\/i0.wp.com\/noticiasribeiraopreto.com.br\/wp-content\/uploads\/2024\/09\/pedagio-free-flow_2024-09-02_16-33-58_jpg_2024-09-02_16-33-58.webp.webp?fit=1079%2C682&ssl=1&resize=350%2C200","width":350,"height":200,"srcset":"https:\/\/i0.wp.com\/noticiasribeiraopreto.com.br\/wp-content\/uploads\/2024\/09\/pedagio-free-flow_2024-09-02_16-33-58_jpg_2024-09-02_16-33-58.webp.webp?fit=1079%2C682&ssl=1&resize=350%2C200 1x, https:\/\/i0.wp.com\/noticiasribeiraopreto.com.br\/wp-content\/uploads\/2024\/09\/pedagio-free-flow_2024-09-02_16-33-58_jpg_2024-09-02_16-33-58.webp.webp?fit=1079%2C682&ssl=1&resize=525%2C300 1.5x, https:\/\/i0.wp.com\/noticiasribeiraopreto.com.br\/wp-content\/uploads\/2024\/09\/pedagio-free-flow_2024-09-02_16-33-58_jpg_2024-09-02_16-33-58.webp.webp?fit=1079%2C682&ssl=1&resize=700%2C400 2x, https:\/\/i0.wp.com\/noticiasribeiraopreto.com.br\/wp-content\/uploads\/2024\/09\/pedagio-free-flow_2024-09-02_16-33-58_jpg_2024-09-02_16-33-58.webp.webp?fit=1079%2C682&ssl=1&resize=1050%2C600 3x"},"classes":[]},{"id":64363,"url":"https:\/\/noticiasribeiraopreto.com.br\/index.php\/2025\/03\/07\/sp-tera-58-porticos-de-pedagio-free-flow-ate-2030-saiba-onde-serao-os-proximos\/","url_meta":{"origin":50241,"position":3},"title":"SP ter\u00e1 58 p\u00f3rticos de ped\u00e1gio free flow at\u00e9 2030; Saiba onde ser\u00e3o os pr\u00f3ximos","author":"noticiasribeiraopreto.com.br","date":"7 de March de 2025","format":false,"excerpt":"O Governo de S\u00e3o Paulo projeta a instala\u00e7\u00e3o de 58 p\u00f3rticos equipados com o sistema de ped\u00e1gio eletr\u00f4nico free flow em rodovias estaduais nos atuais contratos concedidos \u00e0 iniciativa privada at\u00e9 2030. Atualmente, tr\u00eas p\u00f3rticos est\u00e3o em opera\u00e7\u00e3o, sendo um deles na rodovia Carlos Tonani, em Jaboticabal, na regi\u00e3o de\u2026","rel":"","context":"In &quot;Not\u00edcias de Ribeir\u00e3o Preto-SP e Regi\u00e3o&quot;","block_context":{"text":"Not\u00edcias de Ribeir\u00e3o Preto-SP e Regi\u00e3o","link":"https:\/\/noticiasribeiraopreto.com.br\/index.php\/category\/noticias-de-ribeirao-preto-sp-e-regiao-ismael-colosi\/"},"img":{"alt_text":"","src":"https:\/\/i0.wp.com\/noticiasribeiraopreto.com.br\/wp-content\/uploads\/2025\/03\/pedagio-free-flow-2_2025-03-07_12-51-42_jpeg_2025-03-07_12-51-42.webp.webp?fit=1200%2C798&ssl=1&resize=350%2C200","width":350,"height":200,"srcset":"https:\/\/i0.wp.com\/noticiasribeiraopreto.com.br\/wp-content\/uploads\/2025\/03\/pedagio-free-flow-2_2025-03-07_12-51-42_jpeg_2025-03-07_12-51-42.webp.webp?fit=1200%2C798&ssl=1&resize=350%2C200 1x, https:\/\/i0.wp.com\/noticiasribeiraopreto.com.br\/wp-content\/uploads\/2025\/03\/pedagio-free-flow-2_2025-03-07_12-51-42_jpeg_2025-03-07_12-51-42.webp.webp?fit=1200%2C798&ssl=1&resize=525%2C300 1.5x, https:\/\/i0.wp.com\/noticiasribeiraopreto.com.br\/wp-content\/uploads\/2025\/03\/pedagio-free-flow-2_2025-03-07_12-51-42_jpeg_2025-03-07_12-51-42.webp.webp?fit=1200%2C798&ssl=1&resize=700%2C400 2x, https:\/\/i0.wp.com\/noticiasribeiraopreto.com.br\/wp-content\/uploads\/2025\/03\/pedagio-free-flow-2_2025-03-07_12-51-42_jpeg_2025-03-07_12-51-42.webp.webp?fit=1200%2C798&ssl=1&resize=1050%2C600 3x"},"classes":[]},{"id":74095,"url":"https:\/\/noticiasribeiraopreto.com.br\/index.php\/2025\/07\/16\/tarcisio-recua-e-cancela-pedagio-entre-serrana-e-ribeirao-preto\/","url_meta":{"origin":50241,"position":4},"title":"Tarc\u00edsio recua e cancela ped\u00e1gio entre Serrana e Ribeir\u00e3o Preto","author":"noticiasribeiraopreto.com.br","date":"16 de July de 2025","format":false,"excerpt":"Estimativas das prefeituras indicam que mais de 20 mil pessoas utilizam diariamente a rodovia 16 de julho de 2025 07:0416 de julho de 2025 07:050 Compartilhar0 Por: Adalberto Luque O prefeito de Serrana, Leo Capitelli (MDB), informou que foi oficialmente cancelada a instala\u00e7\u00e3o de p\u00f3rticos de ped\u00e1gio no modelo free\u2026","rel":"","context":"In &quot;Not\u00edcias de Ribeir\u00e3o Preto-SP e Regi\u00e3o&quot;","block_context":{"text":"Not\u00edcias de Ribeir\u00e3o Preto-SP e Regi\u00e3o","link":"https:\/\/noticiasribeiraopreto.com.br\/index.php\/category\/noticias-de-ribeirao-preto-sp-e-regiao-ismael-colosi\/"},"img":{"alt_text":"","src":"https:\/\/i0.wp.com\/noticiasribeiraopreto.com.br\/wp-content\/uploads\/2025\/07\/16-jul-2025-pedagioserrana-scaled.jpg?fit=1200%2C675&ssl=1&resize=350%2C200","width":350,"height":200,"srcset":"https:\/\/i0.wp.com\/noticiasribeiraopreto.com.br\/wp-content\/uploads\/2025\/07\/16-jul-2025-pedagioserrana-scaled.jpg?fit=1200%2C675&ssl=1&resize=350%2C200 1x, https:\/\/i0.wp.com\/noticiasribeiraopreto.com.br\/wp-content\/uploads\/2025\/07\/16-jul-2025-pedagioserrana-scaled.jpg?fit=1200%2C675&ssl=1&resize=525%2C300 1.5x, https:\/\/i0.wp.com\/noticiasribeiraopreto.com.br\/wp-content\/uploads\/2025\/07\/16-jul-2025-pedagioserrana-scaled.jpg?fit=1200%2C675&ssl=1&resize=700%2C400 2x, https:\/\/i0.wp.com\/noticiasribeiraopreto.com.br\/wp-content\/uploads\/2025\/07\/16-jul-2025-pedagioserrana-scaled.jpg?fit=1200%2C675&ssl=1&resize=1050%2C600 3x"},"classes":[]},{"id":77785,"url":"https:\/\/noticiasribeiraopreto.com.br\/index.php\/2025\/09\/25\/saiba-onde-ficarao-os-novos-porticos-de-pedagio-free-flow-na-regiao-de-ribeirao-preto\/","url_meta":{"origin":50241,"position":5},"title":"Saiba onde ficar\u00e3o os novos p\u00f3rticos de ped\u00e1gio free flow na regi\u00e3o de Ribeir\u00e3o Preto","author":"noticiasribeiraopreto.com.br","date":"25 de September de 2025","format":false,"excerpt":"Um ano ap\u00f3s in\u00edcio da opera\u00e7\u00e3o dos primeiros p\u00f3rticos de ped\u00e1gio free flow da regi\u00e3o de Ribeir\u00e3o Preto, a concession\u00e1ria Ecovias Noroeste Paulista informou nesta quinta-feira (25) que a rodovia Brigadeiro Faria Lima (SP-326) vai ganhar mais dois pontos de cobran\u00e7a autom\u00e1tica. Segundo a concession\u00e1ria, os novos p\u00f3rticos estar\u00e3o em\u2026","rel":"","context":"In &quot;Not\u00edcias de Ribeir\u00e3o Preto-SP e Regi\u00e3o&quot;","block_context":{"text":"Not\u00edcias de Ribeir\u00e3o Preto-SP e Regi\u00e3o","link":"https:\/\/noticiasribeiraopreto.com.br\/index.php\/category\/noticias-de-ribeirao-preto-sp-e-regiao-ismael-colosi\/"},"img":{"alt_text":"","src":"https:\/\/i0.wp.com\/noticiasribeiraopreto.com.br\/wp-content\/uploads\/2025\/09\/pedagio-free-flow_2025-09-25_18-37-14.webp.webp?fit=1200%2C801&ssl=1&resize=350%2C200","width":350,"height":200,"srcset":"https:\/\/i0.wp.com\/noticiasribeiraopreto.com.br\/wp-content\/uploads\/2025\/09\/pedagio-free-flow_2025-09-25_18-37-14.webp.webp?fit=1200%2C801&ssl=1&resize=350%2C200 1x, https:\/\/i0.wp.com\/noticiasribeiraopreto.com.br\/wp-content\/uploads\/2025\/09\/pedagio-free-flow_2025-09-25_18-37-14.webp.webp?fit=1200%2C801&ssl=1&resize=525%2C300 1.5x, https:\/\/i0.wp.com\/noticiasribeiraopreto.com.br\/wp-content\/uploads\/2025\/09\/pedagio-free-flow_2025-09-25_18-37-14.webp.webp?fit=1200%2C801&ssl=1&resize=700%2C400 2x, https:\/\/i0.wp.com\/noticiasribeiraopreto.com.br\/wp-content\/uploads\/2025\/09\/pedagio-free-flow_2025-09-25_18-37-14.webp.webp?fit=1200%2C801&ssl=1&resize=1050%2C600 3x"},"classes":[]}],"jetpack_sharing_enabled":true,"jetpack_shortlink":"https:\/\/wp.me\/peQAOb-d4l","_links":{"self":[{"href":"https:\/\/noticiasribeiraopreto.com.br\/index.php\/wp-json\/wp\/v2\/posts\/50241","targetHints":{"allow":["GET"]}}],"collection":[{"href":"https:\/\/noticiasribeiraopreto.com.br\/index.php\/wp-json\/wp\/v2\/posts"}],"about":[{"href":"https:\/\/noticiasribeiraopreto.com.br\/index.php\/wp-json\/wp\/v2\/types\/post"}],"author":[{"embeddable":true,"href":"https:\/\/noticiasribeiraopreto.com.br\/index.php\/wp-json\/wp\/v2\/users\/1"}],"replies":[{"embeddable":true,"href":"https:\/\/noticiasribeiraopreto.com.br\/index.php\/wp-json\/wp\/v2\/comments?post=50241"}],"version-history":[{"count":0,"href":"https:\/\/noticiasribeiraopreto.com.br\/index.php\/wp-json\/wp\/v2\/posts\/50241\/revisions"}],"wp:featuredmedia":[{"embeddable":true,"href":"https:\/\/noticiasribeiraopreto.com.br\/index.php\/wp-json\/wp\/v2\/media\/50242"}],"wp:attachment":[{"href":"https:\/\/noticiasribeiraopreto.com.br\/index.php\/wp-json\/wp\/v2\/media?parent=50241"}],"wp:term":[{"taxonomy":"category","embeddable":true,"href":"https:\/\/noticiasribeiraopreto.com.br\/index.php\/wp-json\/wp\/v2\/categories?post=50241"},{"taxonomy":"post_tag","embeddable":true,"href":"https:\/\/noticiasribeiraopreto.com.br\/index.php\/wp-json\/wp\/v2\/tags?post=50241"}],"curies":[{"name":"wp","href":"https:\/\/api.w.org\/{rel}","templated":true}]}}