{"id":50243,"date":"2024-05-15T12:15:51","date_gmt":"2024-05-15T15:15:51","guid":{"rendered":"https:\/\/noticiasribeiraopreto.com.br\/index.php\/2024\/05\/15\/petrobras-clarice-coppetti-e-cotada-como-ceo-interina\/"},"modified":"2024-05-15T12:15:51","modified_gmt":"2024-05-15T15:15:51","slug":"petrobras-clarice-coppetti-e-cotada-como-ceo-interina","status":"publish","type":"post","link":"https:\/\/noticiasribeiraopreto.com.br\/index.php\/2024\/05\/15\/petrobras-clarice-coppetti-e-cotada-como-ceo-interina\/","title":{"rendered":"Petrobras: Clarice\u2009Coppetti \u00e9 cotada como CEO interina"},"content":{"rendered":"<div class='code-block code-block-1' style='margin: 8px 0 8px auto; text-align: right; display: block; clear: both;'>\n<p><a href=\"https:\/\/wa.link\/vpicfd\"><img data-recalc-dims=\"1\" class=\"wp-image-4922\" style=\"aspect-ratio: 2.0253164556962027; width: 561px; height: auto;\" src=\"https:\/\/i0.wp.com\/ismaelcolosi.com.br\/wp-content\/uploads\/2023\/11\/grupo-de-empregos-whatsapp-e-facebook-ismael-colosi-vagas.jpg?ssl=1\" alt=\"\" \/><\/a><\/p>\n<!-- \/wp:image -->\n<\/div>\n<p> <br \/>\n<\/p>\n<div>\n<div id=\"attachment_610989\" class=\"wp-caption alignnone style=\" max-width:=\"\"><img data-recalc-dims=\"1\" fetchpriority=\"high\" decoding=\"async\" class=\"alignnone wp-image-610989 size-full\" src=\"https:\/\/i0.wp.com\/forbes.com.br\/wp-content\/uploads\/2024\/05\/carreira-petrobras-marca-empregadora5-768x512.jpeg?resize=678%2C452&#038;ssl=1\" http:=\"\" alt=\"\" width=\"678\" height=\"452\" data-lazy-src=\"https:\/\/forbes.com.br\/wp-content\/uploads\/2024\/05\/carreira-petrobras-marca-empregadora5-768x512.jpeg\"\/><img data-recalc-dims=\"1\" fetchpriority=\"high\" decoding=\"async\" class=\"alignnone wp-image-610989 size-full\" src=\"https:\/\/i0.wp.com\/forbes.com.br\/wp-content\/uploads\/2024\/05\/carreira-petrobras-marca-empregadora5-768x512.jpeg?resize=678%2C452&#038;ssl=1\" alt=\"\" width=\"678\" height=\"452\"\/><\/p>\n<p class=\"wp-caption-text\">O conselho da companhia vai se reunir hoje para apreciar o encerramento antecipado do mandato de Jean Paul Prates e poder\u00e1 nomear Coppetti interinamente<\/p>\n<\/div>\n<p>A diretora de Assuntos\u2009Corporativos da Petrobras, Clarice Coppetti, \u00e9 a mais cotada para assumir ainda nesta quarta-feira (15) a presid\u00eancia da Petrobras de forma interina, com a sa\u00edda antecipada de Jean Paul Prates anunciada na v\u00e9spera, disseram tr\u00eas fontes com conhecimento do assunto.<\/p>\n<p>O conselho da companhia vai se reunir ainda nesta manh\u00e3 para apreciar o encerramento antecipado do mandato de Prates e poder\u00e1 nomear Coppetti interinamente.<\/p>\n<ul>\n<li>\n<h4>Siga a <a href=\"https:\/\/whatsapp.com\/channel\/0029Va9gQKwBFLgM96cJnu0u&gt;\" target=\"_blank\" rel=\"noopener\">Forbes<\/a> no WhatsApp e receba as principais not\u00edcias sobre neg\u00f3cios, carreira, tecnologia e estilo de vida<\/h4>\n<\/li>\n<\/ul>\n<p>A executiva poder\u00e1 assumir a posi\u00e7\u00e3o at\u00e9 que sejam realizados todos os tr\u00e2mites necess\u00e1rios para a posse de Magda Chambriard, indicada pelo governo federal para a posi\u00e7\u00e3o de CEO, disseram fontes na condi\u00e7\u00e3o de anonimato.<\/p>\n<p>Na v\u00e9spera, Prates pediu para deixar a companhia, de acordo um comunicado da estatal, derrubando os pap\u00e9is da petroleira na bolsa, em meio a riscos para a governan\u00e7a citados por analistas.<\/p>\n<p>\u00c0s 10h45, as preferenciais ca\u00edam 7,6%, a 37,78 reais, enquanto as ordin\u00e1rias perdiam 9%, a cerca de 39 reais, capitaneando as perdas do Ibovespa, que cedia 0,9%.<\/p>\n<\/div>\n<p><script type=\"rocketlazyloadscript\">\n\t\t\t\t(function(d, s, id){\n\t\t\t\t\tvar js, fjs = d.getElementsByTagName(s)[0];\n\t\t\t\t\tif (d.getElementById(id)) return;\n\t\t\t\t\tjs = d.createElement(s); js.id = id;\n\t\t\t\t\tjs.src = \"\/\/connect.facebook.net\/pt_BR\/sdk.js#xfbml=1&version=v2.9\";\n\t\t\t\t\tfjs.parentNode.insertBefore(js, fjs);\n\t\t\t\t}(document, 'script', 'facebook-jssdk'));\n\t\t\t<\/script><br \/>\n<br \/><br \/>\n<br \/><a href=\"https:\/\/forbes.com.br\/forbes-money\/2024\/05\/clarice-coppetti-e-cotada-para-assumir-presidencia-da-petrobras-interinamente\/\">Source link <\/a><\/p>\n<!-- CONTENT END 1 -->\n","protected":false},"excerpt":{"rendered":"<p>O conselho da companhia vai se reunir hoje para apreciar o encerramento antecipado do mandato de Jean Paul Prates e poder\u00e1 nomear Coppetti interinamente A&#8230;<\/p>\n","protected":false},"author":1,"featured_media":50244,"comment_status":"open","ping_status":"open","sticky":false,"template":"","format":"standard","meta":{"advanced_seo_description":"","jetpack_seo_html_title":"","jetpack_seo_noindex":false,"jetpack_post_was_ever_published":false,"_jetpack_newsletter_access":"","_jetpack_dont_email_post_to_subs":false,"_jetpack_newsletter_tier_id":0,"_jetpack_memberships_contains_paywalled_content":false,"_jetpack_memberships_contains_paid_content":false,"footnotes":"","jetpack_publicize_message":"","jetpack_publicize_feature_enabled":true,"jetpack_social_post_already_shared":true,"jetpack_social_options":{"image_generator_settings":{"template":"highway","default_image_id":0,"font":"","enabled":false},"version":2}},"categories":[1],"tags":[],"class_list":["post-50243","post","type-post","status-publish","format-standard","has-post-thumbnail","hentry","category-blog"],"jetpack_publicize_connections":[],"jetpack_featured_media_url":"https:\/\/i0.wp.com\/noticiasribeiraopreto.com.br\/wp-content\/uploads\/2024\/05\/carreira-petrobras-marca-empregadora5-1024x683.jpeg?fit=1024%2C683&ssl=1","jetpack-related-posts":[{"id":50605,"url":"https:\/\/noticiasribeiraopreto.com.br\/index.php\/2024\/05\/17\/petrobras-aprova-saida-de-prates-e-nomeia-clarice-coppetti-como-ceo-interina\/","url_meta":{"origin":50243,"position":0},"title":"Petrobras aprova sa\u00edda de Prates e nomeia Clarice Coppetti como CEO interina","author":"noticiasribeiraopreto.com.br","date":"17 de May de 2024","format":false,"excerpt":"Sergio Moraes\/ReutersAs a\u00e7\u00f5es da Petrobras (PETR4) chegaram a recuar 8% na abertura dos neg\u00f3cios nesta quarta-feira (15), representando uma perda de R$ 46,7 bilh\u00f5es Acessibilidade L L A- A+ \u25d0 O conselho de administra\u00e7\u00e3o da Petrobras nomeou nesta quarta-feira (15) Clarice Coppetti como presidente interina da companhia ap\u00f3s aprovar o\u2026","rel":"","context":"In &quot;Blog&quot;","block_context":{"text":"Blog","link":"https:\/\/noticiasribeiraopreto.com.br\/index.php\/category\/blog\/"},"img":{"alt_text":"","src":"https:\/\/i0.wp.com\/noticiasribeiraopreto.com.br\/wp-content\/uploads\/2024\/05\/money-petrobras-08mar22-Sergio-Moraes-reuters-1024x683.jpg?fit=1024%2C683&ssl=1&resize=350%2C200","width":350,"height":200,"srcset":"https:\/\/i0.wp.com\/noticiasribeiraopreto.com.br\/wp-content\/uploads\/2024\/05\/money-petrobras-08mar22-Sergio-Moraes-reuters-1024x683.jpg?fit=1024%2C683&ssl=1&resize=350%2C200 1x, https:\/\/i0.wp.com\/noticiasribeiraopreto.com.br\/wp-content\/uploads\/2024\/05\/money-petrobras-08mar22-Sergio-Moraes-reuters-1024x683.jpg?fit=1024%2C683&ssl=1&resize=525%2C300 1.5x, https:\/\/i0.wp.com\/noticiasribeiraopreto.com.br\/wp-content\/uploads\/2024\/05\/money-petrobras-08mar22-Sergio-Moraes-reuters-1024x683.jpg?fit=1024%2C683&ssl=1&resize=700%2C400 2x"},"classes":[]},{"id":50146,"url":"https:\/\/noticiasribeiraopreto.com.br\/index.php\/2024\/05\/14\/petrobras-diz-que-presidente-pediu-para-deixar-empresa\/","url_meta":{"origin":50243,"position":1},"title":"Petrobras diz que presidente pediu para deixar empresa","author":"noticiasribeiraopreto.com.br","date":"14 de May de 2024","format":false,"excerpt":"Foto: REUTERS\/Adriano MachadoJean Paul Prates deve ser substitu\u00eddo por Magda Chambriard na presid\u00eancia da Petrobras A Petrobras informou em fato relevante que recebeu nesta ter\u00e7a-feira (14) de seu presidente-executivo, Jean Paul Prates, solicita\u00e7\u00e3o para que o conselho de administra\u00e7\u00e3o da estatal se re\u00fana para apreciar o encerramento antecipado de seu\u2026","rel":"","context":"In &quot;Blog&quot;","block_context":{"text":"Blog","link":"https:\/\/noticiasribeiraopreto.com.br\/index.php\/category\/blog\/"},"img":{"alt_text":"","src":"https:\/\/i0.wp.com\/noticiasribeiraopreto.com.br\/wp-content\/uploads\/2024\/05\/Jean_Paul_Prates-CEO-Petrobras-1024x683.jpg?fit=1024%2C683&ssl=1&resize=350%2C200","width":350,"height":200,"srcset":"https:\/\/i0.wp.com\/noticiasribeiraopreto.com.br\/wp-content\/uploads\/2024\/05\/Jean_Paul_Prates-CEO-Petrobras-1024x683.jpg?fit=1024%2C683&ssl=1&resize=350%2C200 1x, https:\/\/i0.wp.com\/noticiasribeiraopreto.com.br\/wp-content\/uploads\/2024\/05\/Jean_Paul_Prates-CEO-Petrobras-1024x683.jpg?fit=1024%2C683&ssl=1&resize=525%2C300 1.5x, https:\/\/i0.wp.com\/noticiasribeiraopreto.com.br\/wp-content\/uploads\/2024\/05\/Jean_Paul_Prates-CEO-Petrobras-1024x683.jpg?fit=1024%2C683&ssl=1&resize=700%2C400 2x"},"classes":[]},{"id":15365,"url":"https:\/\/noticiasribeiraopreto.com.br\/index.php\/2023\/12\/13\/petrobras-petr4-nao-ira-recomprar-refinaria-de-mataripe\/","url_meta":{"origin":50243,"position":2},"title":"Petrobras (PETR4) n\u00e3o ir\u00e1 recomprar Refinaria de Mataripe","author":"noticiasribeiraopreto.com.br","date":"13 de December de 2023","format":false,"excerpt":"O presidente da Petrobras (PETR3\/PETR4), Jean Paul Prates, disse nesta quarta-feira (13) que a empresa n\u00e3o vai recomprar a Refinaria de Mataripe do grupo Mubadala, do Fundo Soberano de Abu Dhabi. Aquele mesmo que investe no Burguer King no Brasil e na rede BlueFit de academias. Ele disse que a\u2026","rel":"","context":"In &quot;Dinheiro e Investimento&quot;","block_context":{"text":"Dinheiro e Investimento","link":"https:\/\/noticiasribeiraopreto.com.br\/index.php\/category\/dinheiro-e-investimento-como-fazer-como-ganhar\/"},"img":{"alt_text":"","src":"https:\/\/i0.wp.com\/noticiasribeiraopreto.com.br\/wp-content\/uploads\/2023\/12\/Jean-Paul-Prates-presidente-da-Petrobras-PETR4-715x402.png?fit=715%2C402&ssl=1&resize=350%2C200","width":350,"height":200,"srcset":"https:\/\/i0.wp.com\/noticiasribeiraopreto.com.br\/wp-content\/uploads\/2023\/12\/Jean-Paul-Prates-presidente-da-Petrobras-PETR4-715x402.png?fit=715%2C402&ssl=1&resize=350%2C200 1x, https:\/\/i0.wp.com\/noticiasribeiraopreto.com.br\/wp-content\/uploads\/2023\/12\/Jean-Paul-Prates-presidente-da-Petrobras-PETR4-715x402.png?fit=715%2C402&ssl=1&resize=525%2C300 1.5x, https:\/\/i0.wp.com\/noticiasribeiraopreto.com.br\/wp-content\/uploads\/2023\/12\/Jean-Paul-Prates-presidente-da-Petrobras-PETR4-715x402.png?fit=715%2C402&ssl=1&resize=700%2C400 2x"},"classes":[]},{"id":47553,"url":"https:\/\/noticiasribeiraopreto.com.br\/index.php\/2024\/04\/26\/presidente-do-conselho-da-petrobras-e-reeleito\/","url_meta":{"origin":50243,"position":3},"title":"Presidente do conselho da Petrobras \u00e9 reeleito","author":"noticiasribeiraopreto.com.br","date":"26 de April de 2024","format":false,"excerpt":"Foto: Paulo Whitaker\/ReutersLogotipo da Petrobras, em escrit\u00f3rio da empresa em S\u00e3o Paulo A assembleia de acionistas da\u00a0Petrobras\u00a0reelegeu na quinta-feira (25) Pietro Mendes como presidente do conselho de administra\u00e7\u00e3o da empresa, aliado do ministro de Minas e Energia, Alexandre Silveira, que vem travando embates com o CEO da companhia, Jean Paul\u2026","rel":"","context":"In &quot;Blog&quot;","block_context":{"text":"Blog","link":"https:\/\/noticiasribeiraopreto.com.br\/index.php\/category\/blog\/"},"img":{"alt_text":"","src":"https:\/\/i0.wp.com\/noticiasribeiraopreto.com.br\/wp-content\/uploads\/2024\/04\/1714139989_Money-empresas-brasileiras-09Jun23-GettyImages-3-1024x683.jpg?fit=1024%2C683&ssl=1&resize=350%2C200","width":350,"height":200,"srcset":"https:\/\/i0.wp.com\/noticiasribeiraopreto.com.br\/wp-content\/uploads\/2024\/04\/1714139989_Money-empresas-brasileiras-09Jun23-GettyImages-3-1024x683.jpg?fit=1024%2C683&ssl=1&resize=350%2C200 1x, https:\/\/i0.wp.com\/noticiasribeiraopreto.com.br\/wp-content\/uploads\/2024\/04\/1714139989_Money-empresas-brasileiras-09Jun23-GettyImages-3-1024x683.jpg?fit=1024%2C683&ssl=1&resize=525%2C300 1.5x, https:\/\/i0.wp.com\/noticiasribeiraopreto.com.br\/wp-content\/uploads\/2024\/04\/1714139989_Money-empresas-brasileiras-09Jun23-GettyImages-3-1024x683.jpg?fit=1024%2C683&ssl=1&resize=700%2C400 2x"},"classes":[]},{"id":24902,"url":"https:\/\/noticiasribeiraopreto.com.br\/index.php\/2024\/01\/05\/prates-anuncia-916-vagas-na-petrobras-com-provas-em-todas-as-capitais\/","url_meta":{"origin":50243,"position":4},"title":"Prates anuncia 916 vagas na Petrobras com provas em todas as capitais","author":"noticiasribeiraopreto.com.br","date":"5 de January de 2024","format":false,"excerpt":"Da reda\u00e7\u00e3oi Da reda\u00e7\u00e3o 05\/01\/2024 - 13:07 O concurso p\u00fablico da Petrobras que prev\u00ea 916 vagas para n\u00edvel t\u00e9cnico, al\u00e9m da forma\u00e7\u00e3o de cadastro de reserva, acaba de receber uma atualiza\u00e7\u00e3o nas inscri\u00e7\u00f5es. Segundo an\u00fancio do presidente da estatal, Jean Paul Prates, a companhia dobrou o n\u00famero de cidades onde\u2026","rel":"","context":"In &quot;Vagas de Emprego em Ribeir\u00e3o Preto-SP&quot;","block_context":{"text":"Vagas de Emprego em Ribeir\u00e3o Preto-SP","link":"https:\/\/noticiasribeiraopreto.com.br\/index.php\/category\/empregos-classificados-vagas-trabalho\/vagas-de-empregos-em-ribeirao-preto-regiao-brasil\/"},"img":{"alt_text":"","src":"https:\/\/i0.wp.com\/noticiasribeiraopreto.com.br\/wp-content\/uploads\/2024\/01\/petrobras-e1704469064823.jpg?fit=700%2C419&ssl=1&resize=350%2C200","width":350,"height":200,"srcset":"https:\/\/i0.wp.com\/noticiasribeiraopreto.com.br\/wp-content\/uploads\/2024\/01\/petrobras-e1704469064823.jpg?fit=700%2C419&ssl=1&resize=350%2C200 1x, https:\/\/i0.wp.com\/noticiasribeiraopreto.com.br\/wp-content\/uploads\/2024\/01\/petrobras-e1704469064823.jpg?fit=700%2C419&ssl=1&resize=525%2C300 1.5x, https:\/\/i0.wp.com\/noticiasribeiraopreto.com.br\/wp-content\/uploads\/2024\/01\/petrobras-e1704469064823.jpg?fit=700%2C419&ssl=1&resize=700%2C400 2x"},"classes":[]},{"id":20140,"url":"https:\/\/noticiasribeiraopreto.com.br\/index.php\/2023\/12\/24\/a-petrobras-petr4-voltou-presidente-da-estatal-promete-avancar-com-equilibrio-em-2024\/","url_meta":{"origin":50243,"position":5},"title":"A Petrobras (PETR4) voltou? Presidente da estatal promete avan\u00e7ar com equil\u00edbrio em 2024","author":"noticiasribeiraopreto.com.br","date":"24 de December de 2023","format":false,"excerpt":"O ano de 2023 marcou a \"volta\" da Petrobras (PETR4) e, em 2024, a empresa seguir\u00e1 avan\u00e7ando \"com equil\u00edbrio\" em seu planejamento. As afirma\u00e7\u00f5es foram feitas pelo presidente da petroleira, Jean Paul Prates, em mensagem de Natal aos funcion\u00e1rios. \"Vamos fazer tudo com equil\u00edbrio. Temos ativos muito importantes, novas fronteiras\u2026","rel":"","context":"In &quot;Dinheiro e Investimento&quot;","block_context":{"text":"Dinheiro e Investimento","link":"https:\/\/noticiasribeiraopreto.com.br\/index.php\/category\/dinheiro-e-investimento-como-fazer-como-ganhar\/"},"img":{"alt_text":"","src":"https:\/\/i0.wp.com\/noticiasribeiraopreto.com.br\/wp-content\/uploads\/2023\/12\/petrobras-acoes-no-retrovisor-715x402.jpg?fit=715%2C402&ssl=1&resize=350%2C200","width":350,"height":200,"srcset":"https:\/\/i0.wp.com\/noticiasribeiraopreto.com.br\/wp-content\/uploads\/2023\/12\/petrobras-acoes-no-retrovisor-715x402.jpg?fit=715%2C402&ssl=1&resize=350%2C200 1x, https:\/\/i0.wp.com\/noticiasribeiraopreto.com.br\/wp-content\/uploads\/2023\/12\/petrobras-acoes-no-retrovisor-715x402.jpg?fit=715%2C402&ssl=1&resize=525%2C300 1.5x, https:\/\/i0.wp.com\/noticiasribeiraopreto.com.br\/wp-content\/uploads\/2023\/12\/petrobras-acoes-no-retrovisor-715x402.jpg?fit=715%2C402&ssl=1&resize=700%2C400 2x"},"classes":[]}],"jetpack_sharing_enabled":true,"jetpack_shortlink":"https:\/\/wp.me\/peQAOb-d4n","_links":{"self":[{"href":"https:\/\/noticiasribeiraopreto.com.br\/index.php\/wp-json\/wp\/v2\/posts\/50243","targetHints":{"allow":["GET"]}}],"collection":[{"href":"https:\/\/noticiasribeiraopreto.com.br\/index.php\/wp-json\/wp\/v2\/posts"}],"about":[{"href":"https:\/\/noticiasribeiraopreto.com.br\/index.php\/wp-json\/wp\/v2\/types\/post"}],"author":[{"embeddable":true,"href":"https:\/\/noticiasribeiraopreto.com.br\/index.php\/wp-json\/wp\/v2\/users\/1"}],"replies":[{"embeddable":true,"href":"https:\/\/noticiasribeiraopreto.com.br\/index.php\/wp-json\/wp\/v2\/comments?post=50243"}],"version-history":[{"count":0,"href":"https:\/\/noticiasribeiraopreto.com.br\/index.php\/wp-json\/wp\/v2\/posts\/50243\/revisions"}],"wp:featuredmedia":[{"embeddable":true,"href":"https:\/\/noticiasribeiraopreto.com.br\/index.php\/wp-json\/wp\/v2\/media\/50244"}],"wp:attachment":[{"href":"https:\/\/noticiasribeiraopreto.com.br\/index.php\/wp-json\/wp\/v2\/media?parent=50243"}],"wp:term":[{"taxonomy":"category","embeddable":true,"href":"https:\/\/noticiasribeiraopreto.com.br\/index.php\/wp-json\/wp\/v2\/categories?post=50243"},{"taxonomy":"post_tag","embeddable":true,"href":"https:\/\/noticiasribeiraopreto.com.br\/index.php\/wp-json\/wp\/v2\/tags?post=50243"}],"curies":[{"name":"wp","href":"https:\/\/api.w.org\/{rel}","templated":true}]}}