{"id":50251,"date":"2024-05-15T12:44:11","date_gmt":"2024-05-15T15:44:11","guid":{"rendered":"https:\/\/noticiasribeiraopreto.com.br\/index.php\/2024\/05\/15\/policia-investiga-se-jovem-morreu-apos-levar-choque-ao-encostar-em-poste-no-interior-de-sp\/"},"modified":"2024-05-15T12:44:11","modified_gmt":"2024-05-15T15:44:11","slug":"policia-investiga-se-jovem-morreu-apos-levar-choque-ao-encostar-em-poste-no-interior-de-sp","status":"publish","type":"post","link":"https:\/\/noticiasribeiraopreto.com.br\/index.php\/2024\/05\/15\/policia-investiga-se-jovem-morreu-apos-levar-choque-ao-encostar-em-poste-no-interior-de-sp\/","title":{"rendered":"Pol\u00edcia investiga se jovem morreu ap\u00f3s levar choque ao encostar em poste no interior de SP"},"content":{"rendered":"<div class='code-block code-block-1' style='margin: 8px 0 8px auto; text-align: right; display: block; clear: both;'>\n<p><a href=\"https:\/\/wa.link\/vpicfd\"><img data-recalc-dims=\"1\" class=\"wp-image-4922\" style=\"aspect-ratio: 2.0253164556962027; width: 561px; height: auto;\" src=\"https:\/\/i0.wp.com\/ismaelcolosi.com.br\/wp-content\/uploads\/2023\/11\/grupo-de-empregos-whatsapp-e-facebook-ismael-colosi-vagas.jpg?ssl=1\" alt=\"\" \/><\/a><\/p>\n<!-- \/wp:image -->\n<\/div>\n<p> <br \/>\n<\/p>\n<div>\n<p><strong>A Pol\u00edcia Civil investiga se um choque el\u00e9trico causou a morte de um adolescente de 14 anos na noite desta ter\u00e7a-feira (14), no bairro Vida Nova, em Barretos, cidade a aproximadamente 130 quil\u00f4metros de Ribeir\u00e3o Preto.<\/strong><\/p>\n<p>Segundo o <strong>boletim de ocorr\u00eancia (BO)<\/strong>, a <strong>v\u00edtima<\/strong>, identificada como <strong>Carlos Eduardo Viana Serafim<\/strong>, estaria <span style=\"background-color:#f7cc62\" class=\"td_text_highlight_marker\">jogando bola com amigos em uma quadra de esportes, quando teria ido a uma torneira para tomar \u00e1gua e encostado a m\u00e3o em um poste.<\/span><\/p>\n<p>O <strong>jovem <\/strong>teriam se <strong>queixado <\/strong>de ter <strong>levado <\/strong>um <strong>choque<\/strong>, <strong>caminhado <\/strong>por alguns metros e <strong>ca\u00eddo <\/strong>no ch\u00e3o.<\/p>\n<p>O <strong>Samu <\/strong>foi chamado e tentou <strong>reanimar <\/strong>a <strong>v\u00edtima <\/strong>por 25 minutos, mas sem sucesso.<\/p>\n<p>Ainda consta no <strong>BO <\/strong>que, segundo familiares, o <strong>adolescente <\/strong>n\u00e3o apresentava <strong>comorbidades <\/strong>e um exame f\u00edsico n\u00e3o identificou sinais de <strong>queimadura <\/strong>no corpo da <strong>v\u00edtima<\/strong>.<\/p>\n<p>O <strong>pai <\/strong>do jovem apresentou um <strong>documento <\/strong>\u00e0 pol\u00edcia emitido pelo <strong>Samu<\/strong>, em que consta que a <strong>v\u00edtima <\/strong>teria sofrido uma <strong>descarga el\u00e9trica<\/strong>.<\/p>\n<p>O caso foi registrado no <strong>Plant\u00e3o da Delegacia Seccional de Barretos<\/strong> como na <strong>morte suspeita e acidental<\/strong>.<\/p>\n<h2 class=\"wp-block-heading\"><strong>O que diz a prefeitura <\/strong><\/h2>\n<p>O <strong>poste <\/strong>onde a <strong>v\u00edtima <\/strong>teria levado o <strong>choque <\/strong>estaria em uma <strong>\u00e1rea p\u00fablica<\/strong> e a <a href=\"https:\/\/barretos.sp.gov.br\/\" target=\"_blank\" rel=\"noreferrer noopener\">Prefeitura de Barretos <\/a>disse, por meio de nota de imprensa, que <span style=\"background-color:#f7cc62\" class=\"td_text_highlight_marker\">acompanha a investiga\u00e7\u00e3o e est\u00e1 \u00e0 disposi\u00e7\u00e3o das autoridades.<\/span><\/p>\n<p>SAIBA MAIS<\/p>\n<p>Nova frente fria est\u00e1 prevista no interior de SP; Saiba quando e como fica o tempo<\/p>\n<h4 class=\"wp-block-heading\"><strong>FIQUE ON<\/strong><\/h4>\n<p>Fique ligado em tudo que acontece em Ribeir\u00e3o Preto e regi\u00e3o. Siga os perfis do\u00a0<strong>acidade on\u00a0<\/strong>no\u00a0<a href=\"https:\/\/www.instagram.com\/acidadeonribeirao\" target=\"_blank\" rel=\"noreferrer noopener\">Instagram<\/a>\u00a0e no\u00a0<a href=\"https:\/\/www.facebook.com\/acidadeonribeirao\/\" target=\"_blank\" rel=\"noreferrer noopener\">Facebook<\/a>.<\/p>\n<p>Receba not\u00edcias do<strong>\u00a0acidade on\u00a0<\/strong>no WhatsApp.\u00a0<a href=\"https:\/\/chat.whatsapp.com\/CdrZ6xrf7quD44Vw3WlPuZ\" target=\"_blank\" rel=\"noreferrer noopener\">Para entrar no grupo, basta clicar aqui.<\/a><\/p>\n<p>Fa\u00e7a uma den\u00fancia ou sugira uma reportagem sobre Ribeir\u00e3o Preto e regi\u00e3o pelo WhatsApp: 16 99117 7802.<\/p>\n<p>VEJA TAMB\u00c9M<\/p>\n<p>Qual barragem pode desmoronar no RS?<\/p>\n<p><!-- AI CONTENT END 1 -->\n<\/div>\n<p><script async src=\"\/\/www.instagram.com\/embed.js\"><\/script><br \/>\n<br \/><br \/>\n<br \/><a href=\"https:\/\/www.acidadeon.com\/ribeiraopreto\/cotidiano\/policia-investiga-se-jovem-morreu-apos-levar-choque-ao-encostar-em-poste-no-interior-de-sp\/\">Source link <\/a><\/p>\n<!-- CONTENT END 1 -->\n","protected":false},"excerpt":{"rendered":"<p>A Pol\u00edcia Civil investiga se um choque el\u00e9trico causou a morte de um adolescente de 14 anos na noite desta ter\u00e7a-feira (14), no bairro Vida&#8230;<\/p>\n","protected":false},"author":1,"featured_media":50252,"comment_status":"open","ping_status":"open","sticky":false,"template":"","format":"standard","meta":{"advanced_seo_description":"","jetpack_seo_html_title":"","jetpack_seo_noindex":false,"jetpack_post_was_ever_published":false,"_jetpack_newsletter_access":"","_jetpack_dont_email_post_to_subs":false,"_jetpack_newsletter_tier_id":0,"_jetpack_memberships_contains_paywalled_content":false,"_jetpack_memberships_contains_paid_content":false,"footnotes":"","jetpack_publicize_message":"","jetpack_publicize_feature_enabled":true,"jetpack_social_post_already_shared":true,"jetpack_social_options":{"image_generator_settings":{"template":"highway","default_image_id":0,"font":"","enabled":false},"version":2}},"categories":[11],"tags":[],"class_list":["post-50251","post","type-post","status-publish","format-standard","has-post-thumbnail","hentry","category-noticias-de-ribeirao-preto-sp-e-regiao-ismael-colosi"],"jetpack_publicize_connections":[],"jetpack_featured_media_url":"https:\/\/i0.wp.com\/noticiasribeiraopreto.com.br\/wp-content\/uploads\/2024\/05\/MORTE-CHOQUE_2024-05-15_14-27-37_jpg_2024-05-15_14-27-37.webp.webp?fit=2000%2C1201&ssl=1","jetpack-related-posts":[{"id":71215,"url":"https:\/\/noticiasribeiraopreto.com.br\/index.php\/2025\/06\/03\/policia-investiga-desaparecimento-de-jovem-por-causa-de-celular-na-regiao-de-ribeirao-preto\/","url_meta":{"origin":50251,"position":0},"title":"Pol\u00edcia investiga desaparecimento de jovem por causa de celular na regi\u00e3o de Ribeir\u00e3o Preto","author":"noticiasribeiraopreto.com.br","date":"3 de June de 2025","format":false,"excerpt":"A Pol\u00edcia Civil investiga o desaparecimento de um adolescente de 16 anos em Pontal, na regi\u00e3o de Ribeir\u00e3o Preto. Alex Gabriel dos Santos foi visto pela \u00faltima vez na madrugada de domingo (1\u00ba), ap\u00f3s ser levado \u00e0 for\u00e7a por dois homens e uma mulher em uma caminhonete, segundo relato de\u2026","rel":"","context":"In &quot;Not\u00edcias de Ribeir\u00e3o Preto-SP e Regi\u00e3o&quot;","block_context":{"text":"Not\u00edcias de Ribeir\u00e3o Preto-SP e Regi\u00e3o","link":"https:\/\/noticiasribeiraopreto.com.br\/index.php\/category\/noticias-de-ribeirao-preto-sp-e-regiao-ismael-colosi\/"},"img":{"alt_text":"","src":"https:\/\/i0.wp.com\/noticiasribeiraopreto.com.br\/wp-content\/uploads\/2025\/06\/Copia-de-Copia-de-Copia-de-TAMANHO-EXATO-PARA-FOTOS-NO-SISTEMA-NOVO-2025-06-03T201258.783_2025-06-03_23-13-26.webp.webp?fit=1200%2C675&ssl=1&resize=350%2C200","width":350,"height":200,"srcset":"https:\/\/i0.wp.com\/noticiasribeiraopreto.com.br\/wp-content\/uploads\/2025\/06\/Copia-de-Copia-de-Copia-de-TAMANHO-EXATO-PARA-FOTOS-NO-SISTEMA-NOVO-2025-06-03T201258.783_2025-06-03_23-13-26.webp.webp?fit=1200%2C675&ssl=1&resize=350%2C200 1x, https:\/\/i0.wp.com\/noticiasribeiraopreto.com.br\/wp-content\/uploads\/2025\/06\/Copia-de-Copia-de-Copia-de-TAMANHO-EXATO-PARA-FOTOS-NO-SISTEMA-NOVO-2025-06-03T201258.783_2025-06-03_23-13-26.webp.webp?fit=1200%2C675&ssl=1&resize=525%2C300 1.5x, https:\/\/i0.wp.com\/noticiasribeiraopreto.com.br\/wp-content\/uploads\/2025\/06\/Copia-de-Copia-de-Copia-de-TAMANHO-EXATO-PARA-FOTOS-NO-SISTEMA-NOVO-2025-06-03T201258.783_2025-06-03_23-13-26.webp.webp?fit=1200%2C675&ssl=1&resize=700%2C400 2x, https:\/\/i0.wp.com\/noticiasribeiraopreto.com.br\/wp-content\/uploads\/2025\/06\/Copia-de-Copia-de-Copia-de-TAMANHO-EXATO-PARA-FOTOS-NO-SISTEMA-NOVO-2025-06-03T201258.783_2025-06-03_23-13-26.webp.webp?fit=1200%2C675&ssl=1&resize=1050%2C600 3x"},"classes":[]},{"id":52689,"url":"https:\/\/noticiasribeiraopreto.com.br\/index.php\/2024\/06\/11\/policia-investiga-estupro-de-adolescente-a-caminho-de-escola-na-regiao-de-ribeirao-preto\/","url_meta":{"origin":50251,"position":1},"title":"Pol\u00edcia investiga estupro de adolescente a caminho de escola na regi\u00e3o de Ribeir\u00e3o Preto","author":"noticiasribeiraopreto.com.br","date":"11 de June de 2024","format":false,"excerpt":"A Pol\u00edcia Civil investiga o estupro de uma adolescente de 16 anos no in\u00edcio da manh\u00e3 desta segunda-feira (10), quando seguia para escola em Luis Ant\u00f4nio, cidade a aproximadamente 50 quil\u00f4metros de Ribeir\u00e3o Preto. Segundo o boletim de ocorr\u00eancia (BO), a v\u00edtima relatou que um homem aparentemente com 25 anos\u2026","rel":"","context":"In &quot;Not\u00edcias de Ribeir\u00e3o Preto-SP e Regi\u00e3o&quot;","block_context":{"text":"Not\u00edcias de Ribeir\u00e3o Preto-SP e Regi\u00e3o","link":"https:\/\/noticiasribeiraopreto.com.br\/index.php\/category\/noticias-de-ribeirao-preto-sp-e-regiao-ismael-colosi\/"},"img":{"alt_text":"","src":"https:\/\/i0.wp.com\/noticiasribeiraopreto.com.br\/wp-content\/uploads\/2024\/06\/53408978572_b00e8879d4_k.jpg?fit=1200%2C800&ssl=1&resize=350%2C200","width":350,"height":200,"srcset":"https:\/\/i0.wp.com\/noticiasribeiraopreto.com.br\/wp-content\/uploads\/2024\/06\/53408978572_b00e8879d4_k.jpg?fit=1200%2C800&ssl=1&resize=350%2C200 1x, https:\/\/i0.wp.com\/noticiasribeiraopreto.com.br\/wp-content\/uploads\/2024\/06\/53408978572_b00e8879d4_k.jpg?fit=1200%2C800&ssl=1&resize=525%2C300 1.5x, https:\/\/i0.wp.com\/noticiasribeiraopreto.com.br\/wp-content\/uploads\/2024\/06\/53408978572_b00e8879d4_k.jpg?fit=1200%2C800&ssl=1&resize=700%2C400 2x, https:\/\/i0.wp.com\/noticiasribeiraopreto.com.br\/wp-content\/uploads\/2024\/06\/53408978572_b00e8879d4_k.jpg?fit=1200%2C800&ssl=1&resize=1050%2C600 3x"},"classes":[]},{"id":42600,"url":"https:\/\/noticiasribeiraopreto.com.br\/index.php\/2024\/03\/15\/policia-investiga-morte-de-mulher-em-motel\/","url_meta":{"origin":50251,"position":2},"title":"Pol\u00edcia investiga morte de mulher em motel","author":"noticiasribeiraopreto.com.br","date":"15 de March de 2024","format":false,"excerpt":"Uma das hip\u00f3teses a ser investigada \u00e9 se suposto uso de entorpecentes tenha causado mal s\u00fabito 15 de mar\u00e7o de 2024 | 11:1215 de mar\u00e7o de 2024 | 11:31 4Por: Adalberto LuqueUma garota de 18 anos morreu, na madrugada desta sexta-feira (15), em um motel na Rua Casa Branca, Vila\u2026","rel":"","context":"In &quot;Not\u00edcias de Ribeir\u00e3o Preto-SP e Regi\u00e3o&quot;","block_context":{"text":"Not\u00edcias de Ribeir\u00e3o Preto-SP e Regi\u00e3o","link":"https:\/\/noticiasribeiraopreto.com.br\/index.php\/category\/noticias-de-ribeirao-preto-sp-e-regiao-ismael-colosi\/"},"img":{"alt_text":"","src":"https:\/\/i0.wp.com\/noticiasribeiraopreto.com.br\/wp-content\/uploads\/2024\/03\/Luque_Samu-scaled.jpg?fit=967%2C645&ssl=1&resize=350%2C200","width":350,"height":200,"srcset":"https:\/\/i0.wp.com\/noticiasribeiraopreto.com.br\/wp-content\/uploads\/2024\/03\/Luque_Samu-scaled.jpg?fit=967%2C645&ssl=1&resize=350%2C200 1x, https:\/\/i0.wp.com\/noticiasribeiraopreto.com.br\/wp-content\/uploads\/2024\/03\/Luque_Samu-scaled.jpg?fit=967%2C645&ssl=1&resize=525%2C300 1.5x, https:\/\/i0.wp.com\/noticiasribeiraopreto.com.br\/wp-content\/uploads\/2024\/03\/Luque_Samu-scaled.jpg?fit=967%2C645&ssl=1&resize=700%2C400 2x"},"classes":[]},{"id":74006,"url":"https:\/\/noticiasribeiraopreto.com.br\/index.php\/2025\/07\/14\/adolescente-apreendido-por-morte-do-ex-prefeito-fantasia-em-depoimento\/","url_meta":{"origin":50251,"position":3},"title":"Adolescente apreendido por morte do ex-prefeito &#8220;fantasia&#8221; em depoimento","author":"noticiasribeiraopreto.com.br","date":"14 de July de 2025","format":false,"excerpt":"A Pol\u00edcia Civil de Taquaritinga, no interior de S\u00e3o Paulo, apreendeu no \u00faltimo s\u00e1bado (12), em Santa Catarina, um adolescente de 17 anos, suspeito de envolvimento no assassinato do ex-prefeito Vanderlei M\u00e1rsico, encontrado morto em sua resid\u00eancia na quinta-feira (10). Durante o depoimento \u00e0 pol\u00edcia, o jovem revelou detalhes sobre\u2026","rel":"","context":"In &quot;Not\u00edcias de Ribeir\u00e3o Preto-SP e Regi\u00e3o&quot;","block_context":{"text":"Not\u00edcias de Ribeir\u00e3o Preto-SP e Regi\u00e3o","link":"https:\/\/noticiasribeiraopreto.com.br\/index.php\/category\/noticias-de-ribeirao-preto-sp-e-regiao-ismael-colosi\/"},"img":{"alt_text":"","src":"https:\/\/i0.wp.com\/noticiasribeiraopreto.com.br\/wp-content\/uploads\/2025\/07\/coletiva_taquaritinga.jpeg?fit=720%2C518&ssl=1&resize=350%2C200","width":350,"height":200,"srcset":"https:\/\/i0.wp.com\/noticiasribeiraopreto.com.br\/wp-content\/uploads\/2025\/07\/coletiva_taquaritinga.jpeg?fit=720%2C518&ssl=1&resize=350%2C200 1x, https:\/\/i0.wp.com\/noticiasribeiraopreto.com.br\/wp-content\/uploads\/2025\/07\/coletiva_taquaritinga.jpeg?fit=720%2C518&ssl=1&resize=525%2C300 1.5x, https:\/\/i0.wp.com\/noticiasribeiraopreto.com.br\/wp-content\/uploads\/2025\/07\/coletiva_taquaritinga.jpeg?fit=720%2C518&ssl=1&resize=700%2C400 2x"},"classes":[]},{"id":60358,"url":"https:\/\/noticiasribeiraopreto.com.br\/index.php\/2024\/11\/12\/policia-civil-investiga-novo-caso-de-briga-e-tiro-no-transito-de-ribeirao-preto\/","url_meta":{"origin":50251,"position":4},"title":"Pol\u00edcia Civil investiga novo caso de briga e tiro no tr\u00e2nsito de Ribeir\u00e3o Preto","author":"noticiasribeiraopreto.com.br","date":"12 de November de 2024","format":false,"excerpt":"A Pol\u00edcia Civil investiga um segundo caso de briga no tr\u00e2nsito com disparo de arma de fogo ocorrido nesta segunda-feira (11), em Ribeir\u00e3o Preto. Este novo caso ocorreu por volta das 15h30, na regi\u00e3o central da cidade, e envolve um carro de entregas blindado. Na primeira ocorr\u00eancia, na zona Norte,\u2026","rel":"","context":"In &quot;Not\u00edcias de Ribeir\u00e3o Preto-SP e Regi\u00e3o&quot;","block_context":{"text":"Not\u00edcias de Ribeir\u00e3o Preto-SP e Regi\u00e3o","link":"https:\/\/noticiasribeiraopreto.com.br\/index.php\/category\/noticias-de-ribeirao-preto-sp-e-regiao-ismael-colosi\/"},"img":{"alt_text":"","src":"https:\/\/i0.wp.com\/noticiasribeiraopreto.com.br\/wp-content\/uploads\/2024\/11\/1731417134_cpj_policia_1200x675_30012022162443.jpg?fit=1200%2C675&ssl=1&resize=350%2C200","width":350,"height":200,"srcset":"https:\/\/i0.wp.com\/noticiasribeiraopreto.com.br\/wp-content\/uploads\/2024\/11\/1731417134_cpj_policia_1200x675_30012022162443.jpg?fit=1200%2C675&ssl=1&resize=350%2C200 1x, https:\/\/i0.wp.com\/noticiasribeiraopreto.com.br\/wp-content\/uploads\/2024\/11\/1731417134_cpj_policia_1200x675_30012022162443.jpg?fit=1200%2C675&ssl=1&resize=525%2C300 1.5x, https:\/\/i0.wp.com\/noticiasribeiraopreto.com.br\/wp-content\/uploads\/2024\/11\/1731417134_cpj_policia_1200x675_30012022162443.jpg?fit=1200%2C675&ssl=1&resize=700%2C400 2x, https:\/\/i0.wp.com\/noticiasribeiraopreto.com.br\/wp-content\/uploads\/2024\/11\/1731417134_cpj_policia_1200x675_30012022162443.jpg?fit=1200%2C675&ssl=1&resize=1050%2C600 3x"},"classes":[]},{"id":47349,"url":"https:\/\/noticiasribeiraopreto.com.br\/index.php\/2024\/04\/25\/jovem-de-20-anos-morre-em-ribeirao-apos-sofrer-acidente-de-transito\/","url_meta":{"origin":50251,"position":5},"title":"Jovem de 20 anos morre em Ribeir\u00e3o ap\u00f3s sofrer acidente de tr\u00e2nsito","author":"noticiasribeiraopreto.com.br","date":"25 de April de 2024","format":false,"excerpt":"Uma jovem de 20 anos morreu nesta quarta-feira (24), em Ribeir\u00e3o Preto, depois de sofrer um acidente de tr\u00e2nsito. Segundo o boletim de ocorr\u00eancia (BO), a v\u00edtima, identificada como Maria Eduarda Cosme da Silva, estava internada no Hospital das Cl\u00ednicas (HC) de Ribeir\u00e3o e n\u00e3o resistiu a complica\u00e7\u00e3o de sa\u00fade\u2026","rel":"","context":"In &quot;Not\u00edcias de Ribeir\u00e3o Preto-SP e Regi\u00e3o&quot;","block_context":{"text":"Not\u00edcias de Ribeir\u00e3o Preto-SP e Regi\u00e3o","link":"https:\/\/noticiasribeiraopreto.com.br\/index.php\/category\/noticias-de-ribeirao-preto-sp-e-regiao-ismael-colosi\/"},"img":{"alt_text":"","src":"https:\/\/i0.wp.com\/noticiasribeiraopreto.com.br\/wp-content\/uploads\/2024\/04\/cpj_policia_1024x576_21012021082231.jpg?fit=1024%2C576&ssl=1&resize=350%2C200","width":350,"height":200,"srcset":"https:\/\/i0.wp.com\/noticiasribeiraopreto.com.br\/wp-content\/uploads\/2024\/04\/cpj_policia_1024x576_21012021082231.jpg?fit=1024%2C576&ssl=1&resize=350%2C200 1x, https:\/\/i0.wp.com\/noticiasribeiraopreto.com.br\/wp-content\/uploads\/2024\/04\/cpj_policia_1024x576_21012021082231.jpg?fit=1024%2C576&ssl=1&resize=525%2C300 1.5x, https:\/\/i0.wp.com\/noticiasribeiraopreto.com.br\/wp-content\/uploads\/2024\/04\/cpj_policia_1024x576_21012021082231.jpg?fit=1024%2C576&ssl=1&resize=700%2C400 2x"},"classes":[]}],"jetpack_sharing_enabled":true,"jetpack_shortlink":"https:\/\/wp.me\/peQAOb-d4v","_links":{"self":[{"href":"https:\/\/noticiasribeiraopreto.com.br\/index.php\/wp-json\/wp\/v2\/posts\/50251","targetHints":{"allow":["GET"]}}],"collection":[{"href":"https:\/\/noticiasribeiraopreto.com.br\/index.php\/wp-json\/wp\/v2\/posts"}],"about":[{"href":"https:\/\/noticiasribeiraopreto.com.br\/index.php\/wp-json\/wp\/v2\/types\/post"}],"author":[{"embeddable":true,"href":"https:\/\/noticiasribeiraopreto.com.br\/index.php\/wp-json\/wp\/v2\/users\/1"}],"replies":[{"embeddable":true,"href":"https:\/\/noticiasribeiraopreto.com.br\/index.php\/wp-json\/wp\/v2\/comments?post=50251"}],"version-history":[{"count":0,"href":"https:\/\/noticiasribeiraopreto.com.br\/index.php\/wp-json\/wp\/v2\/posts\/50251\/revisions"}],"wp:featuredmedia":[{"embeddable":true,"href":"https:\/\/noticiasribeiraopreto.com.br\/index.php\/wp-json\/wp\/v2\/media\/50252"}],"wp:attachment":[{"href":"https:\/\/noticiasribeiraopreto.com.br\/index.php\/wp-json\/wp\/v2\/media?parent=50251"}],"wp:term":[{"taxonomy":"category","embeddable":true,"href":"https:\/\/noticiasribeiraopreto.com.br\/index.php\/wp-json\/wp\/v2\/categories?post=50251"},{"taxonomy":"post_tag","embeddable":true,"href":"https:\/\/noticiasribeiraopreto.com.br\/index.php\/wp-json\/wp\/v2\/tags?post=50251"}],"curies":[{"name":"wp","href":"https:\/\/api.w.org\/{rel}","templated":true}]}}