{"id":50257,"date":"2024-05-15T13:16:54","date_gmt":"2024-05-15T16:16:54","guid":{"rendered":"https:\/\/noticiasribeiraopreto.com.br\/index.php\/2024\/05\/15\/cesar-menotti-fabiano-fazem-show-extra-com-convidados-na-festa-do-peao-de-barretos\/"},"modified":"2024-05-15T13:16:54","modified_gmt":"2024-05-15T16:16:54","slug":"cesar-menotti-fabiano-fazem-show-extra-com-convidados-na-festa-do-peao-de-barretos","status":"publish","type":"post","link":"https:\/\/noticiasribeiraopreto.com.br\/index.php\/2024\/05\/15\/cesar-menotti-fabiano-fazem-show-extra-com-convidados-na-festa-do-peao-de-barretos\/","title":{"rendered":"C\u00e9sar Menotti &#038; Fabiano fazem show extra com convidados na Festa do Pe\u00e3o de Barretos"},"content":{"rendered":"<div class='code-block code-block-1' style='margin: 8px 0 8px auto; text-align: right; display: block; clear: both;'>\n<p><a href=\"https:\/\/wa.link\/vpicfd\"><img data-recalc-dims=\"1\" class=\"wp-image-4922\" style=\"aspect-ratio: 2.0253164556962027; width: 561px; height: auto;\" src=\"https:\/\/i0.wp.com\/ismaelcolosi.com.br\/wp-content\/uploads\/2023\/11\/grupo-de-empregos-whatsapp-e-facebook-ismael-colosi-vagas.jpg?ssl=1\" alt=\"\" \/><\/a><\/p>\n<!-- \/wp:image -->\n<\/div>\n<p> <br \/>\n<\/p>\n<div data-td-block-uid=\"tdi_101\">\n<div class=\"tdb-block-inner td-fix-index\">\n<p>A <span style=\"background-color:#f7cc62\" class=\"td_text_highlight_marker\"><mark style=\"background-color:rgba(0, 0, 0, 0)\" class=\"has-inline-color has-black-color\"><strong>dupla sertaneja C\u00e9sar Menotti &amp; Fabiano<\/strong> far\u00e1 um <strong>show extra durante a 69\u00aa Festa do Pe\u00e3o de Barretos<\/strong>. A <strong>apresenta\u00e7\u00e3o especial<\/strong> <strong>com convidados<\/strong> , em <strong>comemora\u00e7\u00e3o aos 20 anos de carreira<\/strong>, ser\u00e1 no dia <strong>21 de agosto<\/strong>.<\/mark><\/span><\/p>\n<p>O <span style=\"background-color:#f7cc62\" class=\"td_text_highlight_marker\"><mark style=\"background-color:rgba(0, 0, 0, 0)\" class=\"has-inline-color has-black-color\"><strong>show dos embaixadores<\/strong>, j\u00e1 anunciado anteriormente, ser\u00e1 no <strong>dia 17<\/strong>. <\/mark><\/span>Mesmo dia em que<strong> sobem ao palco<\/strong> <strong>Jorge e Mateus e Ana Castela<\/strong>.<\/p>\n<p>A <strong>Festa do Pe\u00e3o<\/strong> acontece de <strong>15 a 25 de agosto<\/strong>.<\/p>\n<p><span style=\"background-color:#f7cc62\" class=\"td_text_highlight_marker\"><mark style=\"background-color:rgba(0, 0, 0, 0)\" class=\"has-inline-color has-black-color\">O<strong> show \u201cOs Menotti 20 anos \u2013 Especial Os Embaixadores\u201d<\/strong> ser\u00e1 no est\u00e1dio de rodeios e levar\u00e1 ao p\u00fablico os <strong>sucessos da dupla embaixadora<\/strong>. Entre os sertanejos <strong>convidados<\/strong> est\u00e3o:<\/mark><\/span><\/p>\n<ul>\n<li>Gabi Martins<\/li>\n<li>Fiduma &amp; Jeca<\/li>\n<li>Matheus Vargas<\/li>\n<li>Trio Parada Dura<\/li>\n<li>Louren\u00e7o &amp; Lourival<\/li>\n<li>Bruna Viola<\/li>\n<li>Carreiro &amp; Capataz<\/li>\n<li>Hugo Pena &amp; Gabriel<\/li>\n<li>Beto &amp; Breno<\/li>\n<\/ul>\n<h2 class=\"wp-block-heading\"><strong>Veja a programa\u00e7\u00e3o musical da Festa do Pe\u00e3o:<\/strong><\/h2>\n<ul>\n<li>15\/08 \u2013 Luan Pereira e Lauana Prado<\/li>\n<li>16\/08 \u2013 Simone Mendes, Bruno &amp; Marrone e Maiara &amp; Mara\u00edsa<\/li>\n<li><strong>17\/08 \u2013 C\u00e9sar Menotti &amp; Fabiano, Jorge e Mateus e Ana Castela<\/strong><\/li>\n<li><strong>21\/08 \u2013 C\u00e9sar Menotti &amp; Fabiano e convidados<\/strong><\/li>\n<li>22\/08 \u2013 Daniel, Matogrosso &amp; Mathias, Victor &amp; L\u00e9o e Pedro Paulo &amp; Alex<\/li>\n<li>23\/08 \u2013 Luan Santana, Zez\u00e9 Di Camargo &amp; Luciano, Z\u00e9 Neto &amp; Cristiano, Munhoz &amp; Mariano e Hugo Pena &amp; Gabriel<\/li>\n<li>24\/08 \u2013 Cody Johnson, Chit\u00e3ozinho e Xoror\u00f3<\/li>\n<\/ul>\n<h3 class=\"wp-block-heading\"><strong>Ingressos \u00e0 venda<\/strong><\/h3>\n<p>As <strong>vendas de ingressos<\/strong> est\u00e3o liberadas exclusivamente pelo\u00a0<a href=\"https:\/\/barretos.totalacesso.com\/\" target=\"_blank\" rel=\"noreferrer noopener\"><strong>site<\/strong><\/a>.<\/p>\n<p>Os\u00a0<strong>lotes dispon\u00edveis<\/strong>\u00a0s\u00e3o para os\u00a0<strong>nove setores do evento<\/strong>: Parque\/Rodeio\/Show, \u00c1rea Vip, Pista Prime, Pista Gold e Stage Prime; Camarotes Arena Premium, Brahma, Open Super Bull e Dagente.<\/p>\n<p>SAIBA MAIS <\/p>\n<p>Rodovia na regi\u00e3o de Ribeir\u00e3o \u00e9 a primeira no interior de SP a implantar ped\u00e1gio sem cancela<\/p>\n<h4 class=\"wp-block-heading\"><strong>FIQUE ON<\/strong><\/h4>\n<p>Fique ligado em tudo que acontece em Ribeir\u00e3o Preto e regi\u00e3o. Siga os perfis do\u00a0<strong>acidade on\u00a0<\/strong>no\u00a0<a href=\"https:\/\/www.instagram.com\/acidadeonribeirao\" target=\"_blank\" rel=\"noreferrer noopener\">Instagram<\/a>\u00a0e no\u00a0<a href=\"https:\/\/www.facebook.com\/acidadeonribeirao\" target=\"_blank\" rel=\"noreferrer noopener\">Facebook<\/a>.<\/p>\n<p>Receba not\u00edcias do acidade on no WhatsApp. Para entrar no grupo, basta\u00a0<a href=\"https:\/\/chat.whatsapp.com\/CdrZ6xrf7quD44Vw3WlPuZ\" target=\"_blank\" rel=\"noreferrer noopener\">clicar aqui<\/a>.<\/p>\n<p>Fa\u00e7a uma den\u00fancia ou sugira uma reportagem sobre Ribeir\u00e3o Preto e regi\u00e3o pelo WhatsApp: 16 99117 7802.<\/p>\n<p>VEJA TAMB\u00c9M<br \/>Quem \u00e9 Isis Broken, atriz trans de \u201cNo Rancho Fundo\u201d?<\/p>\n<p><!-- AI CONTENT END 1 -->\n<\/div>\n<\/div>\n<p><script async src=\"\/\/www.instagram.com\/embed.js\"><\/script><br \/>\n<br \/><br \/>\n<br \/><a href=\"https:\/\/www.acidadeon.com\/ribeiraopreto\/lazer-e-cultura\/cesar-menotti-fabiano-fazem-show-extra-com-convidados-na-festa-do-peao-de-barretos\/\">Source link <\/a><\/p>\n<!-- CONTENT END 1 -->\n","protected":false},"excerpt":{"rendered":"<p>A dupla sertaneja C\u00e9sar Menotti &amp; Fabiano far\u00e1 um show extra durante a 69\u00aa Festa do Pe\u00e3o de Barretos. A apresenta\u00e7\u00e3o especial com convidados ,&#8230;<\/p>\n","protected":false},"author":1,"featured_media":50258,"comment_status":"open","ping_status":"open","sticky":false,"template":"","format":"standard","meta":{"advanced_seo_description":"","jetpack_seo_html_title":"","jetpack_seo_noindex":false,"jetpack_post_was_ever_published":false,"_jetpack_newsletter_access":"","_jetpack_dont_email_post_to_subs":false,"_jetpack_newsletter_tier_id":0,"_jetpack_memberships_contains_paywalled_content":false,"_jetpack_memberships_contains_paid_content":false,"footnotes":"","jetpack_publicize_message":"","jetpack_publicize_feature_enabled":true,"jetpack_social_post_already_shared":true,"jetpack_social_options":{"image_generator_settings":{"template":"highway","default_image_id":0,"font":"","enabled":false},"version":2}},"categories":[11],"tags":[],"class_list":["post-50257","post","type-post","status-publish","format-standard","has-post-thumbnail","hentry","category-noticias-de-ribeirao-preto-sp-e-regiao-ismael-colosi"],"jetpack_publicize_connections":[],"jetpack_featured_media_url":"https:\/\/i0.wp.com\/noticiasribeiraopreto.com.br\/wp-content\/uploads\/2024\/05\/WhatsApp-Image-2024-05-15-at-12.16.04-1_2024-05-15_16-01-49_jpeg_2024-05-15_16-01-49.webp.webp?fit=1600%2C1066&ssl=1","jetpack-related-posts":[{"id":55581,"url":"https:\/\/noticiasribeiraopreto.com.br\/index.php\/2024\/08\/03\/cesar-menotti-e-fabiano-fazem-show-surpresa-no-ribeirao-shopping-entenda\/","url_meta":{"origin":50257,"position":0},"title":"C\u00e9sar Menotti e Fabiano fazem show surpresa no Ribeir\u00e3o Shopping; Entenda","author":"noticiasribeiraopreto.com.br","date":"3 de August de 2024","format":false,"excerpt":"A dupla C\u00e9sar Menotti e Fabiano realizou um pocket show surpresa nesta sexta-feira (2), no Ribeir\u00e3o Shopping, na zona Sul de Ribeir\u00e3o Preto. Assista ao v\u00eddeo abaixo. Ribeir\u00e3o recebeu os cantores devido a uma a\u00e7\u00e3o da campanha de divulga\u00e7\u00e3o da Festa do Pe\u00e3o de Barretos, que acontece entre os dias\u2026","rel":"","context":"In &quot;Not\u00edcias de Ribeir\u00e3o Preto-SP e Regi\u00e3o&quot;","block_context":{"text":"Not\u00edcias de Ribeir\u00e3o Preto-SP e Regi\u00e3o","link":"https:\/\/noticiasribeiraopreto.com.br\/index.php\/category\/noticias-de-ribeirao-preto-sp-e-regiao-ismael-colosi\/"},"img":{"alt_text":"","src":"https:\/\/i0.wp.com\/noticiasribeiraopreto.com.br\/wp-content\/uploads\/2024\/08\/cesar-e-fabiano-ribeiraoshopping_2024-08-03_14-05-15_jpg_2024-08-03_14-05-15.webp.webp?fit=1200%2C675&ssl=1&resize=350%2C200","width":350,"height":200,"srcset":"https:\/\/i0.wp.com\/noticiasribeiraopreto.com.br\/wp-content\/uploads\/2024\/08\/cesar-e-fabiano-ribeiraoshopping_2024-08-03_14-05-15_jpg_2024-08-03_14-05-15.webp.webp?fit=1200%2C675&ssl=1&resize=350%2C200 1x, https:\/\/i0.wp.com\/noticiasribeiraopreto.com.br\/wp-content\/uploads\/2024\/08\/cesar-e-fabiano-ribeiraoshopping_2024-08-03_14-05-15_jpg_2024-08-03_14-05-15.webp.webp?fit=1200%2C675&ssl=1&resize=525%2C300 1.5x, https:\/\/i0.wp.com\/noticiasribeiraopreto.com.br\/wp-content\/uploads\/2024\/08\/cesar-e-fabiano-ribeiraoshopping_2024-08-03_14-05-15_jpg_2024-08-03_14-05-15.webp.webp?fit=1200%2C675&ssl=1&resize=700%2C400 2x, https:\/\/i0.wp.com\/noticiasribeiraopreto.com.br\/wp-content\/uploads\/2024\/08\/cesar-e-fabiano-ribeiraoshopping_2024-08-03_14-05-15_jpg_2024-08-03_14-05-15.webp.webp?fit=1200%2C675&ssl=1&resize=1050%2C600 3x"},"classes":[]},{"id":55818,"url":"https:\/\/noticiasribeiraopreto.com.br\/index.php\/2024\/08\/07\/deive-leonardo-faz-show-beneficente-na-festa-do-peao-de-barretos-veja-como-reservar-ingresso\/","url_meta":{"origin":50257,"position":1},"title":"Deive Leonardo faz show beneficente na Festa do Pe\u00e3o de Barretos; veja como reservar ingresso","author":"noticiasribeiraopreto.com.br","date":"7 de August de 2024","format":false,"excerpt":"As inscri\u00e7\u00f5es para a apresenta\u00e7\u00e3o do escritor e evangelista Deive Leonardo na 69\u00aa Festa do Pe\u00e3o de Barretos come\u00e7aram nesta ter\u00e7a-feira (6) \u2013 veja abaixo. Sua nova turn\u00ea mundial \u2018Antes & Depois\u2019 acontece no dia 19 de agosto, no Est\u00e1dio de Rodeios e est\u00e1 agendada para \u00e0s 21h. A Festa\u2026","rel":"","context":"In &quot;Not\u00edcias de Ribeir\u00e3o Preto-SP e Regi\u00e3o&quot;","block_context":{"text":"Not\u00edcias de Ribeir\u00e3o Preto-SP e Regi\u00e3o","link":"https:\/\/noticiasribeiraopreto.com.br\/index.php\/category\/noticias-de-ribeirao-preto-sp-e-regiao-ismael-colosi\/"},"img":{"alt_text":"","src":"https:\/\/i0.wp.com\/noticiasribeiraopreto.com.br\/wp-content\/uploads\/2024\/08\/Copia-de-Copia-de-TAMANHO-EXATO-PARA-FOTOS-NO-SISTEMA-NOVO-2024-08-06T155328.544_2024-08-06_18-53-43_png_2024-08-06_18-53-43.webp.webp?fit=1200%2C675&ssl=1&resize=350%2C200","width":350,"height":200,"srcset":"https:\/\/i0.wp.com\/noticiasribeiraopreto.com.br\/wp-content\/uploads\/2024\/08\/Copia-de-Copia-de-TAMANHO-EXATO-PARA-FOTOS-NO-SISTEMA-NOVO-2024-08-06T155328.544_2024-08-06_18-53-43_png_2024-08-06_18-53-43.webp.webp?fit=1200%2C675&ssl=1&resize=350%2C200 1x, https:\/\/i0.wp.com\/noticiasribeiraopreto.com.br\/wp-content\/uploads\/2024\/08\/Copia-de-Copia-de-TAMANHO-EXATO-PARA-FOTOS-NO-SISTEMA-NOVO-2024-08-06T155328.544_2024-08-06_18-53-43_png_2024-08-06_18-53-43.webp.webp?fit=1200%2C675&ssl=1&resize=525%2C300 1.5x, https:\/\/i0.wp.com\/noticiasribeiraopreto.com.br\/wp-content\/uploads\/2024\/08\/Copia-de-Copia-de-TAMANHO-EXATO-PARA-FOTOS-NO-SISTEMA-NOVO-2024-08-06T155328.544_2024-08-06_18-53-43_png_2024-08-06_18-53-43.webp.webp?fit=1200%2C675&ssl=1&resize=700%2C400 2x, https:\/\/i0.wp.com\/noticiasribeiraopreto.com.br\/wp-content\/uploads\/2024\/08\/Copia-de-Copia-de-TAMANHO-EXATO-PARA-FOTOS-NO-SISTEMA-NOVO-2024-08-06T155328.544_2024-08-06_18-53-43_png_2024-08-06_18-53-43.webp.webp?fit=1200%2C675&ssl=1&resize=1050%2C600 3x"},"classes":[]},{"id":33985,"url":"https:\/\/noticiasribeiraopreto.com.br\/index.php\/2024\/01\/31\/ana-castela-esta-confirmada-na-festa-do-peao-de-barretos\/","url_meta":{"origin":50257,"position":2},"title":"Ana Castela est\u00e1 confirmada na Festa do Pe\u00e3o de Barretos","author":"noticiasribeiraopreto.com.br","date":"31 de January de 2024","format":false,"excerpt":"A cantora sertaneja Ana Castela, conhecida como \u201cBoiadeira\u201d est\u00e1 confirmada na programa\u00e7\u00e3o musical da Festa do Pe\u00e3o de Barretos deste ano, que acontece de 15 a 25 de agosto. A apresenta\u00e7\u00e3o da \u201cBoiadeira\u201d ser\u00e1 no dia 17, mesmo dia em que as duplas sertanejas Jorge e Mateus e os embaixadores\u2026","rel":"","context":"In &quot;Not\u00edcias de Ribeir\u00e3o Preto-SP e Regi\u00e3o&quot;","block_context":{"text":"Not\u00edcias de Ribeir\u00e3o Preto-SP e Regi\u00e3o","link":"https:\/\/noticiasribeiraopreto.com.br\/index.php\/category\/noticias-de-ribeirao-preto-sp-e-regiao-ismael-colosi\/"},"img":{"alt_text":"","src":"https:\/\/i0.wp.com\/noticiasribeiraopreto.com.br\/wp-content\/uploads\/2024\/01\/WhatsApp-Image-2024-01-31-at-12.25.44.jpeg?fit=1200%2C800&ssl=1&resize=350%2C200","width":350,"height":200,"srcset":"https:\/\/i0.wp.com\/noticiasribeiraopreto.com.br\/wp-content\/uploads\/2024\/01\/WhatsApp-Image-2024-01-31-at-12.25.44.jpeg?fit=1200%2C800&ssl=1&resize=350%2C200 1x, https:\/\/i0.wp.com\/noticiasribeiraopreto.com.br\/wp-content\/uploads\/2024\/01\/WhatsApp-Image-2024-01-31-at-12.25.44.jpeg?fit=1200%2C800&ssl=1&resize=525%2C300 1.5x, https:\/\/i0.wp.com\/noticiasribeiraopreto.com.br\/wp-content\/uploads\/2024\/01\/WhatsApp-Image-2024-01-31-at-12.25.44.jpeg?fit=1200%2C800&ssl=1&resize=700%2C400 2x, https:\/\/i0.wp.com\/noticiasribeiraopreto.com.br\/wp-content\/uploads\/2024\/01\/WhatsApp-Image-2024-01-31-at-12.25.44.jpeg?fit=1200%2C800&ssl=1&resize=1050%2C600 3x"},"classes":[]},{"id":52301,"url":"https:\/\/noticiasribeiraopreto.com.br\/index.php\/2024\/06\/06\/concurso-para-rainha-da-festa-do-peao-de-barretos-tem-inscricoes-abertas\/","url_meta":{"origin":50257,"position":3},"title":"Concurso para Rainha da Festa do Pe\u00e3o de Barretos\u00a0tem inscri\u00e7\u00f5es abertas","author":"noticiasribeiraopreto.com.br","date":"6 de June de 2024","format":false,"excerpt":"Est\u00e3o abertas as inscri\u00e7\u00f5es do tradicional concurso para escolha da Rainha e da Princesa que v\u00e3o representar a 69\u00aa Festa do Pe\u00e3o de Barretos, que acontece entre os dias 15 e 25 de agosto, no Parque Permanente de Exposi\u00e7\u00f5es do munic\u00edpio. As candidatas que se inscrevem para a disputa passar\u00e3o\u2026","rel":"","context":"In &quot;Not\u00edcias de Ribeir\u00e3o Preto-SP e Regi\u00e3o&quot;","block_context":{"text":"Not\u00edcias de Ribeir\u00e3o Preto-SP e Regi\u00e3o","link":"https:\/\/noticiasribeiraopreto.com.br\/index.php\/category\/noticias-de-ribeirao-preto-sp-e-regiao-ismael-colosi\/"},"img":{"alt_text":"","src":"https:\/\/i0.wp.com\/noticiasribeiraopreto.com.br\/wp-content\/uploads\/2024\/06\/11e354e93be6764f1cf95fb18e4a72e3_2024-06-05_18-12-18_jpeg_2024-06-05_18-12-22-scaled.webp.webp?fit=1200%2C801&ssl=1&resize=350%2C200","width":350,"height":200,"srcset":"https:\/\/i0.wp.com\/noticiasribeiraopreto.com.br\/wp-content\/uploads\/2024\/06\/11e354e93be6764f1cf95fb18e4a72e3_2024-06-05_18-12-18_jpeg_2024-06-05_18-12-22-scaled.webp.webp?fit=1200%2C801&ssl=1&resize=350%2C200 1x, https:\/\/i0.wp.com\/noticiasribeiraopreto.com.br\/wp-content\/uploads\/2024\/06\/11e354e93be6764f1cf95fb18e4a72e3_2024-06-05_18-12-18_jpeg_2024-06-05_18-12-22-scaled.webp.webp?fit=1200%2C801&ssl=1&resize=525%2C300 1.5x, https:\/\/i0.wp.com\/noticiasribeiraopreto.com.br\/wp-content\/uploads\/2024\/06\/11e354e93be6764f1cf95fb18e4a72e3_2024-06-05_18-12-18_jpeg_2024-06-05_18-12-22-scaled.webp.webp?fit=1200%2C801&ssl=1&resize=700%2C400 2x, https:\/\/i0.wp.com\/noticiasribeiraopreto.com.br\/wp-content\/uploads\/2024\/06\/11e354e93be6764f1cf95fb18e4a72e3_2024-06-05_18-12-18_jpeg_2024-06-05_18-12-22-scaled.webp.webp?fit=1200%2C801&ssl=1&resize=1050%2C600 3x"},"classes":[]},{"id":46085,"url":"https:\/\/noticiasribeiraopreto.com.br\/index.php\/2024\/04\/09\/festa-do-peao-de-barretos-confirma-show-de-edson-hudson\/","url_meta":{"origin":50257,"position":4},"title":"Festa do Pe\u00e3o de Barretos confirma show de Edson &#038; Hudson","author":"noticiasribeiraopreto.com.br","date":"9 de April de 2024","format":false,"excerpt":"Festa do Pe\u00e3o de Barretos confirma show de Edson & HudsonDupla com mais de tr\u00eas d\u00e9cadas de hist\u00f3ria apresentar\u00e1 seus maiores sucessos no dia 18 de agosto, domingo. A Festa acontece de 15 a 25 de agosto, no Parque do Pe\u00e3o, e ingressos j\u00e1 est\u00e3o \u00e0 venda. A 69\u00aa Festa\u2026","rel":"","context":"In &quot;Not\u00edcias de Ribeir\u00e3o Preto-SP e Regi\u00e3o&quot;","block_context":{"text":"Not\u00edcias de Ribeir\u00e3o Preto-SP e Regi\u00e3o","link":"https:\/\/noticiasribeiraopreto.com.br\/index.php\/category\/noticias-de-ribeirao-preto-sp-e-regiao-ismael-colosi\/"},"img":{"alt_text":"","src":"https:\/\/i0.wp.com\/noticiasribeiraopreto.com.br\/wp-content\/uploads\/2024\/04\/85f68e21cdfeac1b8cca92eadc410ba7-1.jpeg?fit=1200%2C645&ssl=1&resize=350%2C200","width":350,"height":200,"srcset":"https:\/\/i0.wp.com\/noticiasribeiraopreto.com.br\/wp-content\/uploads\/2024\/04\/85f68e21cdfeac1b8cca92eadc410ba7-1.jpeg?fit=1200%2C645&ssl=1&resize=350%2C200 1x, https:\/\/i0.wp.com\/noticiasribeiraopreto.com.br\/wp-content\/uploads\/2024\/04\/85f68e21cdfeac1b8cca92eadc410ba7-1.jpeg?fit=1200%2C645&ssl=1&resize=525%2C300 1.5x, https:\/\/i0.wp.com\/noticiasribeiraopreto.com.br\/wp-content\/uploads\/2024\/04\/85f68e21cdfeac1b8cca92eadc410ba7-1.jpeg?fit=1200%2C645&ssl=1&resize=700%2C400 2x, https:\/\/i0.wp.com\/noticiasribeiraopreto.com.br\/wp-content\/uploads\/2024\/04\/85f68e21cdfeac1b8cca92eadc410ba7-1.jpeg?fit=1200%2C645&ssl=1&resize=1050%2C600 3x"},"classes":[]},{"id":69638,"url":"https:\/\/noticiasribeiraopreto.com.br\/index.php\/2025\/05\/07\/festa-do-peao-de-barretos-celebra-70-anos-com-musica-tema-lancada-por-grandes-nomes-do-sertanejo\/","url_meta":{"origin":50257,"position":5},"title":"Festa do Pe\u00e3o de Barretos celebra 70 anos com m\u00fasica-tema lan\u00e7ada por grandes nomes do sertanejo","author":"noticiasribeiraopreto.com.br","date":"7 de May de 2025","format":false,"excerpt":"A Festa do Pe\u00e3o de Barretos, o maior e mais tradicional evento do g\u00eanero na Am\u00e9rica Latina, completa 70 anos em 2025. E como parte da comemora\u00e7\u00e3o, nesta quinta-feira (8), o p\u00fablico poder\u00e1 conferir o lan\u00e7amento da m\u00fasica-tema \u201cBarret\u00e3o 70t\u00e3o\u201d em todas as plataformas digitais. A can\u00e7\u00e3o \u00e9 interpretada pelas\u2026","rel":"","context":"In &quot;Not\u00edcias de Ribeir\u00e3o Preto-SP e Regi\u00e3o&quot;","block_context":{"text":"Not\u00edcias de Ribeir\u00e3o Preto-SP e Regi\u00e3o","link":"https:\/\/noticiasribeiraopreto.com.br\/index.php\/category\/noticias-de-ribeirao-preto-sp-e-regiao-ismael-colosi\/"},"img":{"alt_text":"","src":"https:\/\/i0.wp.com\/noticiasribeiraopreto.com.br\/wp-content\/uploads\/2025\/05\/WhatsApp-Image-2025-05-07-at-16.01.40_2025-05-07_21-20-44.webp.webp?fit=1200%2C800&ssl=1&resize=350%2C200","width":350,"height":200,"srcset":"https:\/\/i0.wp.com\/noticiasribeiraopreto.com.br\/wp-content\/uploads\/2025\/05\/WhatsApp-Image-2025-05-07-at-16.01.40_2025-05-07_21-20-44.webp.webp?fit=1200%2C800&ssl=1&resize=350%2C200 1x, https:\/\/i0.wp.com\/noticiasribeiraopreto.com.br\/wp-content\/uploads\/2025\/05\/WhatsApp-Image-2025-05-07-at-16.01.40_2025-05-07_21-20-44.webp.webp?fit=1200%2C800&ssl=1&resize=525%2C300 1.5x, https:\/\/i0.wp.com\/noticiasribeiraopreto.com.br\/wp-content\/uploads\/2025\/05\/WhatsApp-Image-2025-05-07-at-16.01.40_2025-05-07_21-20-44.webp.webp?fit=1200%2C800&ssl=1&resize=700%2C400 2x, https:\/\/i0.wp.com\/noticiasribeiraopreto.com.br\/wp-content\/uploads\/2025\/05\/WhatsApp-Image-2025-05-07-at-16.01.40_2025-05-07_21-20-44.webp.webp?fit=1200%2C800&ssl=1&resize=1050%2C600 3x"},"classes":[]}],"jetpack_sharing_enabled":true,"jetpack_shortlink":"https:\/\/wp.me\/peQAOb-d4B","_links":{"self":[{"href":"https:\/\/noticiasribeiraopreto.com.br\/index.php\/wp-json\/wp\/v2\/posts\/50257","targetHints":{"allow":["GET"]}}],"collection":[{"href":"https:\/\/noticiasribeiraopreto.com.br\/index.php\/wp-json\/wp\/v2\/posts"}],"about":[{"href":"https:\/\/noticiasribeiraopreto.com.br\/index.php\/wp-json\/wp\/v2\/types\/post"}],"author":[{"embeddable":true,"href":"https:\/\/noticiasribeiraopreto.com.br\/index.php\/wp-json\/wp\/v2\/users\/1"}],"replies":[{"embeddable":true,"href":"https:\/\/noticiasribeiraopreto.com.br\/index.php\/wp-json\/wp\/v2\/comments?post=50257"}],"version-history":[{"count":0,"href":"https:\/\/noticiasribeiraopreto.com.br\/index.php\/wp-json\/wp\/v2\/posts\/50257\/revisions"}],"wp:featuredmedia":[{"embeddable":true,"href":"https:\/\/noticiasribeiraopreto.com.br\/index.php\/wp-json\/wp\/v2\/media\/50258"}],"wp:attachment":[{"href":"https:\/\/noticiasribeiraopreto.com.br\/index.php\/wp-json\/wp\/v2\/media?parent=50257"}],"wp:term":[{"taxonomy":"category","embeddable":true,"href":"https:\/\/noticiasribeiraopreto.com.br\/index.php\/wp-json\/wp\/v2\/categories?post=50257"},{"taxonomy":"post_tag","embeddable":true,"href":"https:\/\/noticiasribeiraopreto.com.br\/index.php\/wp-json\/wp\/v2\/tags?post=50257"}],"curies":[{"name":"wp","href":"https:\/\/api.w.org\/{rel}","templated":true}]}}