{"id":50261,"date":"2024-05-15T13:30:36","date_gmt":"2024-05-15T16:30:36","guid":{"rendered":"https:\/\/noticiasribeiraopreto.com.br\/index.php\/2024\/05\/15\/pre-historia-em-ribeirao-preto-usp-cria-mapa-interativo-com-sitios-arqueologicos-de-sp\/"},"modified":"2024-05-15T13:30:36","modified_gmt":"2024-05-15T16:30:36","slug":"pre-historia-em-ribeirao-preto-usp-cria-mapa-interativo-com-sitios-arqueologicos-de-sp","status":"publish","type":"post","link":"https:\/\/noticiasribeiraopreto.com.br\/index.php\/2024\/05\/15\/pre-historia-em-ribeirao-preto-usp-cria-mapa-interativo-com-sitios-arqueologicos-de-sp\/","title":{"rendered":"Pr\u00e9-hist\u00f3ria em Ribeir\u00e3o Preto: USP cria mapa interativo com s\u00edtios arqueol\u00f3gicos de SP"},"content":{"rendered":"<div class='code-block code-block-1' style='margin: 8px 0 8px auto; text-align: right; display: block; clear: both;'>\n<p><a href=\"https:\/\/wa.link\/vpicfd\"><img data-recalc-dims=\"1\" class=\"wp-image-4922\" style=\"aspect-ratio: 2.0253164556962027; width: 561px; height: auto;\" src=\"https:\/\/i0.wp.com\/ismaelcolosi.com.br\/wp-content\/uploads\/2023\/11\/grupo-de-empregos-whatsapp-e-facebook-ismael-colosi-vagas.jpg?ssl=1\" alt=\"\" \/><\/a><\/p>\n<!-- \/wp:image -->\n<\/div>\n<p> <br \/>\n<\/p>\n<div>\n<p>Um mapa desenvolvido por pesquisadores da <strong>USP (Universidade de S\u00e3o Paulo)<\/strong> exibe os s\u00edtios arqueol\u00f3gicos em todo o<strong> Estado de S\u00e3o Paulo<\/strong>, incluindo o s\u00edtio de <strong>Ribeir\u00e3o Preto<\/strong>, que fica no distrito de <strong>Bonfim Paulista<\/strong> \u2013 <a href=\"https:\/\/data-2-map.web.app\/#\/map\/aHR0cHM6Ly9zY3JpcHQuZ29vZ2xlLmNvbS9tYWNyb3Mvcy9BS2Z5Y2J3dG00M19udXFYUHRjaWRCS2oycG5GdTNzS3VEc2RFZEQ1R1F5M3BJejdDamI1cnFoOUJTTHZIYWhhVXpDR3lMYWUvZXhlYw==\" target=\"_blank\" rel=\"noreferrer noopener nofollow\">clique aqui e confira<\/a>.<\/p>\n<p>A ferramenta fornece um panorama sobre os <mark style=\"background-color:#fcb900\" class=\"has-inline-color has-black-color\">vest\u00edgios de materiais associados aos povos ind\u00edgenas nos cerca de 2 mil s\u00edtios arqueol\u00f3gicos do estado. <\/mark><\/p>\n<p>Segundo o coordenador do projeto de pesquisa e professor do <strong>Museu de Arqueologia e Etnologia da USP<\/strong>, Astolfo Gomes de Mello Araujo, o mapa mostra a diversidade de povos que habitavam S\u00e3o Paulo.<\/p>\n<p>O Estado \u00e9 um espa\u00e7o de conflu\u00eancia de diferentes grupos humanos. H\u00e1 aqueles vindos da regi\u00e3o Central, pelo Mato Grosso, do Sudeste, por Minas Gerais, e tamb\u00e9m do Sul, a partir do Paran\u00e1. <mark style=\"background-color:#fcb900\" class=\"has-inline-color has-black-color\">A mistura de biomas do Estado atraiu diferentes povos e resultou em uma riqueza de culturas na regi\u00e3o<\/mark>, explica Araujo.<\/p>\n<p>Um dos aspectos da diversidade que o mapa permite visualizar \u00e9 a afinidade entre grupos ind\u00edgenas. Perto da fronteira ao norte do Estado, por exemplo, materiais de tradi\u00e7\u00e3o Tupiguarani e Aratu est\u00e3o muito pr\u00f3ximos uns dos outros. Mas, na outra ponta de S\u00e3o Paulo, os s\u00edtios arqueol\u00f3gicos Tupiguarani est\u00e3o bastante afastados dos Itarar\u00e9-Taquara.<\/p>\n<p>Em dois cen\u00e1rios t\u00e3o distintos, Araujo questiona se <mark style=\"background-color:#fcb900\" class=\"has-inline-color has-black-color\">no norte paulista as duas tradi\u00e7\u00f5es conviviam de forma harmoniosa com troca de cultura, ensinamento e aprendizados, enquanto no sul havia maior hostilidade entre Tupiguarani e Itarar\u00e9-Taquara.<\/mark><\/p>\n<p>Essa \u00e9 um dos in\u00fameros caminhos para formular hip\u00f3teses abertos pelo mapa, defende Araujo \u201c\u00c9 como se voc\u00ea chegasse no topo de uma montanha e de l\u00e1 percebesse que h\u00e1 outras montanhas para serem exploradas\u201d, diz o professor.<\/p>\n<h2 class=\"wp-block-heading\"><strong>Facilidade<\/strong><\/h2>\n<p>Facilitar que os alunos criem novas perguntas, ali\u00e1s, \u00e9 um dos objetivos da transforma\u00e7\u00e3o dos dados em imagem. Um mapa, defende Araujo, permite processar as informa\u00e7\u00f5es de forma melhor mais completa do que planilhas de Excel, por exemplo.<\/p>\n<p>Al\u00e9m do nome do s\u00edtio arqueol\u00f3gico, o mapa criado pela equipe do museu cont\u00e9m informa\u00e7\u00f5es sobre o tipo de material, a tradi\u00e7\u00e3o ind\u00edgena e a data\u00e7\u00e3o. H\u00e1 tamb\u00e9m uma refer\u00eancia de trabalho produzido a respeito, caso surja interesse para procurar mais sobre um s\u00edtio arqueol\u00f3gico em espec\u00edfico.<\/p>\n<p>O mapa mostra, por exemplo, se o material encontrado em quest\u00e3o \u00e9 cer\u00e2mica ou l\u00edtico, o que pode indicar a idade do s\u00edtio arqueol\u00f3gico. O l\u00edtico \u00e9 mais antigo do que a cer\u00e2mica.<\/p>\n<p>O trabalho usou mais de 2 mil entradas de dados de tese de doutorados e outros artigos recentes. O pr\u00f3ximo passo ser\u00e1 realizar o mesmo trabalho no Paran\u00e1. O mapeamento faz parte de um grande projeto de pesquisa multidisciplinar com financiamento da <strong>Fapesp (Funda\u00e7\u00e3o de Amparo \u00e0 Pesquisa do Estado de S\u00e3o Paulo)<\/strong>.<\/p>\n<h3 class=\"wp-block-heading\"><strong>Falta de dados<\/strong><\/h3>\n<p>De acordo com Araujo, outra vantagem do mapa \u00e9 permitir visualizar onde tamb\u00e9m n\u00e3o h\u00e1 dados.<\/p>\n<p>O mapa produzido pela equipe do museu mostra dois grandes vazios de dados, que juntos somam 13% da \u00e1rea do estado. Um deles toma todo o Vale do Tiet\u00ea e se estende at\u00e9 o Rio Paran\u00e1, enquanto o outro fica mais ao sul do Estado e compreende o vale do Rio Peixe.<\/p>\n<p>Araujo explica que o motivo da falta de dados \u00e9 que ainda n\u00e3o h\u00e1 trabalhos sobre aquela \u00e1rea. \u201cNenhum arque\u00f3logo ainda andou por ali\u201d, explica. Ele classificou a condi\u00e7\u00e3o de falta de dados como \u201cabsurda\u201d, j\u00e1 que S\u00e3o Paulo \u00e9 o estado mais populoso e com maior PIB do Pa\u00eds, conforme dados do <strong>IBGE (Instituto Brasileiro de Geografia e Estat\u00edstica).<\/strong><\/p>\n<p>Para 166 s\u00edtios arqueol\u00f3gicos de S\u00e3o Paulo, n\u00e3o havia dados sobre uma filia\u00e7\u00e3o cultural, ou seja, n\u00e3o se sabe a tradi\u00e7\u00e3o que havia na \u00e1rea. Na avalia\u00e7\u00e3o do professor do museu, a falta de informa\u00e7\u00f5es sobre a filia\u00e7\u00e3o cultural \u00e9 pior do que a aus\u00eancia total de dados.<\/p>\n<p>No caso de n\u00e3o haver tradi\u00e7\u00e3o, j\u00e1 foram gastos recursos, mas ainda assim ser\u00e1 necess\u00e1rio reencontrar e reestudar os do s\u00edtio arqueol\u00f3gico para definir a designa\u00e7\u00e3o cultural (com informa\u00e7\u00f5es Ramana Rech\/Estad\u00e3o Conte\u00fado).<\/p>\n<p>SAIBA MAIS<br \/>Rodovia na regi\u00e3o de Ribeir\u00e3o \u00e9 a primeira no interior de SP a implantar ped\u00e1gio sem cancela<\/p>\n<h4 class=\"wp-block-heading\"><strong>FIQUE ON<\/strong><\/h4>\n<p>Fique ligado em tudo que acontece em Ribeir\u00e3o Preto e regi\u00e3o. Siga os perfis do<strong> acidade on<\/strong> no Instagram e no Facebook.<\/p>\n<p>Receba not\u00edcias do <strong>acidade on <\/strong>no WhatsApp. <a href=\"https:\/\/chat.whatsapp.com\/CdrZ6xrf7quD44Vw3WlPuZ\" target=\"_blank\" rel=\"noreferrer noopener nofollow\">Para entrar no grupo, basta clicar aqui.<\/a><\/p>\n<p>Fa\u00e7a uma den\u00fancia ou sugira uma reportagem sobre Ribeir\u00e3o Preto e regi\u00e3o pelo WhatsApp: 16 99117 7802.<\/p>\n<p>VEJA TAMB\u00c9M<br \/>Quais s\u00e3o as atra\u00e7\u00f5es da Virada Cultural 2024?<\/p>\n<p><!-- AI CONTENT END 1 -->\n<\/div>\n<p><br \/>\n<br \/><a href=\"https:\/\/www.acidadeon.com\/ribeiraopreto\/cotidiano\/pre-historia-em-ribeirao-preto-usp-cria-mapa-interativo-com-sitios-arqueologicos-de-sp\/\">Source link <\/a><\/p>\n<!-- CONTENT END 1 -->\n","protected":false},"excerpt":{"rendered":"<p>Um mapa desenvolvido por pesquisadores da USP (Universidade de S\u00e3o Paulo) exibe os s\u00edtios arqueol\u00f3gicos em todo o Estado de S\u00e3o Paulo, incluindo o s\u00edtio&#8230;<\/p>\n","protected":false},"author":1,"featured_media":50262,"comment_status":"open","ping_status":"open","sticky":false,"template":"","format":"standard","meta":{"advanced_seo_description":"","jetpack_seo_html_title":"","jetpack_seo_noindex":false,"jetpack_post_was_ever_published":false,"_jetpack_newsletter_access":"","_jetpack_dont_email_post_to_subs":false,"_jetpack_newsletter_tier_id":0,"_jetpack_memberships_contains_paywalled_content":false,"_jetpack_memberships_contains_paid_content":false,"footnotes":"","jetpack_publicize_message":"","jetpack_publicize_feature_enabled":true,"jetpack_social_post_already_shared":true,"jetpack_social_options":{"image_generator_settings":{"template":"highway","default_image_id":0,"font":"","enabled":false},"version":2}},"categories":[11],"tags":[],"class_list":["post-50261","post","type-post","status-publish","format-standard","has-post-thumbnail","hentry","category-noticias-de-ribeirao-preto-sp-e-regiao-ismael-colosi"],"jetpack_publicize_connections":[],"jetpack_featured_media_url":"https:\/\/i0.wp.com\/noticiasribeiraopreto.com.br\/wp-content\/uploads\/2024\/05\/mapa-arqueologico_2024-05-15_15-43-12_jpg_2024-05-15_15-43-12.webp.webp?fit=1398%2C861&ssl=1","jetpack-related-posts":[{"id":6209,"url":"https:\/\/noticiasribeiraopreto.com.br\/index.php\/2023\/11\/25\/seca-revela-gravuras-rupestres-no-am\/","url_meta":{"origin":50261,"position":0},"title":"Seca revela gravuras rupestres no AM","author":"noticiasribeiraopreto.com.br","date":"25 de November de 2023","format":false,"excerpt":"Ponta das Lajes, na zona leste de Manaus, local onde gravuras rupestres foram encontradas (Rafa Neddermeyer\/Ag\u00eancia Brasil)As gravuras rupestres que apareceram com a seca no Rio Negro s\u00e3o testemunhos do modo de vida dos povos que viviam na regi\u00e3o de Manaus no per\u00edodo pr\u00e9-colonial, afirma o arque\u00f3logo Jaime Oliveira, do\u2026","rel":"","context":"In &quot;Not\u00edcias de Ribeir\u00e3o Preto-SP e Regi\u00e3o&quot;","block_context":{"text":"Not\u00edcias de Ribeir\u00e3o Preto-SP e Regi\u00e3o","link":"https:\/\/noticiasribeiraopreto.com.br\/index.php\/category\/noticias-de-ribeirao-preto-sp-e-regiao-ismael-colosi\/"},"img":{"alt_text":"","src":"https:\/\/i0.wp.com\/noticiasribeiraopreto.com.br\/wp-content\/uploads\/2023\/11\/gravura-scaled.jpg?fit=1200%2C800&ssl=1&resize=350%2C200","width":350,"height":200,"srcset":"https:\/\/i0.wp.com\/noticiasribeiraopreto.com.br\/wp-content\/uploads\/2023\/11\/gravura-scaled.jpg?fit=1200%2C800&ssl=1&resize=350%2C200 1x, https:\/\/i0.wp.com\/noticiasribeiraopreto.com.br\/wp-content\/uploads\/2023\/11\/gravura-scaled.jpg?fit=1200%2C800&ssl=1&resize=525%2C300 1.5x, https:\/\/i0.wp.com\/noticiasribeiraopreto.com.br\/wp-content\/uploads\/2023\/11\/gravura-scaled.jpg?fit=1200%2C800&ssl=1&resize=700%2C400 2x, https:\/\/i0.wp.com\/noticiasribeiraopreto.com.br\/wp-content\/uploads\/2023\/11\/gravura-scaled.jpg?fit=1200%2C800&ssl=1&resize=1050%2C600 3x"},"classes":[]},{"id":46294,"url":"https:\/\/noticiasribeiraopreto.com.br\/index.php\/2024\/04\/10\/exposicao-da-usp-com-acervo-do-museu-do-ipiranga-comeca-sabado-em-ribeirao-preto\/","url_meta":{"origin":50261,"position":1},"title":"Exposi\u00e7\u00e3o da USP com acervo do Museu do Ipiranga come\u00e7a s\u00e1bado em Ribeir\u00e3o Preto","author":"noticiasribeiraopreto.com.br","date":"10 de April de 2024","format":false,"excerpt":"A exposi\u00e7\u00e3o \u201cUSP 90 anos: uma jornada imersiva pelos nossos museus\u201d ser\u00e1 aberta ao p\u00fablico em Ribeir\u00e3o Preto neste s\u00e1bado (13). A entrada \u00e9 de gra\u00e7a e acontece de segunda a s\u00e1bado, das 9h \u00e0s 18h. Trazendo um pouco dos acervos dos museus da universidade, todos com sede em S\u00e3o\u2026","rel":"","context":"In &quot;Not\u00edcias de Ribeir\u00e3o Preto-SP e Regi\u00e3o&quot;","block_context":{"text":"Not\u00edcias de Ribeir\u00e3o Preto-SP e Regi\u00e3o","link":"https:\/\/noticiasribeiraopreto.com.br\/index.php\/category\/noticias-de-ribeirao-preto-sp-e-regiao-ismael-colosi\/"},"img":{"alt_text":"","src":"https:\/\/i0.wp.com\/noticiasribeiraopreto.com.br\/wp-content\/uploads\/2024\/04\/1712781451_Copia-de-Copia-de-TAMANHO-EXATO-PARA-FOTOS-NO-SISTEMA-NOVO-17.jpg?fit=1200%2C675&ssl=1&resize=350%2C200","width":350,"height":200,"srcset":"https:\/\/i0.wp.com\/noticiasribeiraopreto.com.br\/wp-content\/uploads\/2024\/04\/1712781451_Copia-de-Copia-de-TAMANHO-EXATO-PARA-FOTOS-NO-SISTEMA-NOVO-17.jpg?fit=1200%2C675&ssl=1&resize=350%2C200 1x, https:\/\/i0.wp.com\/noticiasribeiraopreto.com.br\/wp-content\/uploads\/2024\/04\/1712781451_Copia-de-Copia-de-TAMANHO-EXATO-PARA-FOTOS-NO-SISTEMA-NOVO-17.jpg?fit=1200%2C675&ssl=1&resize=525%2C300 1.5x, https:\/\/i0.wp.com\/noticiasribeiraopreto.com.br\/wp-content\/uploads\/2024\/04\/1712781451_Copia-de-Copia-de-TAMANHO-EXATO-PARA-FOTOS-NO-SISTEMA-NOVO-17.jpg?fit=1200%2C675&ssl=1&resize=700%2C400 2x, https:\/\/i0.wp.com\/noticiasribeiraopreto.com.br\/wp-content\/uploads\/2024\/04\/1712781451_Copia-de-Copia-de-TAMANHO-EXATO-PARA-FOTOS-NO-SISTEMA-NOVO-17.jpg?fit=1200%2C675&ssl=1&resize=1050%2C600 3x"},"classes":[]},{"id":44982,"url":"https:\/\/noticiasribeiraopreto.com.br\/index.php\/2024\/04\/01\/ribeirao-preto-recebe-exposicao-itinerante-com-acervo-do-museu-do-ipiranga\/","url_meta":{"origin":50261,"position":2},"title":"Ribeir\u00e3o Preto recebe exposi\u00e7\u00e3o itinerante com acervo do Museu do Ipiranga","author":"noticiasribeiraopreto.com.br","date":"1 de April de 2024","format":false,"excerpt":"A USP Ribeir\u00e3o Preto recebe pela primeira vez uma exposi\u00e7\u00e3o que mostra um pouco dos acervos dos museus da Universidade de S\u00e3o Paulo, entre eles o do Museu do Ipiranga, todos com sede em S\u00e3o Paulo. A exposi\u00e7\u00e3o itinerante com o tema \u201cUSP 90 anos: uma jornada imersiva pelos nossos\u2026","rel":"","context":"In &quot;Not\u00edcias de Ribeir\u00e3o Preto-SP e Regi\u00e3o&quot;","block_context":{"text":"Not\u00edcias de Ribeir\u00e3o Preto-SP e Regi\u00e3o","link":"https:\/\/noticiasribeiraopreto.com.br\/index.php\/category\/noticias-de-ribeirao-preto-sp-e-regiao-ismael-colosi\/"},"img":{"alt_text":"","src":"https:\/\/i0.wp.com\/noticiasribeiraopreto.com.br\/wp-content\/uploads\/2024\/04\/Copia-de-Copia-de-TAMANHO-EXATO-PARA-FOTOS-NO-SISTEMA-NOVO-17.jpg?fit=1200%2C675&ssl=1&resize=350%2C200","width":350,"height":200,"srcset":"https:\/\/i0.wp.com\/noticiasribeiraopreto.com.br\/wp-content\/uploads\/2024\/04\/Copia-de-Copia-de-TAMANHO-EXATO-PARA-FOTOS-NO-SISTEMA-NOVO-17.jpg?fit=1200%2C675&ssl=1&resize=350%2C200 1x, https:\/\/i0.wp.com\/noticiasribeiraopreto.com.br\/wp-content\/uploads\/2024\/04\/Copia-de-Copia-de-TAMANHO-EXATO-PARA-FOTOS-NO-SISTEMA-NOVO-17.jpg?fit=1200%2C675&ssl=1&resize=525%2C300 1.5x, https:\/\/i0.wp.com\/noticiasribeiraopreto.com.br\/wp-content\/uploads\/2024\/04\/Copia-de-Copia-de-TAMANHO-EXATO-PARA-FOTOS-NO-SISTEMA-NOVO-17.jpg?fit=1200%2C675&ssl=1&resize=700%2C400 2x, https:\/\/i0.wp.com\/noticiasribeiraopreto.com.br\/wp-content\/uploads\/2024\/04\/Copia-de-Copia-de-TAMANHO-EXATO-PARA-FOTOS-NO-SISTEMA-NOVO-17.jpg?fit=1200%2C675&ssl=1&resize=1050%2C600 3x"},"classes":[]},{"id":48804,"url":"https:\/\/noticiasribeiraopreto.com.br\/index.php\/2024\/05\/06\/ultimos-dias-de-exposicao-com-acervo-do-museu-do-ipiranga-na-usp-ribeirao-preto\/","url_meta":{"origin":50261,"position":3},"title":"\u00daltimos dias de exposi\u00e7\u00e3o com acervo do Museu do Ipiranga na USP Ribeir\u00e3o Preto","author":"noticiasribeiraopreto.com.br","date":"6 de May de 2024","format":false,"excerpt":"A exposi\u00e7\u00e3o \u201cUSP 90anos: uma jornada imersiva pelos nossos museus\u201d, que traz um pouco dos acervos dos museus da universidade para Ribeir\u00e3o Preto, acontece at\u00e9 sexta-feira (10), no IEA (Instituto de Estudos Avan\u00e7ados). Com entrada de gra\u00e7a, a mostra \u00e9 aberta ao p\u00fablico das 9h \u00e0s 18h. Ao todo,\u00a0sete campi\u2026","rel":"","context":"In &quot;Not\u00edcias de Ribeir\u00e3o Preto-SP e Regi\u00e3o&quot;","block_context":{"text":"Not\u00edcias de Ribeir\u00e3o Preto-SP e Regi\u00e3o","link":"https:\/\/noticiasribeiraopreto.com.br\/index.php\/category\/noticias-de-ribeirao-preto-sp-e-regiao-ismael-colosi\/"},"img":{"alt_text":"","src":"https:\/\/i0.wp.com\/noticiasribeiraopreto.com.br\/wp-content\/uploads\/2024\/05\/Capturar_2024-05-06_21-22-20_jpg_2024-05-06_21-22-21.webp.webp?fit=1113%2C577&ssl=1&resize=350%2C200","width":350,"height":200,"srcset":"https:\/\/i0.wp.com\/noticiasribeiraopreto.com.br\/wp-content\/uploads\/2024\/05\/Capturar_2024-05-06_21-22-20_jpg_2024-05-06_21-22-21.webp.webp?fit=1113%2C577&ssl=1&resize=350%2C200 1x, https:\/\/i0.wp.com\/noticiasribeiraopreto.com.br\/wp-content\/uploads\/2024\/05\/Capturar_2024-05-06_21-22-20_jpg_2024-05-06_21-22-21.webp.webp?fit=1113%2C577&ssl=1&resize=525%2C300 1.5x, https:\/\/i0.wp.com\/noticiasribeiraopreto.com.br\/wp-content\/uploads\/2024\/05\/Capturar_2024-05-06_21-22-20_jpg_2024-05-06_21-22-21.webp.webp?fit=1113%2C577&ssl=1&resize=700%2C400 2x, https:\/\/i0.wp.com\/noticiasribeiraopreto.com.br\/wp-content\/uploads\/2024\/05\/Capturar_2024-05-06_21-22-20_jpg_2024-05-06_21-22-21.webp.webp?fit=1113%2C577&ssl=1&resize=1050%2C600 3x"},"classes":[]},{"id":62841,"url":"https:\/\/noticiasribeiraopreto.com.br\/index.php\/2025\/01\/25\/agricultor-colhe-mandioca-gigante-em-sitio-no-interior-de-sp\/","url_meta":{"origin":50261,"position":4},"title":"Agricultor colhe mandioca gigante em s\u00edtio no interior de SP","author":"noticiasribeiraopreto.com.br","date":"25 de January de 2025","format":false,"excerpt":"Um agricultor teve uma surpresa durante a colheita de mandioca neste s\u00e1bado (25), em um s\u00edtio de Santo Ant\u00f4nio da Alegria, cidade na divisa dos estados de S\u00e3o Paulo e Minas Gerais, a aproximadamente 90 quil\u00f4metros de Ribeir\u00e3o Preto. Jo\u00e3o Baptista Silva retirou da terra uma mandioca com aproximadamente 50\u2026","rel":"","context":"In &quot;Not\u00edcias de Ribeir\u00e3o Preto-SP e Regi\u00e3o&quot;","block_context":{"text":"Not\u00edcias de Ribeir\u00e3o Preto-SP e Regi\u00e3o","link":"https:\/\/noticiasribeiraopreto.com.br\/index.php\/category\/noticias-de-ribeirao-preto-sp-e-regiao-ismael-colosi\/"},"img":{"alt_text":"","src":"https:\/\/i0.wp.com\/noticiasribeiraopreto.com.br\/wp-content\/uploads\/2025\/01\/WhatsApp-Image-2025-01-25-at-18.15.42_2025-01-25_21-15-58_jpeg_2025-01-25_21-15-59.webp.webp?fit=1200%2C1065&ssl=1&resize=350%2C200","width":350,"height":200,"srcset":"https:\/\/i0.wp.com\/noticiasribeiraopreto.com.br\/wp-content\/uploads\/2025\/01\/WhatsApp-Image-2025-01-25-at-18.15.42_2025-01-25_21-15-58_jpeg_2025-01-25_21-15-59.webp.webp?fit=1200%2C1065&ssl=1&resize=350%2C200 1x, https:\/\/i0.wp.com\/noticiasribeiraopreto.com.br\/wp-content\/uploads\/2025\/01\/WhatsApp-Image-2025-01-25-at-18.15.42_2025-01-25_21-15-58_jpeg_2025-01-25_21-15-59.webp.webp?fit=1200%2C1065&ssl=1&resize=525%2C300 1.5x, https:\/\/i0.wp.com\/noticiasribeiraopreto.com.br\/wp-content\/uploads\/2025\/01\/WhatsApp-Image-2025-01-25-at-18.15.42_2025-01-25_21-15-58_jpeg_2025-01-25_21-15-59.webp.webp?fit=1200%2C1065&ssl=1&resize=700%2C400 2x, https:\/\/i0.wp.com\/noticiasribeiraopreto.com.br\/wp-content\/uploads\/2025\/01\/WhatsApp-Image-2025-01-25-at-18.15.42_2025-01-25_21-15-58_jpeg_2025-01-25_21-15-59.webp.webp?fit=1200%2C1065&ssl=1&resize=1050%2C600 3x"},"classes":[]},{"id":62224,"url":"https:\/\/noticiasribeiraopreto.com.br\/index.php\/2025\/01\/07\/conheca-obra-milionaria-no-campus-da-usp-ribeirao-preto\/","url_meta":{"origin":50261,"position":5},"title":"Conhe\u00e7a obra milion\u00e1ria no campus da USP Ribeir\u00e3o Preto","author":"noticiasribeiraopreto.com.br","date":"7 de January de 2025","format":false,"excerpt":"A FMRP (Faculdade de Medicina de Ribeir\u00e3o Preto) da USP (Universidade de S\u00e3o Paulo) vai ganhar um novo pr\u00e9dio com cerca de 25.000 m\u00b2 e investimento de R$149.209.311,58 neste ano \u2013 veja v\u00eddeo abaixo. O local vai abrigar um Centro de Pesquisa em Ci\u00eancias Biom\u00e9dicas, com novos laborat\u00f3rios, um biot\u00e9rio\u2026","rel":"","context":"In &quot;Not\u00edcias de Ribeir\u00e3o Preto-SP e Regi\u00e3o&quot;","block_context":{"text":"Not\u00edcias de Ribeir\u00e3o Preto-SP e Regi\u00e3o","link":"https:\/\/noticiasribeiraopreto.com.br\/index.php\/category\/noticias-de-ribeirao-preto-sp-e-regiao-ismael-colosi\/"},"img":{"alt_text":"","src":"https:\/\/i0.wp.com\/noticiasribeiraopreto.com.br\/wp-content\/uploads\/2025\/01\/Copia-de-Copia-de-Copia-de-TAMANHO-EXATO-PARA-FOTOS-NO-SISTEMA-NOVO-2025-01-07T184538.463_2025-01-07_21-46-18_png_2025-01-07_21-46-19.webp.webp?fit=1200%2C675&ssl=1&resize=350%2C200","width":350,"height":200,"srcset":"https:\/\/i0.wp.com\/noticiasribeiraopreto.com.br\/wp-content\/uploads\/2025\/01\/Copia-de-Copia-de-Copia-de-TAMANHO-EXATO-PARA-FOTOS-NO-SISTEMA-NOVO-2025-01-07T184538.463_2025-01-07_21-46-18_png_2025-01-07_21-46-19.webp.webp?fit=1200%2C675&ssl=1&resize=350%2C200 1x, https:\/\/i0.wp.com\/noticiasribeiraopreto.com.br\/wp-content\/uploads\/2025\/01\/Copia-de-Copia-de-Copia-de-TAMANHO-EXATO-PARA-FOTOS-NO-SISTEMA-NOVO-2025-01-07T184538.463_2025-01-07_21-46-18_png_2025-01-07_21-46-19.webp.webp?fit=1200%2C675&ssl=1&resize=525%2C300 1.5x, https:\/\/i0.wp.com\/noticiasribeiraopreto.com.br\/wp-content\/uploads\/2025\/01\/Copia-de-Copia-de-Copia-de-TAMANHO-EXATO-PARA-FOTOS-NO-SISTEMA-NOVO-2025-01-07T184538.463_2025-01-07_21-46-18_png_2025-01-07_21-46-19.webp.webp?fit=1200%2C675&ssl=1&resize=700%2C400 2x, https:\/\/i0.wp.com\/noticiasribeiraopreto.com.br\/wp-content\/uploads\/2025\/01\/Copia-de-Copia-de-Copia-de-TAMANHO-EXATO-PARA-FOTOS-NO-SISTEMA-NOVO-2025-01-07T184538.463_2025-01-07_21-46-18_png_2025-01-07_21-46-19.webp.webp?fit=1200%2C675&ssl=1&resize=1050%2C600 3x"},"classes":[]}],"jetpack_sharing_enabled":true,"jetpack_shortlink":"https:\/\/wp.me\/peQAOb-d4F","_links":{"self":[{"href":"https:\/\/noticiasribeiraopreto.com.br\/index.php\/wp-json\/wp\/v2\/posts\/50261","targetHints":{"allow":["GET"]}}],"collection":[{"href":"https:\/\/noticiasribeiraopreto.com.br\/index.php\/wp-json\/wp\/v2\/posts"}],"about":[{"href":"https:\/\/noticiasribeiraopreto.com.br\/index.php\/wp-json\/wp\/v2\/types\/post"}],"author":[{"embeddable":true,"href":"https:\/\/noticiasribeiraopreto.com.br\/index.php\/wp-json\/wp\/v2\/users\/1"}],"replies":[{"embeddable":true,"href":"https:\/\/noticiasribeiraopreto.com.br\/index.php\/wp-json\/wp\/v2\/comments?post=50261"}],"version-history":[{"count":0,"href":"https:\/\/noticiasribeiraopreto.com.br\/index.php\/wp-json\/wp\/v2\/posts\/50261\/revisions"}],"wp:featuredmedia":[{"embeddable":true,"href":"https:\/\/noticiasribeiraopreto.com.br\/index.php\/wp-json\/wp\/v2\/media\/50262"}],"wp:attachment":[{"href":"https:\/\/noticiasribeiraopreto.com.br\/index.php\/wp-json\/wp\/v2\/media?parent=50261"}],"wp:term":[{"taxonomy":"category","embeddable":true,"href":"https:\/\/noticiasribeiraopreto.com.br\/index.php\/wp-json\/wp\/v2\/categories?post=50261"},{"taxonomy":"post_tag","embeddable":true,"href":"https:\/\/noticiasribeiraopreto.com.br\/index.php\/wp-json\/wp\/v2\/tags?post=50261"}],"curies":[{"name":"wp","href":"https:\/\/api.w.org\/{rel}","templated":true}]}}