{"id":50273,"date":"2024-05-15T14:28:42","date_gmt":"2024-05-15T17:28:42","guid":{"rendered":"https:\/\/noticiasribeiraopreto.com.br\/index.php\/2024\/05\/15\/dj-kl-jay-do-racionais-mcs-se-apresenta-em-ribeirao-preto\/"},"modified":"2024-05-15T14:28:42","modified_gmt":"2024-05-15T17:28:42","slug":"dj-kl-jay-do-racionais-mcs-se-apresenta-em-ribeirao-preto","status":"publish","type":"post","link":"https:\/\/noticiasribeiraopreto.com.br\/index.php\/2024\/05\/15\/dj-kl-jay-do-racionais-mcs-se-apresenta-em-ribeirao-preto\/","title":{"rendered":"DJ KL Jay, do Racionais MCs, se apresenta em Ribeir\u00e3o Preto"},"content":{"rendered":"<div class='code-block code-block-1' style='margin: 8px 0 8px auto; text-align: right; display: block; clear: both;'>\n<p><a href=\"https:\/\/wa.link\/vpicfd\"><img data-recalc-dims=\"1\" class=\"wp-image-4922\" style=\"aspect-ratio: 2.0253164556962027; width: 561px; height: auto;\" src=\"https:\/\/i0.wp.com\/ismaelcolosi.com.br\/wp-content\/uploads\/2023\/11\/grupo-de-empregos-whatsapp-e-facebook-ismael-colosi-vagas.jpg?ssl=1\" alt=\"\" \/><\/a><\/p>\n<!-- \/wp:image -->\n<\/div>\n<p> <br \/>\n<\/p>\n<div>\n<p>O <strong>DJ KL Jay<\/strong>, do <strong>Racionais MCs<\/strong>, ir\u00e1 se apresentar no<strong> Festival Nugroove<\/strong>, edi\u00e7\u00e3o \u201c<strong>Nois Por Nois<\/strong>\u201c, que acontece nesta <strong>sexta-feira (17)<\/strong>, a partir das <strong>22h<\/strong>, na<strong> Esta\u00e7\u00e3o Mangueira<\/strong>, <strong>em Ribeir\u00e3o Preto<\/strong>.<\/p>\n<p><strong>KL Jay<\/strong> \u00e9 o respons\u00e1vel pela cria\u00e7\u00e3o das batidas das m\u00fasicas do maior grupo de rap do Brasil. Paralelo ao grupo, o <strong>DJ<\/strong> j\u00e1 gravou \u00e1lbuns solos e tem um selo musical, o <strong>KL M\u00fasica<\/strong>.<\/p>\n<p>Al\u00e9m dele, o evento conta com apresenta\u00e7\u00e3o dos <strong>DJs Yzak<\/strong>, <strong>DeJota<\/strong> e <strong>Robsom Selectah<\/strong>. Tamb\u00e9m acontecer\u00e3o os pockets shows das artistas <strong>Paina<\/strong>, <strong>Kamila Killa<\/strong> e <strong>Blackstar<\/strong>. <\/p>\n<h2 class=\"wp-block-heading\"><strong>Ingressos<\/strong><\/h2>\n<p>Os <strong>ingressos<\/strong> podem ser adquiridos atrav\u00e9s do site <strong>Duoticket<\/strong> (<a href=\"https:\/\/duoticket.com.br\/evento\/3147\/Nugroove-edicao--NOIS-POR-NOIS-\" target=\"_blank\" rel=\"noreferrer noopener\">clique aqui<\/a>). Veja os valores abaixo:<\/p>\n<ul>\n<li>Unissex individual | R$ 25<\/li>\n<li>Unissex promocional + cooler free | R$ 50<\/li>\n<\/ul>\n<p>O local tem <strong>estacionamento<\/strong> por<strong> R$ 10<\/strong>. O espa\u00e7o tamb\u00e9m contar\u00e1 com op\u00e7\u00f5es de gastronomia e variedade de bebidas, al\u00e9m de uma feira do <strong>Nugroove<\/strong> e tenda de tatuagem. A Esta\u00e7\u00e3o Mangueira fica localizada na rua Guatapar\u00e1, 567, na Vila Virginia.<\/p>\n<p>O <strong>Nugroove<\/strong> tem o intuito de dar oportunidade para artistas da regi\u00e3o tendo como principal pilar a liberdade sonora preta e suas nuances. <\/p>\n<h2 class=\"wp-block-heading\"><strong>Servi\u00e7o<\/strong><\/h2>\n<p><strong>DJ KL Jay em Ribeir\u00e3o Preto<\/strong><\/p>\n<p>Quando: 17 de maio, sexta-feira <br \/>Hor\u00e1rio: A partir das 22h <br \/>Local: Esta\u00e7\u00e3o Mangueira<br \/>Endere\u00e7o: Rua Guatapar\u00e1, 567 \u2013 Vila Virginia<br \/>Ingressos: A partir de R$ 25, no site (<a href=\"https:\/\/duoticket.com.br\/evento\/3147\/Nugroove-edicao--NOIS-POR-NOIS-\" target=\"_blank\" rel=\"noreferrer noopener\">clique aqui<\/a>)<\/p>\n<figure class=\"wp-block-embed is-type-video is-provider-youtube wp-block-embed-youtube wp-embed-aspect-4-3 wp-has-aspect-ratio\">\n<div class=\"wp-block-embed__wrapper\">\n<p><iframe loading=\"lazy\" title=\"O Sonho\" width=\"500\" height=\"375\" src=\"https:\/\/www.youtube.com\/embed\/_6EV2Tt4PIg?feature=oembed\" frameborder=\"0\" allow=\"accelerometer; autoplay; clipboard-write; encrypted-media; gyroscope; picture-in-picture; web-share\" referrerpolicy=\"strict-origin-when-cross-origin\" allowfullscreen><\/iframe><\/p>\n<\/div>\n<\/figure>\n<p>SAIBA MAIS<br \/>Ivete Sangalo cancela turn\u00ea \u2018A Festa\u2019 com show em Ribeir\u00e3o Preto<\/p>\n<h4 class=\"wp-block-heading\"><strong>FIQUE ON<\/strong><\/h4>\n<p>Fique ligado em tudo que acontece em Ribeir\u00e3o Preto e regi\u00e3o. Siga os perfis do <strong>acidade on <\/strong>no <a href=\"https:\/\/www.instagram.com\/acidadeonribeirao\" target=\"_blank\" rel=\"noreferrer noopener\">Instagram<\/a> e no <a href=\"https:\/\/www.facebook.com\/acidadeonribeirao\" target=\"_blank\" rel=\"noreferrer noopener\">Facebook<\/a>.<\/p>\n<p>Receba not\u00edcias do acidade on no WhatsApp. Para entrar no grupo, basta <a href=\"https:\/\/chat.whatsapp.com\/CdrZ6xrf7quD44Vw3WlPuZ\" target=\"_blank\" rel=\"noreferrer noopener\">clicar aqui<\/a>.<\/p>\n<p>Fa\u00e7a uma den\u00fancia ou sugira uma reportagem sobre Ribeir\u00e3o Preto e regi\u00e3o pelo WhatsApp: 16 99117 7802.<\/p>\n<p>VEJA TAMB\u00c9M<br \/>Qual vai ser o caso do Linha Direta desta semana?<\/p>\n<p><!-- AI CONTENT END 1 -->\n<\/div>\n<p><script async src=\"\/\/www.instagram.com\/embed.js\"><\/script><br \/>\n<br \/><br \/>\n<br \/><a href=\"https:\/\/www.acidadeon.com\/ribeiraopreto\/lazer-e-cultura\/dj-kl-jay-do-racionais-mcs-se-apresenta-em-ribeirao-preto\/\">Source link <\/a><\/p>\n<!-- CONTENT END 1 -->\n","protected":false},"excerpt":{"rendered":"<p>O DJ KL Jay, do Racionais MCs, ir\u00e1 se apresentar no Festival Nugroove, edi\u00e7\u00e3o \u201cNois Por Nois\u201c, que acontece nesta sexta-feira (17), a partir das&#8230;<\/p>\n","protected":false},"author":1,"featured_media":50274,"comment_status":"open","ping_status":"open","sticky":false,"template":"","format":"standard","meta":{"advanced_seo_description":"","jetpack_seo_html_title":"","jetpack_seo_noindex":false,"jetpack_post_was_ever_published":false,"_jetpack_newsletter_access":"","_jetpack_dont_email_post_to_subs":false,"_jetpack_newsletter_tier_id":0,"_jetpack_memberships_contains_paywalled_content":false,"_jetpack_memberships_contains_paid_content":false,"footnotes":"","jetpack_publicize_message":"","jetpack_publicize_feature_enabled":true,"jetpack_social_post_already_shared":true,"jetpack_social_options":{"image_generator_settings":{"template":"highway","default_image_id":0,"font":"","enabled":false},"version":2}},"categories":[11],"tags":[],"class_list":["post-50273","post","type-post","status-publish","format-standard","has-post-thumbnail","hentry","category-noticias-de-ribeirao-preto-sp-e-regiao-ismael-colosi"],"jetpack_publicize_connections":[],"jetpack_featured_media_url":"https:\/\/i0.wp.com\/noticiasribeiraopreto.com.br\/wp-content\/uploads\/2024\/05\/KL-JAY_2024-05-15_14-40-01_jpg_2024-05-15_14-40-01.webp.webp?fit=950%2C627&ssl=1","jetpack-related-posts":[{"id":64585,"url":"https:\/\/noticiasribeiraopreto.com.br\/index.php\/2025\/03\/10\/kl-jay-do-racionais-mcs-e-atracao-confirmada-em-ribeirao-preto\/","url_meta":{"origin":50273,"position":0},"title":"KL Jay, do Racionais MC\u2019s, \u00e9 atra\u00e7\u00e3o confirmada em Ribeir\u00e3o Preto","author":"noticiasribeiraopreto.com.br","date":"10 de March de 2025","format":false,"excerpt":"O DJ KL Jay, integrante do grupo de rap\u00a0Racionais MC\u2019s, retorna a Ribeir\u00e3o Preto para a nova edi\u00e7\u00e3o do Festival Nugroove, que acontece nesta sexta-feira (14), no Goa Lounge, das 19h \u00e0s 3h. Ingressos ainda podem ser adquiridos on-line. KL Jay\u00a0\u00e9 o respons\u00e1vel pela cria\u00e7\u00e3o das batidas das m\u00fasicas do\u2026","rel":"","context":"In &quot;Not\u00edcias de Ribeir\u00e3o Preto-SP e Regi\u00e3o&quot;","block_context":{"text":"Not\u00edcias de Ribeir\u00e3o Preto-SP e Regi\u00e3o","link":"https:\/\/noticiasribeiraopreto.com.br\/index.php\/category\/noticias-de-ribeirao-preto-sp-e-regiao-ismael-colosi\/"},"img":{"alt_text":"","src":"https:\/\/i0.wp.com\/noticiasribeiraopreto.com.br\/wp-content\/uploads\/2025\/03\/kl-jay_2025-03-10_15-42-11_jpg_2025-03-10_15-42-11.webp.webp?fit=998%2C729&ssl=1&resize=350%2C200","width":350,"height":200,"srcset":"https:\/\/i0.wp.com\/noticiasribeiraopreto.com.br\/wp-content\/uploads\/2025\/03\/kl-jay_2025-03-10_15-42-11_jpg_2025-03-10_15-42-11.webp.webp?fit=998%2C729&ssl=1&resize=350%2C200 1x, https:\/\/i0.wp.com\/noticiasribeiraopreto.com.br\/wp-content\/uploads\/2025\/03\/kl-jay_2025-03-10_15-42-11_jpg_2025-03-10_15-42-11.webp.webp?fit=998%2C729&ssl=1&resize=525%2C300 1.5x, https:\/\/i0.wp.com\/noticiasribeiraopreto.com.br\/wp-content\/uploads\/2025\/03\/kl-jay_2025-03-10_15-42-11_jpg_2025-03-10_15-42-11.webp.webp?fit=998%2C729&ssl=1&resize=700%2C400 2x"},"classes":[]},{"id":59561,"url":"https:\/\/noticiasribeiraopreto.com.br\/index.php\/2024\/10\/25\/filme-pantera-negra-e-exibido-com-trilha-sonora-ao-vivo-de-kl-jay-em-ribeirao\/","url_meta":{"origin":50273,"position":1},"title":"Filme Pantera Negra \u00e9 exibido com trilha sonora ao vivo de KL Jay em Ribeir\u00e3o","author":"noticiasribeiraopreto.com.br","date":"25 de October de 2024","format":false,"excerpt":"O Sesc Ribeir\u00e3o Preto exibe na ter\u00e7a-feira (29), \u00e0s 19h30, o filme Pantera Negra com trilha ao vivo executado pelo DJ KL Jay e pelo compositor Guilherme Chiappetta, no Cine Clube Cauim. Os ingressos j\u00e1 est\u00e3o dispon\u00edveis e podem ser adquiridos de forma on-line. Os valores variam ente R$ 10\u2026","rel":"","context":"In &quot;Not\u00edcias de Ribeir\u00e3o Preto-SP e Regi\u00e3o&quot;","block_context":{"text":"Not\u00edcias de Ribeir\u00e3o Preto-SP e Regi\u00e3o","link":"https:\/\/noticiasribeiraopreto.com.br\/index.php\/category\/noticias-de-ribeirao-preto-sp-e-regiao-ismael-colosi\/"},"img":{"alt_text":"","src":"https:\/\/i0.wp.com\/noticiasribeiraopreto.com.br\/wp-content\/uploads\/2024\/10\/Copia-de-Copia-de-Copia-de-TAMANHO-EXATO-PARA-FOTOS-NO-SISTEMA-NOVO-2024-10-25T193308.737_2024-10-25_22-33-14_png_2024-10-25_22-33-14.webp.webp?fit=1200%2C675&ssl=1&resize=350%2C200","width":350,"height":200,"srcset":"https:\/\/i0.wp.com\/noticiasribeiraopreto.com.br\/wp-content\/uploads\/2024\/10\/Copia-de-Copia-de-Copia-de-TAMANHO-EXATO-PARA-FOTOS-NO-SISTEMA-NOVO-2024-10-25T193308.737_2024-10-25_22-33-14_png_2024-10-25_22-33-14.webp.webp?fit=1200%2C675&ssl=1&resize=350%2C200 1x, https:\/\/i0.wp.com\/noticiasribeiraopreto.com.br\/wp-content\/uploads\/2024\/10\/Copia-de-Copia-de-Copia-de-TAMANHO-EXATO-PARA-FOTOS-NO-SISTEMA-NOVO-2024-10-25T193308.737_2024-10-25_22-33-14_png_2024-10-25_22-33-14.webp.webp?fit=1200%2C675&ssl=1&resize=525%2C300 1.5x, https:\/\/i0.wp.com\/noticiasribeiraopreto.com.br\/wp-content\/uploads\/2024\/10\/Copia-de-Copia-de-Copia-de-TAMANHO-EXATO-PARA-FOTOS-NO-SISTEMA-NOVO-2024-10-25T193308.737_2024-10-25_22-33-14_png_2024-10-25_22-33-14.webp.webp?fit=1200%2C675&ssl=1&resize=700%2C400 2x, https:\/\/i0.wp.com\/noticiasribeiraopreto.com.br\/wp-content\/uploads\/2024\/10\/Copia-de-Copia-de-Copia-de-TAMANHO-EXATO-PARA-FOTOS-NO-SISTEMA-NOVO-2024-10-25T193308.737_2024-10-25_22-33-14_png_2024-10-25_22-33-14.webp.webp?fit=1200%2C675&ssl=1&resize=1050%2C600 3x"},"classes":[]},{"id":50633,"url":"https:\/\/noticiasribeiraopreto.com.br\/index.php\/2024\/05\/17\/agenda-cultural-ribeirao-tem-kl-jay-chorinho-e-diogo-nogueira-neste-final-de-semana\/","url_meta":{"origin":50273,"position":2},"title":"Agenda cultural: Ribeir\u00e3o tem KL Jay, Chorinho e Diogo Nogueira neste final de semana","author":"noticiasribeiraopreto.com.br","date":"17 de May de 2024","format":false,"excerpt":"A agenda cultural deste final de semana em Ribeir\u00e3o Preto conta com DJ KL Jay, chorinho e Diogo Nogueira. A programa\u00e7\u00e3o tem op\u00e7\u00f5es para todos os gostos e idades, com eventos gratuitas e pagos. Chorinho na 7 Evento gratuito na pra\u00e7a 7 de setembro, \u00e0s 19h. A atra\u00e7\u00e3o desta noite\u2026","rel":"","context":"In &quot;Not\u00edcias de Ribeir\u00e3o Preto-SP e Regi\u00e3o&quot;","block_context":{"text":"Not\u00edcias de Ribeir\u00e3o Preto-SP e Regi\u00e3o","link":"https:\/\/noticiasribeiraopreto.com.br\/index.php\/category\/noticias-de-ribeirao-preto-sp-e-regiao-ismael-colosi\/"},"img":{"alt_text":"","src":"https:\/\/i0.wp.com\/noticiasribeiraopreto.com.br\/wp-content\/uploads\/2024\/05\/Copia-de-Copia-de-TAMANHO-EXATO-PARA-FOTOS-NO-SISTEMA-NOVO-3_2024-05-17_11-48-26_jpg_2024-05-17_11-48-26.webp.webp?fit=1200%2C675&ssl=1&resize=350%2C200","width":350,"height":200,"srcset":"https:\/\/i0.wp.com\/noticiasribeiraopreto.com.br\/wp-content\/uploads\/2024\/05\/Copia-de-Copia-de-TAMANHO-EXATO-PARA-FOTOS-NO-SISTEMA-NOVO-3_2024-05-17_11-48-26_jpg_2024-05-17_11-48-26.webp.webp?fit=1200%2C675&ssl=1&resize=350%2C200 1x, https:\/\/i0.wp.com\/noticiasribeiraopreto.com.br\/wp-content\/uploads\/2024\/05\/Copia-de-Copia-de-TAMANHO-EXATO-PARA-FOTOS-NO-SISTEMA-NOVO-3_2024-05-17_11-48-26_jpg_2024-05-17_11-48-26.webp.webp?fit=1200%2C675&ssl=1&resize=525%2C300 1.5x, https:\/\/i0.wp.com\/noticiasribeiraopreto.com.br\/wp-content\/uploads\/2024\/05\/Copia-de-Copia-de-TAMANHO-EXATO-PARA-FOTOS-NO-SISTEMA-NOVO-3_2024-05-17_11-48-26_jpg_2024-05-17_11-48-26.webp.webp?fit=1200%2C675&ssl=1&resize=700%2C400 2x, https:\/\/i0.wp.com\/noticiasribeiraopreto.com.br\/wp-content\/uploads\/2024\/05\/Copia-de-Copia-de-TAMANHO-EXATO-PARA-FOTOS-NO-SISTEMA-NOVO-3_2024-05-17_11-48-26_jpg_2024-05-17_11-48-26.webp.webp?fit=1200%2C675&ssl=1&resize=1050%2C600 3x"},"classes":[]},{"id":64985,"url":"https:\/\/noticiasribeiraopreto.com.br\/index.php\/2025\/03\/14\/pitty-fresno-pixote-e-kl-jay-veja-opcoes-para-curtir-o-fim-de-semana-em-ribeirao-preto\/","url_meta":{"origin":50273,"position":3},"title":"Pitty, Fresno, Pixote e KL Jay: Veja op\u00e7\u00f5es para curtir o fim de semana em Ribeir\u00e3o Preto","author":"noticiasribeiraopreto.com.br","date":"14 de March de 2025","format":false,"excerpt":"O fim de semana chegou e o acidade on listou as melhores op\u00e7\u00f5es para quem deseja curtir o fim de semana fora de casa. Os destaques da agenda cultural s\u00e3o as apresenta\u00e7\u00f5es de Pitty e Fresno, Pixote e KL Jay. Veja: Eu Quero Rock com Pitty e Fresno A cantora\u00a0Pitty\u00a0e\u2026","rel":"","context":"In &quot;Not\u00edcias de Ribeir\u00e3o Preto-SP e Regi\u00e3o&quot;","block_context":{"text":"Not\u00edcias de Ribeir\u00e3o Preto-SP e Regi\u00e3o","link":"https:\/\/noticiasribeiraopreto.com.br\/index.php\/category\/noticias-de-ribeirao-preto-sp-e-regiao-ismael-colosi\/"},"img":{"alt_text":"","src":"https:\/\/i0.wp.com\/noticiasribeiraopreto.com.br\/wp-content\/uploads\/2025\/03\/pitty_2025-03-14_12-46-44_jpg_2025-03-14_12-46-44.webp.webp?fit=1079%2C815&ssl=1&resize=350%2C200","width":350,"height":200,"srcset":"https:\/\/i0.wp.com\/noticiasribeiraopreto.com.br\/wp-content\/uploads\/2025\/03\/pitty_2025-03-14_12-46-44_jpg_2025-03-14_12-46-44.webp.webp?fit=1079%2C815&ssl=1&resize=350%2C200 1x, https:\/\/i0.wp.com\/noticiasribeiraopreto.com.br\/wp-content\/uploads\/2025\/03\/pitty_2025-03-14_12-46-44_jpg_2025-03-14_12-46-44.webp.webp?fit=1079%2C815&ssl=1&resize=525%2C300 1.5x, https:\/\/i0.wp.com\/noticiasribeiraopreto.com.br\/wp-content\/uploads\/2025\/03\/pitty_2025-03-14_12-46-44_jpg_2025-03-14_12-46-44.webp.webp?fit=1079%2C815&ssl=1&resize=700%2C400 2x, https:\/\/i0.wp.com\/noticiasribeiraopreto.com.br\/wp-content\/uploads\/2025\/03\/pitty_2025-03-14_12-46-44_jpg_2025-03-14_12-46-44.webp.webp?fit=1079%2C815&ssl=1&resize=1050%2C600 3x"},"classes":[]},{"id":38525,"url":"https:\/\/noticiasribeiraopreto.com.br\/index.php\/2024\/02\/20\/teatro-de-arena-de-ribeirao-preto-recebe-1a-edicao-do-tutu-djs-fest\/","url_meta":{"origin":50273,"position":4},"title":"Teatro de Arena de Ribeir\u00e3o Preto recebe 1\u00aa edi\u00e7\u00e3o do Tutu DJs Fest","author":"noticiasribeiraopreto.com.br","date":"20 de February de 2024","format":false,"excerpt":"O Dia Mundial do DJ \u00e9 comemorado em 09 de mar\u00e7o, data em que o Teatro de Arena de Ribeir\u00e3o Preto ser\u00e1 palco do Tutu DJs Fest, que reunir\u00e1 v\u00e1rios DJs atuantes em um espa\u00e7o hist\u00f3rico da cidade, com m\u00fasica das 15h \u00e0s 22h.Realizado pelo coletivo Tutu DJs e Pantera\u2026","rel":"","context":"In &quot;Not\u00edcias de Ribeir\u00e3o Preto-SP e Regi\u00e3o&quot;","block_context":{"text":"Not\u00edcias de Ribeir\u00e3o Preto-SP e Regi\u00e3o","link":"https:\/\/noticiasribeiraopreto.com.br\/index.php\/category\/noticias-de-ribeirao-preto-sp-e-regiao-ismael-colosi\/"},"img":{"alt_text":"","src":"https:\/\/i0.wp.com\/noticiasribeiraopreto.com.br\/wp-content\/uploads\/2024\/02\/Foto-DJ-Taui-scaled.jpg?fit=968%2C645&ssl=1&resize=350%2C200","width":350,"height":200,"srcset":"https:\/\/i0.wp.com\/noticiasribeiraopreto.com.br\/wp-content\/uploads\/2024\/02\/Foto-DJ-Taui-scaled.jpg?fit=968%2C645&ssl=1&resize=350%2C200 1x, https:\/\/i0.wp.com\/noticiasribeiraopreto.com.br\/wp-content\/uploads\/2024\/02\/Foto-DJ-Taui-scaled.jpg?fit=968%2C645&ssl=1&resize=525%2C300 1.5x, https:\/\/i0.wp.com\/noticiasribeiraopreto.com.br\/wp-content\/uploads\/2024\/02\/Foto-DJ-Taui-scaled.jpg?fit=968%2C645&ssl=1&resize=700%2C400 2x"},"classes":[]},{"id":50289,"url":"https:\/\/noticiasribeiraopreto.com.br\/index.php\/2024\/05\/15\/cemiterio-de-ribeirao-recebe-mais-uma-edicao-de-visita-cultural-veja-como-participar\/","url_meta":{"origin":50273,"position":5},"title":"Cemit\u00e9rio de Ribeir\u00e3o recebe mais uma edi\u00e7\u00e3o de visita cultural; Veja como participar","author":"noticiasribeiraopreto.com.br","date":"15 de May de 2024","format":false,"excerpt":"O cemit\u00e9rio da Saudade, localizado no bairro Campos El\u00edseos, zona Norte de Ribeir\u00e3o Preto, recebe mais uma edi\u00e7\u00e3o da visita cultural mediada, no dia 26 de maio, a partir das 9h30. O evento \u00e9 gratuito e aberto para todos os p\u00fablicos, contudo, as vagas s\u00e3o limitadas. De acordo com a\u2026","rel":"","context":"In &quot;Not\u00edcias de Ribeir\u00e3o Preto-SP e Regi\u00e3o&quot;","block_context":{"text":"Not\u00edcias de Ribeir\u00e3o Preto-SP e Regi\u00e3o","link":"https:\/\/noticiasribeiraopreto.com.br\/index.php\/category\/noticias-de-ribeirao-preto-sp-e-regiao-ismael-colosi\/"},"img":{"alt_text":"","src":"https:\/\/i0.wp.com\/noticiasribeiraopreto.com.br\/wp-content\/uploads\/2024\/05\/visita_guiada_cemiterio_da_saudade_-_foto_fernando_gonzaga_19_2024-05-15_18-02-17_jpg_2024-05-15_18-02-17.webp.webp?fit=1200%2C800&ssl=1&resize=350%2C200","width":350,"height":200,"srcset":"https:\/\/i0.wp.com\/noticiasribeiraopreto.com.br\/wp-content\/uploads\/2024\/05\/visita_guiada_cemiterio_da_saudade_-_foto_fernando_gonzaga_19_2024-05-15_18-02-17_jpg_2024-05-15_18-02-17.webp.webp?fit=1200%2C800&ssl=1&resize=350%2C200 1x, https:\/\/i0.wp.com\/noticiasribeiraopreto.com.br\/wp-content\/uploads\/2024\/05\/visita_guiada_cemiterio_da_saudade_-_foto_fernando_gonzaga_19_2024-05-15_18-02-17_jpg_2024-05-15_18-02-17.webp.webp?fit=1200%2C800&ssl=1&resize=525%2C300 1.5x, https:\/\/i0.wp.com\/noticiasribeiraopreto.com.br\/wp-content\/uploads\/2024\/05\/visita_guiada_cemiterio_da_saudade_-_foto_fernando_gonzaga_19_2024-05-15_18-02-17_jpg_2024-05-15_18-02-17.webp.webp?fit=1200%2C800&ssl=1&resize=700%2C400 2x, https:\/\/i0.wp.com\/noticiasribeiraopreto.com.br\/wp-content\/uploads\/2024\/05\/visita_guiada_cemiterio_da_saudade_-_foto_fernando_gonzaga_19_2024-05-15_18-02-17_jpg_2024-05-15_18-02-17.webp.webp?fit=1200%2C800&ssl=1&resize=1050%2C600 3x"},"classes":[]}],"jetpack_sharing_enabled":true,"jetpack_shortlink":"https:\/\/wp.me\/peQAOb-d4R","_links":{"self":[{"href":"https:\/\/noticiasribeiraopreto.com.br\/index.php\/wp-json\/wp\/v2\/posts\/50273","targetHints":{"allow":["GET"]}}],"collection":[{"href":"https:\/\/noticiasribeiraopreto.com.br\/index.php\/wp-json\/wp\/v2\/posts"}],"about":[{"href":"https:\/\/noticiasribeiraopreto.com.br\/index.php\/wp-json\/wp\/v2\/types\/post"}],"author":[{"embeddable":true,"href":"https:\/\/noticiasribeiraopreto.com.br\/index.php\/wp-json\/wp\/v2\/users\/1"}],"replies":[{"embeddable":true,"href":"https:\/\/noticiasribeiraopreto.com.br\/index.php\/wp-json\/wp\/v2\/comments?post=50273"}],"version-history":[{"count":0,"href":"https:\/\/noticiasribeiraopreto.com.br\/index.php\/wp-json\/wp\/v2\/posts\/50273\/revisions"}],"wp:featuredmedia":[{"embeddable":true,"href":"https:\/\/noticiasribeiraopreto.com.br\/index.php\/wp-json\/wp\/v2\/media\/50274"}],"wp:attachment":[{"href":"https:\/\/noticiasribeiraopreto.com.br\/index.php\/wp-json\/wp\/v2\/media?parent=50273"}],"wp:term":[{"taxonomy":"category","embeddable":true,"href":"https:\/\/noticiasribeiraopreto.com.br\/index.php\/wp-json\/wp\/v2\/categories?post=50273"},{"taxonomy":"post_tag","embeddable":true,"href":"https:\/\/noticiasribeiraopreto.com.br\/index.php\/wp-json\/wp\/v2\/tags?post=50273"}],"curies":[{"name":"wp","href":"https:\/\/api.w.org\/{rel}","templated":true}]}}