{"id":50285,"date":"2024-05-15T15:31:45","date_gmt":"2024-05-15T18:31:45","guid":{"rendered":"https:\/\/noticiasribeiraopreto.com.br\/index.php\/2024\/05\/15\/marinha-alerta-para-ondas-de-ate-3-metros-no-litoral-de-sp\/"},"modified":"2024-05-15T15:31:45","modified_gmt":"2024-05-15T18:31:45","slug":"marinha-alerta-para-ondas-de-ate-3-metros-no-litoral-de-sp","status":"publish","type":"post","link":"https:\/\/noticiasribeiraopreto.com.br\/index.php\/2024\/05\/15\/marinha-alerta-para-ondas-de-ate-3-metros-no-litoral-de-sp\/","title":{"rendered":"Marinha alerta para ondas de at\u00e9 3 metros no litoral de SP"},"content":{"rendered":"<div class='code-block code-block-1' style='margin: 8px 0 8px auto; text-align: right; display: block; clear: both;'>\n<p><a href=\"https:\/\/wa.link\/vpicfd\"><img data-recalc-dims=\"1\" class=\"wp-image-4922\" style=\"aspect-ratio: 2.0253164556962027; width: 561px; height: auto;\" src=\"https:\/\/i0.wp.com\/ismaelcolosi.com.br\/wp-content\/uploads\/2023\/11\/grupo-de-empregos-whatsapp-e-facebook-ismael-colosi-vagas.jpg?ssl=1\" alt=\"\" \/><\/a><\/p>\n<!-- \/wp:image -->\n<\/div>\n<p> <br \/>\n<\/p>\n<div data-td-block-uid=\"tdi_101\">\n<div class=\"tdb-block-inner td-fix-index\">\n<p>A <strong>Marinha do Brasil <\/strong>emitiu na \u00faltima ter\u00e7a-feira (14) um alerta para a possibilidade de ressaca no <strong>litoral de S\u00e3o Paulo<\/strong> e do<strong> Rio de Janeiro<\/strong>, com expectativas de ondas de at\u00e9 3 metros entre<strong> Santos<\/strong> e <strong>Campos dos Goytacazes-RJ<\/strong>. <mark style=\"background-color:#fcb900\" class=\"has-inline-color has-black-color\">O alerta \u00e9 v\u00e1lido para o per\u00edodo entre quinta-feira (16) e s\u00e1bado (18).<\/mark><\/p>\n<p>O aviso meteorol\u00f3gico da Marinha apontam que, diante da condi\u00e7\u00e3o clim\u00e1tica, \u00e9 importante evitar a pr\u00e1tica de esportes aqu\u00e1ticos no mar nos pr\u00f3ximos dias.<\/p>\n<p>Conforme a Meteoblue, com exce\u00e7\u00e3o de sexta-feira (17), quando os term\u00f4metros variam entre 22\u00baC e 31\u00ba, para os outros dias, a m\u00e1xima deve passar de 26\u00baC. H\u00e1 expectativa de chuva forte no fim de semana.<\/p>\n<h2 class=\"wp-block-heading\"><strong>Veja a previs\u00e3o para Santos nos pr\u00f3ximos dias:<\/strong><\/h2>\n<ul>\n<li>Quinta-feira: entre 21\u00baC e 26C;<\/li>\n<\/ul>\n<ul>\n<li>Sexta-feira: entre 22\u00baC e 31\u00baC;<\/li>\n<\/ul>\n<ul>\n<li>S\u00e1bado: entre 21\u00baC e 25\u00baC;<\/li>\n<\/ul>\n<ul>\n<li>Domingo: entre 21\u00baC e 22\u00baC.<\/li>\n<\/ul>\n<h3 class=\"wp-block-heading\"><strong>Veja a seguir recomenda\u00e7\u00f5es de seguran\u00e7a em caso de ressaca mar\u00edtima:<\/strong><\/h3>\n<ul>\n<li>Evitar o banho de mar em \u00e1reas que estejam em condi\u00e7\u00f5es de ressaca;<\/li>\n<\/ul>\n<ul>\n<li>Evitar a pr\u00e1tica de esportes no mar;<\/li>\n<\/ul>\n<ul>\n<li>N\u00e3o permanecer em mirantes na orla ou em locais pr\u00f3ximos ao mar durante o per\u00edodo de ressaca;<\/li>\n<\/ul>\n<ul>\n<li>Os frequentadores de praias devem seguir as orienta\u00e7\u00f5es das equipes do Corpo de Bombeiros;<\/li>\n<\/ul>\n<ul>\n<li>Os pescadores devem evitar navegar durante o per\u00edodo de ressaca;<\/li>\n<\/ul>\n<ul>\n<li>Evitar trafegar de bicicleta na orla caso as ondas estejam atingindo a ciclovia;<\/li>\n<\/ul>\n<p>N\u00e3o entrar no mar para resgatar v\u00edtimas de acidente. Neste caso, acione imediatamente as equipes do <strong>Corpo de Bombeiros <\/strong>pelo telefone 193 (com informa\u00e7\u00f5es Renata Okumura\/Estad\u00e3o Conte\u00fado).<\/p>\n<p>SAIBA MAIS<br \/>Rodovia na regi\u00e3o de Ribeir\u00e3o \u00e9 a primeira no interior de SP a implantar ped\u00e1gio sem cancela<\/p>\n<h4 class=\"wp-block-heading\"><strong>FIQUE ON<\/strong><\/h4>\n<p>Fique ligado em tudo que acontece em Ribeir\u00e3o Preto e regi\u00e3o. Siga os perfis do<strong> acidade on <\/strong>no<a href=\"https:\/\/www.instagram.com\/acidadeonribeirao\" target=\"_blank\" rel=\"noreferrer noopener nofollow\"> Instagram<\/a> e no <a href=\"https:\/\/www.facebook.com\/acidadeonribeirao\/\" target=\"_blank\" rel=\"noreferrer noopener nofollow\">Facebook<\/a>.<\/p>\n<p>Receba not\u00edcias do<strong> acidade on<\/strong> no WhatsApp. <a href=\"https:\/\/chat.whatsapp.com\/CdrZ6xrf7quD44Vw3WlPuZ\" target=\"_blank\" rel=\"noreferrer noopener nofollow\">Para entrar no grupo, basta clicar aqui.<\/a><\/p>\n<p>Fa\u00e7a uma den\u00fancia ou sugira uma reportagem sobre Ribeir\u00e3o Preto e regi\u00e3o pelo WhatsApp: 16 99117 7802.<\/p>\n<p>VEJA TAMB\u00c9M<br \/>Por que Ivete Sangalo cancelou turn\u00ea?<\/p>\n<p><!-- AI CONTENT END 1 -->\n<\/div>\n<\/div>\n<p><script async src=\"\/\/www.instagram.com\/embed.js\"><\/script><br \/>\n<br \/><br \/>\n<br \/><a href=\"https:\/\/www.acidadeon.com\/ribeiraopreto\/cotidiano\/marinha-alerta-para-ondas-de-ate-3-metros-no-litoral-de-sp\/\">Source link <\/a><\/p>\n<!-- CONTENT END 1 -->\n","protected":false},"excerpt":{"rendered":"<p>A Marinha do Brasil emitiu na \u00faltima ter\u00e7a-feira (14) um alerta para a possibilidade de ressaca no litoral de S\u00e3o Paulo e do Rio de&#8230;<\/p>\n","protected":false},"author":1,"featured_media":50286,"comment_status":"open","ping_status":"open","sticky":false,"template":"","format":"standard","meta":{"advanced_seo_description":"","jetpack_seo_html_title":"","jetpack_seo_noindex":false,"jetpack_post_was_ever_published":false,"_jetpack_newsletter_access":"","_jetpack_dont_email_post_to_subs":false,"_jetpack_newsletter_tier_id":0,"_jetpack_memberships_contains_paywalled_content":false,"_jetpack_memberships_contains_paid_content":false,"footnotes":"","jetpack_publicize_message":"","jetpack_publicize_feature_enabled":true,"jetpack_social_post_already_shared":true,"jetpack_social_options":{"image_generator_settings":{"template":"highway","default_image_id":0,"font":"","enabled":false},"version":2}},"categories":[11],"tags":[],"class_list":["post-50285","post","type-post","status-publish","format-standard","has-post-thumbnail","hentry","category-noticias-de-ribeirao-preto-sp-e-regiao-ismael-colosi"],"jetpack_publicize_connections":[],"jetpack_featured_media_url":"https:\/\/i0.wp.com\/noticiasribeiraopreto.com.br\/wp-content\/uploads\/2024\/05\/AnyConv.com__santos_2024-05-15_18-21-48.webp.webp?fit=922%2C516&ssl=1","jetpack-related-posts":[{"id":82776,"url":"https:\/\/noticiasribeiraopreto.com.br\/index.php\/2026\/02\/26\/nova-frente-fria-e-zcas-provocam-temporais-nos-proximos-dias-no-interior-de-sp-veja-previsao\/","url_meta":{"origin":50285,"position":0},"title":"Nova frente fria e ZCAS provocam temporais nos pr\u00f3ximos dias no interior de SP; Veja previs\u00e3o","author":"noticiasribeiraopreto.com.br","date":"26 de February de 2026","format":false,"excerpt":"O avan\u00e7o de uma nova frente fria, combinado com a atua\u00e7\u00e3o da Zona de Converg\u00eancia do Atl\u00e2ntico Sul (ZCAS), mant\u00e9m o interior do estado de S\u00e3o Paulo em alerta para temporais e risco de altos acumulados de chuva nos pr\u00f3ximos dias. De acordo com a Climatempo, esta ser\u00e1 a quinta\u2026","rel":"","context":"In &quot;Not\u00edcias de Ribeir\u00e3o Preto-SP e Regi\u00e3o&quot;","block_context":{"text":"Not\u00edcias de Ribeir\u00e3o Preto-SP e Regi\u00e3o","link":"https:\/\/noticiasribeiraopreto.com.br\/index.php\/category\/noticias-de-ribeirao-preto-sp-e-regiao-ismael-colosi\/"},"img":{"alt_text":"","src":"https:\/\/i0.wp.com\/noticiasribeiraopreto.com.br\/wp-content\/uploads\/2025\/10\/Copia-de-Copia-de-Copia-de-TAMANHO-EXATO-PARA-FOTOS-NO-SISTEMA-NOVO-2025-10-09T141609.594_2025-10-09_17-16-18.webp.webp?fit=1200%2C675&ssl=1&resize=350%2C200","width":350,"height":200,"srcset":"https:\/\/i0.wp.com\/noticiasribeiraopreto.com.br\/wp-content\/uploads\/2025\/10\/Copia-de-Copia-de-Copia-de-TAMANHO-EXATO-PARA-FOTOS-NO-SISTEMA-NOVO-2025-10-09T141609.594_2025-10-09_17-16-18.webp.webp?fit=1200%2C675&ssl=1&resize=350%2C200 1x, https:\/\/i0.wp.com\/noticiasribeiraopreto.com.br\/wp-content\/uploads\/2025\/10\/Copia-de-Copia-de-Copia-de-TAMANHO-EXATO-PARA-FOTOS-NO-SISTEMA-NOVO-2025-10-09T141609.594_2025-10-09_17-16-18.webp.webp?fit=1200%2C675&ssl=1&resize=525%2C300 1.5x, https:\/\/i0.wp.com\/noticiasribeiraopreto.com.br\/wp-content\/uploads\/2025\/10\/Copia-de-Copia-de-Copia-de-TAMANHO-EXATO-PARA-FOTOS-NO-SISTEMA-NOVO-2025-10-09T141609.594_2025-10-09_17-16-18.webp.webp?fit=1200%2C675&ssl=1&resize=700%2C400 2x, https:\/\/i0.wp.com\/noticiasribeiraopreto.com.br\/wp-content\/uploads\/2025\/10\/Copia-de-Copia-de-Copia-de-TAMANHO-EXATO-PARA-FOTOS-NO-SISTEMA-NOVO-2025-10-09T141609.594_2025-10-09_17-16-18.webp.webp?fit=1200%2C675&ssl=1&resize=1050%2C600 3x"},"classes":[]},{"id":17008,"url":"https:\/\/noticiasribeiraopreto.com.br\/index.php\/2023\/12\/17\/onda-de-calor-vai-continuar-veja-a-previsao-para-os-proximos-dias-em-ribeirao\/","url_meta":{"origin":50285,"position":1},"title":"Onda de calor vai continuar? Veja a previs\u00e3o para os pr\u00f3ximos dias em Ribeir\u00e3o","author":"noticiasribeiraopreto.com.br","date":"17 de December de 2023","format":false,"excerpt":"Ribeir\u00e3o Preto tem mais um dia de onda de calor, neste domingo (17). Os term\u00f4metros devem atingir os 37\u00baC, de acordo com a Climatempo. A CETESB (Companhia Ambiental do Estado de S\u00e3o Paulo) registrou m\u00ednima de 23,5\u00baC, durante a madrugada. A meteorologia prev\u00ea um dia de sol com aumento de\u2026","rel":"","context":"In &quot;Not\u00edcias de Ribeir\u00e3o Preto-SP e Regi\u00e3o&quot;","block_context":{"text":"Not\u00edcias de Ribeir\u00e3o Preto-SP e Regi\u00e3o","link":"https:\/\/noticiasribeiraopreto.com.br\/index.php\/category\/noticias-de-ribeirao-preto-sp-e-regiao-ismael-colosi\/"},"img":{"alt_text":"","src":"https:\/\/i0.wp.com\/noticiasribeiraopreto.com.br\/wp-content\/uploads\/2023\/12\/WhatsApp-Image-2023-11-26-at-17.35.53.jpeg?fit=1200%2C675&ssl=1&resize=350%2C200","width":350,"height":200,"srcset":"https:\/\/i0.wp.com\/noticiasribeiraopreto.com.br\/wp-content\/uploads\/2023\/12\/WhatsApp-Image-2023-11-26-at-17.35.53.jpeg?fit=1200%2C675&ssl=1&resize=350%2C200 1x, https:\/\/i0.wp.com\/noticiasribeiraopreto.com.br\/wp-content\/uploads\/2023\/12\/WhatsApp-Image-2023-11-26-at-17.35.53.jpeg?fit=1200%2C675&ssl=1&resize=525%2C300 1.5x, https:\/\/i0.wp.com\/noticiasribeiraopreto.com.br\/wp-content\/uploads\/2023\/12\/WhatsApp-Image-2023-11-26-at-17.35.53.jpeg?fit=1200%2C675&ssl=1&resize=700%2C400 2x, https:\/\/i0.wp.com\/noticiasribeiraopreto.com.br\/wp-content\/uploads\/2023\/12\/WhatsApp-Image-2023-11-26-at-17.35.53.jpeg?fit=1200%2C675&ssl=1&resize=1050%2C600 3x"},"classes":[]},{"id":16087,"url":"https:\/\/noticiasribeiraopreto.com.br\/index.php\/2023\/12\/14\/veja-ate-quando-deve-durar-a-onda-de-calor-com-temperaturas-de-ate-40oc-no-interior-de-sp\/","url_meta":{"origin":50285,"position":2},"title":"Veja at\u00e9 quando deve durar a onda de calor com temperaturas de at\u00e9 40\u00baC no interior de SP","author":"noticiasribeiraopreto.com.br","date":"14 de December de 2023","format":false,"excerpt":"Uma nova onda de calor chegou ao interior de S\u00e3o Paulo, nesta quinta-feira (14), e promete elevar as temperaturas entre 3\u00baC e 5\u00baC. Isso acontece devido \u00e0 atua\u00e7\u00e3o de uma \u00e1rea de alta press\u00e3o, o que deixa o ar mais seco. Em Ribeir\u00e3o Preto, Barretos e Franca, a previs\u00e3o, de\u2026","rel":"","context":"In &quot;Not\u00edcias de Ribeir\u00e3o Preto-SP e Regi\u00e3o&quot;","block_context":{"text":"Not\u00edcias de Ribeir\u00e3o Preto-SP e Regi\u00e3o","link":"https:\/\/noticiasribeiraopreto.com.br\/index.php\/category\/noticias-de-ribeirao-preto-sp-e-regiao-ismael-colosi\/"},"img":{"alt_text":"","src":"https:\/\/i0.wp.com\/noticiasribeiraopreto.com.br\/wp-content\/uploads\/2023\/12\/trbr5837.png?fit=1170%2C700&ssl=1&resize=350%2C200","width":350,"height":200,"srcset":"https:\/\/i0.wp.com\/noticiasribeiraopreto.com.br\/wp-content\/uploads\/2023\/12\/trbr5837.png?fit=1170%2C700&ssl=1&resize=350%2C200 1x, https:\/\/i0.wp.com\/noticiasribeiraopreto.com.br\/wp-content\/uploads\/2023\/12\/trbr5837.png?fit=1170%2C700&ssl=1&resize=525%2C300 1.5x, https:\/\/i0.wp.com\/noticiasribeiraopreto.com.br\/wp-content\/uploads\/2023\/12\/trbr5837.png?fit=1170%2C700&ssl=1&resize=700%2C400 2x, https:\/\/i0.wp.com\/noticiasribeiraopreto.com.br\/wp-content\/uploads\/2023\/12\/trbr5837.png?fit=1170%2C700&ssl=1&resize=1050%2C600 3x"},"classes":[]},{"id":81163,"url":"https:\/\/noticiasribeiraopreto.com.br\/index.php\/2025\/12\/26\/ate-quando-vai-o-alerta-de-onda-de-calor-no-interior-de-sp-veja-previsao\/","url_meta":{"origin":50285,"position":3},"title":"At\u00e9 quando vai o alerta de onda de calor no interior de SP? Veja previs\u00e3o","author":"noticiasribeiraopreto.com.br","date":"26 de December de 2025","format":false,"excerpt":"O calor deve continuar nos pr\u00f3ximos dias em todo o interior do estado de S\u00e3o Paulo, mantendo as temperaturas acima da m\u00e9dia para o per\u00edodo, segundo os meteorologistas. Por causa disso, o Instituto Nacional de Meteorologia (Inmet) emitiu um alerta de perigo para onda de calor para a regi\u00e3o, v\u00e1lido\u2026","rel":"","context":"In &quot;Not\u00edcias de Ribeir\u00e3o Preto-SP e Regi\u00e3o&quot;","block_context":{"text":"Not\u00edcias de Ribeir\u00e3o Preto-SP e Regi\u00e3o","link":"https:\/\/noticiasribeiraopreto.com.br\/index.php\/category\/noticias-de-ribeirao-preto-sp-e-regiao-ismael-colosi\/"},"img":{"alt_text":"","src":"https:\/\/i0.wp.com\/noticiasribeiraopreto.com.br\/wp-content\/uploads\/2025\/12\/calor-onda.jpeg?fit=1200%2C675&ssl=1&resize=350%2C200","width":350,"height":200,"srcset":"https:\/\/i0.wp.com\/noticiasribeiraopreto.com.br\/wp-content\/uploads\/2025\/12\/calor-onda.jpeg?fit=1200%2C675&ssl=1&resize=350%2C200 1x, https:\/\/i0.wp.com\/noticiasribeiraopreto.com.br\/wp-content\/uploads\/2025\/12\/calor-onda.jpeg?fit=1200%2C675&ssl=1&resize=525%2C300 1.5x, https:\/\/i0.wp.com\/noticiasribeiraopreto.com.br\/wp-content\/uploads\/2025\/12\/calor-onda.jpeg?fit=1200%2C675&ssl=1&resize=700%2C400 2x, https:\/\/i0.wp.com\/noticiasribeiraopreto.com.br\/wp-content\/uploads\/2025\/12\/calor-onda.jpeg?fit=1200%2C675&ssl=1&resize=1050%2C600 3x"},"classes":[]},{"id":37372,"url":"https:\/\/noticiasribeiraopreto.com.br\/index.php\/2024\/02\/15\/ate-quando-chove-no-interior-de-sp-veja-a-lista-de-cidades-que-continuam-em-alerta\/","url_meta":{"origin":50285,"position":4},"title":"At\u00e9 quando chove no interior de SP? Veja a lista de cidades que continuam em alerta","author":"noticiasribeiraopreto.com.br","date":"15 de February de 2024","format":false,"excerpt":"O Instituto Nacional de Meteorologia (INMET) prorrogou o alerta de perigo para chuvas intensas no interior de S\u00e3o Paulo, at\u00e9 \u00e0s 10h desta sexta-feira (15). Contudo, de acordo com a Climatempo, a previs\u00e3o \u00e9 de que a chuva continue at\u00e9 o final de semana. Pelo menos at\u00e9 o domingo, 18\u2026","rel":"","context":"In &quot;Not\u00edcias de Ribeir\u00e3o Preto-SP e Regi\u00e3o&quot;","block_context":{"text":"Not\u00edcias de Ribeir\u00e3o Preto-SP e Regi\u00e3o","link":"https:\/\/noticiasribeiraopreto.com.br\/index.php\/category\/noticias-de-ribeirao-preto-sp-e-regiao-ismael-colosi\/"},"img":{"alt_text":"","src":"https:\/\/i0.wp.com\/noticiasribeiraopreto.com.br\/wp-content\/uploads\/2024\/02\/WhatsApp-Image-2024-02-15-at-17.13.11-scaled.jpeg?fit=1200%2C675&ssl=1&resize=350%2C200","width":350,"height":200,"srcset":"https:\/\/i0.wp.com\/noticiasribeiraopreto.com.br\/wp-content\/uploads\/2024\/02\/WhatsApp-Image-2024-02-15-at-17.13.11-scaled.jpeg?fit=1200%2C675&ssl=1&resize=350%2C200 1x, https:\/\/i0.wp.com\/noticiasribeiraopreto.com.br\/wp-content\/uploads\/2024\/02\/WhatsApp-Image-2024-02-15-at-17.13.11-scaled.jpeg?fit=1200%2C675&ssl=1&resize=525%2C300 1.5x, https:\/\/i0.wp.com\/noticiasribeiraopreto.com.br\/wp-content\/uploads\/2024\/02\/WhatsApp-Image-2024-02-15-at-17.13.11-scaled.jpeg?fit=1200%2C675&ssl=1&resize=700%2C400 2x, https:\/\/i0.wp.com\/noticiasribeiraopreto.com.br\/wp-content\/uploads\/2024\/02\/WhatsApp-Image-2024-02-15-at-17.13.11-scaled.jpeg?fit=1200%2C675&ssl=1&resize=1050%2C600 3x"},"classes":[]},{"id":58523,"url":"https:\/\/noticiasribeiraopreto.com.br\/index.php\/2024\/09\/29\/interior-de-sp-tem-alerta-para-nova-onda-de-calor-veja-previsao\/","url_meta":{"origin":50285,"position":5},"title":"Interior de SP tem alerta para nova onda de calor; Veja previs\u00e3o","author":"noticiasribeiraopreto.com.br","date":"29 de September de 2024","format":false,"excerpt":"O ar quente e seco volta a ganhar for\u00e7a no interior de S\u00e3o Paulo a partir deste domingo (29), dando in\u00edcio a oitava onda de calor na regi\u00e3o, de acordo com a Climatempo. Conforme a previs\u00e3o do servi\u00e7o de meteorologia, nos pr\u00f3ximos dias podemos esperar qualidade do ar comprometida, potencial\u2026","rel":"","context":"In &quot;Not\u00edcias de Ribeir\u00e3o Preto-SP e Regi\u00e3o&quot;","block_context":{"text":"Not\u00edcias de Ribeir\u00e3o Preto-SP e Regi\u00e3o","link":"https:\/\/noticiasribeiraopreto.com.br\/index.php\/category\/noticias-de-ribeirao-preto-sp-e-regiao-ismael-colosi\/"},"img":{"alt_text":"","src":"https:\/\/i0.wp.com\/noticiasribeiraopreto.com.br\/wp-content\/uploads\/2024\/09\/20230916_171444.jpg?fit=1200%2C716&ssl=1&resize=350%2C200","width":350,"height":200,"srcset":"https:\/\/i0.wp.com\/noticiasribeiraopreto.com.br\/wp-content\/uploads\/2024\/09\/20230916_171444.jpg?fit=1200%2C716&ssl=1&resize=350%2C200 1x, https:\/\/i0.wp.com\/noticiasribeiraopreto.com.br\/wp-content\/uploads\/2024\/09\/20230916_171444.jpg?fit=1200%2C716&ssl=1&resize=525%2C300 1.5x, https:\/\/i0.wp.com\/noticiasribeiraopreto.com.br\/wp-content\/uploads\/2024\/09\/20230916_171444.jpg?fit=1200%2C716&ssl=1&resize=700%2C400 2x, https:\/\/i0.wp.com\/noticiasribeiraopreto.com.br\/wp-content\/uploads\/2024\/09\/20230916_171444.jpg?fit=1200%2C716&ssl=1&resize=1050%2C600 3x"},"classes":[]}],"jetpack_sharing_enabled":true,"jetpack_shortlink":"https:\/\/wp.me\/peQAOb-d53","_links":{"self":[{"href":"https:\/\/noticiasribeiraopreto.com.br\/index.php\/wp-json\/wp\/v2\/posts\/50285","targetHints":{"allow":["GET"]}}],"collection":[{"href":"https:\/\/noticiasribeiraopreto.com.br\/index.php\/wp-json\/wp\/v2\/posts"}],"about":[{"href":"https:\/\/noticiasribeiraopreto.com.br\/index.php\/wp-json\/wp\/v2\/types\/post"}],"author":[{"embeddable":true,"href":"https:\/\/noticiasribeiraopreto.com.br\/index.php\/wp-json\/wp\/v2\/users\/1"}],"replies":[{"embeddable":true,"href":"https:\/\/noticiasribeiraopreto.com.br\/index.php\/wp-json\/wp\/v2\/comments?post=50285"}],"version-history":[{"count":0,"href":"https:\/\/noticiasribeiraopreto.com.br\/index.php\/wp-json\/wp\/v2\/posts\/50285\/revisions"}],"wp:featuredmedia":[{"embeddable":true,"href":"https:\/\/noticiasribeiraopreto.com.br\/index.php\/wp-json\/wp\/v2\/media\/50286"}],"wp:attachment":[{"href":"https:\/\/noticiasribeiraopreto.com.br\/index.php\/wp-json\/wp\/v2\/media?parent=50285"}],"wp:term":[{"taxonomy":"category","embeddable":true,"href":"https:\/\/noticiasribeiraopreto.com.br\/index.php\/wp-json\/wp\/v2\/categories?post=50285"},{"taxonomy":"post_tag","embeddable":true,"href":"https:\/\/noticiasribeiraopreto.com.br\/index.php\/wp-json\/wp\/v2\/tags?post=50285"}],"curies":[{"name":"wp","href":"https:\/\/api.w.org\/{rel}","templated":true}]}}