{"id":50289,"date":"2024-05-15T15:46:12","date_gmt":"2024-05-15T18:46:12","guid":{"rendered":"https:\/\/noticiasribeiraopreto.com.br\/index.php\/2024\/05\/15\/cemiterio-de-ribeirao-recebe-mais-uma-edicao-de-visita-cultural-veja-como-participar\/"},"modified":"2024-05-15T15:46:12","modified_gmt":"2024-05-15T18:46:12","slug":"cemiterio-de-ribeirao-recebe-mais-uma-edicao-de-visita-cultural-veja-como-participar","status":"publish","type":"post","link":"https:\/\/noticiasribeiraopreto.com.br\/index.php\/2024\/05\/15\/cemiterio-de-ribeirao-recebe-mais-uma-edicao-de-visita-cultural-veja-como-participar\/","title":{"rendered":"Cemit\u00e9rio de Ribeir\u00e3o recebe mais uma edi\u00e7\u00e3o de visita cultural; Veja como participar"},"content":{"rendered":"<div class='code-block code-block-1' style='margin: 8px 0 8px auto; text-align: right; display: block; clear: both;'>\n<p><a href=\"https:\/\/wa.link\/vpicfd\"><img data-recalc-dims=\"1\" class=\"wp-image-4922\" style=\"aspect-ratio: 2.0253164556962027; width: 561px; height: auto;\" src=\"https:\/\/i0.wp.com\/ismaelcolosi.com.br\/wp-content\/uploads\/2023\/11\/grupo-de-empregos-whatsapp-e-facebook-ismael-colosi-vagas.jpg?ssl=1\" alt=\"\" \/><\/a><\/p>\n<!-- \/wp:image -->\n<\/div>\n<p> <br \/>\n<\/p>\n<div>\n<p>O <strong>cemit\u00e9rio da Saudade<\/strong>, localizado no bairro Campos El\u00edseos, zona Norte de <strong>Ribeir\u00e3o Preto<\/strong>, recebe mais uma edi\u00e7\u00e3o da <strong>visita cultural mediada<\/strong>, no dia 26 de maio, a partir das 9h30.<\/p>\n<p>O evento \u00e9 gratuito e aberto para todos os p\u00fablicos, contudo, <strong>as vagas s\u00e3o limitadas<\/strong>. De acordo com a organiza\u00e7\u00e3o, ser\u00e3o oferecidos <strong>40 lugares para participa\u00e7\u00e3o<\/strong> \u2013 veja como se inscrever abaixo.<\/p>\n<p><mark style=\"background-color:#fcb900\" class=\"has-inline-color\">A visita tem o intuito de demonstrar que o cemit\u00e9rio n\u00e3o \u00e9 apenas um local de luto, sepultamentos, tristeza e morbidez, mas tamb\u00e9m de <strong>hist\u00f3ria<\/strong>, <strong>cultura<\/strong>, <strong>arte<\/strong>, <strong>educa\u00e7\u00e3o <\/strong>e at\u00e9 <strong>turismo<\/strong>.<\/mark><\/p>\n<figure class=\"wp-block-pullquote\">\n<blockquote>\n<p>Os cemit\u00e9rios convencionais, como o da Saudade, cont\u00e9m um acervo de esculturas, est\u00e1tuas e monumentos valioso, tornando-os verdadeiros museus a c\u00e9u aberto<\/p>\n<p><cite>diz o historiador e professor, Felipe Gon\u00e7alves de Souza, organizador da visita<\/cite><\/p><\/blockquote>\n<\/figure>\n<h2 class=\"wp-block-heading\"><strong>Como se inscrever?<\/strong><\/h2>\n<p>Para se inscrever, os interessados em participar do evento devem preencher um formul\u00e1rio on-line (<a href=\"https:\/\/docs.google.com\/forms\/d\/e\/1FAIpQLSfZzhPSn8hQHPwIx_sw6smJz3VIdzWVVykbBiMwxLkZknOF7A\/viewform\" target=\"_blank\" rel=\"noreferrer noopener\">clique aqui<\/a>). <strong>Vale ressaltar que ap\u00f3s o preenchimento das vagas, o documento ficar\u00e1 indispon\u00edvel.<\/strong><\/p>\n<p>A concentra\u00e7\u00e3o para o passeio acontece na entrada principal do cemit\u00e9rio, localizada na avenida Saudade, 1775, no bairro dos Campos El\u00edseos. Ap\u00f3s a visita\u00e7\u00e3o, ser\u00e1 oferecido caf\u00e9 da manh\u00e3 aos participantes.<\/p>\n<p>Tamb\u00e9m ser\u00e3o fornecidos <strong>copos de \u00e1gua<\/strong> aos participantes durante a expedi\u00e7\u00e3o na necr\u00f3pole.<\/p>\n<h3 class=\"wp-block-heading\"><strong>Personalidades de Ribeir\u00e3o Preto<\/strong><\/h3>\n<p>Fundado em 1893, o <strong>cemit\u00e9rio da Saudade<\/strong> \u00e9 o <strong>mais populosos de Ribeir\u00e3o Preto<\/strong>, de acordo com a Prefeitura do munic\u00edpio.<\/p>\n<p>No local est\u00e3o sepultadas personalidades relevantes para a hist\u00f3ria da cidade e do Brasil, como o Menino Zezinho, os prefeitos Cost\u00e1bile Romano, F\u00e1bio Barreto, Alfredo Condeixa e Camillo de Mattos, o jornalista Wilson Toni, o fundador da Vila Tib\u00e9rio Sr. Tib\u00e9rio Augusto Garcia de Senne, o ator dos filmes do Mazzaropi, Jos\u00e9 Velloni, entre outros.<\/p>\n<h4 class=\"wp-block-heading\"><strong>O que levar para a visita?<\/strong><\/h4>\n<p>Vale ressaltar que o cemit\u00e9rio \u00e9 um espa\u00e7o de rituais religiosos diversos e luto, portanto, \u00e9 importante que os participantes mantenham o respeito com os usu\u00e1rios do local.<\/p>\n<h5 class=\"wp-block-heading\"><strong>Tamb\u00e9m \u00e9 recomendado que as pessoas:<\/strong><\/h5>\n<ul>\n<li>Utilizem roupas e sapatos confort\u00e1veis;<\/li>\n<\/ul>\n<ul>\n<li>Fa\u00e7am o uso de protetor solar;<\/li>\n<\/ul>\n<ul>\n<li>Levem chap\u00e9us ou bon\u00e9s para se proteger do sol;<\/li>\n<\/ul>\n<ul>\n<li>Tomem os cuidados sanit\u00e1rios necess\u00e1rios em rela\u00e7\u00e3o \u00e0 covid-19 e a dengue (\u00e9 recomendado o uso de m\u00e1scara, \u00e1lcool em gel e repelente se poss\u00edvel);<\/li>\n<\/ul>\n<ul>\n<li>Tirem fotos ou gravem v\u00eddeos, mas se atentem em n\u00e3o exibir o nome dos falecidos e de suas fam\u00edlias.<\/li>\n<\/ul>\n<hr class=\"wp-block-separator has-alpha-channel-opacity\"\/>\n<p>SAIBA MAIS<\/p>\n<p>DJ KL Jay, do Racionais MCs, se apresenta em Ribeir\u00e3o Preto<\/p>\n<h4 class=\"wp-block-heading\"><strong>FIQUE ON<\/strong><\/h4>\n<p>Fique ligado em tudo que acontece em Ribeir\u00e3o Preto e regi\u00e3o. Siga os perfis do\u00a0<strong>acidade on\u00a0<\/strong>no\u00a0<a href=\"https:\/\/www.instagram.com\/acidadeonribeirao\" target=\"_blank\" rel=\"noreferrer noopener\">Instagram<\/a>\u00a0e no\u00a0<a href=\"https:\/\/www.facebook.com\/acidadeonribeirao\" target=\"_blank\" rel=\"noreferrer noopener\">Facebook<\/a>.<\/p>\n<p>Receba not\u00edcias do acidade on no WhatsApp. Para entrar no grupo, basta\u00a0<a href=\"https:\/\/chat.whatsapp.com\/CdrZ6xrf7quD44Vw3WlPuZ\" target=\"_blank\" rel=\"noreferrer noopener\">clicar aqui<\/a>.<\/p>\n<p>Fa\u00e7a uma den\u00fancia ou sugira uma reportagem sobre Ribeir\u00e3o Preto e regi\u00e3o pelo WhatsApp: 16 99117 7802.<\/p>\n<p>VEJA TAMB\u00c9M<\/p>\n<p>Como o Rio Grande do Sul ser\u00e1 reconstru\u00eddo?<\/p>\n<p><!-- AI CONTENT END 1 -->\n<\/div>\n<p><script async src=\"\/\/www.instagram.com\/embed.js\"><\/script><br \/>\n<br \/><br \/>\n<br \/><a href=\"https:\/\/www.acidadeon.com\/ribeiraopreto\/lazer-e-cultura\/cemiterio-de-ribeirao-recebe-mais-uma-edicao-de-visita-cultural-veja-como-participar\/\">Source link <\/a><\/p>\n<!-- CONTENT END 1 -->\n","protected":false},"excerpt":{"rendered":"<p>O cemit\u00e9rio da Saudade, localizado no bairro Campos El\u00edseos, zona Norte de Ribeir\u00e3o Preto, recebe mais uma edi\u00e7\u00e3o da visita cultural mediada, no dia 26&#8230;<\/p>\n","protected":false},"author":1,"featured_media":50290,"comment_status":"open","ping_status":"open","sticky":false,"template":"","format":"standard","meta":{"advanced_seo_description":"","jetpack_seo_html_title":"","jetpack_seo_noindex":false,"jetpack_post_was_ever_published":false,"_jetpack_newsletter_access":"","_jetpack_dont_email_post_to_subs":false,"_jetpack_newsletter_tier_id":0,"_jetpack_memberships_contains_paywalled_content":false,"_jetpack_memberships_contains_paid_content":false,"footnotes":"","jetpack_publicize_message":"","jetpack_publicize_feature_enabled":true,"jetpack_social_post_already_shared":true,"jetpack_social_options":{"image_generator_settings":{"template":"highway","default_image_id":0,"font":"","enabled":false},"version":2}},"categories":[11],"tags":[],"class_list":["post-50289","post","type-post","status-publish","format-standard","has-post-thumbnail","hentry","category-noticias-de-ribeirao-preto-sp-e-regiao-ismael-colosi"],"jetpack_publicize_connections":[],"jetpack_featured_media_url":"https:\/\/i0.wp.com\/noticiasribeiraopreto.com.br\/wp-content\/uploads\/2024\/05\/visita_guiada_cemiterio_da_saudade_-_foto_fernando_gonzaga_19_2024-05-15_18-02-17_jpg_2024-05-15_18-02-17.webp.webp?fit=1620%2C1080&ssl=1","jetpack-related-posts":[{"id":80375,"url":"https:\/\/noticiasribeiraopreto.com.br\/index.php\/2025\/11\/20\/cemiterio-da-saudade-sera-palco-de-nova-edicao-da-visita-cultural-mediada-veja-quando\/","url_meta":{"origin":50289,"position":0},"title":"Cemit\u00e9rio da Saudade ser\u00e1 palco de nova edi\u00e7\u00e3o da visita cultural mediada; Veja quando","author":"noticiasribeiraopreto.com.br","date":"20 de November de 2025","format":false,"excerpt":"O Cemit\u00e9rio da Saudade, localizado no bairro Campos El\u00edseos, na zona Norte de Ribeir\u00e3o Preto, receber\u00e1 mais uma edi\u00e7\u00e3o da visita cultural mediada \u201cUm Ribeir\u00e3o de Saudade\u201d no dia 30 de novembro, \u00e0s 9h30. O evento tem o intuito de demonstrar que o local n\u00e3o \u00e9 apenas um lugar de\u2026","rel":"","context":"In &quot;Not\u00edcias de Ribeir\u00e3o Preto-SP e Regi\u00e3o&quot;","block_context":{"text":"Not\u00edcias de Ribeir\u00e3o Preto-SP e Regi\u00e3o","link":"https:\/\/noticiasribeiraopreto.com.br\/index.php\/category\/noticias-de-ribeirao-preto-sp-e-regiao-ismael-colosi\/"},"img":{"alt_text":"","src":"https:\/\/i0.wp.com\/noticiasribeiraopreto.com.br\/wp-content\/uploads\/2025\/06\/visita_guiada_cemiterio_da_saudade_-_foto_fernando_gonzaga_19_2024-05-15_18-02-17_jpg_2024-05-15_18-02-17.webp.webp?fit=1200%2C800&ssl=1&resize=350%2C200","width":350,"height":200,"srcset":"https:\/\/i0.wp.com\/noticiasribeiraopreto.com.br\/wp-content\/uploads\/2025\/06\/visita_guiada_cemiterio_da_saudade_-_foto_fernando_gonzaga_19_2024-05-15_18-02-17_jpg_2024-05-15_18-02-17.webp.webp?fit=1200%2C800&ssl=1&resize=350%2C200 1x, https:\/\/i0.wp.com\/noticiasribeiraopreto.com.br\/wp-content\/uploads\/2025\/06\/visita_guiada_cemiterio_da_saudade_-_foto_fernando_gonzaga_19_2024-05-15_18-02-17_jpg_2024-05-15_18-02-17.webp.webp?fit=1200%2C800&ssl=1&resize=525%2C300 1.5x, https:\/\/i0.wp.com\/noticiasribeiraopreto.com.br\/wp-content\/uploads\/2025\/06\/visita_guiada_cemiterio_da_saudade_-_foto_fernando_gonzaga_19_2024-05-15_18-02-17_jpg_2024-05-15_18-02-17.webp.webp?fit=1200%2C800&ssl=1&resize=700%2C400 2x, https:\/\/i0.wp.com\/noticiasribeiraopreto.com.br\/wp-content\/uploads\/2025\/06\/visita_guiada_cemiterio_da_saudade_-_foto_fernando_gonzaga_19_2024-05-15_18-02-17_jpg_2024-05-15_18-02-17.webp.webp?fit=1200%2C800&ssl=1&resize=1050%2C600 3x"},"classes":[]},{"id":56996,"url":"https:\/\/noticiasribeiraopreto.com.br\/index.php\/2024\/08\/20\/ribeirao-preto-recebe-mais-uma-visita-cultural-no-cemiterio-da-saudade-veja-como-participar\/","url_meta":{"origin":50289,"position":1},"title":"Ribeir\u00e3o Preto recebe mais uma visita cultural no cemit\u00e9rio da Saudade; Veja como participar","author":"noticiasribeiraopreto.com.br","date":"20 de August de 2024","format":false,"excerpt":"Est\u00e3o abertas as inscri\u00e7\u00f5es para mais uma edi\u00e7\u00e3o da visita cultural ao cemit\u00e9rio da Saudade. A visita acontece no domingo (1\u00ba de setembro), a partir das 9h. O evento \u00e9 gratuito e aberto a todos os p\u00fablicos. As inscri\u00e7\u00f5es devem ser realizadas pela internet (clique aqui). \u201cO intuito da visita\u2026","rel":"","context":"In &quot;Not\u00edcias de Ribeir\u00e3o Preto-SP e Regi\u00e3o&quot;","block_context":{"text":"Not\u00edcias de Ribeir\u00e3o Preto-SP e Regi\u00e3o","link":"https:\/\/noticiasribeiraopreto.com.br\/index.php\/category\/noticias-de-ribeirao-preto-sp-e-regiao-ismael-colosi\/"},"img":{"alt_text":"","src":"https:\/\/i0.wp.com\/noticiasribeiraopreto.com.br\/wp-content\/uploads\/2024\/08\/WhatsApp-Image-2023-11-01-at-14.09.34.jpeg?fit=1200%2C900&ssl=1&resize=350%2C200","width":350,"height":200,"srcset":"https:\/\/i0.wp.com\/noticiasribeiraopreto.com.br\/wp-content\/uploads\/2024\/08\/WhatsApp-Image-2023-11-01-at-14.09.34.jpeg?fit=1200%2C900&ssl=1&resize=350%2C200 1x, https:\/\/i0.wp.com\/noticiasribeiraopreto.com.br\/wp-content\/uploads\/2024\/08\/WhatsApp-Image-2023-11-01-at-14.09.34.jpeg?fit=1200%2C900&ssl=1&resize=525%2C300 1.5x, https:\/\/i0.wp.com\/noticiasribeiraopreto.com.br\/wp-content\/uploads\/2024\/08\/WhatsApp-Image-2023-11-01-at-14.09.34.jpeg?fit=1200%2C900&ssl=1&resize=700%2C400 2x, https:\/\/i0.wp.com\/noticiasribeiraopreto.com.br\/wp-content\/uploads\/2024\/08\/WhatsApp-Image-2023-11-01-at-14.09.34.jpeg?fit=1200%2C900&ssl=1&resize=1050%2C600 3x"},"classes":[]},{"id":59093,"url":"https:\/\/noticiasribeiraopreto.com.br\/index.php\/2024\/10\/14\/cemiterio-de-ribeirao-preto-recebe-nova-edicao-de-visita-cultural-veja-quando\/","url_meta":{"origin":50289,"position":2},"title":"Cemit\u00e9rio de Ribeir\u00e3o Preto recebe nova edi\u00e7\u00e3o de visita cultural; Veja quando","author":"noticiasribeiraopreto.com.br","date":"14 de October de 2024","format":false,"excerpt":"Est\u00e3o abertas as inscri\u00e7\u00f5es para a 10\u00aa edi\u00e7\u00e3o da visita cultural ao cemit\u00e9rio da Saudade, em Ribeir\u00e3o Preto. O evento acontece no dia 27 de outubro, \u00e0s 9h. Os interessados devem se inscrever atrav\u00e9s de um formul\u00e1rio on-line (clique aqui). A visita \u00e9 gratuita e aberta para todos os p\u00fablicos,\u2026","rel":"","context":"In &quot;Not\u00edcias de Ribeir\u00e3o Preto-SP e Regi\u00e3o&quot;","block_context":{"text":"Not\u00edcias de Ribeir\u00e3o Preto-SP e Regi\u00e3o","link":"https:\/\/noticiasribeiraopreto.com.br\/index.php\/category\/noticias-de-ribeirao-preto-sp-e-regiao-ismael-colosi\/"},"img":{"alt_text":"","src":"https:\/\/i0.wp.com\/noticiasribeiraopreto.com.br\/wp-content\/uploads\/2024\/10\/inshot_20221101_084040702.jpg?fit=1200%2C868&ssl=1&resize=350%2C200","width":350,"height":200,"srcset":"https:\/\/i0.wp.com\/noticiasribeiraopreto.com.br\/wp-content\/uploads\/2024\/10\/inshot_20221101_084040702.jpg?fit=1200%2C868&ssl=1&resize=350%2C200 1x, https:\/\/i0.wp.com\/noticiasribeiraopreto.com.br\/wp-content\/uploads\/2024\/10\/inshot_20221101_084040702.jpg?fit=1200%2C868&ssl=1&resize=525%2C300 1.5x, https:\/\/i0.wp.com\/noticiasribeiraopreto.com.br\/wp-content\/uploads\/2024\/10\/inshot_20221101_084040702.jpg?fit=1200%2C868&ssl=1&resize=700%2C400 2x, https:\/\/i0.wp.com\/noticiasribeiraopreto.com.br\/wp-content\/uploads\/2024\/10\/inshot_20221101_084040702.jpg?fit=1200%2C868&ssl=1&resize=1050%2C600 3x"},"classes":[]},{"id":42096,"url":"https:\/\/noticiasribeiraopreto.com.br\/index.php\/2024\/03\/12\/cemiterio-da-saudade-de-ribeirao-recebe-nova-edicao-de-visita-cultural-guiada-veja-quando\/","url_meta":{"origin":50289,"position":3},"title":"Cemit\u00e9rio da Saudade de Ribeir\u00e3o recebe nova edi\u00e7\u00e3o de visita cultural guiada; Veja quando","author":"noticiasribeiraopreto.com.br","date":"12 de March de 2024","format":false,"excerpt":"O cemit\u00e9rio da Saudade, localizado no bairro Campos El\u00edseos, zona Norte de Ribeir\u00e3o Preto, recebe a terceira edi\u00e7\u00e3o de uma visita cultural mediada, no dia 24 de mar\u00e7o, a partir das 9h30. O intuito da visita \u00e9 demonstrar que o local n\u00e3o \u00e9 apenas um lugar de luto, sepultamento e\u2026","rel":"","context":"In &quot;Not\u00edcias de Ribeir\u00e3o Preto-SP e Regi\u00e3o&quot;","block_context":{"text":"Not\u00edcias de Ribeir\u00e3o Preto-SP e Regi\u00e3o","link":"https:\/\/noticiasribeiraopreto.com.br\/index.php\/category\/noticias-de-ribeirao-preto-sp-e-regiao-ismael-colosi\/"},"img":{"alt_text":"","src":"https:\/\/noticiasribeiraopreto.com.br\/wp-content\/uploads\/2024\/03\/whatsapp_image_2022-11-02_at_07_44_55_x1x.jpe","width":350,"height":200,"srcset":"https:\/\/noticiasribeiraopreto.com.br\/wp-content\/uploads\/2024\/03\/whatsapp_image_2022-11-02_at_07_44_55_x1x.jpe 1x, https:\/\/noticiasribeiraopreto.com.br\/wp-content\/uploads\/2024\/03\/whatsapp_image_2022-11-02_at_07_44_55_x1x.jpe 1.5x, https:\/\/noticiasribeiraopreto.com.br\/wp-content\/uploads\/2024\/03\/whatsapp_image_2022-11-02_at_07_44_55_x1x.jpe 2x, https:\/\/noticiasribeiraopreto.com.br\/wp-content\/uploads\/2024\/03\/whatsapp_image_2022-11-02_at_07_44_55_x1x.jpe 3x"},"classes":[]},{"id":63359,"url":"https:\/\/noticiasribeiraopreto.com.br\/index.php\/2025\/02\/11\/cemiterio-de-ribeirao-preto-recebe-nova-edicao-de-visita-cultural-veja-como-participar\/","url_meta":{"origin":50289,"position":4},"title":"Cemit\u00e9rio de Ribeir\u00e3o Preto recebe nova edi\u00e7\u00e3o de visita cultural; Veja como participar","author":"noticiasribeiraopreto.com.br","date":"11 de February de 2025","format":false,"excerpt":"O Cemit\u00e9rio da Saudade, em Ribeir\u00e3o Preto, recebe uma nova edi\u00e7\u00e3o da visita cultural mediada. As inscri\u00e7\u00f5es est\u00e3o abertas e o passeio acontece no dia 23 de fevereiro, \u00e0s 9h. Os interessados devem se inscrever atrav\u00e9s de um formul\u00e1rio pela internet (clique aqui). A visita \u00e9 gratuita e aberta ao\u2026","rel":"","context":"In &quot;Not\u00edcias de Ribeir\u00e3o Preto-SP e Regi\u00e3o&quot;","block_context":{"text":"Not\u00edcias de Ribeir\u00e3o Preto-SP e Regi\u00e3o","link":"https:\/\/noticiasribeiraopreto.com.br\/index.php\/category\/noticias-de-ribeirao-preto-sp-e-regiao-ismael-colosi\/"},"img":{"alt_text":"","src":"https:\/\/i0.wp.com\/noticiasribeiraopreto.com.br\/wp-content\/uploads\/2024\/05\/visita_guiada_cemiterio_da_saudade_-_foto_fernando_gonzaga_19_2024-05-15_18-02-17_jpg_2024-05-15_18-02-17.webp.webp?fit=1200%2C800&ssl=1&resize=350%2C200","width":350,"height":200,"srcset":"https:\/\/i0.wp.com\/noticiasribeiraopreto.com.br\/wp-content\/uploads\/2024\/05\/visita_guiada_cemiterio_da_saudade_-_foto_fernando_gonzaga_19_2024-05-15_18-02-17_jpg_2024-05-15_18-02-17.webp.webp?fit=1200%2C800&ssl=1&resize=350%2C200 1x, https:\/\/i0.wp.com\/noticiasribeiraopreto.com.br\/wp-content\/uploads\/2024\/05\/visita_guiada_cemiterio_da_saudade_-_foto_fernando_gonzaga_19_2024-05-15_18-02-17_jpg_2024-05-15_18-02-17.webp.webp?fit=1200%2C800&ssl=1&resize=525%2C300 1.5x, https:\/\/i0.wp.com\/noticiasribeiraopreto.com.br\/wp-content\/uploads\/2024\/05\/visita_guiada_cemiterio_da_saudade_-_foto_fernando_gonzaga_19_2024-05-15_18-02-17_jpg_2024-05-15_18-02-17.webp.webp?fit=1200%2C800&ssl=1&resize=700%2C400 2x, https:\/\/i0.wp.com\/noticiasribeiraopreto.com.br\/wp-content\/uploads\/2024\/05\/visita_guiada_cemiterio_da_saudade_-_foto_fernando_gonzaga_19_2024-05-15_18-02-17_jpg_2024-05-15_18-02-17.webp.webp?fit=1200%2C800&ssl=1&resize=1050%2C600 3x"},"classes":[]},{"id":83412,"url":"https:\/\/noticiasribeiraopreto.com.br\/index.php\/2026\/03\/17\/visita-guiada-no-cemiterio-da-saudade-tera-edicao-especial-sobre-mulheres\/","url_meta":{"origin":50289,"position":5},"title":"Visita guiada no Cemit\u00e9rio da Saudade ter\u00e1 edi\u00e7\u00e3o especial sobre mulheres","author":"noticiasribeiraopreto.com.br","date":"17 de March de 2026","format":false,"excerpt":"O cemit\u00e9rio da Saudade, em Ribeir\u00e3o Preto, recebe no dia 29 de mar\u00e7o uma edi\u00e7\u00e3o especial do projeto \u201cUm Ribeir\u00e3o de Saudade\u201d. Desta vez, o roteiro ser\u00e1 tem\u00e1tico em homenagem ao Dia das Mulheres. Com o tema \u201cMulheres e Representa\u00e7\u00f5es Femininas\u201d, a visita prop\u00f5e um percurso por sepulturas e personalidades\u2026","rel":"","context":"In &quot;Not\u00edcias de Ribeir\u00e3o Preto-SP e Regi\u00e3o&quot;","block_context":{"text":"Not\u00edcias de Ribeir\u00e3o Preto-SP e Regi\u00e3o","link":"https:\/\/noticiasribeiraopreto.com.br\/index.php\/category\/noticias-de-ribeirao-preto-sp-e-regiao-ismael-colosi\/"},"img":{"alt_text":"","src":"https:\/\/i0.wp.com\/noticiasribeiraopreto.com.br\/wp-content\/uploads\/2026\/03\/Copia-de-Copia-de-Copia-de-TAMANHO-EXATO-PARA-FOTOS-NO-SISTEMA-NOVO-2025-09-20T095944.199_2025-09-20_12-59-51.webp.webp?fit=1200%2C675&ssl=1&resize=350%2C200","width":350,"height":200,"srcset":"https:\/\/i0.wp.com\/noticiasribeiraopreto.com.br\/wp-content\/uploads\/2026\/03\/Copia-de-Copia-de-Copia-de-TAMANHO-EXATO-PARA-FOTOS-NO-SISTEMA-NOVO-2025-09-20T095944.199_2025-09-20_12-59-51.webp.webp?fit=1200%2C675&ssl=1&resize=350%2C200 1x, https:\/\/i0.wp.com\/noticiasribeiraopreto.com.br\/wp-content\/uploads\/2026\/03\/Copia-de-Copia-de-Copia-de-TAMANHO-EXATO-PARA-FOTOS-NO-SISTEMA-NOVO-2025-09-20T095944.199_2025-09-20_12-59-51.webp.webp?fit=1200%2C675&ssl=1&resize=525%2C300 1.5x, https:\/\/i0.wp.com\/noticiasribeiraopreto.com.br\/wp-content\/uploads\/2026\/03\/Copia-de-Copia-de-Copia-de-TAMANHO-EXATO-PARA-FOTOS-NO-SISTEMA-NOVO-2025-09-20T095944.199_2025-09-20_12-59-51.webp.webp?fit=1200%2C675&ssl=1&resize=700%2C400 2x, https:\/\/i0.wp.com\/noticiasribeiraopreto.com.br\/wp-content\/uploads\/2026\/03\/Copia-de-Copia-de-Copia-de-TAMANHO-EXATO-PARA-FOTOS-NO-SISTEMA-NOVO-2025-09-20T095944.199_2025-09-20_12-59-51.webp.webp?fit=1200%2C675&ssl=1&resize=1050%2C600 3x"},"classes":[]}],"jetpack_sharing_enabled":true,"jetpack_shortlink":"https:\/\/wp.me\/peQAOb-d57","_links":{"self":[{"href":"https:\/\/noticiasribeiraopreto.com.br\/index.php\/wp-json\/wp\/v2\/posts\/50289","targetHints":{"allow":["GET"]}}],"collection":[{"href":"https:\/\/noticiasribeiraopreto.com.br\/index.php\/wp-json\/wp\/v2\/posts"}],"about":[{"href":"https:\/\/noticiasribeiraopreto.com.br\/index.php\/wp-json\/wp\/v2\/types\/post"}],"author":[{"embeddable":true,"href":"https:\/\/noticiasribeiraopreto.com.br\/index.php\/wp-json\/wp\/v2\/users\/1"}],"replies":[{"embeddable":true,"href":"https:\/\/noticiasribeiraopreto.com.br\/index.php\/wp-json\/wp\/v2\/comments?post=50289"}],"version-history":[{"count":0,"href":"https:\/\/noticiasribeiraopreto.com.br\/index.php\/wp-json\/wp\/v2\/posts\/50289\/revisions"}],"wp:featuredmedia":[{"embeddable":true,"href":"https:\/\/noticiasribeiraopreto.com.br\/index.php\/wp-json\/wp\/v2\/media\/50290"}],"wp:attachment":[{"href":"https:\/\/noticiasribeiraopreto.com.br\/index.php\/wp-json\/wp\/v2\/media?parent=50289"}],"wp:term":[{"taxonomy":"category","embeddable":true,"href":"https:\/\/noticiasribeiraopreto.com.br\/index.php\/wp-json\/wp\/v2\/categories?post=50289"},{"taxonomy":"post_tag","embeddable":true,"href":"https:\/\/noticiasribeiraopreto.com.br\/index.php\/wp-json\/wp\/v2\/tags?post=50289"}],"curies":[{"name":"wp","href":"https:\/\/api.w.org\/{rel}","templated":true}]}}