{"id":50291,"date":"2024-05-15T15:50:12","date_gmt":"2024-05-15T18:50:12","guid":{"rendered":"https:\/\/noticiasribeiraopreto.com.br\/index.php\/2024\/05\/15\/novidades-no-bolsa-familia-governo-inclui-mais-familias-no-programa-confira\/"},"modified":"2024-05-15T15:50:12","modified_gmt":"2024-05-15T18:50:12","slug":"novidades-no-bolsa-familia-governo-inclui-mais-familias-no-programa-confira","status":"publish","type":"post","link":"https:\/\/noticiasribeiraopreto.com.br\/index.php\/2024\/05\/15\/novidades-no-bolsa-familia-governo-inclui-mais-familias-no-programa-confira\/","title":{"rendered":"Novidades no Bolsa Fam\u00edlia: Governo inclui mais fam\u00edlias no programa; Confira"},"content":{"rendered":"<div class='code-block code-block-1' style='margin: 8px 0 8px auto; text-align: right; display: block; clear: both;'>\n<p><a href=\"https:\/\/wa.link\/vpicfd\"><img data-recalc-dims=\"1\" class=\"wp-image-4922\" style=\"aspect-ratio: 2.0253164556962027; width: 561px; height: auto;\" src=\"https:\/\/i0.wp.com\/ismaelcolosi.com.br\/wp-content\/uploads\/2023\/11\/grupo-de-empregos-whatsapp-e-facebook-ismael-colosi-vagas.jpg?ssl=1\" alt=\"\" \/><\/a><\/p>\n<!-- \/wp:image -->\n<\/div>\n<p> <br \/>\n<\/p>\n<div data-td-block-uid=\"tdi_88\">\n<div class=\"tdb-block-inner td-fix-index\">\n<p style=\"text-align: justify;\"><span style=\"font-family: arial, helvetica, sans-serif; font-size: 14pt;\">Diante de uma das maiores trag\u00e9dias clim\u00e1ticas da hist\u00f3ria do Rio Grande do Sul. Nesta segunda-feira (13), o presidente Luiz In\u00e1cio Lula da Silva (PT) anunciou uma s\u00e9rie de medidas de apoio para ajudar os atingidos pelo Rio Grande do Sul.<\/span><\/p>\n<p style=\"text-align: justify;\"><span style=\"font-family: arial, helvetica, sans-serif; font-size: 14pt;\">Por isso, entre as medidas anunciadas pelo Governo federal est\u00e1 a inclus\u00e3o de pessoas que perderam temporariamente a renda por falta de moradia no Bolsa Fam\u00edlia. Wellington Diaz, ministro do Desenvolvimento, Assist\u00eancia Social, Fam\u00edlias e Resposta \u00e0 Fome, disse que inicialmente se estimava que mais de 20.000 fam\u00edlias participariam de programas sociais este m\u00eas.<\/span><\/p>\n<h2><strong><span style=\"font-family: arial, helvetica, sans-serif;\">Novas fam\u00edlias no Bolsa Fam\u00edlia<\/span><\/strong><\/h2>\n<p style=\"text-align: justify;\"><span style=\"font-family: arial, helvetica, sans-serif; font-size: 14pt;\">D\u00edaz disse ao G1 que as fam\u00edlias que perderam a renda no Rio Grande do Sul devido \u00e0s enchentes n\u00e3o precisar\u00e3o esperar at\u00e9 junho para enviar dinheiro. Dessa forma, a equipe do Minist\u00e9rio da Sa\u00fade, Trabalho e Previd\u00eancia buscar\u00e1 pessoas que passaram a atender aos crit\u00e9rios de pobreza e extrema pobreza.<\/span><\/p>\n<p style=\"text-align: justify;\"><span style=\"font-family: arial, helvetica, sans-serif; font-size: 14pt;\">Dessa forma, segundo D\u00edaz, ser\u00e3o identificadas as fam\u00edlias que nunca foram cadastradas no Cadastro \u00danico de Programas Sociais do Governo Federal (Cad \u00danico) e as que nunca foram ao Bolsa Fam\u00edlia.<\/span><\/p>\n<h2><strong><span style=\"font-family: arial, helvetica, sans-serif;\">Pagamento antecipado<\/span><\/strong><\/h2>\n<p style=\"text-align: justify;\"><span style=\"font-family: arial, helvetica, sans-serif; font-size: 14pt;\">O Minist\u00e9rio da Sa\u00fade, Trabalho e Previd\u00eancia ainda n\u00e3o tem uma previs\u00e3o de quando os pagamentos ser\u00e3o feitos a essas novas fam\u00edlias, mas disse que as remessas vir\u00e3o com sal\u00e1rios adicionais ainda este m\u00eas. No caso do ga\u00facho, que j\u00e1 faz parte do Bolsa Fam\u00edlia, a libera\u00e7\u00e3o ocorrer\u00e1 nesta sexta-feira (17), independentemente do N\u00famero de Identifica\u00e7\u00e3o Social (NIS).<\/span><\/p>\n<p style=\"text-align: justify;\"><span style=\"font-family: arial, helvetica, sans-serif; font-size: 14pt;\">Por fim, D\u00edaz disse que quem perdeu seus documentos na enchente n\u00e3o precisa se preocupar com a retirada do Bolsa Fam\u00edlia. Basta apresentar declara\u00e7\u00e3o de institui\u00e7\u00e3o ou funcion\u00e1rio do sistema de assist\u00eancia social do munic\u00edpio.<\/span><\/p>\n<\/div>\n<\/div>\n<p><br \/>\n<br \/><a href=\"https:\/\/www.financasbrasil.org\/2024\/05\/novidades-no-bolsa-familia-gov.html\">Source link <\/a><\/p>\n<!-- CONTENT END 1 -->\n","protected":false},"excerpt":{"rendered":"<p>Diante de uma das maiores trag\u00e9dias clim\u00e1ticas da hist\u00f3ria do Rio Grande do Sul. Nesta segunda-feira (13), o presidente Luiz In\u00e1cio Lula da Silva (PT)&#8230;<\/p>\n","protected":false},"author":1,"featured_media":50292,"comment_status":"open","ping_status":"open","sticky":false,"template":"","format":"standard","meta":{"advanced_seo_description":"","jetpack_seo_html_title":"","jetpack_seo_noindex":false,"jetpack_post_was_ever_published":false,"_jetpack_newsletter_access":"","_jetpack_dont_email_post_to_subs":false,"_jetpack_newsletter_tier_id":0,"_jetpack_memberships_contains_paywalled_content":false,"_jetpack_memberships_contains_paid_content":false,"footnotes":"","jetpack_publicize_message":"","jetpack_publicize_feature_enabled":true,"jetpack_social_post_already_shared":true,"jetpack_social_options":{"image_generator_settings":{"template":"highway","default_image_id":0,"font":"","enabled":false},"version":2}},"categories":[1235],"tags":[],"class_list":["post-50291","post","type-post","status-publish","format-standard","has-post-thumbnail","hentry","category-dinheiro-e-investimento-como-fazer-como-ganhar"],"jetpack_publicize_connections":[],"jetpack_featured_media_url":"https:\/\/i0.wp.com\/noticiasribeiraopreto.com.br\/wp-content\/uploads\/2024\/05\/www.Financasbrasil.org_-1.webp.webp?fit=1200%2C630&ssl=1","jetpack-related-posts":[{"id":48877,"url":"https:\/\/noticiasribeiraopreto.com.br\/index.php\/2024\/05\/07\/presente-de-maio-para-maes-do-bolsa-familia-saque-antecipado-confira-novidade\/","url_meta":{"origin":50291,"position":0},"title":"Presente de Maio para M\u00e3es do Bolsa Fam\u00edlia: Saque Antecipado; Confira novidade","author":"noticiasribeiraopreto.com.br","date":"7 de May de 2024","format":false,"excerpt":"M\u00e3es e demais benefici\u00e1rios do programa Bolsa Fam\u00edlia que moram em \u00e1reas afetadas por enchentes no Rio Grande do Sul poder\u00e3o sacar antecipadamente neste m\u00eas de maio. A medida foi anunciada pelo Minist\u00e9rio do Desenvolvimento e Assist\u00eancia Social no dia 2 de maio, ap\u00f3s o estado declarar estado de calamidade\u2026","rel":"","context":"In &quot;Dinheiro e Investimento&quot;","block_context":{"text":"Dinheiro e Investimento","link":"https:\/\/noticiasribeiraopreto.com.br\/index.php\/category\/dinheiro-e-investimento-como-fazer-como-ganhar\/"},"img":{"alt_text":"","src":"https:\/\/i0.wp.com\/noticiasribeiraopreto.com.br\/wp-content\/uploads\/2024\/05\/para-maes-1.webp.webp?fit=1200%2C630&ssl=1&resize=350%2C200","width":350,"height":200,"srcset":"https:\/\/i0.wp.com\/noticiasribeiraopreto.com.br\/wp-content\/uploads\/2024\/05\/para-maes-1.webp.webp?fit=1200%2C630&ssl=1&resize=350%2C200 1x, https:\/\/i0.wp.com\/noticiasribeiraopreto.com.br\/wp-content\/uploads\/2024\/05\/para-maes-1.webp.webp?fit=1200%2C630&ssl=1&resize=525%2C300 1.5x, https:\/\/i0.wp.com\/noticiasribeiraopreto.com.br\/wp-content\/uploads\/2024\/05\/para-maes-1.webp.webp?fit=1200%2C630&ssl=1&resize=700%2C400 2x, https:\/\/i0.wp.com\/noticiasribeiraopreto.com.br\/wp-content\/uploads\/2024\/05\/para-maes-1.webp.webp?fit=1200%2C630&ssl=1&resize=1050%2C600 3x"},"classes":[]},{"id":49972,"url":"https:\/\/noticiasribeiraopreto.com.br\/index.php\/2024\/05\/14\/maio-chega-com-novidades-pagamento-em-dobro-do-bolsa-familia-entenda-tudo-sobre-isso\/","url_meta":{"origin":50291,"position":1},"title":"Maio chega com novidades: Pagamento em dobro do Bolsa Fam\u00edlia; Entenda tudo sobre isso","author":"noticiasribeiraopreto.com.br","date":"14 de May de 2024","format":false,"excerpt":"O Governo de Luiz In\u00e1cio Lula da Silva anunciou nesta quinta-feira um pacote econ\u00f4mico que visa dar assist\u00eancia financeira a cerca de 583 mil fam\u00edlias vulner\u00e1veis no Rio Grande do Sul. Esse conjunto de a\u00e7\u00f5es inclui o ac\u00famulo do pagamento do Bolsa Fam\u00edlia e o aux\u00edlio g\u00e1s, que injetar\u00e1 diretamente\u2026","rel":"","context":"In &quot;Dinheiro e Investimento&quot;","block_context":{"text":"Dinheiro e Investimento","link":"https:\/\/noticiasribeiraopreto.com.br\/index.php\/category\/dinheiro-e-investimento-como-fazer-como-ganhar\/"},"img":{"alt_text":"","src":"https:\/\/i0.wp.com\/noticiasribeiraopreto.com.br\/wp-content\/uploads\/2024\/05\/Design-sem-nome-1.webp.webp?fit=1200%2C630&ssl=1&resize=350%2C200","width":350,"height":200,"srcset":"https:\/\/i0.wp.com\/noticiasribeiraopreto.com.br\/wp-content\/uploads\/2024\/05\/Design-sem-nome-1.webp.webp?fit=1200%2C630&ssl=1&resize=350%2C200 1x, https:\/\/i0.wp.com\/noticiasribeiraopreto.com.br\/wp-content\/uploads\/2024\/05\/Design-sem-nome-1.webp.webp?fit=1200%2C630&ssl=1&resize=525%2C300 1.5x, https:\/\/i0.wp.com\/noticiasribeiraopreto.com.br\/wp-content\/uploads\/2024\/05\/Design-sem-nome-1.webp.webp?fit=1200%2C630&ssl=1&resize=700%2C400 2x, https:\/\/i0.wp.com\/noticiasribeiraopreto.com.br\/wp-content\/uploads\/2024\/05\/Design-sem-nome-1.webp.webp?fit=1200%2C630&ssl=1&resize=1050%2C600 3x"},"classes":[]},{"id":55569,"url":"https:\/\/noticiasribeiraopreto.com.br\/index.php\/2024\/08\/03\/comunicado-oficial-do-bolsa-familia-saque-unificado-do-nis-123456789-e-0-confira-aqui-2\/","url_meta":{"origin":50291,"position":2},"title":"Comunicado Oficial Do Bolsa Fam\u00edlia: Saque Unificado Do NIS 1,2,3,4,5,6,7,8,9 E 0 ; Confira aqui!","author":"noticiasribeiraopreto.com.br","date":"3 de August de 2024","format":false,"excerpt":"O Minist\u00e9rio do Desenvolvimento e Assist\u00eancia Social (MDS) anunciou medidas emergenciais para os benefici\u00e1rios do Bolsa Fam\u00edlia em cidades e estados afetados pelo desastre, principalmente no Rio Grande do Sul. Para ajudar os necessitados, o governo federal aprovou uma retirada uniforme de todos os benef\u00edcios do NIS (N\u00famero de Identifica\u00e7\u00e3o\u2026","rel":"","context":"In &quot;Dinheiro e Investimento&quot;","block_context":{"text":"Dinheiro e Investimento","link":"https:\/\/noticiasribeiraopreto.com.br\/index.php\/category\/dinheiro-e-investimento-como-fazer-como-ganhar\/"},"img":{"alt_text":"","src":"https:\/\/i0.wp.com\/noticiasribeiraopreto.com.br\/wp-content\/uploads\/2024\/07\/Redebrasilnews.com_.br-2.webp.webp?fit=1200%2C630&ssl=1&resize=350%2C200","width":350,"height":200,"srcset":"https:\/\/i0.wp.com\/noticiasribeiraopreto.com.br\/wp-content\/uploads\/2024\/07\/Redebrasilnews.com_.br-2.webp.webp?fit=1200%2C630&ssl=1&resize=350%2C200 1x, https:\/\/i0.wp.com\/noticiasribeiraopreto.com.br\/wp-content\/uploads\/2024\/07\/Redebrasilnews.com_.br-2.webp.webp?fit=1200%2C630&ssl=1&resize=525%2C300 1.5x, https:\/\/i0.wp.com\/noticiasribeiraopreto.com.br\/wp-content\/uploads\/2024\/07\/Redebrasilnews.com_.br-2.webp.webp?fit=1200%2C630&ssl=1&resize=700%2C400 2x, https:\/\/i0.wp.com\/noticiasribeiraopreto.com.br\/wp-content\/uploads\/2024\/07\/Redebrasilnews.com_.br-2.webp.webp?fit=1200%2C630&ssl=1&resize=1050%2C600 3x"},"classes":[]},{"id":54497,"url":"https:\/\/noticiasribeiraopreto.com.br\/index.php\/2024\/07\/11\/comunicado-oficial-do-bolsa-familia-saque-unificado-do-nis-123456789-e-0-confira-aqui\/","url_meta":{"origin":50291,"position":3},"title":"Comunicado Oficial Do Bolsa Fam\u00edlia: Saque Unificado Do NIS 1,2,3,4,5,6,7,8,9 E 0 ; Confira aqui!","author":"noticiasribeiraopreto.com.br","date":"11 de July de 2024","format":false,"excerpt":"O Minist\u00e9rio do Desenvolvimento e Assist\u00eancia Social (MDS) anunciou medidas emergenciais para os benefici\u00e1rios do Bolsa Fam\u00edlia em cidades e estados afetados pelo desastre, principalmente no Rio Grande do Sul. Para ajudar os necessitados, o governo federal aprovou uma retirada uniforme de todos os benef\u00edcios do NIS (N\u00famero de Identifica\u00e7\u00e3o\u2026","rel":"","context":"In &quot;Dinheiro e Investimento&quot;","block_context":{"text":"Dinheiro e Investimento","link":"https:\/\/noticiasribeiraopreto.com.br\/index.php\/category\/dinheiro-e-investimento-como-fazer-como-ganhar\/"},"img":{"alt_text":"","src":"https:\/\/i0.wp.com\/noticiasribeiraopreto.com.br\/wp-content\/uploads\/2024\/07\/Redebrasilnews.com_.br-2.webp.webp?fit=1200%2C630&ssl=1&resize=350%2C200","width":350,"height":200,"srcset":"https:\/\/i0.wp.com\/noticiasribeiraopreto.com.br\/wp-content\/uploads\/2024\/07\/Redebrasilnews.com_.br-2.webp.webp?fit=1200%2C630&ssl=1&resize=350%2C200 1x, https:\/\/i0.wp.com\/noticiasribeiraopreto.com.br\/wp-content\/uploads\/2024\/07\/Redebrasilnews.com_.br-2.webp.webp?fit=1200%2C630&ssl=1&resize=525%2C300 1.5x, https:\/\/i0.wp.com\/noticiasribeiraopreto.com.br\/wp-content\/uploads\/2024\/07\/Redebrasilnews.com_.br-2.webp.webp?fit=1200%2C630&ssl=1&resize=700%2C400 2x, https:\/\/i0.wp.com\/noticiasribeiraopreto.com.br\/wp-content\/uploads\/2024\/07\/Redebrasilnews.com_.br-2.webp.webp?fit=1200%2C630&ssl=1&resize=1050%2C600 3x"},"classes":[]},{"id":54844,"url":"https:\/\/noticiasribeiraopreto.com.br\/index.php\/2024\/07\/25\/importante-bolsa-familia-de-agosto-antecipado-para-nis-1-3-5-6-2-9-7-8-e-4-confira-as-datas\/","url_meta":{"origin":50291,"position":4},"title":"Importante! Bolsa Fam\u00edlia de Agosto Antecipado para NIS 1, 3, 5, 6, 2, 9, 7, 8 e 4 ; Confira as Datas","author":"noticiasribeiraopreto.com.br","date":"25 de July de 2024","format":false,"excerpt":"Esta medida \u00e9 particularmente relevante para as pessoas afetadas pela emerg\u00eancia e visa proporcionar um al\u00edvio financeiro mais r\u00e1pido. Saiba mais sobre as novas datas de pagamento, crit\u00e9rios de elegibilidade e diretrizes para a retirada de benef\u00edcios, bem como discuta a import\u00e2ncia cont\u00ednua do Bolsa Fam\u00edlia na promo\u00e7\u00e3o da inclus\u00e3o\u2026","rel":"","context":"In &quot;Dinheiro e Investimento&quot;","block_context":{"text":"Dinheiro e Investimento","link":"https:\/\/noticiasribeiraopreto.com.br\/index.php\/category\/dinheiro-e-investimento-como-fazer-como-ganhar\/"},"img":{"alt_text":"","src":"https:\/\/i0.wp.com\/noticiasribeiraopreto.com.br\/wp-content\/uploads\/2024\/07\/www.reallygreatsite.com_-1.webp.webp?fit=1200%2C630&ssl=1&resize=350%2C200","width":350,"height":200,"srcset":"https:\/\/i0.wp.com\/noticiasribeiraopreto.com.br\/wp-content\/uploads\/2024\/07\/www.reallygreatsite.com_-1.webp.webp?fit=1200%2C630&ssl=1&resize=350%2C200 1x, https:\/\/i0.wp.com\/noticiasribeiraopreto.com.br\/wp-content\/uploads\/2024\/07\/www.reallygreatsite.com_-1.webp.webp?fit=1200%2C630&ssl=1&resize=525%2C300 1.5x, https:\/\/i0.wp.com\/noticiasribeiraopreto.com.br\/wp-content\/uploads\/2024\/07\/www.reallygreatsite.com_-1.webp.webp?fit=1200%2C630&ssl=1&resize=700%2C400 2x, https:\/\/i0.wp.com\/noticiasribeiraopreto.com.br\/wp-content\/uploads\/2024\/07\/www.reallygreatsite.com_-1.webp.webp?fit=1200%2C630&ssl=1&resize=1050%2C600 3x"},"classes":[]},{"id":6856,"url":"https:\/\/noticiasribeiraopreto.com.br\/index.php\/2023\/11\/27\/governo-federal-anuncia-novo-corte-no-bolsa-familia\/","url_meta":{"origin":50291,"position":5},"title":"Governo Federal anuncia novo corte no Bolsa Fam\u00edlia","author":"noticiasribeiraopreto.com.br","date":"27 de November de 2023","format":false,"excerpt":"Cr\u00e9ditos: Ag\u00eancia BrasilNot\u00edcia DEVASTADORA assusta benefici\u00e1rios do Bolsa Fam\u00edlia O m\u00eas de novembro trouxe uma not\u00edcia desanimadora para os benefici\u00e1rios do Bolsa Fam\u00edlia, pois o Governo Federal anunciou um novo corte no programa. Dessa vez, a medida est\u00e1 relacionada ao valor do benef\u00edcio, resultando em uma redu\u00e7\u00e3o de R$ 100\u2026","rel":"","context":"In &quot;Variedades&quot;","block_context":{"text":"Variedades","link":"https:\/\/noticiasribeiraopreto.com.br\/index.php\/category\/variedades\/"},"img":{"alt_text":"","src":"https:\/\/i0.wp.com\/noticiasribeiraopreto.com.br\/wp-content\/uploads\/2023\/11\/1701074614_bolsa-familia-na-conta-saiba-se-voce-vai-receber-hoje.jpg?fit=1200%2C638&ssl=1&resize=350%2C200","width":350,"height":200,"srcset":"https:\/\/i0.wp.com\/noticiasribeiraopreto.com.br\/wp-content\/uploads\/2023\/11\/1701074614_bolsa-familia-na-conta-saiba-se-voce-vai-receber-hoje.jpg?fit=1200%2C638&ssl=1&resize=350%2C200 1x, https:\/\/i0.wp.com\/noticiasribeiraopreto.com.br\/wp-content\/uploads\/2023\/11\/1701074614_bolsa-familia-na-conta-saiba-se-voce-vai-receber-hoje.jpg?fit=1200%2C638&ssl=1&resize=525%2C300 1.5x, https:\/\/i0.wp.com\/noticiasribeiraopreto.com.br\/wp-content\/uploads\/2023\/11\/1701074614_bolsa-familia-na-conta-saiba-se-voce-vai-receber-hoje.jpg?fit=1200%2C638&ssl=1&resize=700%2C400 2x, https:\/\/i0.wp.com\/noticiasribeiraopreto.com.br\/wp-content\/uploads\/2023\/11\/1701074614_bolsa-familia-na-conta-saiba-se-voce-vai-receber-hoje.jpg?fit=1200%2C638&ssl=1&resize=1050%2C600 3x"},"classes":[]}],"jetpack_sharing_enabled":true,"jetpack_shortlink":"https:\/\/wp.me\/peQAOb-d59","_links":{"self":[{"href":"https:\/\/noticiasribeiraopreto.com.br\/index.php\/wp-json\/wp\/v2\/posts\/50291","targetHints":{"allow":["GET"]}}],"collection":[{"href":"https:\/\/noticiasribeiraopreto.com.br\/index.php\/wp-json\/wp\/v2\/posts"}],"about":[{"href":"https:\/\/noticiasribeiraopreto.com.br\/index.php\/wp-json\/wp\/v2\/types\/post"}],"author":[{"embeddable":true,"href":"https:\/\/noticiasribeiraopreto.com.br\/index.php\/wp-json\/wp\/v2\/users\/1"}],"replies":[{"embeddable":true,"href":"https:\/\/noticiasribeiraopreto.com.br\/index.php\/wp-json\/wp\/v2\/comments?post=50291"}],"version-history":[{"count":0,"href":"https:\/\/noticiasribeiraopreto.com.br\/index.php\/wp-json\/wp\/v2\/posts\/50291\/revisions"}],"wp:featuredmedia":[{"embeddable":true,"href":"https:\/\/noticiasribeiraopreto.com.br\/index.php\/wp-json\/wp\/v2\/media\/50292"}],"wp:attachment":[{"href":"https:\/\/noticiasribeiraopreto.com.br\/index.php\/wp-json\/wp\/v2\/media?parent=50291"}],"wp:term":[{"taxonomy":"category","embeddable":true,"href":"https:\/\/noticiasribeiraopreto.com.br\/index.php\/wp-json\/wp\/v2\/categories?post=50291"},{"taxonomy":"post_tag","embeddable":true,"href":"https:\/\/noticiasribeiraopreto.com.br\/index.php\/wp-json\/wp\/v2\/tags?post=50291"}],"curies":[{"name":"wp","href":"https:\/\/api.w.org\/{rel}","templated":true}]}}